{"id":111094,"date":"2026-04-23T15:20:21","date_gmt":"2026-04-23T12:20:21","guid":{"rendered":"https:\/\/kibrisdakik.com\/?p=111094"},"modified":"2026-04-23T15:20:21","modified_gmt":"2026-04-23T12:20:21","slug":"tdp-ilk-gecis-kapisinin-acilmasinin-23uncu-yilinda-vurguladi","status":"publish","type":"post","link":"https:\/\/kibrisdakik.com\/?p=111094","title":{"rendered":"TDP \u0130LK GE\u00c7\u0130\u015e KAPISININ A\u00c7ILMASININ 23&#039;\u00dcNC\u00dc YILINDA VURGULADI"},"content":{"rendered":"<p><\/p>\n<div data-text-id=\"200599\" property=\"articleBody\">\n<p>Toplumcu Demokrasi Partisi (TDP), Avrupa Birli\u011fi zirvesi kapsam\u0131nda adaya gelen uluslararas\u0131 bas\u0131n kurulu\u015flar\u0131yla temaslar\u0131n\u0131 s\u00fcrd\u00fcrerek, K\u0131br\u0131sl\u0131 T\u00fcrklerin \u00e7\u00f6z\u00fcm y\u00f6n\u00fcndeki kararl\u0131l\u0131\u011f\u0131n\u0131 ve mevcut stat\u00fckonun yaratt\u0131\u011f\u0131 riskleri g\u00fcndeme ta\u015f\u0131maya devam ediyor. TDP Merkez Y\u00f6netim Kurulu (MYK) \u00fcyesi Kemal Baykall\u0131, Alman ZDF Televizyonu ve \u0130spanya Ulusal Radyosu\u2019na verdi\u011fi m\u00fclakatlarda, K\u0131br\u0131s\u2019ta \u00e7\u00f6z\u00fcm\u00fcn yaln\u0131zca ada halklar\u0131 i\u00e7in de\u011fil, b\u00f6lge g\u00fcvenli\u011fi ve i\u015fbirli\u011fi a\u00e7\u0131s\u0131ndan da zorunlu oldu\u011funu ifade etti. Stat\u00fcko risk \u00fcretiyor Baykall\u0131, K\u0131br\u0131s sorununun \u00e7\u00f6z\u00fcm\u00fcn\u00fcn ertelenmesinin b\u00f6lgedeki gerilimleri art\u0131rabilece\u011fine dikkat \u00e7ekerek, \u015funlar\u0131 kaydetti: \u201cK\u0131br\u0131sl\u0131 T\u00fcrkler \u00e7\u00f6z\u00fcm i\u00e7in kararl\u0131d\u0131r. Donmu\u015f gibi g\u00f6r\u00fcnen sorunlar\u0131n birer birer s\u0131cak \u00e7at\u0131\u015fmalara d\u00f6n\u00fc\u015ft\u00fc\u011f\u00fc bir co\u011frafyada, K\u0131br\u0131s\u2019taki mevcut durum hem K\u0131br\u0131sl\u0131lar hem Avrupa Birli\u011fi hem de b\u00f6lge \u00fclkeleri a\u00e7\u0131s\u0131ndan ciddi riskler bar\u0131nd\u0131rmaktad\u0131r. Uluslararas\u0131 toplum \u00e7\u00f6z\u00fcm \u00e7abalar\u0131na daha g\u00fc\u00e7l\u00fc destek vermelidir.\u201d Federal \u00e7\u00f6z\u00fcm d\u0131\u015f\u0131ndaki yakla\u015f\u0131mlar s\u00fcreci zay\u0131flat\u0131yor Baykall\u0131, \u00e7\u00f6z\u00fcm modeline ili\u015fkin olarak ise iki toplumun siyasi e\u015fitli\u011fine dayanan federal \u00e7\u00f6z\u00fcm d\u0131\u015f\u0131nda geli\u015ftirilen yakla\u015f\u0131mlar\u0131n s\u00fcrece zarar verdi\u011fini vurgulad\u0131. Schengen s\u00fcreci yeni riskler do\u011furabilir Baykall\u0131, G\u00fcney K\u0131br\u0131s\u2019\u0131n Schengen b\u00f6lgesine dahil olma giri\u015fimlerine de de\u011finerek, bunun yeni siyasi sonu\u00e7lar do\u011furabilece\u011fine i\u015faret etti: \u201cK\u0131br\u0131s\u2019\u0131n \u00e7\u00f6z\u00fcm olmadan b\u00f6l\u00fcnm\u00fc\u015f \u015fekilde Avrupa Birli\u011fi\u2019ne \u00fcye olmas\u0131n\u0131n yaratt\u0131\u011f\u0131 sorunlar ortadayken, G\u00fcney K\u0131br\u0131s\u2019\u0131n Schengen\u2019e dahil olma \u00e7abas\u0131 Ye\u015fil Hat\u2019\u0131 AB\u2019nin d\u0131\u015f s\u0131n\u0131r\u0131 haline getirme riski ta\u015f\u0131maktad\u0131r. Bu durumu muhataplar\u0131m\u0131za a\u00e7\u0131k \u015fekilde anlat\u0131yoruz.\u201d Yeni ge\u00e7i\u015f kap\u0131lar\u0131 art\u0131k zorunluluktur Ge\u00e7i\u015f kap\u0131lar\u0131na ili\u015fkin de\u011ferlendirmelerde de bulunan Baykall\u0131, mevcut durumun s\u00fcrd\u00fcr\u00fclemez oldu\u011funu belirtti. \u201c\u0130lk ge\u00e7i\u015f kap\u0131s\u0131n\u0131n a\u00e7\u0131lmas\u0131n\u0131n 23. y\u0131l\u0131nda, yeni ge\u00e7i\u015f noktalar\u0131n\u0131n a\u00e7\u0131lmas\u0131 bir tercih de\u011fil zorunluluktur. \u0130nsanlar\u0131 saatlerce bekletmek, g\u00fcnl\u00fck ya\u015fam\u0131 zorla\u015ft\u0131rmak kabul edilemez. Bu konuda ad\u0131m atamayan liderlikler kendi toplumlar\u0131nda da g\u00fcvensizlik yaratmaktad\u0131r.\u201d TDP, uluslararas\u0131 temaslar\u0131n\u0131 s\u00fcrd\u00fcrece\u011fini ve K\u0131br\u0131sl\u0131 T\u00fcrklerin \u00e7\u00f6z\u00fcm iradesini her platformda dile getirmeye devam edece\u011fini vurgulad\u0131.<\/p>\n<\/p><\/div>\n","protected":false},"excerpt":{"rendered":"<p>Toplumcu Demokrasi Partisi (TDP), Avrupa Birli\u011fi zirvesi kapsam\u0131nda adaya gelen uluslararas\u0131 bas\u0131n kurulu\u015flar\u0131yla temaslar\u0131n\u0131 s\u00fcrd\u00fcrerek, K\u0131br\u0131sl\u0131 T\u00fcrklerin \u00e7\u00f6z\u00fcm y\u00f6n\u00fcndeki kararl\u0131l\u0131\u011f\u0131n\u0131 ve mevcut stat\u00fckonun yaratt\u0131\u011f\u0131 riskleri g\u00fcndeme ta\u015f\u0131maya devam ediyor. TDP Merkez Y\u00f6netim Kurulu (MYK) \u00fcyesi Kemal Baykall\u0131, Alman ZDF Televizyonu ve \u0130spanya Ulusal Radyosu\u2019na verdi\u011fi m\u00fclakatlarda, K\u0131br\u0131s\u2019ta \u00e7\u00f6z\u00fcm\u00fcn yaln\u0131zca ada halklar\u0131 i\u00e7in de\u011fil, b\u00f6lge g\u00fcvenli\u011fi<\/p>\n","protected":false},"author":1,"featured_media":111095,"comment_status":"open","ping_status":"open","sticky":false,"template":"","format":"standard","meta":{"footnotes":""},"categories":[81],"tags":[],"class_list":["post-111094","post","type-post","status-publish","format-standard","has-post-thumbnail","hentry","category-kibris"],"yoast_head":"<!-- This site is optimized with the Yoast SEO plugin v27.4 - https:\/\/yoast.com\/product\/yoast-seo-wordpress\/ -->\n<title>TDP \u0130LK GE\u00c7\u0130\u015e KAPISININ A\u00c7ILMASININ 23&#039;\u00dcNC\u00dc YILINDA VURGULADI -<\/title>\n<meta name=\"robots\" content=\"index, follow, max-snippet:-1, max-image-preview:large, max-video-preview:-1\" \/>\n<link rel=\"canonical\" href=\"https:\/\/kibrisdakik.com\/?p=111094\" \/>\n<meta property=\"og:locale\" content=\"tr_TR\" \/>\n<meta property=\"og:type\" content=\"article\" \/>\n<meta property=\"og:title\" content=\"TDP \u0130LK GE\u00c7\u0130\u015e KAPISININ A\u00c7ILMASININ 23&#039;\u00dcNC\u00dc YILINDA VURGULADI -\" \/>\n<meta property=\"og:description\" content=\"Toplumcu Demokrasi Partisi (TDP), Avrupa Birli\u011fi zirvesi kapsam\u0131nda adaya gelen uluslararas\u0131 bas\u0131n kurulu\u015flar\u0131yla temaslar\u0131n\u0131 s\u00fcrd\u00fcrerek, K\u0131br\u0131sl\u0131 T\u00fcrklerin \u00e7\u00f6z\u00fcm y\u00f6n\u00fcndeki kararl\u0131l\u0131\u011f\u0131n\u0131 ve mevcut stat\u00fckonun yaratt\u0131\u011f\u0131 riskleri g\u00fcndeme ta\u015f\u0131maya devam ediyor. TDP Merkez Y\u00f6netim Kurulu (MYK) \u00fcyesi Kemal Baykall\u0131, Alman ZDF Televizyonu ve \u0130spanya Ulusal Radyosu\u2019na verdi\u011fi m\u00fclakatlarda, K\u0131br\u0131s\u2019ta \u00e7\u00f6z\u00fcm\u00fcn yaln\u0131zca ada halklar\u0131 i\u00e7in de\u011fil, b\u00f6lge g\u00fcvenli\u011fi\" \/>\n<meta property=\"og:url\" content=\"https:\/\/kibrisdakik.com\/?p=111094\" \/>\n<meta property=\"article:published_time\" content=\"2026-04-23T12:20:21+00:00\" \/>\n<meta property=\"og:image\" content=\"https:\/\/mhahabercom.teimg.com\/crop\/1280x720\/mhahaber-com\/uploads\/2026\/04\/mha-sari-beyaz-kurtarildi-kurtarildi-11.png\" \/>\n<meta name=\"author\" content=\"admin\" \/>\n<meta name=\"twitter:card\" content=\"summary_large_image\" \/>\n<meta name=\"twitter:label1\" content=\"Yazan:\" \/>\n\t<meta name=\"twitter:data1\" content=\"admin\" \/>\n\t<meta name=\"twitter:label2\" content=\"Tahmini okuma s\u00fcresi\" \/>\n\t<meta name=\"twitter:data2\" content=\"2 dakika\" \/>\n<script type=\"application\/ld+json\" class=\"yoast-schema-graph\">{\"@context\":\"https:\\\/\\\/schema.org\",\"@graph\":[{\"@type\":\"Article\",\"@id\":\"https:\\\/\\\/kibrisdakik.com\\\/?p=111094#article\",\"isPartOf\":{\"@id\":\"https:\\\/\\\/kibrisdakik.com\\\/?p=111094\"},\"author\":{\"name\":\"admin\",\"@id\":\"https:\\\/\\\/kibrisdakik.com\\\/#\\\/schema\\\/person\\\/9cd9d437bbb44f72b73ba127e06d8e79\"},\"headline\":\"TDP \u0130LK GE\u00c7\u0130\u015e KAPISININ A\u00c7ILMASININ 23&#039;\u00dcNC\u00dc YILINDA VURGULADI\",\"datePublished\":\"2026-04-23T12:20:21+00:00\",\"mainEntityOfPage\":{\"@id\":\"https:\\\/\\\/kibrisdakik.com\\\/?p=111094\"},\"wordCount\":450,\"commentCount\":0,\"image\":{\"@id\":\"https:\\\/\\\/kibrisdakik.com\\\/?p=111094#primaryimage\"},\"thumbnailUrl\":\"https:\\\/\\\/kibrisdakik.com\\\/wp-content\\\/uploads\\\/2026\\\/04\\\/mha-sari-beyaz-kurtarildi-kurtarildi-11.png\",\"articleSection\":[\"K\u0131br\u0131s\"],\"inLanguage\":\"tr\",\"potentialAction\":[{\"@type\":\"CommentAction\",\"name\":\"Comment\",\"target\":[\"https:\\\/\\\/kibrisdakik.com\\\/?p=111094#respond\"]}]},{\"@type\":\"WebPage\",\"@id\":\"https:\\\/\\\/kibrisdakik.com\\\/?p=111094\",\"url\":\"https:\\\/\\\/kibrisdakik.com\\\/?p=111094\",\"name\":\"TDP \u0130LK GE\u00c7\u0130\u015e KAPISININ A\u00c7ILMASININ 23&#039;\u00dcNC\u00dc YILINDA VURGULADI -\",\"isPartOf\":{\"@id\":\"https:\\\/\\\/kibrisdakik.com\\\/#website\"},\"primaryImageOfPage\":{\"@id\":\"https:\\\/\\\/kibrisdakik.com\\\/?p=111094#primaryimage\"},\"image\":{\"@id\":\"https:\\\/\\\/kibrisdakik.com\\\/?p=111094#primaryimage\"},\"thumbnailUrl\":\"https:\\\/\\\/kibrisdakik.com\\\/wp-content\\\/uploads\\\/2026\\\/04\\\/mha-sari-beyaz-kurtarildi-kurtarildi-11.png\",\"datePublished\":\"2026-04-23T12:20:21+00:00\",\"author\":{\"@id\":\"https:\\\/\\\/kibrisdakik.com\\\/#\\\/schema\\\/person\\\/9cd9d437bbb44f72b73ba127e06d8e79\"},\"breadcrumb\":{\"@id\":\"https:\\\/\\\/kibrisdakik.com\\\/?p=111094#breadcrumb\"},\"inLanguage\":\"tr\",\"potentialAction\":[{\"@type\":\"ReadAction\",\"target\":[\"https:\\\/\\\/kibrisdakik.com\\\/?p=111094\"]}]},{\"@type\":\"ImageObject\",\"inLanguage\":\"tr\",\"@id\":\"https:\\\/\\\/kibrisdakik.com\\\/?p=111094#primaryimage\",\"url\":\"https:\\\/\\\/kibrisdakik.com\\\/wp-content\\\/uploads\\\/2026\\\/04\\\/mha-sari-beyaz-kurtarildi-kurtarildi-11.png\",\"contentUrl\":\"https:\\\/\\\/kibrisdakik.com\\\/wp-content\\\/uploads\\\/2026\\\/04\\\/mha-sari-beyaz-kurtarildi-kurtarildi-11.png\",\"width\":1280,\"height\":720},{\"@type\":\"BreadcrumbList\",\"@id\":\"https:\\\/\\\/kibrisdakik.com\\\/?p=111094#breadcrumb\",\"itemListElement\":[{\"@type\":\"ListItem\",\"position\":1,\"name\":\"Home\",\"item\":\"https:\\\/\\\/kibrisdakik.com\\\/\"},{\"@type\":\"ListItem\",\"position\":2,\"name\":\"TDP \u0130LK GE\u00c7\u0130\u015e KAPISININ A\u00c7ILMASININ 23&#039;\u00dcNC\u00dc YILINDA VURGULADI\"}]},{\"@type\":\"WebSite\",\"@id\":\"https:\\\/\\\/kibrisdakik.com\\\/#website\",\"url\":\"https:\\\/\\\/kibrisdakik.com\\\/\",\"name\":\"\",\"description\":\"Tam vaktinde haber\",\"potentialAction\":[{\"@type\":\"SearchAction\",\"target\":{\"@type\":\"EntryPoint\",\"urlTemplate\":\"https:\\\/\\\/kibrisdakik.com\\\/?s={search_term_string}\"},\"query-input\":{\"@type\":\"PropertyValueSpecification\",\"valueRequired\":true,\"valueName\":\"search_term_string\"}}],\"inLanguage\":\"tr\"},{\"@type\":\"Person\",\"@id\":\"https:\\\/\\\/kibrisdakik.com\\\/#\\\/schema\\\/person\\\/9cd9d437bbb44f72b73ba127e06d8e79\",\"name\":\"admin\",\"image\":{\"@type\":\"ImageObject\",\"inLanguage\":\"tr\",\"@id\":\"https:\\\/\\\/secure.gravatar.com\\\/avatar\\\/ccc17943b9d660506c869530f897617f7cb1c21a4bf30023f252596d83e1f007?s=96&d=mm&r=g\",\"url\":\"https:\\\/\\\/secure.gravatar.com\\\/avatar\\\/ccc17943b9d660506c869530f897617f7cb1c21a4bf30023f252596d83e1f007?s=96&d=mm&r=g\",\"contentUrl\":\"https:\\\/\\\/secure.gravatar.com\\\/avatar\\\/ccc17943b9d660506c869530f897617f7cb1c21a4bf30023f252596d83e1f007?s=96&d=mm&r=g\",\"caption\":\"admin\"},\"sameAs\":[\"https:\\\/\\\/kibrisdakik.com\"],\"url\":\"https:\\\/\\\/kibrisdakik.com\\\/?author=1\"}]}<\/script>\n<!-- \/ Yoast SEO plugin. -->","yoast_head_json":{"title":"TDP \u0130LK GE\u00c7\u0130\u015e KAPISININ A\u00c7ILMASININ 23&#039;\u00dcNC\u00dc YILINDA VURGULADI -","robots":{"index":"index","follow":"follow","max-snippet":"max-snippet:-1","max-image-preview":"max-image-preview:large","max-video-preview":"max-video-preview:-1"},"canonical":"https:\/\/kibrisdakik.com\/?p=111094","og_locale":"tr_TR","og_type":"article","og_title":"TDP \u0130LK GE\u00c7\u0130\u015e KAPISININ A\u00c7ILMASININ 23&#039;\u00dcNC\u00dc YILINDA VURGULADI -","og_description":"Toplumcu Demokrasi Partisi (TDP), Avrupa Birli\u011fi zirvesi kapsam\u0131nda adaya gelen uluslararas\u0131 bas\u0131n kurulu\u015flar\u0131yla temaslar\u0131n\u0131 s\u00fcrd\u00fcrerek, K\u0131br\u0131sl\u0131 T\u00fcrklerin \u00e7\u00f6z\u00fcm y\u00f6n\u00fcndeki kararl\u0131l\u0131\u011f\u0131n\u0131 ve mevcut stat\u00fckonun yaratt\u0131\u011f\u0131 riskleri g\u00fcndeme ta\u015f\u0131maya devam ediyor. TDP Merkez Y\u00f6netim Kurulu (MYK) \u00fcyesi Kemal Baykall\u0131, Alman ZDF Televizyonu ve \u0130spanya Ulusal Radyosu\u2019na verdi\u011fi m\u00fclakatlarda, K\u0131br\u0131s\u2019ta \u00e7\u00f6z\u00fcm\u00fcn yaln\u0131zca ada halklar\u0131 i\u00e7in de\u011fil, b\u00f6lge g\u00fcvenli\u011fi","og_url":"https:\/\/kibrisdakik.com\/?p=111094","article_published_time":"2026-04-23T12:20:21+00:00","og_image":[{"url":"https:\/\/mhahabercom.teimg.com\/crop\/1280x720\/mhahaber-com\/uploads\/2026\/04\/mha-sari-beyaz-kurtarildi-kurtarildi-11.png","type":"","width":"","height":""}],"author":"admin","twitter_card":"summary_large_image","twitter_misc":{"Yazan:":"admin","Tahmini okuma s\u00fcresi":"2 dakika"},"schema":{"@context":"https:\/\/schema.org","@graph":[{"@type":"Article","@id":"https:\/\/kibrisdakik.com\/?p=111094#article","isPartOf":{"@id":"https:\/\/kibrisdakik.com\/?p=111094"},"author":{"name":"admin","@id":"https:\/\/kibrisdakik.com\/#\/schema\/person\/9cd9d437bbb44f72b73ba127e06d8e79"},"headline":"TDP \u0130LK GE\u00c7\u0130\u015e KAPISININ A\u00c7ILMASININ 23&#039;\u00dcNC\u00dc YILINDA VURGULADI","datePublished":"2026-04-23T12:20:21+00:00","mainEntityOfPage":{"@id":"https:\/\/kibrisdakik.com\/?p=111094"},"wordCount":450,"commentCount":0,"image":{"@id":"https:\/\/kibrisdakik.com\/?p=111094#primaryimage"},"thumbnailUrl":"https:\/\/kibrisdakik.com\/wp-content\/uploads\/2026\/04\/mha-sari-beyaz-kurtarildi-kurtarildi-11.png","articleSection":["K\u0131br\u0131s"],"inLanguage":"tr","potentialAction":[{"@type":"CommentAction","name":"Comment","target":["https:\/\/kibrisdakik.com\/?p=111094#respond"]}]},{"@type":"WebPage","@id":"https:\/\/kibrisdakik.com\/?p=111094","url":"https:\/\/kibrisdakik.com\/?p=111094","name":"TDP \u0130LK GE\u00c7\u0130\u015e KAPISININ A\u00c7ILMASININ 23&#039;\u00dcNC\u00dc YILINDA VURGULADI -","isPartOf":{"@id":"https:\/\/kibrisdakik.com\/#website"},"primaryImageOfPage":{"@id":"https:\/\/kibrisdakik.com\/?p=111094#primaryimage"},"image":{"@id":"https:\/\/kibrisdakik.com\/?p=111094#primaryimage"},"thumbnailUrl":"https:\/\/kibrisdakik.com\/wp-content\/uploads\/2026\/04\/mha-sari-beyaz-kurtarildi-kurtarildi-11.png","datePublished":"2026-04-23T12:20:21+00:00","author":{"@id":"https:\/\/kibrisdakik.com\/#\/schema\/person\/9cd9d437bbb44f72b73ba127e06d8e79"},"breadcrumb":{"@id":"https:\/\/kibrisdakik.com\/?p=111094#breadcrumb"},"inLanguage":"tr","potentialAction":[{"@type":"ReadAction","target":["https:\/\/kibrisdakik.com\/?p=111094"]}]},{"@type":"ImageObject","inLanguage":"tr","@id":"https:\/\/kibrisdakik.com\/?p=111094#primaryimage","url":"https:\/\/kibrisdakik.com\/wp-content\/uploads\/2026\/04\/mha-sari-beyaz-kurtarildi-kurtarildi-11.png","contentUrl":"https:\/\/kibrisdakik.com\/wp-content\/uploads\/2026\/04\/mha-sari-beyaz-kurtarildi-kurtarildi-11.png","width":1280,"height":720},{"@type":"BreadcrumbList","@id":"https:\/\/kibrisdakik.com\/?p=111094#breadcrumb","itemListElement":[{"@type":"ListItem","position":1,"name":"Home","item":"https:\/\/kibrisdakik.com\/"},{"@type":"ListItem","position":2,"name":"TDP \u0130LK GE\u00c7\u0130\u015e KAPISININ A\u00c7ILMASININ 23&#039;\u00dcNC\u00dc YILINDA VURGULADI"}]},{"@type":"WebSite","@id":"https:\/\/kibrisdakik.com\/#website","url":"https:\/\/kibrisdakik.com\/","name":"","description":"Tam vaktinde haber","potentialAction":[{"@type":"SearchAction","target":{"@type":"EntryPoint","urlTemplate":"https:\/\/kibrisdakik.com\/?s={search_term_string}"},"query-input":{"@type":"PropertyValueSpecification","valueRequired":true,"valueName":"search_term_string"}}],"inLanguage":"tr"},{"@type":"Person","@id":"https:\/\/kibrisdakik.com\/#\/schema\/person\/9cd9d437bbb44f72b73ba127e06d8e79","name":"admin","image":{"@type":"ImageObject","inLanguage":"tr","@id":"https:\/\/secure.gravatar.com\/avatar\/ccc17943b9d660506c869530f897617f7cb1c21a4bf30023f252596d83e1f007?s=96&d=mm&r=g","url":"https:\/\/secure.gravatar.com\/avatar\/ccc17943b9d660506c869530f897617f7cb1c21a4bf30023f252596d83e1f007?s=96&d=mm&r=g","contentUrl":"https:\/\/secure.gravatar.com\/avatar\/ccc17943b9d660506c869530f897617f7cb1c21a4bf30023f252596d83e1f007?s=96&d=mm&r=g","caption":"admin"},"sameAs":["https:\/\/kibrisdakik.com"],"url":"https:\/\/kibrisdakik.com\/?author=1"}]}},"_links":{"self":[{"href":"https:\/\/kibrisdakik.com\/index.php?rest_route=\/wp\/v2\/posts\/111094","targetHints":{"allow":["GET"]}}],"collection":[{"href":"https:\/\/kibrisdakik.com\/index.php?rest_route=\/wp\/v2\/posts"}],"about":[{"href":"https:\/\/kibrisdakik.com\/index.php?rest_route=\/wp\/v2\/types\/post"}],"author":[{"embeddable":true,"href":"https:\/\/kibrisdakik.com\/index.php?rest_route=\/wp\/v2\/users\/1"}],"replies":[{"embeddable":true,"href":"https:\/\/kibrisdakik.com\/index.php?rest_route=%2Fwp%2Fv2%2Fcomments&post=111094"}],"version-history":[{"count":0,"href":"https:\/\/kibrisdakik.com\/index.php?rest_route=\/wp\/v2\/posts\/111094\/revisions"}],"wp:featuredmedia":[{"embeddable":true,"href":"https:\/\/kibrisdakik.com\/index.php?rest_route=\/wp\/v2\/media\/111095"}],"wp:attachment":[{"href":"https:\/\/kibrisdakik.com\/index.php?rest_route=%2Fwp%2Fv2%2Fmedia&parent=111094"}],"wp:term":[{"taxonomy":"category","embeddable":true,"href":"https:\/\/kibrisdakik.com\/index.php?rest_route=%2Fwp%2Fv2%2Fcategories&post=111094"},{"taxonomy":"post_tag","embeddable":true,"href":"https:\/\/kibrisdakik.com\/index.php?rest_route=%2Fwp%2Fv2%2Ftags&post=111094"}],"curies":[{"name":"wp","href":"https:\/\/api.w.org\/{rel}","templated":true}]}}