{"id":111096,"date":"2026-04-23T15:28:16","date_gmt":"2026-04-23T12:28:16","guid":{"rendered":"https:\/\/kibrisdakik.com\/?p=111096"},"modified":"2026-04-23T15:28:16","modified_gmt":"2026-04-23T12:28:16","slug":"hristodulidisten-michele-turkiye-yaniti","status":"publish","type":"post","link":"https:\/\/kibrisdakik.com\/?p=111096","title":{"rendered":"HR\u0130STODUL\u0130D\u0130S\u2019TEN M\u0130CHEL\u2019E T\u00dcRK\u0130YE YANITI"},"content":{"rendered":"<p><\/p>\n<p>Rum Y\u00f6netimi Ba\u015fkan\u0131 Nikos Hristodulidis, Avrupa Birli\u011fi Konseyi\u2019nin eski Ba\u015fkan\u0131 Charles Michel\u2019in T\u00fcrkiye\u2019ye ili\u015fkin de\u011ferlendirmelerine sosyal medya \u00fczerinden yan\u0131t verdi.<\/p>\n<div id=\"ad_121\" data-channel=\"121\" data-advert=\"temedya\" data-rotation=\"120\" class=\"mb-3 text-center\"><\/div>\n<div id=\"ad_121_mobile\" data-channel=\"121\" data-advert=\"temedya\" data-rotation=\"120\" class=\"mb-3 text-center\"><\/div>\n<p>Rum bas\u0131n\u0131nda yer alan haberlere g\u00f6re, Michel yapt\u0131\u011f\u0131 a\u00e7\u0131klamada T\u00fcrkiye\u2019nin NATO\u2019nun \u00f6nemli bir m\u00fcttefiki, g\u00f6\u00e7 y\u00f6netiminde kilit bir ortak ve enerji ile savunma alanlar\u0131nda stratejik bir akt\u00f6r oldu\u011funu ifade etti. Michel ayr\u0131ca Avrupa\u2019n\u0131n \u00e7ifte standartlar uygulayarak g\u00fc\u00e7lenemeyece\u011fini vurgulad\u0131.<\/p>\n<p>Bu a\u00e7\u0131klamalar\u0131 de\u011ferlendiren Hristodulidis ise, T\u00fcrkiye\u2019nin 1974 y\u0131l\u0131ndan bu yana K\u0131br\u0131s\u2019ta askeri varl\u0131\u011f\u0131n\u0131 s\u00fcrd\u00fcrd\u00fc\u011f\u00fcn\u00fc ileri s\u00fcrerek, bunun Avrupa topraklar\u0131n\u0131n i\u015fgali anlam\u0131na geldi\u011fini savundu.<\/p>\n<p>Sosyal medya \u00fczerinden payla\u015f\u0131m yapan Hristodulidis, \u201c\u00c7ifte standarttan s\u00f6z ediyorsan\u0131z, T\u00fcrkiye\u2019nin 1974\u2019te K\u0131br\u0131s\u2019\u0131 i\u015fgal etti\u011fini ve h\u00e2l\u00e2 bir Avrupa topra\u011f\u0131n\u0131 i\u015fgal alt\u0131nda tuttu\u011funu hat\u0131rlatmak isterim\u201d ifadelerini kulland\u0131.<\/p>\n<p>Konuya ili\u015fkin tart\u0131\u015fmalar\u0131n uluslararas\u0131 platformlarda g\u00fcndemde kalmaya devam etti\u011fi belirtildi.<\/p>\n<\/p>\n<div class=\"article-source py-3 small \">\n                <\/div>\n","protected":false},"excerpt":{"rendered":"<p>Rum Y\u00f6netimi Ba\u015fkan\u0131 Nikos Hristodulidis, Avrupa Birli\u011fi Konseyi\u2019nin eski Ba\u015fkan\u0131 Charles Michel\u2019in T\u00fcrkiye\u2019ye ili\u015fkin de\u011ferlendirmelerine sosyal medya \u00fczerinden yan\u0131t verdi. Rum bas\u0131n\u0131nda yer alan haberlere g\u00f6re, Michel yapt\u0131\u011f\u0131 a\u00e7\u0131klamada T\u00fcrkiye\u2019nin NATO\u2019nun \u00f6nemli bir m\u00fcttefiki, g\u00f6\u00e7 y\u00f6netiminde kilit bir ortak ve enerji ile savunma alanlar\u0131nda stratejik bir akt\u00f6r oldu\u011funu ifade etti. Michel ayr\u0131ca Avrupa\u2019n\u0131n \u00e7ifte standartlar<\/p>\n","protected":false},"author":1,"featured_media":111097,"comment_status":"open","ping_status":"open","sticky":false,"template":"","format":"standard","meta":{"footnotes":""},"categories":[81],"tags":[],"class_list":["post-111096","post","type-post","status-publish","format-standard","has-post-thumbnail","hentry","category-kibris"],"yoast_head":"<!-- This site is optimized with the Yoast SEO plugin v27.4 - https:\/\/yoast.com\/product\/yoast-seo-wordpress\/ -->\n<title>HR\u0130STODUL\u0130D\u0130S\u2019TEN M\u0130CHEL\u2019E T\u00dcRK\u0130YE YANITI -<\/title>\n<meta name=\"robots\" content=\"index, follow, max-snippet:-1, max-image-preview:large, max-video-preview:-1\" \/>\n<link rel=\"canonical\" href=\"https:\/\/kibrisdakik.com\/?p=111096\" \/>\n<meta property=\"og:locale\" content=\"tr_TR\" \/>\n<meta property=\"og:type\" content=\"article\" \/>\n<meta property=\"og:title\" content=\"HR\u0130STODUL\u0130D\u0130S\u2019TEN M\u0130CHEL\u2019E T\u00dcRK\u0130YE YANITI -\" \/>\n<meta property=\"og:description\" content=\"Rum Y\u00f6netimi Ba\u015fkan\u0131 Nikos Hristodulidis, Avrupa Birli\u011fi Konseyi\u2019nin eski Ba\u015fkan\u0131 Charles Michel\u2019in T\u00fcrkiye\u2019ye ili\u015fkin de\u011ferlendirmelerine sosyal medya \u00fczerinden yan\u0131t verdi. Rum bas\u0131n\u0131nda yer alan haberlere g\u00f6re, Michel yapt\u0131\u011f\u0131 a\u00e7\u0131klamada T\u00fcrkiye\u2019nin NATO\u2019nun \u00f6nemli bir m\u00fcttefiki, g\u00f6\u00e7 y\u00f6netiminde kilit bir ortak ve enerji ile savunma alanlar\u0131nda stratejik bir akt\u00f6r oldu\u011funu ifade etti. Michel ayr\u0131ca Avrupa\u2019n\u0131n \u00e7ifte standartlar\" \/>\n<meta property=\"og:url\" content=\"https:\/\/kibrisdakik.com\/?p=111096\" \/>\n<meta property=\"article:published_time\" content=\"2026-04-23T12:28:16+00:00\" \/>\n<meta property=\"og:image\" content=\"https:\/\/mhahabercom.teimg.com\/crop\/1280x720\/mhahaber-com\/uploads\/2026\/04\/mha-sari-beyaz-4914.png\" \/>\n<meta name=\"author\" content=\"admin\" \/>\n<meta name=\"twitter:card\" content=\"summary_large_image\" \/>\n<meta name=\"twitter:label1\" content=\"Yazan:\" \/>\n\t<meta name=\"twitter:data1\" content=\"admin\" \/>\n\t<meta name=\"twitter:label2\" content=\"Tahmini okuma s\u00fcresi\" \/>\n\t<meta name=\"twitter:data2\" content=\"1 dakika\" \/>\n<script type=\"application\/ld+json\" class=\"yoast-schema-graph\">{\"@context\":\"https:\\\/\\\/schema.org\",\"@graph\":[{\"@type\":\"Article\",\"@id\":\"https:\\\/\\\/kibrisdakik.com\\\/?p=111096#article\",\"isPartOf\":{\"@id\":\"https:\\\/\\\/kibrisdakik.com\\\/?p=111096\"},\"author\":{\"name\":\"admin\",\"@id\":\"https:\\\/\\\/kibrisdakik.com\\\/#\\\/schema\\\/person\\\/9cd9d437bbb44f72b73ba127e06d8e79\"},\"headline\":\"HR\u0130STODUL\u0130D\u0130S\u2019TEN M\u0130CHEL\u2019E T\u00dcRK\u0130YE YANITI\",\"datePublished\":\"2026-04-23T12:28:16+00:00\",\"mainEntityOfPage\":{\"@id\":\"https:\\\/\\\/kibrisdakik.com\\\/?p=111096\"},\"wordCount\":196,\"commentCount\":0,\"image\":{\"@id\":\"https:\\\/\\\/kibrisdakik.com\\\/?p=111096#primaryimage\"},\"thumbnailUrl\":\"https:\\\/\\\/kibrisdakik.com\\\/wp-content\\\/uploads\\\/2026\\\/04\\\/mha-sari-beyaz-4914.png\",\"articleSection\":[\"K\u0131br\u0131s\"],\"inLanguage\":\"tr\",\"potentialAction\":[{\"@type\":\"CommentAction\",\"name\":\"Comment\",\"target\":[\"https:\\\/\\\/kibrisdakik.com\\\/?p=111096#respond\"]}]},{\"@type\":\"WebPage\",\"@id\":\"https:\\\/\\\/kibrisdakik.com\\\/?p=111096\",\"url\":\"https:\\\/\\\/kibrisdakik.com\\\/?p=111096\",\"name\":\"HR\u0130STODUL\u0130D\u0130S\u2019TEN M\u0130CHEL\u2019E T\u00dcRK\u0130YE YANITI -\",\"isPartOf\":{\"@id\":\"https:\\\/\\\/kibrisdakik.com\\\/#website\"},\"primaryImageOfPage\":{\"@id\":\"https:\\\/\\\/kibrisdakik.com\\\/?p=111096#primaryimage\"},\"image\":{\"@id\":\"https:\\\/\\\/kibrisdakik.com\\\/?p=111096#primaryimage\"},\"thumbnailUrl\":\"https:\\\/\\\/kibrisdakik.com\\\/wp-content\\\/uploads\\\/2026\\\/04\\\/mha-sari-beyaz-4914.png\",\"datePublished\":\"2026-04-23T12:28:16+00:00\",\"author\":{\"@id\":\"https:\\\/\\\/kibrisdakik.com\\\/#\\\/schema\\\/person\\\/9cd9d437bbb44f72b73ba127e06d8e79\"},\"breadcrumb\":{\"@id\":\"https:\\\/\\\/kibrisdakik.com\\\/?p=111096#breadcrumb\"},\"inLanguage\":\"tr\",\"potentialAction\":[{\"@type\":\"ReadAction\",\"target\":[\"https:\\\/\\\/kibrisdakik.com\\\/?p=111096\"]}]},{\"@type\":\"ImageObject\",\"inLanguage\":\"tr\",\"@id\":\"https:\\\/\\\/kibrisdakik.com\\\/?p=111096#primaryimage\",\"url\":\"https:\\\/\\\/kibrisdakik.com\\\/wp-content\\\/uploads\\\/2026\\\/04\\\/mha-sari-beyaz-4914.png\",\"contentUrl\":\"https:\\\/\\\/kibrisdakik.com\\\/wp-content\\\/uploads\\\/2026\\\/04\\\/mha-sari-beyaz-4914.png\",\"width\":1280,\"height\":720},{\"@type\":\"BreadcrumbList\",\"@id\":\"https:\\\/\\\/kibrisdakik.com\\\/?p=111096#breadcrumb\",\"itemListElement\":[{\"@type\":\"ListItem\",\"position\":1,\"name\":\"Home\",\"item\":\"https:\\\/\\\/kibrisdakik.com\\\/\"},{\"@type\":\"ListItem\",\"position\":2,\"name\":\"HR\u0130STODUL\u0130D\u0130S\u2019TEN M\u0130CHEL\u2019E T\u00dcRK\u0130YE YANITI\"}]},{\"@type\":\"WebSite\",\"@id\":\"https:\\\/\\\/kibrisdakik.com\\\/#website\",\"url\":\"https:\\\/\\\/kibrisdakik.com\\\/\",\"name\":\"\",\"description\":\"Tam vaktinde haber\",\"potentialAction\":[{\"@type\":\"SearchAction\",\"target\":{\"@type\":\"EntryPoint\",\"urlTemplate\":\"https:\\\/\\\/kibrisdakik.com\\\/?s={search_term_string}\"},\"query-input\":{\"@type\":\"PropertyValueSpecification\",\"valueRequired\":true,\"valueName\":\"search_term_string\"}}],\"inLanguage\":\"tr\"},{\"@type\":\"Person\",\"@id\":\"https:\\\/\\\/kibrisdakik.com\\\/#\\\/schema\\\/person\\\/9cd9d437bbb44f72b73ba127e06d8e79\",\"name\":\"admin\",\"image\":{\"@type\":\"ImageObject\",\"inLanguage\":\"tr\",\"@id\":\"https:\\\/\\\/secure.gravatar.com\\\/avatar\\\/ccc17943b9d660506c869530f897617f7cb1c21a4bf30023f252596d83e1f007?s=96&d=mm&r=g\",\"url\":\"https:\\\/\\\/secure.gravatar.com\\\/avatar\\\/ccc17943b9d660506c869530f897617f7cb1c21a4bf30023f252596d83e1f007?s=96&d=mm&r=g\",\"contentUrl\":\"https:\\\/\\\/secure.gravatar.com\\\/avatar\\\/ccc17943b9d660506c869530f897617f7cb1c21a4bf30023f252596d83e1f007?s=96&d=mm&r=g\",\"caption\":\"admin\"},\"sameAs\":[\"https:\\\/\\\/kibrisdakik.com\"],\"url\":\"https:\\\/\\\/kibrisdakik.com\\\/?author=1\"}]}<\/script>\n<!-- \/ Yoast SEO plugin. -->","yoast_head_json":{"title":"HR\u0130STODUL\u0130D\u0130S\u2019TEN M\u0130CHEL\u2019E T\u00dcRK\u0130YE YANITI -","robots":{"index":"index","follow":"follow","max-snippet":"max-snippet:-1","max-image-preview":"max-image-preview:large","max-video-preview":"max-video-preview:-1"},"canonical":"https:\/\/kibrisdakik.com\/?p=111096","og_locale":"tr_TR","og_type":"article","og_title":"HR\u0130STODUL\u0130D\u0130S\u2019TEN M\u0130CHEL\u2019E T\u00dcRK\u0130YE YANITI -","og_description":"Rum Y\u00f6netimi Ba\u015fkan\u0131 Nikos Hristodulidis, Avrupa Birli\u011fi Konseyi\u2019nin eski Ba\u015fkan\u0131 Charles Michel\u2019in T\u00fcrkiye\u2019ye ili\u015fkin de\u011ferlendirmelerine sosyal medya \u00fczerinden yan\u0131t verdi. Rum bas\u0131n\u0131nda yer alan haberlere g\u00f6re, Michel yapt\u0131\u011f\u0131 a\u00e7\u0131klamada T\u00fcrkiye\u2019nin NATO\u2019nun \u00f6nemli bir m\u00fcttefiki, g\u00f6\u00e7 y\u00f6netiminde kilit bir ortak ve enerji ile savunma alanlar\u0131nda stratejik bir akt\u00f6r oldu\u011funu ifade etti. Michel ayr\u0131ca Avrupa\u2019n\u0131n \u00e7ifte standartlar","og_url":"https:\/\/kibrisdakik.com\/?p=111096","article_published_time":"2026-04-23T12:28:16+00:00","og_image":[{"url":"https:\/\/mhahabercom.teimg.com\/crop\/1280x720\/mhahaber-com\/uploads\/2026\/04\/mha-sari-beyaz-4914.png","type":"","width":"","height":""}],"author":"admin","twitter_card":"summary_large_image","twitter_misc":{"Yazan:":"admin","Tahmini okuma s\u00fcresi":"1 dakika"},"schema":{"@context":"https:\/\/schema.org","@graph":[{"@type":"Article","@id":"https:\/\/kibrisdakik.com\/?p=111096#article","isPartOf":{"@id":"https:\/\/kibrisdakik.com\/?p=111096"},"author":{"name":"admin","@id":"https:\/\/kibrisdakik.com\/#\/schema\/person\/9cd9d437bbb44f72b73ba127e06d8e79"},"headline":"HR\u0130STODUL\u0130D\u0130S\u2019TEN M\u0130CHEL\u2019E T\u00dcRK\u0130YE YANITI","datePublished":"2026-04-23T12:28:16+00:00","mainEntityOfPage":{"@id":"https:\/\/kibrisdakik.com\/?p=111096"},"wordCount":196,"commentCount":0,"image":{"@id":"https:\/\/kibrisdakik.com\/?p=111096#primaryimage"},"thumbnailUrl":"https:\/\/kibrisdakik.com\/wp-content\/uploads\/2026\/04\/mha-sari-beyaz-4914.png","articleSection":["K\u0131br\u0131s"],"inLanguage":"tr","potentialAction":[{"@type":"CommentAction","name":"Comment","target":["https:\/\/kibrisdakik.com\/?p=111096#respond"]}]},{"@type":"WebPage","@id":"https:\/\/kibrisdakik.com\/?p=111096","url":"https:\/\/kibrisdakik.com\/?p=111096","name":"HR\u0130STODUL\u0130D\u0130S\u2019TEN M\u0130CHEL\u2019E T\u00dcRK\u0130YE YANITI -","isPartOf":{"@id":"https:\/\/kibrisdakik.com\/#website"},"primaryImageOfPage":{"@id":"https:\/\/kibrisdakik.com\/?p=111096#primaryimage"},"image":{"@id":"https:\/\/kibrisdakik.com\/?p=111096#primaryimage"},"thumbnailUrl":"https:\/\/kibrisdakik.com\/wp-content\/uploads\/2026\/04\/mha-sari-beyaz-4914.png","datePublished":"2026-04-23T12:28:16+00:00","author":{"@id":"https:\/\/kibrisdakik.com\/#\/schema\/person\/9cd9d437bbb44f72b73ba127e06d8e79"},"breadcrumb":{"@id":"https:\/\/kibrisdakik.com\/?p=111096#breadcrumb"},"inLanguage":"tr","potentialAction":[{"@type":"ReadAction","target":["https:\/\/kibrisdakik.com\/?p=111096"]}]},{"@type":"ImageObject","inLanguage":"tr","@id":"https:\/\/kibrisdakik.com\/?p=111096#primaryimage","url":"https:\/\/kibrisdakik.com\/wp-content\/uploads\/2026\/04\/mha-sari-beyaz-4914.png","contentUrl":"https:\/\/kibrisdakik.com\/wp-content\/uploads\/2026\/04\/mha-sari-beyaz-4914.png","width":1280,"height":720},{"@type":"BreadcrumbList","@id":"https:\/\/kibrisdakik.com\/?p=111096#breadcrumb","itemListElement":[{"@type":"ListItem","position":1,"name":"Home","item":"https:\/\/kibrisdakik.com\/"},{"@type":"ListItem","position":2,"name":"HR\u0130STODUL\u0130D\u0130S\u2019TEN M\u0130CHEL\u2019E T\u00dcRK\u0130YE YANITI"}]},{"@type":"WebSite","@id":"https:\/\/kibrisdakik.com\/#website","url":"https:\/\/kibrisdakik.com\/","name":"","description":"Tam vaktinde haber","potentialAction":[{"@type":"SearchAction","target":{"@type":"EntryPoint","urlTemplate":"https:\/\/kibrisdakik.com\/?s={search_term_string}"},"query-input":{"@type":"PropertyValueSpecification","valueRequired":true,"valueName":"search_term_string"}}],"inLanguage":"tr"},{"@type":"Person","@id":"https:\/\/kibrisdakik.com\/#\/schema\/person\/9cd9d437bbb44f72b73ba127e06d8e79","name":"admin","image":{"@type":"ImageObject","inLanguage":"tr","@id":"https:\/\/secure.gravatar.com\/avatar\/ccc17943b9d660506c869530f897617f7cb1c21a4bf30023f252596d83e1f007?s=96&d=mm&r=g","url":"https:\/\/secure.gravatar.com\/avatar\/ccc17943b9d660506c869530f897617f7cb1c21a4bf30023f252596d83e1f007?s=96&d=mm&r=g","contentUrl":"https:\/\/secure.gravatar.com\/avatar\/ccc17943b9d660506c869530f897617f7cb1c21a4bf30023f252596d83e1f007?s=96&d=mm&r=g","caption":"admin"},"sameAs":["https:\/\/kibrisdakik.com"],"url":"https:\/\/kibrisdakik.com\/?author=1"}]}},"_links":{"self":[{"href":"https:\/\/kibrisdakik.com\/index.php?rest_route=\/wp\/v2\/posts\/111096","targetHints":{"allow":["GET"]}}],"collection":[{"href":"https:\/\/kibrisdakik.com\/index.php?rest_route=\/wp\/v2\/posts"}],"about":[{"href":"https:\/\/kibrisdakik.com\/index.php?rest_route=\/wp\/v2\/types\/post"}],"author":[{"embeddable":true,"href":"https:\/\/kibrisdakik.com\/index.php?rest_route=\/wp\/v2\/users\/1"}],"replies":[{"embeddable":true,"href":"https:\/\/kibrisdakik.com\/index.php?rest_route=%2Fwp%2Fv2%2Fcomments&post=111096"}],"version-history":[{"count":0,"href":"https:\/\/kibrisdakik.com\/index.php?rest_route=\/wp\/v2\/posts\/111096\/revisions"}],"wp:featuredmedia":[{"embeddable":true,"href":"https:\/\/kibrisdakik.com\/index.php?rest_route=\/wp\/v2\/media\/111097"}],"wp:attachment":[{"href":"https:\/\/kibrisdakik.com\/index.php?rest_route=%2Fwp%2Fv2%2Fmedia&parent=111096"}],"wp:term":[{"taxonomy":"category","embeddable":true,"href":"https:\/\/kibrisdakik.com\/index.php?rest_route=%2Fwp%2Fv2%2Fcategories&post=111096"},{"taxonomy":"post_tag","embeddable":true,"href":"https:\/\/kibrisdakik.com\/index.php?rest_route=%2Fwp%2Fv2%2Ftags&post=111096"}],"curies":[{"name":"wp","href":"https:\/\/api.w.org\/{rel}","templated":true}]}}