{"id":111175,"date":"2026-04-24T15:02:23","date_gmt":"2026-04-24T12:02:23","guid":{"rendered":"https:\/\/kibrisdakik.com\/?p=111175"},"modified":"2026-04-24T15:02:23","modified_gmt":"2026-04-24T12:02:23","slug":"ktevin-27nci-kompozisyon-ve-kitap-ayrac-yarismasi-odulleri-sahiplerini-buldu","status":"publish","type":"post","link":"https:\/\/kibrisdakik.com\/?p=111175","title":{"rendered":"KTEV\u2019\u0130N 27\u2019NC\u0130 KOMPOZ\u0130SYON VE K\u0130TAP AYRA\u00c7 YARI\u015eMASI \u00d6D\u00dcLLER\u0130 SAH\u0130PLER\u0130N\u0130 BULDU"},"content":{"rendered":"<p><\/p>\n<div data-text-id=\"200692\" property=\"articleBody\">\n<p>K\u0131br\u0131s T\u00fcrk E\u011fitim Vakf\u0131 (KTEV) taraf\u0131ndan d\u00fczenlenen 27\u2019nci Kompozisyon ve Kitap Ayra\u00e7 Yar\u0131\u015fmas\u0131 \u00f6d\u00fcl t\u00f6reni bug\u00fcn saat 10.00\u2019da KT\u00d6S salonunda yap\u0131ld\u0131.<\/p>\n<p>Kompozisyon yar\u0131\u015fmas\u0131nda Umure \u00d6rs, \u00d6zge Baysan ve Prof. Dr. Ahmet G\u00fcneyli, kitap ayrac\u0131 yar\u0131\u015fmas\u0131nda ise Ruzen Atakan, Semral \u00d6ztan ve T\u00fcrkan Mengi J\u00fcri olarak g\u00f6rev ald\u0131.<\/p>\n<p>KTEV\u2019den verilen bilgiye g\u00f6re, t\u00f6ren, kompozisyon yar\u0131\u015fmas\u0131 j\u00fcri \u00fcyesi Prof. Dr. Ahmet G\u00fcneyli\u2019nin konu\u015fmas\u0131yla ba\u015flad\u0131 ve K.T E\u011fitim Vakf\u0131 Ba\u015fkan\u0131 Umure \u00d6rs\u2019\u00fcn konu\u015fmas\u0131 sonras\u0131nda \u00f6d\u00fcller da\u011f\u0131t\u0131ld\u0131.<\/p>\n<p>K.T E\u011fitim Vakf\u0131\u2019n\u0131n d\u00fczenlemi\u015f oldu\u011fu 27\u2019nci Kompozisyon Yar\u0131\u015fmas\u0131\u2019nda birincilik \u00f6d\u00fcl\u00fcn\u00fc Kurtulu\u015f \u0130lkokulu\u2019ndan H\u00fcseyin Mehmet Y\u0131ld\u0131r\u0131m kazan\u0131rken, ikincilik \u00f6d\u00fcl\u00fcn\u00fc Lapta \u0130lkokulu\u2019ndan Renk U\u011furel ve Cihangir D\u00fczova \u0130lkokulu\u2019ndan Demir Kan, \u00fc\u00e7\u00fcnc\u00fcl\u00fck \u00f6d\u00fcl\u00fcn\u00fc Dipkarpaz \u0130lkokulu\u2019ndan \u015eura Duran ve Necat British College\u2019den Hayat Ak\u0131nc\u0131 payla\u015ft\u0131.<\/p>\n<p>Kompozisyon Yar\u0131\u015fmas\u0131 Mansiyon \u00d6d\u00fclleri ise Vadili \u0130n\u00f6n\u00fc \u0130lkokulu\u2019ndan R\u00fczg\u00e2r G\u00fcner, Yak\u0131ndo\u011fu Yenibo\u011fazi\u00e7i \u0130lkokulu\u2019ndan Hazar Cengiz Topal, Necat British College\u2019den Ay\u015fe G\u00fclseven, Gazi Canbulat \u0130lkokulu\u2019ndan Zeynep B\u00fcy\u00fckerta\u015f, Zeynep Belinay \u00dcnal, Necat British College\u2019nden Pera \u015eener, Hasan Aren \u00c7akarta\u015f, Kurtulu\u015f \u0130lkokulu\u2019ndan Pamir Ya\u015fir, \u015eht. \u0130lker Karter \u0130lkokulu\u2019ndan Sharan Majididehkordi ve Dr. Suat G\u00fcnsel \u0130skele Devlet \u0130lkokulu\u2019ndan Seyedeh Noora Tariverdi\u2019ye verildi.<\/p>\n<p>\u201c27. Kitap Ayrac\u0131 Yar\u0131\u015fmas\u0131\u201d nda;<\/p>\n<p>1. kategoride; birincilik \u00f6d\u00fcl\u00fcn\u00fc Dr. Suat G\u00fcnsel Lefko\u015fa Devlet \u0130lkokulu\u2019ndan Lara \u00c7etinkaya, ikincilik \u00f6d\u00fcl\u00fcn\u00fc Dr. Suat G\u00fcnsel Lefko\u015fa Devlet \u0130lkokulu\u2019ndan Doruk A\u00e7\u0131k, \u00fc\u00e7\u00fcnc\u00fcl\u00fck \u00f6d\u00fcl\u00fcn\u00fc Do\u011fanc\u0131 \u0130lkokulu\u2019ndan Seray Ba\u015favc\u0131 ald\u0131.<\/p>\n<p>\u201c27. Kitap Ayrac\u0131 Yar\u0131\u015fmas\u0131\u201d 1. Kategori mansiyon \u00f6d\u00fclleri ise; \u015eht. Salih Terzi \u0130lkokulu\u2019ndan Hazan Kaptan, Necat British College Alsancak\u2019dan B\u00fckre Bal\u00e7\u0131n, KTEV \u015eht. Hasan Cafer \u0130lkokulu\u2019ndan Asr\u0131n G\u00fcrdo\u011fan, Yak\u0131n Do\u011fu Okul \u00d6ncesi\u2019nden Buse Y\u0131ld\u0131r\u0131m\u2019a verildi.<\/p>\n<p>2. kategoride; birincilik \u00f6d\u00fcl\u00fcn\u00fc Dr. Suat G\u00fcnsel Lefko\u015fa Devlet \u0130lkokulu\u2019ndan Deniz Ta\u015f\u00e7\u0131, ikincilik \u00f6d\u00fcl\u00fcn\u00fc Dr. Suat G\u00fcnsel Lefko\u015fa Devlet \u0130lkokulu\u2019ndan Bur\u00e7ak \u00c7akmak, \u00fc\u00e7\u00fcnc\u00fcl\u00fck \u00f6d\u00fcl\u00fcn\u00fc Dr. Suat G\u00fcnsel Lefko\u015fa Devlet \u0130lkokulu\u2019ndan Hasan Alada\u011f kazand\u0131.<\/p>\n<p>\u201c27. Kitap Ayrac\u0131 Yar\u0131\u015fmas\u0131\u201d 2. Kategori mansiyon \u00f6d\u00fclleri ise Kurtulu\u015f \u0130lkokulu\u2019ndan Omidreza Niazi Mehmani, Dr. Suat G\u00fcnsel Lefko\u015fa Devlet \u0130lkokulu\u2019ndan Almira Akcan, Necat British College Alsancak\u2019dan Demir Demirkent, Do\u011fu Akdeniz Do\u011fa \u0130lkokulu\u2019ndan Defne Sahip\u2019e verildi.<\/p>\n<p>3. kategoride; birincilik \u00f6d\u00fcl\u00fcn\u00fc Dr. Suat G\u00fcnsel Lefko\u015fa Devlet \u0130lkokulu\u2019ndan Sania G\u00fczelo\u011flu, ikincilik \u00f6d\u00fcl\u00fcn\u00fc Do\u011fu Akdeniz Do\u011fa \u0130lkokulu\u2019ndan Osman Uzun, \u00fc\u00e7\u00fcnc\u00fcl\u00fck \u00f6d\u00fcl\u00fcn\u00fc Dr. Suat G\u00fcnsel Girne \u0130lkokulu\u2019ndan Karen Yaman kazand\u0131.<\/p>\n<p>\u201c27. Kitap Ayrac\u0131 Yar\u0131\u015fmas\u0131\u201d 3.kategori mansiyon \u00f6d\u00fclleri ise Dr. Suat G\u00fcnsel Lefko\u015fa Devlet \u0130lkokulu\u2019ndan Melin Beyaz, Dr. Suat G\u00fcnsel Lefko\u015fa Devlet \u0130lkokulu\u2019ndan Nazan Yamaner, 23 Nisan \u0130lkokulu\u2019ndan Yaren G\u00f6n\u00fcl, Karao\u011flano\u011flu \u0130lkokulu\u2019ndan Polina Gavrilova\u2019ya verildi.<\/p>\n<p>\u201c27. Kitap Ayrac\u0131 Yar\u0131\u015fmas\u0131\u201dnda Sponsor \u00d6zel \u00d6d\u00fcl\u00fc ise son 10 y\u0131lda en \u00e7ok derece \u00f6d\u00fcl\u00fc alm\u0131\u015f olan, 9 Eyl\u00fcl \u0130lkokulu\u2019na verildi.<\/p>\n<\/p><\/div>\n","protected":false},"excerpt":{"rendered":"<p>K\u0131br\u0131s T\u00fcrk E\u011fitim Vakf\u0131 (KTEV) taraf\u0131ndan d\u00fczenlenen 27\u2019nci Kompozisyon ve Kitap Ayra\u00e7 Yar\u0131\u015fmas\u0131 \u00f6d\u00fcl t\u00f6reni bug\u00fcn saat 10.00\u2019da KT\u00d6S salonunda yap\u0131ld\u0131. Kompozisyon yar\u0131\u015fmas\u0131nda Umure \u00d6rs, \u00d6zge Baysan ve Prof. Dr. Ahmet G\u00fcneyli, kitap ayrac\u0131 yar\u0131\u015fmas\u0131nda ise Ruzen Atakan, Semral \u00d6ztan ve T\u00fcrkan Mengi J\u00fcri olarak g\u00f6rev ald\u0131. KTEV\u2019den verilen bilgiye g\u00f6re, t\u00f6ren, kompozisyon yar\u0131\u015fmas\u0131 j\u00fcri<\/p>\n","protected":false},"author":1,"featured_media":111176,"comment_status":"open","ping_status":"open","sticky":false,"template":"","format":"standard","meta":{"footnotes":""},"categories":[81],"tags":[],"class_list":["post-111175","post","type-post","status-publish","format-standard","has-post-thumbnail","hentry","category-kibris"],"yoast_head":"<!-- This site is optimized with the Yoast SEO plugin v27.4 - https:\/\/yoast.com\/product\/yoast-seo-wordpress\/ -->\n<title>KTEV\u2019\u0130N 27\u2019NC\u0130 KOMPOZ\u0130SYON VE K\u0130TAP AYRA\u00c7 YARI\u015eMASI \u00d6D\u00dcLLER\u0130 SAH\u0130PLER\u0130N\u0130 BULDU -<\/title>\n<meta name=\"robots\" content=\"index, follow, max-snippet:-1, max-image-preview:large, max-video-preview:-1\" \/>\n<link rel=\"canonical\" href=\"https:\/\/kibrisdakik.com\/?p=111175\" \/>\n<meta property=\"og:locale\" content=\"tr_TR\" \/>\n<meta property=\"og:type\" content=\"article\" \/>\n<meta property=\"og:title\" content=\"KTEV\u2019\u0130N 27\u2019NC\u0130 KOMPOZ\u0130SYON VE K\u0130TAP AYRA\u00c7 YARI\u015eMASI \u00d6D\u00dcLLER\u0130 SAH\u0130PLER\u0130N\u0130 BULDU -\" \/>\n<meta property=\"og:description\" content=\"K\u0131br\u0131s T\u00fcrk E\u011fitim Vakf\u0131 (KTEV) taraf\u0131ndan d\u00fczenlenen 27\u2019nci Kompozisyon ve Kitap Ayra\u00e7 Yar\u0131\u015fmas\u0131 \u00f6d\u00fcl t\u00f6reni bug\u00fcn saat 10.00\u2019da KT\u00d6S salonunda yap\u0131ld\u0131. Kompozisyon yar\u0131\u015fmas\u0131nda Umure \u00d6rs, \u00d6zge Baysan ve Prof. Dr. Ahmet G\u00fcneyli, kitap ayrac\u0131 yar\u0131\u015fmas\u0131nda ise Ruzen Atakan, Semral \u00d6ztan ve T\u00fcrkan Mengi J\u00fcri olarak g\u00f6rev ald\u0131. KTEV\u2019den verilen bilgiye g\u00f6re, t\u00f6ren, kompozisyon yar\u0131\u015fmas\u0131 j\u00fcri\" \/>\n<meta property=\"og:url\" content=\"https:\/\/kibrisdakik.com\/?p=111175\" \/>\n<meta property=\"article:published_time\" content=\"2026-04-24T12:02:23+00:00\" \/>\n<meta property=\"og:image\" content=\"https:\/\/mhahabercom.teimg.com\/crop\/1280x720\/mhahaber-com\/uploads\/2026\/04\/mha-sari-beyaz-kurtarildi-kurtarildi-kurtarildi-8.png\" \/>\n<meta name=\"author\" content=\"admin\" \/>\n<meta name=\"twitter:card\" content=\"summary_large_image\" \/>\n<meta name=\"twitter:label1\" content=\"Yazan:\" \/>\n\t<meta name=\"twitter:data1\" content=\"admin\" \/>\n\t<meta name=\"twitter:label2\" content=\"Tahmini okuma s\u00fcresi\" \/>\n\t<meta name=\"twitter:data2\" content=\"3 dakika\" \/>\n<script type=\"application\/ld+json\" class=\"yoast-schema-graph\">{\"@context\":\"https:\\\/\\\/schema.org\",\"@graph\":[{\"@type\":\"Article\",\"@id\":\"https:\\\/\\\/kibrisdakik.com\\\/?p=111175#article\",\"isPartOf\":{\"@id\":\"https:\\\/\\\/kibrisdakik.com\\\/?p=111175\"},\"author\":{\"name\":\"admin\",\"@id\":\"https:\\\/\\\/kibrisdakik.com\\\/#\\\/schema\\\/person\\\/9cd9d437bbb44f72b73ba127e06d8e79\"},\"headline\":\"KTEV\u2019\u0130N 27\u2019NC\u0130 KOMPOZ\u0130SYON VE K\u0130TAP AYRA\u00c7 YARI\u015eMASI \u00d6D\u00dcLLER\u0130 SAH\u0130PLER\u0130N\u0130 BULDU\",\"datePublished\":\"2026-04-24T12:02:23+00:00\",\"mainEntityOfPage\":{\"@id\":\"https:\\\/\\\/kibrisdakik.com\\\/?p=111175\"},\"wordCount\":597,\"commentCount\":0,\"image\":{\"@id\":\"https:\\\/\\\/kibrisdakik.com\\\/?p=111175#primaryimage\"},\"thumbnailUrl\":\"https:\\\/\\\/kibrisdakik.com\\\/wp-content\\\/uploads\\\/2026\\\/04\\\/mha-sari-beyaz-kurtarildi-kurtarildi-kurtarildi-8.png\",\"articleSection\":[\"K\u0131br\u0131s\"],\"inLanguage\":\"tr\",\"potentialAction\":[{\"@type\":\"CommentAction\",\"name\":\"Comment\",\"target\":[\"https:\\\/\\\/kibrisdakik.com\\\/?p=111175#respond\"]}]},{\"@type\":\"WebPage\",\"@id\":\"https:\\\/\\\/kibrisdakik.com\\\/?p=111175\",\"url\":\"https:\\\/\\\/kibrisdakik.com\\\/?p=111175\",\"name\":\"KTEV\u2019\u0130N 27\u2019NC\u0130 KOMPOZ\u0130SYON VE K\u0130TAP AYRA\u00c7 YARI\u015eMASI \u00d6D\u00dcLLER\u0130 SAH\u0130PLER\u0130N\u0130 BULDU -\",\"isPartOf\":{\"@id\":\"https:\\\/\\\/kibrisdakik.com\\\/#website\"},\"primaryImageOfPage\":{\"@id\":\"https:\\\/\\\/kibrisdakik.com\\\/?p=111175#primaryimage\"},\"image\":{\"@id\":\"https:\\\/\\\/kibrisdakik.com\\\/?p=111175#primaryimage\"},\"thumbnailUrl\":\"https:\\\/\\\/kibrisdakik.com\\\/wp-content\\\/uploads\\\/2026\\\/04\\\/mha-sari-beyaz-kurtarildi-kurtarildi-kurtarildi-8.png\",\"datePublished\":\"2026-04-24T12:02:23+00:00\",\"author\":{\"@id\":\"https:\\\/\\\/kibrisdakik.com\\\/#\\\/schema\\\/person\\\/9cd9d437bbb44f72b73ba127e06d8e79\"},\"breadcrumb\":{\"@id\":\"https:\\\/\\\/kibrisdakik.com\\\/?p=111175#breadcrumb\"},\"inLanguage\":\"tr\",\"potentialAction\":[{\"@type\":\"ReadAction\",\"target\":[\"https:\\\/\\\/kibrisdakik.com\\\/?p=111175\"]}]},{\"@type\":\"ImageObject\",\"inLanguage\":\"tr\",\"@id\":\"https:\\\/\\\/kibrisdakik.com\\\/?p=111175#primaryimage\",\"url\":\"https:\\\/\\\/kibrisdakik.com\\\/wp-content\\\/uploads\\\/2026\\\/04\\\/mha-sari-beyaz-kurtarildi-kurtarildi-kurtarildi-8.png\",\"contentUrl\":\"https:\\\/\\\/kibrisdakik.com\\\/wp-content\\\/uploads\\\/2026\\\/04\\\/mha-sari-beyaz-kurtarildi-kurtarildi-kurtarildi-8.png\",\"width\":1280,\"height\":720},{\"@type\":\"BreadcrumbList\",\"@id\":\"https:\\\/\\\/kibrisdakik.com\\\/?p=111175#breadcrumb\",\"itemListElement\":[{\"@type\":\"ListItem\",\"position\":1,\"name\":\"Home\",\"item\":\"https:\\\/\\\/kibrisdakik.com\\\/\"},{\"@type\":\"ListItem\",\"position\":2,\"name\":\"KTEV\u2019\u0130N 27\u2019NC\u0130 KOMPOZ\u0130SYON VE K\u0130TAP AYRA\u00c7 YARI\u015eMASI \u00d6D\u00dcLLER\u0130 SAH\u0130PLER\u0130N\u0130 BULDU\"}]},{\"@type\":\"WebSite\",\"@id\":\"https:\\\/\\\/kibrisdakik.com\\\/#website\",\"url\":\"https:\\\/\\\/kibrisdakik.com\\\/\",\"name\":\"\",\"description\":\"Tam vaktinde haber\",\"potentialAction\":[{\"@type\":\"SearchAction\",\"target\":{\"@type\":\"EntryPoint\",\"urlTemplate\":\"https:\\\/\\\/kibrisdakik.com\\\/?s={search_term_string}\"},\"query-input\":{\"@type\":\"PropertyValueSpecification\",\"valueRequired\":true,\"valueName\":\"search_term_string\"}}],\"inLanguage\":\"tr\"},{\"@type\":\"Person\",\"@id\":\"https:\\\/\\\/kibrisdakik.com\\\/#\\\/schema\\\/person\\\/9cd9d437bbb44f72b73ba127e06d8e79\",\"name\":\"admin\",\"image\":{\"@type\":\"ImageObject\",\"inLanguage\":\"tr\",\"@id\":\"https:\\\/\\\/secure.gravatar.com\\\/avatar\\\/ccc17943b9d660506c869530f897617f7cb1c21a4bf30023f252596d83e1f007?s=96&d=mm&r=g\",\"url\":\"https:\\\/\\\/secure.gravatar.com\\\/avatar\\\/ccc17943b9d660506c869530f897617f7cb1c21a4bf30023f252596d83e1f007?s=96&d=mm&r=g\",\"contentUrl\":\"https:\\\/\\\/secure.gravatar.com\\\/avatar\\\/ccc17943b9d660506c869530f897617f7cb1c21a4bf30023f252596d83e1f007?s=96&d=mm&r=g\",\"caption\":\"admin\"},\"sameAs\":[\"https:\\\/\\\/kibrisdakik.com\"],\"url\":\"https:\\\/\\\/kibrisdakik.com\\\/?author=1\"}]}<\/script>\n<!-- \/ Yoast SEO plugin. -->","yoast_head_json":{"title":"KTEV\u2019\u0130N 27\u2019NC\u0130 KOMPOZ\u0130SYON VE K\u0130TAP AYRA\u00c7 YARI\u015eMASI \u00d6D\u00dcLLER\u0130 SAH\u0130PLER\u0130N\u0130 BULDU -","robots":{"index":"index","follow":"follow","max-snippet":"max-snippet:-1","max-image-preview":"max-image-preview:large","max-video-preview":"max-video-preview:-1"},"canonical":"https:\/\/kibrisdakik.com\/?p=111175","og_locale":"tr_TR","og_type":"article","og_title":"KTEV\u2019\u0130N 27\u2019NC\u0130 KOMPOZ\u0130SYON VE K\u0130TAP AYRA\u00c7 YARI\u015eMASI \u00d6D\u00dcLLER\u0130 SAH\u0130PLER\u0130N\u0130 BULDU -","og_description":"K\u0131br\u0131s T\u00fcrk E\u011fitim Vakf\u0131 (KTEV) taraf\u0131ndan d\u00fczenlenen 27\u2019nci Kompozisyon ve Kitap Ayra\u00e7 Yar\u0131\u015fmas\u0131 \u00f6d\u00fcl t\u00f6reni bug\u00fcn saat 10.00\u2019da KT\u00d6S salonunda yap\u0131ld\u0131. Kompozisyon yar\u0131\u015fmas\u0131nda Umure \u00d6rs, \u00d6zge Baysan ve Prof. Dr. Ahmet G\u00fcneyli, kitap ayrac\u0131 yar\u0131\u015fmas\u0131nda ise Ruzen Atakan, Semral \u00d6ztan ve T\u00fcrkan Mengi J\u00fcri olarak g\u00f6rev ald\u0131. KTEV\u2019den verilen bilgiye g\u00f6re, t\u00f6ren, kompozisyon yar\u0131\u015fmas\u0131 j\u00fcri","og_url":"https:\/\/kibrisdakik.com\/?p=111175","article_published_time":"2026-04-24T12:02:23+00:00","og_image":[{"url":"https:\/\/mhahabercom.teimg.com\/crop\/1280x720\/mhahaber-com\/uploads\/2026\/04\/mha-sari-beyaz-kurtarildi-kurtarildi-kurtarildi-8.png","type":"","width":"","height":""}],"author":"admin","twitter_card":"summary_large_image","twitter_misc":{"Yazan:":"admin","Tahmini okuma s\u00fcresi":"3 dakika"},"schema":{"@context":"https:\/\/schema.org","@graph":[{"@type":"Article","@id":"https:\/\/kibrisdakik.com\/?p=111175#article","isPartOf":{"@id":"https:\/\/kibrisdakik.com\/?p=111175"},"author":{"name":"admin","@id":"https:\/\/kibrisdakik.com\/#\/schema\/person\/9cd9d437bbb44f72b73ba127e06d8e79"},"headline":"KTEV\u2019\u0130N 27\u2019NC\u0130 KOMPOZ\u0130SYON VE K\u0130TAP AYRA\u00c7 YARI\u015eMASI \u00d6D\u00dcLLER\u0130 SAH\u0130PLER\u0130N\u0130 BULDU","datePublished":"2026-04-24T12:02:23+00:00","mainEntityOfPage":{"@id":"https:\/\/kibrisdakik.com\/?p=111175"},"wordCount":597,"commentCount":0,"image":{"@id":"https:\/\/kibrisdakik.com\/?p=111175#primaryimage"},"thumbnailUrl":"https:\/\/kibrisdakik.com\/wp-content\/uploads\/2026\/04\/mha-sari-beyaz-kurtarildi-kurtarildi-kurtarildi-8.png","articleSection":["K\u0131br\u0131s"],"inLanguage":"tr","potentialAction":[{"@type":"CommentAction","name":"Comment","target":["https:\/\/kibrisdakik.com\/?p=111175#respond"]}]},{"@type":"WebPage","@id":"https:\/\/kibrisdakik.com\/?p=111175","url":"https:\/\/kibrisdakik.com\/?p=111175","name":"KTEV\u2019\u0130N 27\u2019NC\u0130 KOMPOZ\u0130SYON VE K\u0130TAP AYRA\u00c7 YARI\u015eMASI \u00d6D\u00dcLLER\u0130 SAH\u0130PLER\u0130N\u0130 BULDU -","isPartOf":{"@id":"https:\/\/kibrisdakik.com\/#website"},"primaryImageOfPage":{"@id":"https:\/\/kibrisdakik.com\/?p=111175#primaryimage"},"image":{"@id":"https:\/\/kibrisdakik.com\/?p=111175#primaryimage"},"thumbnailUrl":"https:\/\/kibrisdakik.com\/wp-content\/uploads\/2026\/04\/mha-sari-beyaz-kurtarildi-kurtarildi-kurtarildi-8.png","datePublished":"2026-04-24T12:02:23+00:00","author":{"@id":"https:\/\/kibrisdakik.com\/#\/schema\/person\/9cd9d437bbb44f72b73ba127e06d8e79"},"breadcrumb":{"@id":"https:\/\/kibrisdakik.com\/?p=111175#breadcrumb"},"inLanguage":"tr","potentialAction":[{"@type":"ReadAction","target":["https:\/\/kibrisdakik.com\/?p=111175"]}]},{"@type":"ImageObject","inLanguage":"tr","@id":"https:\/\/kibrisdakik.com\/?p=111175#primaryimage","url":"https:\/\/kibrisdakik.com\/wp-content\/uploads\/2026\/04\/mha-sari-beyaz-kurtarildi-kurtarildi-kurtarildi-8.png","contentUrl":"https:\/\/kibrisdakik.com\/wp-content\/uploads\/2026\/04\/mha-sari-beyaz-kurtarildi-kurtarildi-kurtarildi-8.png","width":1280,"height":720},{"@type":"BreadcrumbList","@id":"https:\/\/kibrisdakik.com\/?p=111175#breadcrumb","itemListElement":[{"@type":"ListItem","position":1,"name":"Home","item":"https:\/\/kibrisdakik.com\/"},{"@type":"ListItem","position":2,"name":"KTEV\u2019\u0130N 27\u2019NC\u0130 KOMPOZ\u0130SYON VE K\u0130TAP AYRA\u00c7 YARI\u015eMASI \u00d6D\u00dcLLER\u0130 SAH\u0130PLER\u0130N\u0130 BULDU"}]},{"@type":"WebSite","@id":"https:\/\/kibrisdakik.com\/#website","url":"https:\/\/kibrisdakik.com\/","name":"","description":"Tam vaktinde haber","potentialAction":[{"@type":"SearchAction","target":{"@type":"EntryPoint","urlTemplate":"https:\/\/kibrisdakik.com\/?s={search_term_string}"},"query-input":{"@type":"PropertyValueSpecification","valueRequired":true,"valueName":"search_term_string"}}],"inLanguage":"tr"},{"@type":"Person","@id":"https:\/\/kibrisdakik.com\/#\/schema\/person\/9cd9d437bbb44f72b73ba127e06d8e79","name":"admin","image":{"@type":"ImageObject","inLanguage":"tr","@id":"https:\/\/secure.gravatar.com\/avatar\/ccc17943b9d660506c869530f897617f7cb1c21a4bf30023f252596d83e1f007?s=96&d=mm&r=g","url":"https:\/\/secure.gravatar.com\/avatar\/ccc17943b9d660506c869530f897617f7cb1c21a4bf30023f252596d83e1f007?s=96&d=mm&r=g","contentUrl":"https:\/\/secure.gravatar.com\/avatar\/ccc17943b9d660506c869530f897617f7cb1c21a4bf30023f252596d83e1f007?s=96&d=mm&r=g","caption":"admin"},"sameAs":["https:\/\/kibrisdakik.com"],"url":"https:\/\/kibrisdakik.com\/?author=1"}]}},"_links":{"self":[{"href":"https:\/\/kibrisdakik.com\/index.php?rest_route=\/wp\/v2\/posts\/111175","targetHints":{"allow":["GET"]}}],"collection":[{"href":"https:\/\/kibrisdakik.com\/index.php?rest_route=\/wp\/v2\/posts"}],"about":[{"href":"https:\/\/kibrisdakik.com\/index.php?rest_route=\/wp\/v2\/types\/post"}],"author":[{"embeddable":true,"href":"https:\/\/kibrisdakik.com\/index.php?rest_route=\/wp\/v2\/users\/1"}],"replies":[{"embeddable":true,"href":"https:\/\/kibrisdakik.com\/index.php?rest_route=%2Fwp%2Fv2%2Fcomments&post=111175"}],"version-history":[{"count":0,"href":"https:\/\/kibrisdakik.com\/index.php?rest_route=\/wp\/v2\/posts\/111175\/revisions"}],"wp:featuredmedia":[{"embeddable":true,"href":"https:\/\/kibrisdakik.com\/index.php?rest_route=\/wp\/v2\/media\/111176"}],"wp:attachment":[{"href":"https:\/\/kibrisdakik.com\/index.php?rest_route=%2Fwp%2Fv2%2Fmedia&parent=111175"}],"wp:term":[{"taxonomy":"category","embeddable":true,"href":"https:\/\/kibrisdakik.com\/index.php?rest_route=%2Fwp%2Fv2%2Fcategories&post=111175"},{"taxonomy":"post_tag","embeddable":true,"href":"https:\/\/kibrisdakik.com\/index.php?rest_route=%2Fwp%2Fv2%2Ftags&post=111175"}],"curies":[{"name":"wp","href":"https:\/\/api.w.org\/{rel}","templated":true}]}}