{"id":111177,"date":"2026-04-24T15:14:17","date_gmt":"2026-04-24T12:14:17","guid":{"rendered":"https:\/\/kibrisdakik.com\/?p=111177"},"modified":"2026-04-24T15:14:17","modified_gmt":"2026-04-24T12:14:17","slug":"ktmmob-hizmet-binasi-yenilendi-emek-verenlere-plaket-takdim-edildi","status":"publish","type":"post","link":"https:\/\/kibrisdakik.com\/?p=111177","title":{"rendered":"KTMMOB H\u0130ZMET B\u0130NASI YEN\u0130LEND\u0130, EMEK VERENLERE PLAKET TAKD\u0130M ED\u0130LD\u0130"},"content":{"rendered":"<p><\/p>\n<div data-text-id=\"200695\" property=\"articleBody\">\n<p>KTMMOB\u2019nin Lefko\u015fa\u2019daki hizmet binas\u0131, g\u00fc\u00e7lendirme ve yenileme \u00e7al\u0131\u015fmalar\u0131n\u0131n tamamlanmas\u0131n\u0131n ard\u0131ndan d\u00fczenlenen t\u00f6renle yeniden hizmete a\u00e7\u0131ld\u0131. A\u00e7\u0131l\u0131\u015fta konu\u015fan Seran Aysal, s\u00fcrecin dayan\u0131\u015fmayla tamamland\u0131\u011f\u0131n\u0131 vurgularken, katk\u0131 koyanlara te\u015fekk\u00fcr etti.<\/p>\n<p>K\u0131br\u0131s T\u00fcrk M\u00fchendis ve Mimar Odalar\u0131 Birli\u011fi (KTMMOB) Genel Ba\u015fkan\u0131 Seran Aysal, tadilat ve yenileme s\u00fcreci tamamlanan KTMMOB hizmet binas\u0131n\u0131n a\u00e7\u0131l\u0131\u015f\u0131nda yapt\u0131\u011f\u0131 konu\u015fmada, \u201cBirlik Odalar\u0131m\u0131z\u0131nd\u0131r, Odalar \u00dcyelerimizindir. Burada bir \u00e7at\u0131 alt\u0131nda bunlar\u0131 ger\u00e7ekle\u015ftirmenin verdi\u011fi huzur i\u00e7erisindeyiz. Birlikteyiz\u201d dedi.<\/p>\n<p>Seran Aysal, \u201cG\u00fcvenerek gereken yetkiyi Birlik Genel Ba\u015fkan\u0131\u2019na veren Y\u00f6netim Kurulumuza, rakam olarak en d\u00fc\u015f\u00fc\u011f\u00fcnden en y\u00fckse\u011fine emek ve katk\u0131 koyanlara ayr\u0131 ayr\u0131 te\u015fekk\u00fcr ediyorum. Hepimize hay\u0131rl\u0131 olsun. Birlik binam\u0131z\u0131n g\u00fczel g\u00fcnlerde, g\u00fczel m\u00fccadelelerin merkezi olmas\u0131 dile\u011fiyle, Gururluyuz, Onurluyuz&#8230;\u201d \u015feklinde konu\u015ftu.<\/p>\n<p>KTMMOB H\u0130ZMET B\u0130NASI, G\u00dc\u00c7LEND\u0130RME, TAD\u0130LAT VE YEN\u0130LEME S\u00dcREC\u0130N\u0130N TAMAMLANMASI \u0130LE YEN\u0130DEN KULLANIMA A\u00c7ILDI<\/p>\n<p>KTMMOB&#8217;ye ait hizmet binas\u0131, 56. D\u00f6nem ba\u015flat\u0131lan g\u00fc\u00e7lendirme, tadilat ve yenileme s\u00fcreci tamamlanarak, yeniden kullan\u0131ma a\u00e7\u0131ld\u0131. Lefko\u015fa\u2019da \u00c7a\u011flayan b\u00f6lgesinde \u015eht. \u0130brahim Ali Sokak adresinde yer alan KTMMOB hizmet binas\u0131nda \u201cYine Birli\u011fimizdeyiz, Birlikteyiz\u201d \u015fiar\u0131 ile yo\u011fun kat\u0131l\u0131m\u0131n oldu\u011fu bir etkinlik d\u00fczenlendi. Etkinlikte Birlik Binas\u0131 g\u00fc\u00e7lendirme, tadilat ve yenilenme s\u00fcrecine m\u00fcteahhitlik, malzeme ve\/veya hizmetini ba\u011f\u0131\u015f olarak katk\u0131 koyanlara plaket ve te\u015fekk\u00fcr belgesi takdimi yap\u0131ld\u0131. KTMMOB Genel Ba\u015fkan\u0131 Seran Aysal, Lefko\u015fa T\u00fcrk Belediyesi (LTB) Ba\u015fkan\u0131 Mehmet Harmanc\u0131, Birlik binas\u0131 g\u00fc\u00e7lendirme projesi \u0130n\u015faat M\u00fcteahhidi R\u00fczgar Asil Ad\u0131\u015fanl\u0131 Construction Ltd. Direkt\u00f6r\u00fc \u0130n\u015faat M\u00fchendisi Ahmet Ad\u0131\u015fanl\u0131 ve tasar\u0131m \u00e7al\u0131\u015fmalar\u0131n\u0131 yapan \u0130\u00e7 Mimarlar Odas\u0131 Ba\u015fkan\u0131 Pembe Komut birer a\u00e7\u0131l\u0131\u015f konu\u015fmas\u0131 ger\u00e7ekle\u015ftirdi.<\/p>\n<p>SERAN AYSAL: B\u0130RL\u0130\u011e\u0130N F\u0130Z\u0130KEN DE KURUMSALLA\u015eMASI ADINA B\u0130R \u00c7ALI\u015eMA Y\u00dcR\u00dcTECE\u011e\u0130M\u0130N S\u00d6Z\u00dcN\u00dc VERM\u0130\u015eT\u0130M<\/p>\n<p>Genel Ba\u015fkan Seran Aysal konu\u015fmas\u0131nda, \u201cBirlik binas\u0131n\u0131n g\u00fc\u00e7lendirilmesi ve yenilenmesi s\u00fcreci bir hayal ve s\u00f6z ile ba\u015flad\u0131. Hayal tohumu eker, s\u00f6z de hayali besler ve b\u00fcy\u00fct\u00fcr. \u0130kisi bir arada olmazsa hayalin ya\u015fat\u0131lmas\u0131 m\u00fcmk\u00fcn de\u011fildir\u201d dedi. Seran Aysal, \u201c2018 y\u0131l\u0131nda KTMMOB\u2019ye ilk Ba\u015fkan oldu\u011fum d\u00f6nem, Birli\u011fin fiziken de kurumsalla\u015fmas\u0131 ad\u0131na bir \u00e7al\u0131\u015fma y\u00fcr\u00fctece\u011fimin s\u00f6z\u00fcn\u00fc vermi\u015ftim. Bu s\u00f6z\u00fc verirken, ar\u015fivimizden elime ge\u00e7en Birli\u011fin yay\u0131n\u0131 \u201cTeknik\u201d isimli 1 Nisan 1972 tarihli, y\u0131l 2 ve say\u0131 2, b\u00fclteni okudu\u011fumda \u2018ne yapabilirim?\u2019 ve \u2018nas\u0131l yapabiliri mi?\u2019 de\u011ferlendirdim. Birli\u011fimiz ile ilgili hayalime referans olan d\u00f6nemin KTMMOB Genel Ba\u015fkan\u0131 \u0130n\u015faat Y\u00fcksek M\u00fchendisi O\u011fuz Ba\u015fak\u2019\u0131n \u201cLokalimize Kavu\u015furken\u201d ba\u015fl\u0131kl\u0131 yaz\u0131s\u0131n\u0131 okudum.<\/p>\n<p>Birli\u011fin b\u00fct\u00e7esinin binam\u0131z\u0131 bu \u015fekline kadar getirecek durumda olmad\u0131\u011f\u0131n\u0131 biliyorduk. Bir duyuru yaparak \u2018biz projemizi bitirdik, katk\u0131 koymak isteyen herkesin deste\u011fine a\u00e7\u0131\u011f\u0131z\u2019 dedik. \u0130lk \u00f6nce Ahmet Ad\u0131\u015fanl\u0131 karde\u015fim ve dostum \u2018ne istersen ben ve firmam yan\u0131nday\u0131z\u2019 dedi. Sonra Hasan Ergene \u2018g\u00fc\u00e7lendirme i\u00e7in ihtiya\u00e7 duyaca\u011f\u0131n t\u00fcm \u00fcr\u00fcnleri firmam sa\u011flayacak\u2019 dedi. Yola bu \u015fekilde \u00e7\u0131k\u0131ld\u0131. Devam\u0131nda Ahmet Ad\u0131\u015fanl\u0131 kendinin binlerce sterlinlik yard\u0131m\u0131na ek olarak 5 beton firmas\u0131 (30 m3 her birinden) ve 8 ayr\u0131 firmadan in\u015faat demiri (2 ton her birinden) yard\u0131m almak i\u00e7in giri\u015fimler yapt\u0131 ve onlar da bize omuz verdi. Bu imkanlar ba\u011flam\u0131nda hareket kabiliyetimiz daha da artt\u0131. Yola \u00e7\u0131kt\u0131\u011f\u0131m\u0131z durumdan \u00e7ok daha ileri bir noktaya ula\u015fmam\u0131z\u0131n \u00f6n\u00fc a\u00e7\u0131ld\u0131. Aksi durumda tadilat ve yenileme yap\u0131lmayacak sadece g\u00fc\u00e7lendirme yapacakt\u0131k.<\/p>\n<p>Birlik i\u00e7inde y\u00f6neticilik g\u00f6revinde bulunanlar bu gibi i\u015flerin \u00e7ok da kolay olmad\u0131\u011f\u0131n\u0131 biliyor. \u00d6yle olmasayd\u0131, 1972 y\u0131l\u0131ndan sonra, efsane Ba\u015fkan\u0131m\u0131z Bekta\u015f G\u00f6ze d\u00f6nemi 1986 y\u0131l\u0131nda yap\u0131lan ilave kat d\u0131\u015f\u0131nda kapsaml\u0131 bir \u00e7al\u0131\u015fma bug\u00fcn\u00fc beklemeden ger\u00e7ekle\u015firdi. Ta ki 40 y\u0131l sonra 56. D\u00f6nem Ba\u015fkan ve Y\u00f6netim Kurulu olarak, ba\u015fta dostlar\u0131m\u0131n b\u00fcy\u00fck ve \u00f6zverili gayretleriyle, Birli\u011fimize sahip \u00e7\u0131kan \u00fcyelerimizin gayretleri ile bu noktaya geldik.<\/p>\n<p>Odalar\u0131m\u0131zdaki arkada\u015flardan bana sorulan bir soru var; \u2018Binada bizim de ba\u011f\u0131ms\u0131z odam\u0131z var m\u0131?\u2019 ve ben de \u2018odaya ne gerek var, bina sizindir\u2019 cevab\u0131n\u0131 veriyorum. Birlik Odalar\u0131m\u0131z\u0131nd\u0131r, Odalar \u00dcyelerimizindir.<\/p>\n<p>Burada bir \u00e7at\u0131 alt\u0131nda bunlar\u0131 ger\u00e7ekle\u015ftirmenin verdi\u011fi huzur i\u00e7erisindeyiz. Birlikteyiz.<\/p>\n<p>Bu s\u00fcre\u00e7 kolay ya\u015fanmad\u0131. \u00d6zellikle 4 arkada\u015f\u0131m\u0131z\u0131 \u00f6zel olarak ay\u0131rmam gerekiyor. Ba\u015fta Ahmet Ad\u0131\u015fanl\u0131 karde\u015fim ve dostum. O olmasayd\u0131 bug\u00fcn bu a\u00e7\u0131l\u0131\u015f\u0131 yapmam\u0131z imkans\u0131zd\u0131. \u0130lk g\u00fcnden, ilk \u00e7ivinin \u00e7ak\u0131ld\u0131\u011f\u0131 ilk kazman\u0131n vuruldu\u011fu andan t\u00fcm s\u00fcre\u00e7 boyunca, biraz \u00f6nceye kadar ara\u00e7lar\u0131n d\u00fczenli park edebilmesi i\u00e7in elinde \u00e7eki\u00e7 \u00e7al\u0131\u015f\u0131yordu. Hep yan\u0131mdayd\u0131, yan\u0131m\u0131zdayd\u0131. Bu paha bi\u00e7ilemez bir de\u011ferdir.<\/p>\n<p>\u0130kinci arkada\u015f\u0131m\u0131z 7 g\u00fcn 24 saat, belki de bir \u00e7ok ki\u015finin toplamda geldi\u011fi zaman\u0131 1 g\u00fcnde buraya gelerek zaman ay\u0131ran \u0130\u00e7 Mimarlar Odas\u0131 Ba\u015fkan\u0131 Pembe Komut arkada\u015f\u0131m\u0131z. Her konuda, her detay ile, her sat\u0131n alma ile, her a\u015famada yan\u0131mdayd\u0131, yan\u0131m\u0131zdayd\u0131. Bug\u00fcn temizlik a\u015famas\u0131nda dahil hep buradayd\u0131. O da olmasa kesinlikle bug\u00fcn ne bu sonu\u00e7 ortaya \u00e7\u0131kard\u0131, ne de hedefimize ula\u015fabilirdik. Bir taraftan Birlik Ba\u015fkanl\u0131\u011f\u0131 g\u00f6revini y\u00fcr\u00fct\u00fcrken, bir taraftan da bu i\u015flerin y\u00fcr\u00fct\u00fclmesi i\u00e7in, bizler i\u00e7in bir g\u00f6z ve buran\u0131n koordinasyonunu sa\u011flayacak, bizimle buran\u0131n ileti\u015fimini sa\u011flayacak birine ihtiya\u00e7 vard\u0131. Bu \u00e7er\u00e7evede Birlik Bas\u0131n-Yay\u0131n Dan\u0131\u015fman\u0131 Aktay Elektirikci \u015fantiye \u015feflerine ta\u015f \u00e7\u0131kar\u0131rcas\u0131na 7 g\u00fcn 24 saat \u00e7al\u0131\u015ft\u0131. O da olmasa, bu s\u00fcre\u00e7leri y\u00fcr\u00fctmese, bu i\u015f bu noktada bitirilemez, aln\u0131m\u0131z\u0131n ak\u0131 ile bu s\u00fcre\u00e7ten \u00e7\u0131kmam\u0131z imkan ihtimal dahilinde olmazd\u0131.<\/p>\n<p>Ve tabi ki sekreteryadan Aktay Elektirikci\u2019yi 7\/24 buraya y\u00f6nlendirdi\u011fimizde sekreteryada \u00f6nemli bir y\u00fck \u0130dari sorumlumuz Safinaz Davulcu\u2019ya kald\u0131. Onun da hakk\u0131 \u00f6denmez. \u00c7ok b\u00fcy\u00fck emekleri vard\u0131r. Bu son d\u00fczl\u00fc\u011fe girerken, Birli\u011fimiz 2 ayd\u0131r da ba\u011fl\u0131 Odalar\u0131m\u0131z\u0131n Genel Kurul maratonu i\u00e7erisindeydi. Hem Odalar\u0131m\u0131z\u0131n Genel Kurullar\u0131n\u0131 ba\u015far\u0131 ile ger\u00e7ekle\u015ftirdik, hem de paralelinde binam\u0131z\u0131n g\u00fc\u00e7lendirme, tadilat ve yenileme i\u015flerini hedefledi\u011fimiz gibi bitirmeyi hep birlikte ba\u015fard\u0131k. Birli\u011fe ba\u011fl\u0131l\u0131k ve sahiplenme olmasayd\u0131 bunlar\u0131 ba\u015faramazd\u0131k.<\/p>\n<p>Bir telefon ile 10 bin, 15 bin Euro mertebesinde ba\u011f\u0131\u015f yapan dostlar\u0131m\u0131z var (Kamtek Ltd), Birli\u011fin i\u00e7inden yeti\u015fmi\u015f arkada\u015flar\u0131m\u0131z var. Ne mutlu bize ki b\u00f6yle dostlar\u0131m\u0131z ile yola \u00e7\u0131kt\u0131k. Hi\u00e7 \u00f6n\u00fcne ard\u0131na bakmadan ellerini uzatt\u0131lar, Birli\u011fe en az masraf olmas\u0131 i\u00e7in \u00e7aba harcad\u0131lar destekleri sayesinde \u00f6n\u00fcm\u00fcz a\u00e7\u0131ld\u0131. Biz de onlar\u0131n deste\u011fi ile b\u00fct\u00e7emizin g\u00fc\u00e7l\u00fc kalmas\u0131 neticesinde hedefledi\u011fimiz g\u00fc\u00e7lendirme noktan\u0131n ilerisine ge\u00e7tik, binam\u0131zdaki her \u015feyi ba\u015ftan yeniledik. Lefko\u015fa T\u00fcrk Belediyesi Ba\u015fkan\u0131 ve \u00e7al\u0131\u015fanlar\u0131 da hem destek oldu hem katk\u0131 koydu.<\/p>\n<p>G\u00fcvenerek gereken yetkiyi Birlik Genel Ba\u015fkan\u0131\u2019na veren Y\u00f6netim Kurulumuza, rakam olarak en d\u00fc\u015f\u00fc\u011f\u00fcnden en y\u00fckse\u011fine emek ve katk\u0131 koyanlara ayr\u0131 ayr\u0131 te\u015fekk\u00fcr ediyorum. Hepimize hay\u0131rl\u0131 olsun. Birlik binam\u0131z\u0131n g\u00fczel g\u00fcnlerde, g\u00fczel m\u00fccadelelerin merkezi olmas\u0131 dile\u011fiyle, Gururluyuz, Onurluyuz&#8230;\u201d \u015feklinde konu\u015ftu.<\/p>\n<p>Mehmet Harmanc\u0131: BURALAR B\u00dcY\u00dcK M\u00dcCADELELER\u0130N DO\u011eDU\u011eU, \u00dcLKEYE Y\u00d6NE VEREN M\u00dcCADELELER\u0130N ALANI OLAN YERLERD\u0130R<\/p>\n<p>LTB Ba\u015fkan\u0131 Mehmet Harmanc\u0131 da konu\u015fmas\u0131nda, yenilenen binan\u0131n bir gurur tablosu oldu\u011funu ifade ederek, bu zorlu s\u00fcre\u00e7lerden ge\u00e7ip bir noktaya varabilmenin insanda i\u00e7 huzur yaratt\u0131\u011f\u0131n\u0131 ve bunu herkese aktarma ihtiyac\u0131na d\u00f6n\u00fc\u015ft\u00fc\u011f\u00fcn\u00fc kaydetti. KTMMOB hizmet binas\u0131n\u0131n bulundu\u011fu b\u00f6lgenin kendisi a\u00e7\u0131s\u0131ndan \u00e7ok k\u0131ymetli bir b\u00f6lge oldu\u011funu s\u00f6yleyen Harmanc\u0131, \u201c\u00e7\u00fcnk\u00fc buras\u0131 benim do\u011fdu\u011fum mahalledir\u201d dedi.<\/p>\n<p>KTMMOB ve KT\u00d6S gibi de\u011ferleri bar\u0131nd\u0131ran b\u00f6lgenin \u00fclke a\u00e7\u0131s\u0131ndan b\u00fcy\u00fck anlam\u0131 olan mekanlar oldu\u011funu belirten Mehmet Harmanc\u0131, \u201cburalar b\u00fcy\u00fck m\u00fccadelelerin do\u011fdu\u011fu, \u00fclkeye y\u00f6n veren m\u00fccadelelerin alan\u0131 olan yerlerdir\u201d dedi. LTB Ba\u015fkan\u0131 Harmanc\u0131, bu ba\u011flamda KTMMOB binas\u0131n\u0131n camias\u0131na yak\u0131\u015f\u0131r bir noktaya gelmesinin \u00e7ok takdir edilmesi gerekti\u011fini vurgulayarak, \u201cde\u011ferli katk\u0131lar ile bu noktaya gelindi\u011fini g\u00f6r\u00fcyoruz\u201d dedi. KTMMOB camias\u0131n\u0131n daha iyilerini yapabilece\u011fine olan inanc\u0131n\u0131 dile getiren Harmanc\u0131, \u201c\u00f6nce yap\u0131lan\u0131n k\u0131ymeti bilinmeli, sonras\u0131nda di\u011fer noktalara gidilmesi gerekir\u201d \u015feklinde konu\u015farak, hay\u0131rl\u0131<\/p>\n<p>olmas\u0131n\u0131 diledi.<\/p>\n<p>AS\u0130L ADI\u015eANLI: YAPMI\u015e OLDU\u011eUMUZ MADD\u0130 VE MANEV\u0130 KATKILARDAN DOLAYI ONUR DUYUYORUM<\/p>\n<p>\u0130n\u015faat M\u00fcteahhidi R\u00fczgar Asil Ad\u0131\u015fanl\u0131 Construction Ltd. Direkt\u00f6r\u00fc \u0130n\u015faat M\u00fchendisi Ahmet Ad\u0131\u015fanl\u0131 konu\u015fmas\u0131nda, \u201ckap\u0131s\u0131ndan 2002 y\u0131l\u0131nda girdi\u011fim bu binada bug\u00fcn yap\u0131s\u0131na yapm\u0131\u015f oldu\u011fumuz maddi ve manevi katk\u0131lardan dolay\u0131 onur duyuyorum\u201d dedi. Ahmet Ad\u0131\u015fanl\u0131, \u201cBu s\u00fcre\u00e7te ba\u015fta t\u00fcm \u00e7al\u0131\u015fanlar\u0131m ve bir talepte bizleri destekleyen beton firmalar\u0131m\u0131za ve in\u015faat demiri yard\u0131m\u0131 yapan firmalar\u0131m\u0131za katk\u0131lar\u0131ndan dolay\u0131 kendi ad\u0131ma \u00e7ok te\u015fekk\u00fcr ederim. Yakla\u015f\u0131k 11 ayda tamamlanan binam\u0131z\u0131n whatsapp grubuna bakt\u0131\u011f\u0131mda 825 foto\u011fraf ve 53 video payla\u015f\u0131m\u0131 ve s\u0131n\u0131rs\u0131z konu\u015fma oldu\u011funu g\u00f6rmekteyim.<\/p>\n<p>Bu s\u00fcrece dahil olup ve hi\u00e7 gelmeyen, birka\u00e7 kez gelen, ara ara gelen ve \u00f6zellikle hi\u00e7 ba\u015f\u0131ndan ayr\u0131lmayan ekip arkada\u015flar\u0131ma ve eme\u011fi ge\u00e7en herkese te\u015fekk\u00fcr ederim. Bizlere bu f\u0131rsat\u0131 sunan de\u011ferli KTMMOB Genel Ba\u015fkan\u0131m\u0131z Seran Aysal\u2019a ve Y\u00f6netim Kurulu\u2019na te\u015fekk\u00fcrlerimi sunar\u0131m. Ancak \u00fclkesini mensubu oldu\u011fu Birli\u011fi ba\u011fl\u0131 oldu\u011fu Oday\u0131 seven bir lider y\u0131llarca biriktirmi\u015f oldu\u011fu bilgiyi ve dostluklar\u0131 yine kamu yarar\u0131na kullan\u0131r. Bundan dolay\u0131 Say\u0131n Seran Aysal\u2019\u0131 sayg\u0131 ile selamlar\u0131m.<\/p>\n<p>S\u00f6zlerimi bir Azeri \u015fiirinden esinlenerek tamamlamak isterim; \u2018Merhamet duygusu sende yok ise, terazinin \u00e7ekili eyri \u00e7ekerse, dilin zehir gibi kalp incitirse, elin r\u00fc\u015fvet al\u0131p r\u00fc\u015fvet verirse, k\u0131ld\u0131\u011f\u0131n namaz\u0131n tuttu\u011fun orucun ne manas\u0131 var. Bu s\u00f6zden esinlenerek, ya\u015fad\u0131\u011f\u0131n \u00fclkeye bir faydan yok ise, kazand\u0131\u011f\u0131n\u0131 sadece kendin i\u00e7in tutuyorsan ve harc\u0131yorsan, oturdu\u011fun koltu\u011fun hakk\u0131n\u0131 veremiyorsan, onurlu bir \u015fekilde ya\u015fayam\u0131yorsan, duvara as\u0131l\u0131 diploman\u0131n ne faydas\u0131 var\u201d \u015feklinde konu\u015ftu.<\/p>\n<p>PEMBE KOMUT: ORTAK KULLANIMI \u00d6N PLANDA TUTAN B\u0130R YAPI PLANLADIK<\/p>\n<p>\u0130\u00e7 Mimarlar Odas\u0131 Ba\u015fkan\u0131 Pembe Komut ise konu\u015fmas\u0131nda, \u201ciki y\u0131l\u0131 bulan tadilat s\u00fcrecimizi tamamlam\u0131\u015f olman\u0131n ve bu g\u00fczel ailenin bir par\u00e7as\u0131 olmaktan duydu\u011fum gururu sizlerle payla\u015fmak isterim\u201d dedi. Pembe Komut, \u201cTadilata ba\u015flarken amac\u0131m\u0131z her \u015feyi s\u0131f\u0131rdan yapmak de\u011fil; mevcut yap\u0131y\u0131 daha modern hale getirerek uzun y\u0131llar ayakta kalmas\u0131n\u0131 sa\u011flamakt\u0131. Ancak s\u00fcre\u00e7 ilerledik\u00e7e ihtiya\u00e7lar ve f\u0131rsatlar bizi daha kapsaml\u0131 bir yenilemeye y\u00f6nlendirdi.<\/p>\n<p>\u2018Bunu yapt\u0131ysak, bunu da yapal\u0131m\u2019 diyerek \u00e7\u0131kt\u0131\u011f\u0131m\u0131z bu yolda, sonunda kar\u015f\u0131n\u0131za tamamen yenilenmi\u015f binam\u0131zla \u00e7\u0131km\u0131\u015f bulunuyoruz. Bu s\u00fcre\u00e7te eme\u011fi ge\u00e7en t\u00fcm ekipler, g\u00fcnler boyunca b\u00fcy\u00fck bir \u00f6zveriyle \u00e7al\u0131\u015ft\u0131. Her birine buradan bir kez daha te\u015fekk\u00fcr etmek istiyorum. Tasar\u0131m s\u00fcrecinde t\u00fcm Odalara ayr\u0131 ayr\u0131 alanlar olu\u015fturmay\u0131 isterdik; ancak mevcut metrekare buna imkan yoktu. Bu nedenle, ortak kullan\u0131m\u0131 \u00f6n planda tutan bir yap\u0131 planlad\u0131k. Yenilenmi\u015f binam\u0131z\u0131n hepimize hay\u0131rl\u0131 olmas\u0131n\u0131 diler, kat\u0131l\u0131m\u0131n\u0131z i\u00e7in te\u015fekk\u00fcr ederim\u201d \u015feklinde konu\u015ftu.<\/p>\n<p>PLAKET VE TE\u015eEKK\u00dcR BELGES\u0130 TAKD\u0130M\u0130 YAPILDI<\/p>\n<p>Konu\u015fmalar\u0131n ard\u0131ndan Birlik binas\u0131 g\u00fc\u00e7lendirme, tadilat ve yenilenme s\u00fcrecine m\u00fcteahhitlik, malzeme ve\/veya hizmetini ba\u011f\u0131\u015f olarak katk\u0131 koyanlara plaket ve te\u015fekk\u00fcr belgesi takdimi yap\u0131ld\u0131.<\/p>\n<\/p><\/div>\n","protected":false},"excerpt":{"rendered":"<p>KTMMOB\u2019nin Lefko\u015fa\u2019daki hizmet binas\u0131, g\u00fc\u00e7lendirme ve yenileme \u00e7al\u0131\u015fmalar\u0131n\u0131n tamamlanmas\u0131n\u0131n ard\u0131ndan d\u00fczenlenen t\u00f6renle yeniden hizmete a\u00e7\u0131ld\u0131. A\u00e7\u0131l\u0131\u015fta konu\u015fan Seran Aysal, s\u00fcrecin dayan\u0131\u015fmayla tamamland\u0131\u011f\u0131n\u0131 vurgularken, katk\u0131 koyanlara te\u015fekk\u00fcr etti. K\u0131br\u0131s T\u00fcrk M\u00fchendis ve Mimar Odalar\u0131 Birli\u011fi (KTMMOB) Genel Ba\u015fkan\u0131 Seran Aysal, tadilat ve yenileme s\u00fcreci tamamlanan KTMMOB hizmet binas\u0131n\u0131n a\u00e7\u0131l\u0131\u015f\u0131nda yapt\u0131\u011f\u0131 konu\u015fmada, \u201cBirlik Odalar\u0131m\u0131z\u0131nd\u0131r, Odalar \u00dcyelerimizindir. Burada<\/p>\n","protected":false},"author":1,"featured_media":111178,"comment_status":"open","ping_status":"open","sticky":false,"template":"","format":"standard","meta":{"footnotes":""},"categories":[81],"tags":[],"class_list":["post-111177","post","type-post","status-publish","format-standard","has-post-thumbnail","hentry","category-kibris"],"yoast_head":"<!-- This site is optimized with the Yoast SEO plugin v27.4 - https:\/\/yoast.com\/product\/yoast-seo-wordpress\/ -->\n<title>KTMMOB H\u0130ZMET B\u0130NASI YEN\u0130LEND\u0130, EMEK VERENLERE PLAKET TAKD\u0130M ED\u0130LD\u0130 -<\/title>\n<meta name=\"robots\" content=\"index, follow, max-snippet:-1, max-image-preview:large, max-video-preview:-1\" \/>\n<link rel=\"canonical\" href=\"https:\/\/kibrisdakik.com\/?p=111177\" \/>\n<meta property=\"og:locale\" content=\"tr_TR\" \/>\n<meta property=\"og:type\" content=\"article\" \/>\n<meta property=\"og:title\" content=\"KTMMOB H\u0130ZMET B\u0130NASI YEN\u0130LEND\u0130, EMEK VERENLERE PLAKET TAKD\u0130M ED\u0130LD\u0130 -\" \/>\n<meta property=\"og:description\" content=\"KTMMOB\u2019nin Lefko\u015fa\u2019daki hizmet binas\u0131, g\u00fc\u00e7lendirme ve yenileme \u00e7al\u0131\u015fmalar\u0131n\u0131n tamamlanmas\u0131n\u0131n ard\u0131ndan d\u00fczenlenen t\u00f6renle yeniden hizmete a\u00e7\u0131ld\u0131. A\u00e7\u0131l\u0131\u015fta konu\u015fan Seran Aysal, s\u00fcrecin dayan\u0131\u015fmayla tamamland\u0131\u011f\u0131n\u0131 vurgularken, katk\u0131 koyanlara te\u015fekk\u00fcr etti. K\u0131br\u0131s T\u00fcrk M\u00fchendis ve Mimar Odalar\u0131 Birli\u011fi (KTMMOB) Genel Ba\u015fkan\u0131 Seran Aysal, tadilat ve yenileme s\u00fcreci tamamlanan KTMMOB hizmet binas\u0131n\u0131n a\u00e7\u0131l\u0131\u015f\u0131nda yapt\u0131\u011f\u0131 konu\u015fmada, \u201cBirlik Odalar\u0131m\u0131z\u0131nd\u0131r, Odalar \u00dcyelerimizindir. Burada\" \/>\n<meta property=\"og:url\" content=\"https:\/\/kibrisdakik.com\/?p=111177\" \/>\n<meta property=\"article:published_time\" content=\"2026-04-24T12:14:17+00:00\" \/>\n<meta property=\"og:image\" content=\"https:\/\/mhahabercom.teimg.com\/crop\/1280x720\/mhahaber-com\/uploads\/2026\/04\/mha-sari-beyaz-kurtarildi-kurtarildi-kurtarildi-9.png\" \/>\n<meta name=\"author\" content=\"admin\" \/>\n<meta name=\"twitter:card\" content=\"summary_large_image\" \/>\n<meta name=\"twitter:label1\" content=\"Yazan:\" \/>\n\t<meta name=\"twitter:data1\" content=\"admin\" \/>\n\t<meta name=\"twitter:label2\" content=\"Tahmini okuma s\u00fcresi\" \/>\n\t<meta name=\"twitter:data2\" content=\"11 dakika\" \/>\n<script type=\"application\/ld+json\" class=\"yoast-schema-graph\">{\"@context\":\"https:\\\/\\\/schema.org\",\"@graph\":[{\"@type\":\"Article\",\"@id\":\"https:\\\/\\\/kibrisdakik.com\\\/?p=111177#article\",\"isPartOf\":{\"@id\":\"https:\\\/\\\/kibrisdakik.com\\\/?p=111177\"},\"author\":{\"name\":\"admin\",\"@id\":\"https:\\\/\\\/kibrisdakik.com\\\/#\\\/schema\\\/person\\\/9cd9d437bbb44f72b73ba127e06d8e79\"},\"headline\":\"KTMMOB H\u0130ZMET B\u0130NASI YEN\u0130LEND\u0130, EMEK VERENLERE PLAKET TAKD\u0130M ED\u0130LD\u0130\",\"datePublished\":\"2026-04-24T12:14:17+00:00\",\"mainEntityOfPage\":{\"@id\":\"https:\\\/\\\/kibrisdakik.com\\\/?p=111177\"},\"wordCount\":2150,\"commentCount\":0,\"image\":{\"@id\":\"https:\\\/\\\/kibrisdakik.com\\\/?p=111177#primaryimage\"},\"thumbnailUrl\":\"https:\\\/\\\/kibrisdakik.com\\\/wp-content\\\/uploads\\\/2026\\\/04\\\/mha-sari-beyaz-kurtarildi-kurtarildi-kurtarildi-9.png\",\"articleSection\":[\"K\u0131br\u0131s\"],\"inLanguage\":\"tr\",\"potentialAction\":[{\"@type\":\"CommentAction\",\"name\":\"Comment\",\"target\":[\"https:\\\/\\\/kibrisdakik.com\\\/?p=111177#respond\"]}]},{\"@type\":\"WebPage\",\"@id\":\"https:\\\/\\\/kibrisdakik.com\\\/?p=111177\",\"url\":\"https:\\\/\\\/kibrisdakik.com\\\/?p=111177\",\"name\":\"KTMMOB H\u0130ZMET B\u0130NASI YEN\u0130LEND\u0130, EMEK VERENLERE PLAKET TAKD\u0130M ED\u0130LD\u0130 -\",\"isPartOf\":{\"@id\":\"https:\\\/\\\/kibrisdakik.com\\\/#website\"},\"primaryImageOfPage\":{\"@id\":\"https:\\\/\\\/kibrisdakik.com\\\/?p=111177#primaryimage\"},\"image\":{\"@id\":\"https:\\\/\\\/kibrisdakik.com\\\/?p=111177#primaryimage\"},\"thumbnailUrl\":\"https:\\\/\\\/kibrisdakik.com\\\/wp-content\\\/uploads\\\/2026\\\/04\\\/mha-sari-beyaz-kurtarildi-kurtarildi-kurtarildi-9.png\",\"datePublished\":\"2026-04-24T12:14:17+00:00\",\"author\":{\"@id\":\"https:\\\/\\\/kibrisdakik.com\\\/#\\\/schema\\\/person\\\/9cd9d437bbb44f72b73ba127e06d8e79\"},\"breadcrumb\":{\"@id\":\"https:\\\/\\\/kibrisdakik.com\\\/?p=111177#breadcrumb\"},\"inLanguage\":\"tr\",\"potentialAction\":[{\"@type\":\"ReadAction\",\"target\":[\"https:\\\/\\\/kibrisdakik.com\\\/?p=111177\"]}]},{\"@type\":\"ImageObject\",\"inLanguage\":\"tr\",\"@id\":\"https:\\\/\\\/kibrisdakik.com\\\/?p=111177#primaryimage\",\"url\":\"https:\\\/\\\/kibrisdakik.com\\\/wp-content\\\/uploads\\\/2026\\\/04\\\/mha-sari-beyaz-kurtarildi-kurtarildi-kurtarildi-9.png\",\"contentUrl\":\"https:\\\/\\\/kibrisdakik.com\\\/wp-content\\\/uploads\\\/2026\\\/04\\\/mha-sari-beyaz-kurtarildi-kurtarildi-kurtarildi-9.png\",\"width\":1280,\"height\":720},{\"@type\":\"BreadcrumbList\",\"@id\":\"https:\\\/\\\/kibrisdakik.com\\\/?p=111177#breadcrumb\",\"itemListElement\":[{\"@type\":\"ListItem\",\"position\":1,\"name\":\"Home\",\"item\":\"https:\\\/\\\/kibrisdakik.com\\\/\"},{\"@type\":\"ListItem\",\"position\":2,\"name\":\"KTMMOB H\u0130ZMET B\u0130NASI YEN\u0130LEND\u0130, EMEK VERENLERE PLAKET TAKD\u0130M ED\u0130LD\u0130\"}]},{\"@type\":\"WebSite\",\"@id\":\"https:\\\/\\\/kibrisdakik.com\\\/#website\",\"url\":\"https:\\\/\\\/kibrisdakik.com\\\/\",\"name\":\"\",\"description\":\"Tam vaktinde haber\",\"potentialAction\":[{\"@type\":\"SearchAction\",\"target\":{\"@type\":\"EntryPoint\",\"urlTemplate\":\"https:\\\/\\\/kibrisdakik.com\\\/?s={search_term_string}\"},\"query-input\":{\"@type\":\"PropertyValueSpecification\",\"valueRequired\":true,\"valueName\":\"search_term_string\"}}],\"inLanguage\":\"tr\"},{\"@type\":\"Person\",\"@id\":\"https:\\\/\\\/kibrisdakik.com\\\/#\\\/schema\\\/person\\\/9cd9d437bbb44f72b73ba127e06d8e79\",\"name\":\"admin\",\"image\":{\"@type\":\"ImageObject\",\"inLanguage\":\"tr\",\"@id\":\"https:\\\/\\\/secure.gravatar.com\\\/avatar\\\/ccc17943b9d660506c869530f897617f7cb1c21a4bf30023f252596d83e1f007?s=96&d=mm&r=g\",\"url\":\"https:\\\/\\\/secure.gravatar.com\\\/avatar\\\/ccc17943b9d660506c869530f897617f7cb1c21a4bf30023f252596d83e1f007?s=96&d=mm&r=g\",\"contentUrl\":\"https:\\\/\\\/secure.gravatar.com\\\/avatar\\\/ccc17943b9d660506c869530f897617f7cb1c21a4bf30023f252596d83e1f007?s=96&d=mm&r=g\",\"caption\":\"admin\"},\"sameAs\":[\"https:\\\/\\\/kibrisdakik.com\"],\"url\":\"https:\\\/\\\/kibrisdakik.com\\\/?author=1\"}]}<\/script>\n<!-- \/ Yoast SEO plugin. -->","yoast_head_json":{"title":"KTMMOB H\u0130ZMET B\u0130NASI YEN\u0130LEND\u0130, EMEK VERENLERE PLAKET TAKD\u0130M ED\u0130LD\u0130 -","robots":{"index":"index","follow":"follow","max-snippet":"max-snippet:-1","max-image-preview":"max-image-preview:large","max-video-preview":"max-video-preview:-1"},"canonical":"https:\/\/kibrisdakik.com\/?p=111177","og_locale":"tr_TR","og_type":"article","og_title":"KTMMOB H\u0130ZMET B\u0130NASI YEN\u0130LEND\u0130, EMEK VERENLERE PLAKET TAKD\u0130M ED\u0130LD\u0130 -","og_description":"KTMMOB\u2019nin Lefko\u015fa\u2019daki hizmet binas\u0131, g\u00fc\u00e7lendirme ve yenileme \u00e7al\u0131\u015fmalar\u0131n\u0131n tamamlanmas\u0131n\u0131n ard\u0131ndan d\u00fczenlenen t\u00f6renle yeniden hizmete a\u00e7\u0131ld\u0131. A\u00e7\u0131l\u0131\u015fta konu\u015fan Seran Aysal, s\u00fcrecin dayan\u0131\u015fmayla tamamland\u0131\u011f\u0131n\u0131 vurgularken, katk\u0131 koyanlara te\u015fekk\u00fcr etti. K\u0131br\u0131s T\u00fcrk M\u00fchendis ve Mimar Odalar\u0131 Birli\u011fi (KTMMOB) Genel Ba\u015fkan\u0131 Seran Aysal, tadilat ve yenileme s\u00fcreci tamamlanan KTMMOB hizmet binas\u0131n\u0131n a\u00e7\u0131l\u0131\u015f\u0131nda yapt\u0131\u011f\u0131 konu\u015fmada, \u201cBirlik Odalar\u0131m\u0131z\u0131nd\u0131r, Odalar \u00dcyelerimizindir. Burada","og_url":"https:\/\/kibrisdakik.com\/?p=111177","article_published_time":"2026-04-24T12:14:17+00:00","og_image":[{"url":"https:\/\/mhahabercom.teimg.com\/crop\/1280x720\/mhahaber-com\/uploads\/2026\/04\/mha-sari-beyaz-kurtarildi-kurtarildi-kurtarildi-9.png","type":"","width":"","height":""}],"author":"admin","twitter_card":"summary_large_image","twitter_misc":{"Yazan:":"admin","Tahmini okuma s\u00fcresi":"11 dakika"},"schema":{"@context":"https:\/\/schema.org","@graph":[{"@type":"Article","@id":"https:\/\/kibrisdakik.com\/?p=111177#article","isPartOf":{"@id":"https:\/\/kibrisdakik.com\/?p=111177"},"author":{"name":"admin","@id":"https:\/\/kibrisdakik.com\/#\/schema\/person\/9cd9d437bbb44f72b73ba127e06d8e79"},"headline":"KTMMOB H\u0130ZMET B\u0130NASI YEN\u0130LEND\u0130, EMEK VERENLERE PLAKET TAKD\u0130M ED\u0130LD\u0130","datePublished":"2026-04-24T12:14:17+00:00","mainEntityOfPage":{"@id":"https:\/\/kibrisdakik.com\/?p=111177"},"wordCount":2150,"commentCount":0,"image":{"@id":"https:\/\/kibrisdakik.com\/?p=111177#primaryimage"},"thumbnailUrl":"https:\/\/kibrisdakik.com\/wp-content\/uploads\/2026\/04\/mha-sari-beyaz-kurtarildi-kurtarildi-kurtarildi-9.png","articleSection":["K\u0131br\u0131s"],"inLanguage":"tr","potentialAction":[{"@type":"CommentAction","name":"Comment","target":["https:\/\/kibrisdakik.com\/?p=111177#respond"]}]},{"@type":"WebPage","@id":"https:\/\/kibrisdakik.com\/?p=111177","url":"https:\/\/kibrisdakik.com\/?p=111177","name":"KTMMOB H\u0130ZMET B\u0130NASI YEN\u0130LEND\u0130, EMEK VERENLERE PLAKET TAKD\u0130M ED\u0130LD\u0130 -","isPartOf":{"@id":"https:\/\/kibrisdakik.com\/#website"},"primaryImageOfPage":{"@id":"https:\/\/kibrisdakik.com\/?p=111177#primaryimage"},"image":{"@id":"https:\/\/kibrisdakik.com\/?p=111177#primaryimage"},"thumbnailUrl":"https:\/\/kibrisdakik.com\/wp-content\/uploads\/2026\/04\/mha-sari-beyaz-kurtarildi-kurtarildi-kurtarildi-9.png","datePublished":"2026-04-24T12:14:17+00:00","author":{"@id":"https:\/\/kibrisdakik.com\/#\/schema\/person\/9cd9d437bbb44f72b73ba127e06d8e79"},"breadcrumb":{"@id":"https:\/\/kibrisdakik.com\/?p=111177#breadcrumb"},"inLanguage":"tr","potentialAction":[{"@type":"ReadAction","target":["https:\/\/kibrisdakik.com\/?p=111177"]}]},{"@type":"ImageObject","inLanguage":"tr","@id":"https:\/\/kibrisdakik.com\/?p=111177#primaryimage","url":"https:\/\/kibrisdakik.com\/wp-content\/uploads\/2026\/04\/mha-sari-beyaz-kurtarildi-kurtarildi-kurtarildi-9.png","contentUrl":"https:\/\/kibrisdakik.com\/wp-content\/uploads\/2026\/04\/mha-sari-beyaz-kurtarildi-kurtarildi-kurtarildi-9.png","width":1280,"height":720},{"@type":"BreadcrumbList","@id":"https:\/\/kibrisdakik.com\/?p=111177#breadcrumb","itemListElement":[{"@type":"ListItem","position":1,"name":"Home","item":"https:\/\/kibrisdakik.com\/"},{"@type":"ListItem","position":2,"name":"KTMMOB H\u0130ZMET B\u0130NASI YEN\u0130LEND\u0130, EMEK VERENLERE PLAKET TAKD\u0130M ED\u0130LD\u0130"}]},{"@type":"WebSite","@id":"https:\/\/kibrisdakik.com\/#website","url":"https:\/\/kibrisdakik.com\/","name":"","description":"Tam vaktinde haber","potentialAction":[{"@type":"SearchAction","target":{"@type":"EntryPoint","urlTemplate":"https:\/\/kibrisdakik.com\/?s={search_term_string}"},"query-input":{"@type":"PropertyValueSpecification","valueRequired":true,"valueName":"search_term_string"}}],"inLanguage":"tr"},{"@type":"Person","@id":"https:\/\/kibrisdakik.com\/#\/schema\/person\/9cd9d437bbb44f72b73ba127e06d8e79","name":"admin","image":{"@type":"ImageObject","inLanguage":"tr","@id":"https:\/\/secure.gravatar.com\/avatar\/ccc17943b9d660506c869530f897617f7cb1c21a4bf30023f252596d83e1f007?s=96&d=mm&r=g","url":"https:\/\/secure.gravatar.com\/avatar\/ccc17943b9d660506c869530f897617f7cb1c21a4bf30023f252596d83e1f007?s=96&d=mm&r=g","contentUrl":"https:\/\/secure.gravatar.com\/avatar\/ccc17943b9d660506c869530f897617f7cb1c21a4bf30023f252596d83e1f007?s=96&d=mm&r=g","caption":"admin"},"sameAs":["https:\/\/kibrisdakik.com"],"url":"https:\/\/kibrisdakik.com\/?author=1"}]}},"_links":{"self":[{"href":"https:\/\/kibrisdakik.com\/index.php?rest_route=\/wp\/v2\/posts\/111177","targetHints":{"allow":["GET"]}}],"collection":[{"href":"https:\/\/kibrisdakik.com\/index.php?rest_route=\/wp\/v2\/posts"}],"about":[{"href":"https:\/\/kibrisdakik.com\/index.php?rest_route=\/wp\/v2\/types\/post"}],"author":[{"embeddable":true,"href":"https:\/\/kibrisdakik.com\/index.php?rest_route=\/wp\/v2\/users\/1"}],"replies":[{"embeddable":true,"href":"https:\/\/kibrisdakik.com\/index.php?rest_route=%2Fwp%2Fv2%2Fcomments&post=111177"}],"version-history":[{"count":0,"href":"https:\/\/kibrisdakik.com\/index.php?rest_route=\/wp\/v2\/posts\/111177\/revisions"}],"wp:featuredmedia":[{"embeddable":true,"href":"https:\/\/kibrisdakik.com\/index.php?rest_route=\/wp\/v2\/media\/111178"}],"wp:attachment":[{"href":"https:\/\/kibrisdakik.com\/index.php?rest_route=%2Fwp%2Fv2%2Fmedia&parent=111177"}],"wp:term":[{"taxonomy":"category","embeddable":true,"href":"https:\/\/kibrisdakik.com\/index.php?rest_route=%2Fwp%2Fv2%2Fcategories&post=111177"},{"taxonomy":"post_tag","embeddable":true,"href":"https:\/\/kibrisdakik.com\/index.php?rest_route=%2Fwp%2Fv2%2Ftags&post=111177"}],"curies":[{"name":"wp","href":"https:\/\/api.w.org\/{rel}","templated":true}]}}