{"id":111184,"date":"2026-04-24T15:53:20","date_gmt":"2026-04-24T12:53:20","guid":{"rendered":"https:\/\/kibrisdakik.com\/?p=111184"},"modified":"2026-04-24T15:53:20","modified_gmt":"2026-04-24T12:53:20","slug":"erhurman-gerekli-temaslari-surduruyoruz","status":"publish","type":"post","link":"https:\/\/kibrisdakik.com\/?p=111184","title":{"rendered":"ERH\u00dcRMAN: GEREKL\u0130 TEMASLARI S\u00dcRD\u00dcR\u00dcYORUZ"},"content":{"rendered":"<p><\/p>\n<p>Cumhurba\u015fkan\u0131 Tufan Erh\u00fcrman, son olarak Senih \u00c7avu\u015fo\u011flu&#8217;nun T\u00fcrkiye&#8217;ye girememesi sonras\u0131nda gerekli giri\u015fimleri ba\u015flatt\u0131\u011f\u0131n\u0131 duyurarak, bu konudaki belirsizliklerin ve sorunlar\u0131n giderilmesi i\u00e7in giri\u015fimlerinin devam edece\u011fini kaydetti.<\/p>\n<div id=\"ad_121\" data-channel=\"121\" data-advert=\"temedya\" data-rotation=\"120\" class=\"mb-3 text-center\"><\/div>\n<div id=\"ad_121_mobile\" data-channel=\"121\" data-advert=\"temedya\" data-rotation=\"120\" class=\"mb-3 text-center\"><\/div>\n<p>Cumhurba\u015fkanl\u0131\u011f\u0131\u2019ndan yap\u0131lan a\u00e7\u0131klamaya g\u00f6re Erh\u00fcrman, Senih \u00c7avu\u015fo\u011flu&#8217;nun T\u00fcrkiye\u2019ye girememesinin ard\u0131ndan kendisiyle konu\u015ftu\u011funu, ard\u0131ndan ise gerekli giri\u015fimleri ba\u015flatt\u0131\u011f\u0131n\u0131 a\u00e7\u0131klad\u0131.<\/p>\n<p>Erh\u00fcrman a\u00e7\u0131klamas\u0131nda \u015funlar\u0131 kaydetti:<\/p>\n<p>\u201cHep s\u00f6yledi\u011fim gibi, T\u00fcrkiye Cumhuriyeti ile K\u0131br\u0131sl\u0131 T\u00fcrkler aras\u0131ndaki ili\u015fkiler son derece \u00f6zel ve \u00f6nemlidir. T\u00fcrkiye&#8217;ye giri\u015f yasa\u011f\u0131 uygulamas\u0131 ile kar\u015f\u0131la\u015fm\u0131\u015f yurtta\u015flar\u0131m\u0131z\u0131n \u00e7o\u011fu y\u00fcksek\u00f6\u011frenimini T\u00fcrkiye&#8217;de tamamlam\u0131\u015f, orada dostluklar\u0131, an\u0131lar\u0131 olan insanlard\u0131r.<\/p>\n<p>Bu yurtta\u015flar\u0131m\u0131z\u0131n Kuzey K\u0131br\u0131s T\u00fcrk Cumhuriyeti y\u00f6neticileri olarak bizden, tabi olduklar\u0131 i\u015flemler ve bunlar\u0131n gerek\u00e7eleri ile ilgili bilgi alma, bu gerek\u00e7elerle ilgili hatalar, yanl\u0131\u015fl\u0131klar varsa bunlar\u0131n d\u00fczeltilmesini isteme haklar\u0131 vard\u0131r.<\/p>\n<p>Sevgili Senih \u00c7avu\u015fo\u011flu&#8217;nun ya\u015fad\u0131\u011f\u0131 s\u0131k\u0131nt\u0131 dolay\u0131s\u0131yla \u00fczg\u00fcn\u00fcm. Ama Cumhurba\u015fkan\u0131 olarak g\u00f6revimin \u00fcz\u00fclmekle yetinmemek oldu\u011funun da bilincindeyim.<\/p>\n<p>G\u00f6reve geldi\u011fim g\u00fcnden beri, T\u00fcrkiye Cumhuriyeti&#8217;nin bu konuda yetkili makamlar\u0131yla yapt\u0131\u011f\u0131m t\u00fcm g\u00f6r\u00fc\u015fmelerde konuyu g\u00fcndeme getirmi\u015f oldu\u011fum kamuoyunun bilgisindedir. Buna ger\u00e7ekle\u015ftirdi\u011fim son g\u00f6r\u00fc\u015fme de dahildir. Bu konudaki belirsizliklerin ve sorunlar\u0131n giderilmesi i\u00e7in giri\u015fimlerimiz devam edecektir.\u201d<\/p>\n<\/p>\n<div class=\"article-source py-3 small \">\n                <\/div>\n","protected":false},"excerpt":{"rendered":"<p>Cumhurba\u015fkan\u0131 Tufan Erh\u00fcrman, son olarak Senih \u00c7avu\u015fo\u011flu&#8217;nun T\u00fcrkiye&#8217;ye girememesi sonras\u0131nda gerekli giri\u015fimleri ba\u015flatt\u0131\u011f\u0131n\u0131 duyurarak, bu konudaki belirsizliklerin ve sorunlar\u0131n giderilmesi i\u00e7in giri\u015fimlerinin devam edece\u011fini kaydetti. Cumhurba\u015fkanl\u0131\u011f\u0131\u2019ndan yap\u0131lan a\u00e7\u0131klamaya g\u00f6re Erh\u00fcrman, Senih \u00c7avu\u015fo\u011flu&#8217;nun T\u00fcrkiye\u2019ye girememesinin ard\u0131ndan kendisiyle konu\u015ftu\u011funu, ard\u0131ndan ise gerekli giri\u015fimleri ba\u015flatt\u0131\u011f\u0131n\u0131 a\u00e7\u0131klad\u0131. Erh\u00fcrman a\u00e7\u0131klamas\u0131nda \u015funlar\u0131 kaydetti: \u201cHep s\u00f6yledi\u011fim gibi, T\u00fcrkiye Cumhuriyeti ile K\u0131br\u0131sl\u0131 T\u00fcrkler<\/p>\n","protected":false},"author":1,"featured_media":111185,"comment_status":"open","ping_status":"open","sticky":false,"template":"","format":"standard","meta":{"footnotes":""},"categories":[81],"tags":[],"class_list":["post-111184","post","type-post","status-publish","format-standard","has-post-thumbnail","hentry","category-kibris"],"yoast_head":"<!-- This site is optimized with the Yoast SEO plugin v27.4 - https:\/\/yoast.com\/product\/yoast-seo-wordpress\/ -->\n<title>ERH\u00dcRMAN: GEREKL\u0130 TEMASLARI S\u00dcRD\u00dcR\u00dcYORUZ -<\/title>\n<meta name=\"robots\" content=\"index, follow, max-snippet:-1, max-image-preview:large, max-video-preview:-1\" \/>\n<link rel=\"canonical\" href=\"https:\/\/kibrisdakik.com\/?p=111184\" \/>\n<meta property=\"og:locale\" content=\"tr_TR\" \/>\n<meta property=\"og:type\" content=\"article\" \/>\n<meta property=\"og:title\" content=\"ERH\u00dcRMAN: GEREKL\u0130 TEMASLARI S\u00dcRD\u00dcR\u00dcYORUZ -\" \/>\n<meta property=\"og:description\" content=\"Cumhurba\u015fkan\u0131 Tufan Erh\u00fcrman, son olarak Senih \u00c7avu\u015fo\u011flu&#8217;nun T\u00fcrkiye&#8217;ye girememesi sonras\u0131nda gerekli giri\u015fimleri ba\u015flatt\u0131\u011f\u0131n\u0131 duyurarak, bu konudaki belirsizliklerin ve sorunlar\u0131n giderilmesi i\u00e7in giri\u015fimlerinin devam edece\u011fini kaydetti. Cumhurba\u015fkanl\u0131\u011f\u0131\u2019ndan yap\u0131lan a\u00e7\u0131klamaya g\u00f6re Erh\u00fcrman, Senih \u00c7avu\u015fo\u011flu&#8217;nun T\u00fcrkiye\u2019ye girememesinin ard\u0131ndan kendisiyle konu\u015ftu\u011funu, ard\u0131ndan ise gerekli giri\u015fimleri ba\u015flatt\u0131\u011f\u0131n\u0131 a\u00e7\u0131klad\u0131. Erh\u00fcrman a\u00e7\u0131klamas\u0131nda \u015funlar\u0131 kaydetti: \u201cHep s\u00f6yledi\u011fim gibi, T\u00fcrkiye Cumhuriyeti ile K\u0131br\u0131sl\u0131 T\u00fcrkler\" \/>\n<meta property=\"og:url\" content=\"https:\/\/kibrisdakik.com\/?p=111184\" \/>\n<meta property=\"article:published_time\" content=\"2026-04-24T12:53:20+00:00\" \/>\n<meta property=\"og:image\" content=\"https:\/\/mhahabercom.teimg.com\/crop\/1280x720\/mhahaber-com\/uploads\/2026\/04\/mha-sari-beyaz-4941.png\" \/>\n<meta name=\"author\" content=\"admin\" \/>\n<meta name=\"twitter:card\" content=\"summary_large_image\" \/>\n<meta name=\"twitter:label1\" content=\"Yazan:\" \/>\n\t<meta name=\"twitter:data1\" content=\"admin\" \/>\n\t<meta name=\"twitter:label2\" content=\"Tahmini okuma s\u00fcresi\" \/>\n\t<meta name=\"twitter:data2\" content=\"1 dakika\" \/>\n<script type=\"application\/ld+json\" class=\"yoast-schema-graph\">{\"@context\":\"https:\\\/\\\/schema.org\",\"@graph\":[{\"@type\":\"Article\",\"@id\":\"https:\\\/\\\/kibrisdakik.com\\\/?p=111184#article\",\"isPartOf\":{\"@id\":\"https:\\\/\\\/kibrisdakik.com\\\/?p=111184\"},\"author\":{\"name\":\"admin\",\"@id\":\"https:\\\/\\\/kibrisdakik.com\\\/#\\\/schema\\\/person\\\/9cd9d437bbb44f72b73ba127e06d8e79\"},\"headline\":\"ERH\u00dcRMAN: GEREKL\u0130 TEMASLARI S\u00dcRD\u00dcR\u00dcYORUZ\",\"datePublished\":\"2026-04-24T12:53:20+00:00\",\"mainEntityOfPage\":{\"@id\":\"https:\\\/\\\/kibrisdakik.com\\\/?p=111184\"},\"wordCount\":271,\"commentCount\":0,\"image\":{\"@id\":\"https:\\\/\\\/kibrisdakik.com\\\/?p=111184#primaryimage\"},\"thumbnailUrl\":\"https:\\\/\\\/kibrisdakik.com\\\/wp-content\\\/uploads\\\/2026\\\/04\\\/mha-sari-beyaz-4941.png\",\"articleSection\":[\"K\u0131br\u0131s\"],\"inLanguage\":\"tr\",\"potentialAction\":[{\"@type\":\"CommentAction\",\"name\":\"Comment\",\"target\":[\"https:\\\/\\\/kibrisdakik.com\\\/?p=111184#respond\"]}]},{\"@type\":\"WebPage\",\"@id\":\"https:\\\/\\\/kibrisdakik.com\\\/?p=111184\",\"url\":\"https:\\\/\\\/kibrisdakik.com\\\/?p=111184\",\"name\":\"ERH\u00dcRMAN: GEREKL\u0130 TEMASLARI S\u00dcRD\u00dcR\u00dcYORUZ -\",\"isPartOf\":{\"@id\":\"https:\\\/\\\/kibrisdakik.com\\\/#website\"},\"primaryImageOfPage\":{\"@id\":\"https:\\\/\\\/kibrisdakik.com\\\/?p=111184#primaryimage\"},\"image\":{\"@id\":\"https:\\\/\\\/kibrisdakik.com\\\/?p=111184#primaryimage\"},\"thumbnailUrl\":\"https:\\\/\\\/kibrisdakik.com\\\/wp-content\\\/uploads\\\/2026\\\/04\\\/mha-sari-beyaz-4941.png\",\"datePublished\":\"2026-04-24T12:53:20+00:00\",\"author\":{\"@id\":\"https:\\\/\\\/kibrisdakik.com\\\/#\\\/schema\\\/person\\\/9cd9d437bbb44f72b73ba127e06d8e79\"},\"breadcrumb\":{\"@id\":\"https:\\\/\\\/kibrisdakik.com\\\/?p=111184#breadcrumb\"},\"inLanguage\":\"tr\",\"potentialAction\":[{\"@type\":\"ReadAction\",\"target\":[\"https:\\\/\\\/kibrisdakik.com\\\/?p=111184\"]}]},{\"@type\":\"ImageObject\",\"inLanguage\":\"tr\",\"@id\":\"https:\\\/\\\/kibrisdakik.com\\\/?p=111184#primaryimage\",\"url\":\"https:\\\/\\\/kibrisdakik.com\\\/wp-content\\\/uploads\\\/2026\\\/04\\\/mha-sari-beyaz-4941.png\",\"contentUrl\":\"https:\\\/\\\/kibrisdakik.com\\\/wp-content\\\/uploads\\\/2026\\\/04\\\/mha-sari-beyaz-4941.png\",\"width\":1280,\"height\":720},{\"@type\":\"BreadcrumbList\",\"@id\":\"https:\\\/\\\/kibrisdakik.com\\\/?p=111184#breadcrumb\",\"itemListElement\":[{\"@type\":\"ListItem\",\"position\":1,\"name\":\"Home\",\"item\":\"https:\\\/\\\/kibrisdakik.com\\\/\"},{\"@type\":\"ListItem\",\"position\":2,\"name\":\"ERH\u00dcRMAN: GEREKL\u0130 TEMASLARI S\u00dcRD\u00dcR\u00dcYORUZ\"}]},{\"@type\":\"WebSite\",\"@id\":\"https:\\\/\\\/kibrisdakik.com\\\/#website\",\"url\":\"https:\\\/\\\/kibrisdakik.com\\\/\",\"name\":\"\",\"description\":\"Tam vaktinde haber\",\"potentialAction\":[{\"@type\":\"SearchAction\",\"target\":{\"@type\":\"EntryPoint\",\"urlTemplate\":\"https:\\\/\\\/kibrisdakik.com\\\/?s={search_term_string}\"},\"query-input\":{\"@type\":\"PropertyValueSpecification\",\"valueRequired\":true,\"valueName\":\"search_term_string\"}}],\"inLanguage\":\"tr\"},{\"@type\":\"Person\",\"@id\":\"https:\\\/\\\/kibrisdakik.com\\\/#\\\/schema\\\/person\\\/9cd9d437bbb44f72b73ba127e06d8e79\",\"name\":\"admin\",\"image\":{\"@type\":\"ImageObject\",\"inLanguage\":\"tr\",\"@id\":\"https:\\\/\\\/secure.gravatar.com\\\/avatar\\\/ccc17943b9d660506c869530f897617f7cb1c21a4bf30023f252596d83e1f007?s=96&d=mm&r=g\",\"url\":\"https:\\\/\\\/secure.gravatar.com\\\/avatar\\\/ccc17943b9d660506c869530f897617f7cb1c21a4bf30023f252596d83e1f007?s=96&d=mm&r=g\",\"contentUrl\":\"https:\\\/\\\/secure.gravatar.com\\\/avatar\\\/ccc17943b9d660506c869530f897617f7cb1c21a4bf30023f252596d83e1f007?s=96&d=mm&r=g\",\"caption\":\"admin\"},\"sameAs\":[\"https:\\\/\\\/kibrisdakik.com\"],\"url\":\"https:\\\/\\\/kibrisdakik.com\\\/?author=1\"}]}<\/script>\n<!-- \/ Yoast SEO plugin. -->","yoast_head_json":{"title":"ERH\u00dcRMAN: GEREKL\u0130 TEMASLARI S\u00dcRD\u00dcR\u00dcYORUZ -","robots":{"index":"index","follow":"follow","max-snippet":"max-snippet:-1","max-image-preview":"max-image-preview:large","max-video-preview":"max-video-preview:-1"},"canonical":"https:\/\/kibrisdakik.com\/?p=111184","og_locale":"tr_TR","og_type":"article","og_title":"ERH\u00dcRMAN: GEREKL\u0130 TEMASLARI S\u00dcRD\u00dcR\u00dcYORUZ -","og_description":"Cumhurba\u015fkan\u0131 Tufan Erh\u00fcrman, son olarak Senih \u00c7avu\u015fo\u011flu&#8217;nun T\u00fcrkiye&#8217;ye girememesi sonras\u0131nda gerekli giri\u015fimleri ba\u015flatt\u0131\u011f\u0131n\u0131 duyurarak, bu konudaki belirsizliklerin ve sorunlar\u0131n giderilmesi i\u00e7in giri\u015fimlerinin devam edece\u011fini kaydetti. Cumhurba\u015fkanl\u0131\u011f\u0131\u2019ndan yap\u0131lan a\u00e7\u0131klamaya g\u00f6re Erh\u00fcrman, Senih \u00c7avu\u015fo\u011flu&#8217;nun T\u00fcrkiye\u2019ye girememesinin ard\u0131ndan kendisiyle konu\u015ftu\u011funu, ard\u0131ndan ise gerekli giri\u015fimleri ba\u015flatt\u0131\u011f\u0131n\u0131 a\u00e7\u0131klad\u0131. Erh\u00fcrman a\u00e7\u0131klamas\u0131nda \u015funlar\u0131 kaydetti: \u201cHep s\u00f6yledi\u011fim gibi, T\u00fcrkiye Cumhuriyeti ile K\u0131br\u0131sl\u0131 T\u00fcrkler","og_url":"https:\/\/kibrisdakik.com\/?p=111184","article_published_time":"2026-04-24T12:53:20+00:00","og_image":[{"url":"https:\/\/mhahabercom.teimg.com\/crop\/1280x720\/mhahaber-com\/uploads\/2026\/04\/mha-sari-beyaz-4941.png","type":"","width":"","height":""}],"author":"admin","twitter_card":"summary_large_image","twitter_misc":{"Yazan:":"admin","Tahmini okuma s\u00fcresi":"1 dakika"},"schema":{"@context":"https:\/\/schema.org","@graph":[{"@type":"Article","@id":"https:\/\/kibrisdakik.com\/?p=111184#article","isPartOf":{"@id":"https:\/\/kibrisdakik.com\/?p=111184"},"author":{"name":"admin","@id":"https:\/\/kibrisdakik.com\/#\/schema\/person\/9cd9d437bbb44f72b73ba127e06d8e79"},"headline":"ERH\u00dcRMAN: GEREKL\u0130 TEMASLARI S\u00dcRD\u00dcR\u00dcYORUZ","datePublished":"2026-04-24T12:53:20+00:00","mainEntityOfPage":{"@id":"https:\/\/kibrisdakik.com\/?p=111184"},"wordCount":271,"commentCount":0,"image":{"@id":"https:\/\/kibrisdakik.com\/?p=111184#primaryimage"},"thumbnailUrl":"https:\/\/kibrisdakik.com\/wp-content\/uploads\/2026\/04\/mha-sari-beyaz-4941.png","articleSection":["K\u0131br\u0131s"],"inLanguage":"tr","potentialAction":[{"@type":"CommentAction","name":"Comment","target":["https:\/\/kibrisdakik.com\/?p=111184#respond"]}]},{"@type":"WebPage","@id":"https:\/\/kibrisdakik.com\/?p=111184","url":"https:\/\/kibrisdakik.com\/?p=111184","name":"ERH\u00dcRMAN: GEREKL\u0130 TEMASLARI S\u00dcRD\u00dcR\u00dcYORUZ -","isPartOf":{"@id":"https:\/\/kibrisdakik.com\/#website"},"primaryImageOfPage":{"@id":"https:\/\/kibrisdakik.com\/?p=111184#primaryimage"},"image":{"@id":"https:\/\/kibrisdakik.com\/?p=111184#primaryimage"},"thumbnailUrl":"https:\/\/kibrisdakik.com\/wp-content\/uploads\/2026\/04\/mha-sari-beyaz-4941.png","datePublished":"2026-04-24T12:53:20+00:00","author":{"@id":"https:\/\/kibrisdakik.com\/#\/schema\/person\/9cd9d437bbb44f72b73ba127e06d8e79"},"breadcrumb":{"@id":"https:\/\/kibrisdakik.com\/?p=111184#breadcrumb"},"inLanguage":"tr","potentialAction":[{"@type":"ReadAction","target":["https:\/\/kibrisdakik.com\/?p=111184"]}]},{"@type":"ImageObject","inLanguage":"tr","@id":"https:\/\/kibrisdakik.com\/?p=111184#primaryimage","url":"https:\/\/kibrisdakik.com\/wp-content\/uploads\/2026\/04\/mha-sari-beyaz-4941.png","contentUrl":"https:\/\/kibrisdakik.com\/wp-content\/uploads\/2026\/04\/mha-sari-beyaz-4941.png","width":1280,"height":720},{"@type":"BreadcrumbList","@id":"https:\/\/kibrisdakik.com\/?p=111184#breadcrumb","itemListElement":[{"@type":"ListItem","position":1,"name":"Home","item":"https:\/\/kibrisdakik.com\/"},{"@type":"ListItem","position":2,"name":"ERH\u00dcRMAN: GEREKL\u0130 TEMASLARI S\u00dcRD\u00dcR\u00dcYORUZ"}]},{"@type":"WebSite","@id":"https:\/\/kibrisdakik.com\/#website","url":"https:\/\/kibrisdakik.com\/","name":"","description":"Tam vaktinde haber","potentialAction":[{"@type":"SearchAction","target":{"@type":"EntryPoint","urlTemplate":"https:\/\/kibrisdakik.com\/?s={search_term_string}"},"query-input":{"@type":"PropertyValueSpecification","valueRequired":true,"valueName":"search_term_string"}}],"inLanguage":"tr"},{"@type":"Person","@id":"https:\/\/kibrisdakik.com\/#\/schema\/person\/9cd9d437bbb44f72b73ba127e06d8e79","name":"admin","image":{"@type":"ImageObject","inLanguage":"tr","@id":"https:\/\/secure.gravatar.com\/avatar\/ccc17943b9d660506c869530f897617f7cb1c21a4bf30023f252596d83e1f007?s=96&d=mm&r=g","url":"https:\/\/secure.gravatar.com\/avatar\/ccc17943b9d660506c869530f897617f7cb1c21a4bf30023f252596d83e1f007?s=96&d=mm&r=g","contentUrl":"https:\/\/secure.gravatar.com\/avatar\/ccc17943b9d660506c869530f897617f7cb1c21a4bf30023f252596d83e1f007?s=96&d=mm&r=g","caption":"admin"},"sameAs":["https:\/\/kibrisdakik.com"],"url":"https:\/\/kibrisdakik.com\/?author=1"}]}},"_links":{"self":[{"href":"https:\/\/kibrisdakik.com\/index.php?rest_route=\/wp\/v2\/posts\/111184","targetHints":{"allow":["GET"]}}],"collection":[{"href":"https:\/\/kibrisdakik.com\/index.php?rest_route=\/wp\/v2\/posts"}],"about":[{"href":"https:\/\/kibrisdakik.com\/index.php?rest_route=\/wp\/v2\/types\/post"}],"author":[{"embeddable":true,"href":"https:\/\/kibrisdakik.com\/index.php?rest_route=\/wp\/v2\/users\/1"}],"replies":[{"embeddable":true,"href":"https:\/\/kibrisdakik.com\/index.php?rest_route=%2Fwp%2Fv2%2Fcomments&post=111184"}],"version-history":[{"count":0,"href":"https:\/\/kibrisdakik.com\/index.php?rest_route=\/wp\/v2\/posts\/111184\/revisions"}],"wp:featuredmedia":[{"embeddable":true,"href":"https:\/\/kibrisdakik.com\/index.php?rest_route=\/wp\/v2\/media\/111185"}],"wp:attachment":[{"href":"https:\/\/kibrisdakik.com\/index.php?rest_route=%2Fwp%2Fv2%2Fmedia&parent=111184"}],"wp:term":[{"taxonomy":"category","embeddable":true,"href":"https:\/\/kibrisdakik.com\/index.php?rest_route=%2Fwp%2Fv2%2Fcategories&post=111184"},{"taxonomy":"post_tag","embeddable":true,"href":"https:\/\/kibrisdakik.com\/index.php?rest_route=%2Fwp%2Fv2%2Ftags&post=111184"}],"curies":[{"name":"wp","href":"https:\/\/api.w.org\/{rel}","templated":true}]}}