{"id":111192,"date":"2026-04-24T16:46:14","date_gmt":"2026-04-24T13:46:14","guid":{"rendered":"https:\/\/kibrisdakik.com\/?p=111192"},"modified":"2026-04-24T16:46:14","modified_gmt":"2026-04-24T13:46:14","slug":"gardiyanoglu-hayat-pahaliligi-tartismasi-siyasete-donustu","status":"publish","type":"post","link":"https:\/\/kibrisdakik.com\/?p=111192","title":{"rendered":"GARD\u0130YANO\u011eLU: \u201cHAYAT PAHALILI\u011eI TARTI\u015eMASI S\u0130YASETE D\u00d6N\u00dc\u015eT\u00dc\u201d"},"content":{"rendered":"<p><\/p>\n<p>Ulusal Birlik Partisi (UBP) Lefko\u015fa Milletvekili Sad\u0131k Gardiyano\u011flu, hayat pahal\u0131l\u0131\u011f\u0131na ili\u015fkin tart\u0131\u015fman\u0131n ekonomik boyuttan \u00e7\u0131karak siyasi zemine ta\u015f\u0131nd\u0131\u011f\u0131n\u0131 s\u00f6yledi.<\/p>\n<p>Ofisinden yap\u0131lan a\u00e7\u0131klamaya g\u00f6re, Diyalog TV\u2019de konu\u015fan Gardiyano\u011flu, 2018\u2019deki d\u00f6rtl\u00fc h\u00fck\u00fcmet d\u00f6neminde hayat pahal\u0131l\u0131\u011f\u0131 \u00f6demelerinin bir y\u0131l durduruldu\u011funu ve geri \u00f6deme yap\u0131lmad\u0131\u011f\u0131n\u0131 s\u00f6yledi.<\/p>\n<p>\u201cBiz \u00e7al\u0131\u015fanlar\u0131n cebine dokunmad\u0131k, sadece \u00f6demeleri zamana yayd\u0131k.\u201d diyen Sad\u0131k Gardiyano\u011flu, pandemi d\u00f6neminde kamu maa\u015flar\u0131nda ge\u00e7ici y\u00fczde 50 kesinti yap\u0131ld\u0131\u011f\u0131n\u0131, daha sonra bunun tamam\u0131n\u0131n \u00f6dendi\u011fini hat\u0131rlatt\u0131.<\/p>\n<p>Gardiyano\u011flu, \u00f6zel sekt\u00f6re de devlet deste\u011fi verildi\u011fini ifade ederek enerji krizine de de\u011findi.<\/p>\n<div id=\"ad_121\" data-channel=\"121\" data-advert=\"temedya\" data-rotation=\"120\" class=\"mb-3 text-center\"><\/div>\n<div id=\"ad_121_mobile\" data-channel=\"121\" data-advert=\"temedya\" data-rotation=\"120\" class=\"mb-3 text-center\"><\/div>\n<p>Sad\u0131k Gardiyano\u011flu, fiyat istikrar fonu kullan\u0131larak akaryak\u0131t fiyatlar\u0131n\u0131n T\u00fcrkiye ve G\u00fcney K\u0131br\u0131s\u2019\u0131n alt\u0131nda tutuldu\u011funu s\u00f6yledi.<\/p>\n<p>Y\u00fczde 50 hayat pahal\u0131l\u0131\u011f\u0131 \u00f6demesinin ertelenmesi konusunda da \u00f6nerinin sendikalardan geldi\u011fini, h\u00fck\u00fcmetin bunu kabul etti\u011fini s\u00f6yleyen Gardiyano\u011flu, sonras\u0131nda konunun ekonomik olmaktan \u00e7\u0131kt\u0131\u011f\u0131n\u0131 ve UBP\u2019yi h\u00fck\u00fcmetten d\u00fc\u015f\u00fcrmeye y\u00f6nelik siyasi kampanyaya d\u00f6n\u00fc\u015ft\u00fc\u011f\u00fcn\u00fc savundu.<\/p>\n<p>Ekonomik tedbirler kapsam\u0131nda sosyal sigorta prim destekleri, kredi paketleri ve muhaceret aff\u0131 gibi d\u00fczenlemelerden s\u00f6z eden Gardiyano\u011flu, h\u00fck\u00fcmetin haziran ay\u0131na kadar mali dengeyi korumay\u0131 hedefledi\u011fini kaydetti.<\/p>\n<p>Erken se\u00e7im tart\u0131\u015fmalar\u0131na da de\u011finen Gardiyano\u011flu, haziran-eyl\u00fcl aras\u0131nda erken se\u00e7imin g\u00fcndemde olmad\u0131\u011f\u0131n\u0131 s\u00f6yledi.<\/p>\n<p>Gardiyano\u011flu, &#8220;Se\u00e7im tarihini UBP grubu belirleyecek. Say\u0131n Ba\u015fbakan\u0131m\u0131z da bunu a\u00e7\u0131k\u00e7a ifade etti.\u201d dedi.<\/p>\n<\/p>\n<div class=\"article-source py-3 small \">\n                <\/div>\n","protected":false},"excerpt":{"rendered":"<p>Ulusal Birlik Partisi (UBP) Lefko\u015fa Milletvekili Sad\u0131k Gardiyano\u011flu, hayat pahal\u0131l\u0131\u011f\u0131na ili\u015fkin tart\u0131\u015fman\u0131n ekonomik boyuttan \u00e7\u0131karak siyasi zemine ta\u015f\u0131nd\u0131\u011f\u0131n\u0131 s\u00f6yledi. Ofisinden yap\u0131lan a\u00e7\u0131klamaya g\u00f6re, Diyalog TV\u2019de konu\u015fan Gardiyano\u011flu, 2018\u2019deki d\u00f6rtl\u00fc h\u00fck\u00fcmet d\u00f6neminde hayat pahal\u0131l\u0131\u011f\u0131 \u00f6demelerinin bir y\u0131l durduruldu\u011funu ve geri \u00f6deme yap\u0131lmad\u0131\u011f\u0131n\u0131 s\u00f6yledi. \u201cBiz \u00e7al\u0131\u015fanlar\u0131n cebine dokunmad\u0131k, sadece \u00f6demeleri zamana yayd\u0131k.\u201d diyen Sad\u0131k Gardiyano\u011flu, pandemi d\u00f6neminde<\/p>\n","protected":false},"author":1,"featured_media":111193,"comment_status":"open","ping_status":"open","sticky":false,"template":"","format":"standard","meta":{"footnotes":""},"categories":[81],"tags":[],"class_list":["post-111192","post","type-post","status-publish","format-standard","has-post-thumbnail","hentry","category-kibris"],"yoast_head":"<!-- This site is optimized with the Yoast SEO plugin v27.4 - https:\/\/yoast.com\/product\/yoast-seo-wordpress\/ -->\n<title>GARD\u0130YANO\u011eLU: \u201cHAYAT PAHALILI\u011eI TARTI\u015eMASI S\u0130YASETE D\u00d6N\u00dc\u015eT\u00dc\u201d -<\/title>\n<meta name=\"robots\" content=\"index, follow, max-snippet:-1, max-image-preview:large, max-video-preview:-1\" \/>\n<link rel=\"canonical\" href=\"https:\/\/kibrisdakik.com\/?p=111192\" \/>\n<meta property=\"og:locale\" content=\"tr_TR\" \/>\n<meta property=\"og:type\" content=\"article\" \/>\n<meta property=\"og:title\" content=\"GARD\u0130YANO\u011eLU: \u201cHAYAT PAHALILI\u011eI TARTI\u015eMASI S\u0130YASETE D\u00d6N\u00dc\u015eT\u00dc\u201d -\" \/>\n<meta property=\"og:description\" content=\"Ulusal Birlik Partisi (UBP) Lefko\u015fa Milletvekili Sad\u0131k Gardiyano\u011flu, hayat pahal\u0131l\u0131\u011f\u0131na ili\u015fkin tart\u0131\u015fman\u0131n ekonomik boyuttan \u00e7\u0131karak siyasi zemine ta\u015f\u0131nd\u0131\u011f\u0131n\u0131 s\u00f6yledi. Ofisinden yap\u0131lan a\u00e7\u0131klamaya g\u00f6re, Diyalog TV\u2019de konu\u015fan Gardiyano\u011flu, 2018\u2019deki d\u00f6rtl\u00fc h\u00fck\u00fcmet d\u00f6neminde hayat pahal\u0131l\u0131\u011f\u0131 \u00f6demelerinin bir y\u0131l durduruldu\u011funu ve geri \u00f6deme yap\u0131lmad\u0131\u011f\u0131n\u0131 s\u00f6yledi. \u201cBiz \u00e7al\u0131\u015fanlar\u0131n cebine dokunmad\u0131k, sadece \u00f6demeleri zamana yayd\u0131k.\u201d diyen Sad\u0131k Gardiyano\u011flu, pandemi d\u00f6neminde\" \/>\n<meta property=\"og:url\" content=\"https:\/\/kibrisdakik.com\/?p=111192\" \/>\n<meta property=\"article:published_time\" content=\"2026-04-24T13:46:14+00:00\" \/>\n<meta property=\"og:image\" content=\"https:\/\/mhahabercom.teimg.com\/crop\/1280x720\/mhahaber-com\/uploads\/2026\/04\/mha-sari-beyaz-4942.png\" \/>\n<meta name=\"author\" content=\"admin\" \/>\n<meta name=\"twitter:card\" content=\"summary_large_image\" \/>\n<meta name=\"twitter:label1\" content=\"Yazan:\" \/>\n\t<meta name=\"twitter:data1\" content=\"admin\" \/>\n\t<meta name=\"twitter:label2\" content=\"Tahmini okuma s\u00fcresi\" \/>\n\t<meta name=\"twitter:data2\" content=\"1 dakika\" \/>\n<script type=\"application\/ld+json\" class=\"yoast-schema-graph\">{\"@context\":\"https:\\\/\\\/schema.org\",\"@graph\":[{\"@type\":\"Article\",\"@id\":\"https:\\\/\\\/kibrisdakik.com\\\/?p=111192#article\",\"isPartOf\":{\"@id\":\"https:\\\/\\\/kibrisdakik.com\\\/?p=111192\"},\"author\":{\"name\":\"admin\",\"@id\":\"https:\\\/\\\/kibrisdakik.com\\\/#\\\/schema\\\/person\\\/9cd9d437bbb44f72b73ba127e06d8e79\"},\"headline\":\"GARD\u0130YANO\u011eLU: \u201cHAYAT PAHALILI\u011eI TARTI\u015eMASI S\u0130YASETE D\u00d6N\u00dc\u015eT\u00dc\u201d\",\"datePublished\":\"2026-04-24T13:46:14+00:00\",\"mainEntityOfPage\":{\"@id\":\"https:\\\/\\\/kibrisdakik.com\\\/?p=111192\"},\"wordCount\":299,\"commentCount\":0,\"image\":{\"@id\":\"https:\\\/\\\/kibrisdakik.com\\\/?p=111192#primaryimage\"},\"thumbnailUrl\":\"https:\\\/\\\/kibrisdakik.com\\\/wp-content\\\/uploads\\\/2026\\\/04\\\/mha-sari-beyaz-4942.png\",\"articleSection\":[\"K\u0131br\u0131s\"],\"inLanguage\":\"tr\",\"potentialAction\":[{\"@type\":\"CommentAction\",\"name\":\"Comment\",\"target\":[\"https:\\\/\\\/kibrisdakik.com\\\/?p=111192#respond\"]}]},{\"@type\":\"WebPage\",\"@id\":\"https:\\\/\\\/kibrisdakik.com\\\/?p=111192\",\"url\":\"https:\\\/\\\/kibrisdakik.com\\\/?p=111192\",\"name\":\"GARD\u0130YANO\u011eLU: \u201cHAYAT PAHALILI\u011eI TARTI\u015eMASI S\u0130YASETE D\u00d6N\u00dc\u015eT\u00dc\u201d -\",\"isPartOf\":{\"@id\":\"https:\\\/\\\/kibrisdakik.com\\\/#website\"},\"primaryImageOfPage\":{\"@id\":\"https:\\\/\\\/kibrisdakik.com\\\/?p=111192#primaryimage\"},\"image\":{\"@id\":\"https:\\\/\\\/kibrisdakik.com\\\/?p=111192#primaryimage\"},\"thumbnailUrl\":\"https:\\\/\\\/kibrisdakik.com\\\/wp-content\\\/uploads\\\/2026\\\/04\\\/mha-sari-beyaz-4942.png\",\"datePublished\":\"2026-04-24T13:46:14+00:00\",\"author\":{\"@id\":\"https:\\\/\\\/kibrisdakik.com\\\/#\\\/schema\\\/person\\\/9cd9d437bbb44f72b73ba127e06d8e79\"},\"breadcrumb\":{\"@id\":\"https:\\\/\\\/kibrisdakik.com\\\/?p=111192#breadcrumb\"},\"inLanguage\":\"tr\",\"potentialAction\":[{\"@type\":\"ReadAction\",\"target\":[\"https:\\\/\\\/kibrisdakik.com\\\/?p=111192\"]}]},{\"@type\":\"ImageObject\",\"inLanguage\":\"tr\",\"@id\":\"https:\\\/\\\/kibrisdakik.com\\\/?p=111192#primaryimage\",\"url\":\"https:\\\/\\\/kibrisdakik.com\\\/wp-content\\\/uploads\\\/2026\\\/04\\\/mha-sari-beyaz-4942.png\",\"contentUrl\":\"https:\\\/\\\/kibrisdakik.com\\\/wp-content\\\/uploads\\\/2026\\\/04\\\/mha-sari-beyaz-4942.png\",\"width\":1280,\"height\":720},{\"@type\":\"BreadcrumbList\",\"@id\":\"https:\\\/\\\/kibrisdakik.com\\\/?p=111192#breadcrumb\",\"itemListElement\":[{\"@type\":\"ListItem\",\"position\":1,\"name\":\"Home\",\"item\":\"https:\\\/\\\/kibrisdakik.com\\\/\"},{\"@type\":\"ListItem\",\"position\":2,\"name\":\"GARD\u0130YANO\u011eLU: \u201cHAYAT PAHALILI\u011eI TARTI\u015eMASI S\u0130YASETE D\u00d6N\u00dc\u015eT\u00dc\u201d\"}]},{\"@type\":\"WebSite\",\"@id\":\"https:\\\/\\\/kibrisdakik.com\\\/#website\",\"url\":\"https:\\\/\\\/kibrisdakik.com\\\/\",\"name\":\"\",\"description\":\"Tam vaktinde haber\",\"potentialAction\":[{\"@type\":\"SearchAction\",\"target\":{\"@type\":\"EntryPoint\",\"urlTemplate\":\"https:\\\/\\\/kibrisdakik.com\\\/?s={search_term_string}\"},\"query-input\":{\"@type\":\"PropertyValueSpecification\",\"valueRequired\":true,\"valueName\":\"search_term_string\"}}],\"inLanguage\":\"tr\"},{\"@type\":\"Person\",\"@id\":\"https:\\\/\\\/kibrisdakik.com\\\/#\\\/schema\\\/person\\\/9cd9d437bbb44f72b73ba127e06d8e79\",\"name\":\"admin\",\"image\":{\"@type\":\"ImageObject\",\"inLanguage\":\"tr\",\"@id\":\"https:\\\/\\\/secure.gravatar.com\\\/avatar\\\/ccc17943b9d660506c869530f897617f7cb1c21a4bf30023f252596d83e1f007?s=96&d=mm&r=g\",\"url\":\"https:\\\/\\\/secure.gravatar.com\\\/avatar\\\/ccc17943b9d660506c869530f897617f7cb1c21a4bf30023f252596d83e1f007?s=96&d=mm&r=g\",\"contentUrl\":\"https:\\\/\\\/secure.gravatar.com\\\/avatar\\\/ccc17943b9d660506c869530f897617f7cb1c21a4bf30023f252596d83e1f007?s=96&d=mm&r=g\",\"caption\":\"admin\"},\"sameAs\":[\"https:\\\/\\\/kibrisdakik.com\"],\"url\":\"https:\\\/\\\/kibrisdakik.com\\\/?author=1\"}]}<\/script>\n<!-- \/ Yoast SEO plugin. -->","yoast_head_json":{"title":"GARD\u0130YANO\u011eLU: \u201cHAYAT PAHALILI\u011eI TARTI\u015eMASI S\u0130YASETE D\u00d6N\u00dc\u015eT\u00dc\u201d -","robots":{"index":"index","follow":"follow","max-snippet":"max-snippet:-1","max-image-preview":"max-image-preview:large","max-video-preview":"max-video-preview:-1"},"canonical":"https:\/\/kibrisdakik.com\/?p=111192","og_locale":"tr_TR","og_type":"article","og_title":"GARD\u0130YANO\u011eLU: \u201cHAYAT PAHALILI\u011eI TARTI\u015eMASI S\u0130YASETE D\u00d6N\u00dc\u015eT\u00dc\u201d -","og_description":"Ulusal Birlik Partisi (UBP) Lefko\u015fa Milletvekili Sad\u0131k Gardiyano\u011flu, hayat pahal\u0131l\u0131\u011f\u0131na ili\u015fkin tart\u0131\u015fman\u0131n ekonomik boyuttan \u00e7\u0131karak siyasi zemine ta\u015f\u0131nd\u0131\u011f\u0131n\u0131 s\u00f6yledi. Ofisinden yap\u0131lan a\u00e7\u0131klamaya g\u00f6re, Diyalog TV\u2019de konu\u015fan Gardiyano\u011flu, 2018\u2019deki d\u00f6rtl\u00fc h\u00fck\u00fcmet d\u00f6neminde hayat pahal\u0131l\u0131\u011f\u0131 \u00f6demelerinin bir y\u0131l durduruldu\u011funu ve geri \u00f6deme yap\u0131lmad\u0131\u011f\u0131n\u0131 s\u00f6yledi. \u201cBiz \u00e7al\u0131\u015fanlar\u0131n cebine dokunmad\u0131k, sadece \u00f6demeleri zamana yayd\u0131k.\u201d diyen Sad\u0131k Gardiyano\u011flu, pandemi d\u00f6neminde","og_url":"https:\/\/kibrisdakik.com\/?p=111192","article_published_time":"2026-04-24T13:46:14+00:00","og_image":[{"url":"https:\/\/mhahabercom.teimg.com\/crop\/1280x720\/mhahaber-com\/uploads\/2026\/04\/mha-sari-beyaz-4942.png","type":"","width":"","height":""}],"author":"admin","twitter_card":"summary_large_image","twitter_misc":{"Yazan:":"admin","Tahmini okuma s\u00fcresi":"1 dakika"},"schema":{"@context":"https:\/\/schema.org","@graph":[{"@type":"Article","@id":"https:\/\/kibrisdakik.com\/?p=111192#article","isPartOf":{"@id":"https:\/\/kibrisdakik.com\/?p=111192"},"author":{"name":"admin","@id":"https:\/\/kibrisdakik.com\/#\/schema\/person\/9cd9d437bbb44f72b73ba127e06d8e79"},"headline":"GARD\u0130YANO\u011eLU: \u201cHAYAT PAHALILI\u011eI TARTI\u015eMASI S\u0130YASETE D\u00d6N\u00dc\u015eT\u00dc\u201d","datePublished":"2026-04-24T13:46:14+00:00","mainEntityOfPage":{"@id":"https:\/\/kibrisdakik.com\/?p=111192"},"wordCount":299,"commentCount":0,"image":{"@id":"https:\/\/kibrisdakik.com\/?p=111192#primaryimage"},"thumbnailUrl":"https:\/\/kibrisdakik.com\/wp-content\/uploads\/2026\/04\/mha-sari-beyaz-4942.png","articleSection":["K\u0131br\u0131s"],"inLanguage":"tr","potentialAction":[{"@type":"CommentAction","name":"Comment","target":["https:\/\/kibrisdakik.com\/?p=111192#respond"]}]},{"@type":"WebPage","@id":"https:\/\/kibrisdakik.com\/?p=111192","url":"https:\/\/kibrisdakik.com\/?p=111192","name":"GARD\u0130YANO\u011eLU: \u201cHAYAT PAHALILI\u011eI TARTI\u015eMASI S\u0130YASETE D\u00d6N\u00dc\u015eT\u00dc\u201d -","isPartOf":{"@id":"https:\/\/kibrisdakik.com\/#website"},"primaryImageOfPage":{"@id":"https:\/\/kibrisdakik.com\/?p=111192#primaryimage"},"image":{"@id":"https:\/\/kibrisdakik.com\/?p=111192#primaryimage"},"thumbnailUrl":"https:\/\/kibrisdakik.com\/wp-content\/uploads\/2026\/04\/mha-sari-beyaz-4942.png","datePublished":"2026-04-24T13:46:14+00:00","author":{"@id":"https:\/\/kibrisdakik.com\/#\/schema\/person\/9cd9d437bbb44f72b73ba127e06d8e79"},"breadcrumb":{"@id":"https:\/\/kibrisdakik.com\/?p=111192#breadcrumb"},"inLanguage":"tr","potentialAction":[{"@type":"ReadAction","target":["https:\/\/kibrisdakik.com\/?p=111192"]}]},{"@type":"ImageObject","inLanguage":"tr","@id":"https:\/\/kibrisdakik.com\/?p=111192#primaryimage","url":"https:\/\/kibrisdakik.com\/wp-content\/uploads\/2026\/04\/mha-sari-beyaz-4942.png","contentUrl":"https:\/\/kibrisdakik.com\/wp-content\/uploads\/2026\/04\/mha-sari-beyaz-4942.png","width":1280,"height":720},{"@type":"BreadcrumbList","@id":"https:\/\/kibrisdakik.com\/?p=111192#breadcrumb","itemListElement":[{"@type":"ListItem","position":1,"name":"Home","item":"https:\/\/kibrisdakik.com\/"},{"@type":"ListItem","position":2,"name":"GARD\u0130YANO\u011eLU: \u201cHAYAT PAHALILI\u011eI TARTI\u015eMASI S\u0130YASETE D\u00d6N\u00dc\u015eT\u00dc\u201d"}]},{"@type":"WebSite","@id":"https:\/\/kibrisdakik.com\/#website","url":"https:\/\/kibrisdakik.com\/","name":"","description":"Tam vaktinde haber","potentialAction":[{"@type":"SearchAction","target":{"@type":"EntryPoint","urlTemplate":"https:\/\/kibrisdakik.com\/?s={search_term_string}"},"query-input":{"@type":"PropertyValueSpecification","valueRequired":true,"valueName":"search_term_string"}}],"inLanguage":"tr"},{"@type":"Person","@id":"https:\/\/kibrisdakik.com\/#\/schema\/person\/9cd9d437bbb44f72b73ba127e06d8e79","name":"admin","image":{"@type":"ImageObject","inLanguage":"tr","@id":"https:\/\/secure.gravatar.com\/avatar\/ccc17943b9d660506c869530f897617f7cb1c21a4bf30023f252596d83e1f007?s=96&d=mm&r=g","url":"https:\/\/secure.gravatar.com\/avatar\/ccc17943b9d660506c869530f897617f7cb1c21a4bf30023f252596d83e1f007?s=96&d=mm&r=g","contentUrl":"https:\/\/secure.gravatar.com\/avatar\/ccc17943b9d660506c869530f897617f7cb1c21a4bf30023f252596d83e1f007?s=96&d=mm&r=g","caption":"admin"},"sameAs":["https:\/\/kibrisdakik.com"],"url":"https:\/\/kibrisdakik.com\/?author=1"}]}},"_links":{"self":[{"href":"https:\/\/kibrisdakik.com\/index.php?rest_route=\/wp\/v2\/posts\/111192","targetHints":{"allow":["GET"]}}],"collection":[{"href":"https:\/\/kibrisdakik.com\/index.php?rest_route=\/wp\/v2\/posts"}],"about":[{"href":"https:\/\/kibrisdakik.com\/index.php?rest_route=\/wp\/v2\/types\/post"}],"author":[{"embeddable":true,"href":"https:\/\/kibrisdakik.com\/index.php?rest_route=\/wp\/v2\/users\/1"}],"replies":[{"embeddable":true,"href":"https:\/\/kibrisdakik.com\/index.php?rest_route=%2Fwp%2Fv2%2Fcomments&post=111192"}],"version-history":[{"count":0,"href":"https:\/\/kibrisdakik.com\/index.php?rest_route=\/wp\/v2\/posts\/111192\/revisions"}],"wp:featuredmedia":[{"embeddable":true,"href":"https:\/\/kibrisdakik.com\/index.php?rest_route=\/wp\/v2\/media\/111193"}],"wp:attachment":[{"href":"https:\/\/kibrisdakik.com\/index.php?rest_route=%2Fwp%2Fv2%2Fmedia&parent=111192"}],"wp:term":[{"taxonomy":"category","embeddable":true,"href":"https:\/\/kibrisdakik.com\/index.php?rest_route=%2Fwp%2Fv2%2Fcategories&post=111192"},{"taxonomy":"post_tag","embeddable":true,"href":"https:\/\/kibrisdakik.com\/index.php?rest_route=%2Fwp%2Fv2%2Ftags&post=111192"}],"curies":[{"name":"wp","href":"https:\/\/api.w.org\/{rel}","templated":true}]}}