{"id":111196,"date":"2026-04-24T17:09:21","date_gmt":"2026-04-24T14:09:21","guid":{"rendered":"https:\/\/kibrisdakik.com\/?p=111196"},"modified":"2026-04-24T17:09:21","modified_gmt":"2026-04-24T14:09:21","slug":"ktoeos-nakil-sureci-hatalarla-dolu","status":"publish","type":"post","link":"https:\/\/kibrisdakik.com\/?p=111196","title":{"rendered":"KTOE\u00d6S: NAK\u0130L S\u00dcREC\u0130 HATALARLA DOLU"},"content":{"rendered":"<p><\/p>\n<p>K\u0131br\u0131s T\u00fcrk Orta E\u011fitim \u00d6\u011fretmenler Sendikas\u0131 (KTOE\u00d6S), Milli E\u011fitim Bakanl\u0131\u011f\u0131 \u00f6n\u00fcnde bas\u0131n a\u00e7\u0131klamas\u0131 yaparak, nakil s\u00fcrecini ele\u015ftirdi.<\/p>\n<p>KTOE\u00d6S Ba\u015fkan\u0131 Ahmet Karao\u011fullar\u0131, nakil s\u00fcrecinin \u201ctek tarafl\u0131\u201d ba\u015flat\u0131lmas\u0131ndan kaynakl\u0131 ge\u00e7en y\u0131ldan kalma hatalar\u0131n bu y\u0131lki ba\u015fvurular ile katlanarak, artaca\u011f\u0131n\u0131 ileri s\u00fcrd\u00fc, \u201cOrtaya \u00e7\u0131kacak sorunun boyutu bu y\u0131lki nakillerin iptal edilme noktas\u0131na kadar varabilecek.\u201d dedi.<\/p>\n<p>Bas\u0131n a\u00e7\u0131klamas\u0131nda, \u201cYasa T\u00fcz\u00fck Tan\u0131mayan, \u00d6\u011fretmen D\u00fc\u015fmanl\u0131\u011f\u0131 Yapanlara Kar\u015f\u0131 Boyun E\u011fmeyece\u011fiz\u201d yaz\u0131l\u0131 pankart a\u00e7\u0131ld\u0131.<\/p>\n<div id=\"ad_121\" data-channel=\"121\" data-advert=\"temedya\" data-rotation=\"120\" class=\"mb-3 text-center\"><\/div>\n<div id=\"ad_121_mobile\" data-channel=\"121\" data-advert=\"temedya\" data-rotation=\"120\" class=\"mb-3 text-center\"><\/div>\n<p>-Karao\u011fullar\u0131<\/p>\n<p>KTOE\u00d6S Ba\u015fkan\u0131 Ahmet Karao\u011fullar\u0131 konu\u015fmas\u0131na, akademisyen ve sanat\u00e7\u0131 Prof. Dr. Senih \u00c7avu\u015fo\u011flu\u2019nun T\u00fcrkiye Cumhuriyeti\u2019ne giri\u015finin yasaklanmas\u0131n\u0131 k\u0131nayarak, ba\u015flad\u0131.<\/p>\n<p>Bu uygulamalar\u0131n iki \u00fclke aras\u0131nda ya\u015fatt\u0131\u011f\u0131 s\u0131k\u0131nt\u0131lar\u0131n ortada oldu\u011funu dile getiren Karao\u011fullar\u0131, \u201c16\u2019nc\u0131 ayd\u0131n insan\u0131m\u0131z\u0131n muhalif duru\u015fundan dolay\u0131 ifade \u00f6zg\u00fcrl\u00fc\u011f\u00fcn\u00fcn s\u0131n\u0131rland\u0131r\u0131lmas\u0131na dair at\u0131lan bu ad\u0131m kabul edilemez.\u201d dedi.<\/p>\n<p>Karao\u011fullar\u0131, \u201ce\u015fit ve egemen devlet\u201d s\u00f6ylemini dilinden d\u00fc\u015f\u00fcrmeyenlerin bu konuyla ilgili atmalar\u0131 gereken ad\u0131m ve yerine getirmeleri gereken sorumlulu\u011fu derhal ger\u00e7ekle\u015ftirilmeleri gerekti\u011fini savundu.<\/p>\n<p>\u00d6\u011fretmenler Yasas\u0131, tam g\u00fcn e\u011fitim ve Disiplin T\u00fcz\u00fc\u011f\u00fc ile ilgili ge\u00e7mi\u015fte ya\u015fananlar\u0131 hat\u0131rlatan Karao\u011fullar\u0131, Milli E\u011fitim Bakan\u0131\u2019n\u0131n, \u201chukuk ve t\u00fcz\u00fck tan\u0131maz\u201d anlay\u0131\u015f\u0131na devam etti\u011fini ileri s\u00fcrd\u00fc.<\/p>\n<p>\u00d6\u011fretmenlerin yer de\u011fi\u015ftirme; yani nakil s\u00fcrecinde \u201cisti\u015fare\u201d sorumlulu\u011funun yerine getirilmedi\u011fi gerek\u00e7esiyle Bakanl\u0131k \u00f6n\u00fcnde topland\u0131klar\u0131n\u0131 belirten Karao\u011fullar\u0131, ge\u00e7en y\u0131l nakil s\u00fcrecine dahil edilmemeleri nedeniyle y\u00fczlerce hatan\u0131n ya\u015fand\u0131\u011f\u0131n\u0131 \u00f6ne s\u00fcrerek, sendikan\u0131n m\u00fcdahil olmas\u0131yla hata miktar\u0131n\u0131n azalmas\u0131na ra\u011fmen hukuk yoluna giden \u00fcyeleri oldu\u011funu ifade etti.<\/p>\n<p>Bu anlay\u0131\u015f\u0131n bu y\u0131l da devam etti\u011fini savunan Karao\u011fullar\u0131, 15 Nisan \u00c7ar\u015famba g\u00fcn\u00fc sendikan\u0131n e\u011fitim sekreteryas\u0131n\u0131n Nakil T\u00fcz\u00fc\u011f\u00fc gere\u011fince s\u00fcrecin ba\u015flamas\u0131 i\u00e7in takvim \u00e7al\u0131\u015fmas\u0131n\u0131 yapt\u0131\u011f\u0131n\u0131 ve E\u011fitim Bakanl\u0131\u011f\u0131 M\u00fcste\u015far\u0131 ile daire m\u00fcd\u00fcrlerine iletti\u011fini belirtti. Karao\u011fullar\u0131, sendikan\u0131n att\u0131\u011f\u0131 bu ad\u0131ma kar\u015f\u0131n 22 Nisan \u00c7ar\u015famba g\u00fcn\u00fc Bakanl\u0131k M\u00fcd\u00fcr\u00fc, Mesleki Teknik \u00d6\u011fretim Daire M\u00fcd\u00fcr\u00fc, Genel Orta\u00f6\u011fretim Daire M\u00fcd\u00fcr\u00fc ve M\u00fcd\u00fcr Muavin&#8217;nin kat\u0131ld\u0131\u011f\u0131 toplant\u0131da, Sendika Genel Sekreteri ve E\u011fitim Sekreteri&#8217;ne nakil s\u00fcrecinin ge\u00e7en y\u0131lki anlay\u0131\u015fla yap\u0131laca\u011f\u0131na dair bilgi verildi\u011fini s\u00f6yledi.<\/p>\n<p>-\u201cNakillerin yap\u0131lmas\u0131 kimsenin inisiyatifinde de\u011fil\u201d<\/p>\n<p>Nakillerin yap\u0131lmas\u0131n\u0131n kimsenin inisiyatifinde olmad\u0131\u011f\u0131n\u0131, nakillerin yasa ve t\u00fcz\u00fck gere\u011fi sendika ve bakanl\u0131k taraf\u0131ndan isti\u015fare edilerek, en az hatayla, en do\u011fru \u015fekliyle Kamu Hizmeti Komisyonu\u2019na g\u00f6nderilmesi gerekti\u011fini ifade eden Karao\u011fullar\u0131, Bakanl\u0131\u011f\u0131n tek yanl\u0131 olarak bekleme listesini okullara g\u00f6nderip, internette yay\u0131nlayarak, s\u00fcreci ba\u015flatt\u0131\u011f\u0131n\u0131 kaydetti.<\/p>\n<p>Nakil s\u00fcrecinin bu \u015fekilde ba\u015flat\u0131lmas\u0131ndan kaynakl\u0131 ge\u00e7en y\u0131ldan kalma hatalar\u0131n bu y\u0131lki ba\u015fvurular ile katlanarak, artaca\u011f\u0131n\u0131 ileri s\u00fcren Karao\u011fullar\u0131, \u00f6\u011fretmenlerin yer de\u011fi\u015ftirme s\u00fcrecinde bu hatalar silsilesinin yarataca\u011f\u0131 etkinin diyetini g\u00fcn\u00fcn sonunda Kamu Hizmeti Komisyonu\u2019nun \u00f6deyece\u011fi fark\u0131ndal\u0131\u011f\u0131yla, \u201cpolitik bir silaha\u201d d\u00f6n\u00fc\u015ft\u00fcr\u00fclmek istendi\u011fini iddia etti.<\/p>\n<p>\u201cTek tarafl\u0131, isti\u015faresiz haz\u0131rlanacak nakillerden kaynakl\u0131, ortaya \u00e7\u0131kacak sorunun boyutu bu y\u0131lki nakillerin iptal edilme noktas\u0131na kadar varabilecek.\u201d diyen Karao\u011fullar\u0131, nakil s\u00fcrecinin sa\u011fl\u0131kl\u0131 s\u00fcrd\u00fcr\u00fclmemesi nedeniyle \u00e7\u0131kacak hatalar\u0131n ilerleyen s\u00fcre\u00e7teki m\u00fcnhallere de yans\u0131yaca\u011f\u0131n\u0131 savundu.<\/p>\n<p>KTOE\u00d6S Ba\u015fkan\u0131 Karao\u011fullar\u0131, m\u00fccadelelerine hem hukuksal hem de eylemsel boyutta devam edeceklerini kaydetti.<\/p>\n<\/p>\n<div class=\"article-source py-3 small \">\n                <\/div>\n","protected":false},"excerpt":{"rendered":"<p>K\u0131br\u0131s T\u00fcrk Orta E\u011fitim \u00d6\u011fretmenler Sendikas\u0131 (KTOE\u00d6S), Milli E\u011fitim Bakanl\u0131\u011f\u0131 \u00f6n\u00fcnde bas\u0131n a\u00e7\u0131klamas\u0131 yaparak, nakil s\u00fcrecini ele\u015ftirdi. KTOE\u00d6S Ba\u015fkan\u0131 Ahmet Karao\u011fullar\u0131, nakil s\u00fcrecinin \u201ctek tarafl\u0131\u201d ba\u015flat\u0131lmas\u0131ndan kaynakl\u0131 ge\u00e7en y\u0131ldan kalma hatalar\u0131n bu y\u0131lki ba\u015fvurular ile katlanarak, artaca\u011f\u0131n\u0131 ileri s\u00fcrd\u00fc, \u201cOrtaya \u00e7\u0131kacak sorunun boyutu bu y\u0131lki nakillerin iptal edilme noktas\u0131na kadar varabilecek.\u201d dedi. Bas\u0131n a\u00e7\u0131klamas\u0131nda, \u201cYasa<\/p>\n","protected":false},"author":1,"featured_media":111197,"comment_status":"open","ping_status":"open","sticky":false,"template":"","format":"standard","meta":{"footnotes":""},"categories":[81],"tags":[],"class_list":["post-111196","post","type-post","status-publish","format-standard","has-post-thumbnail","hentry","category-kibris"],"yoast_head":"<!-- This site is optimized with the Yoast SEO plugin v27.4 - https:\/\/yoast.com\/product\/yoast-seo-wordpress\/ -->\n<title>KTOE\u00d6S: NAK\u0130L S\u00dcREC\u0130 HATALARLA DOLU -<\/title>\n<meta name=\"robots\" content=\"index, follow, max-snippet:-1, max-image-preview:large, max-video-preview:-1\" \/>\n<link rel=\"canonical\" href=\"https:\/\/kibrisdakik.com\/?p=111196\" \/>\n<meta property=\"og:locale\" content=\"tr_TR\" \/>\n<meta property=\"og:type\" content=\"article\" \/>\n<meta property=\"og:title\" content=\"KTOE\u00d6S: NAK\u0130L S\u00dcREC\u0130 HATALARLA DOLU -\" \/>\n<meta property=\"og:description\" content=\"K\u0131br\u0131s T\u00fcrk Orta E\u011fitim \u00d6\u011fretmenler Sendikas\u0131 (KTOE\u00d6S), Milli E\u011fitim Bakanl\u0131\u011f\u0131 \u00f6n\u00fcnde bas\u0131n a\u00e7\u0131klamas\u0131 yaparak, nakil s\u00fcrecini ele\u015ftirdi. KTOE\u00d6S Ba\u015fkan\u0131 Ahmet Karao\u011fullar\u0131, nakil s\u00fcrecinin \u201ctek tarafl\u0131\u201d ba\u015flat\u0131lmas\u0131ndan kaynakl\u0131 ge\u00e7en y\u0131ldan kalma hatalar\u0131n bu y\u0131lki ba\u015fvurular ile katlanarak, artaca\u011f\u0131n\u0131 ileri s\u00fcrd\u00fc, \u201cOrtaya \u00e7\u0131kacak sorunun boyutu bu y\u0131lki nakillerin iptal edilme noktas\u0131na kadar varabilecek.\u201d dedi. Bas\u0131n a\u00e7\u0131klamas\u0131nda, \u201cYasa\" \/>\n<meta property=\"og:url\" content=\"https:\/\/kibrisdakik.com\/?p=111196\" \/>\n<meta property=\"article:published_time\" content=\"2026-04-24T14:09:21+00:00\" \/>\n<meta property=\"og:image\" content=\"https:\/\/mhahabercom.teimg.com\/crop\/1280x720\/mhahaber-com\/uploads\/2026\/04\/mha-sari-beyaz-4944.png\" \/>\n<meta name=\"author\" content=\"admin\" \/>\n<meta name=\"twitter:card\" content=\"summary_large_image\" \/>\n<meta name=\"twitter:label1\" content=\"Yazan:\" \/>\n\t<meta name=\"twitter:data1\" content=\"admin\" \/>\n\t<meta name=\"twitter:label2\" content=\"Tahmini okuma s\u00fcresi\" \/>\n\t<meta name=\"twitter:data2\" content=\"3 dakika\" \/>\n<script type=\"application\/ld+json\" class=\"yoast-schema-graph\">{\"@context\":\"https:\\\/\\\/schema.org\",\"@graph\":[{\"@type\":\"Article\",\"@id\":\"https:\\\/\\\/kibrisdakik.com\\\/?p=111196#article\",\"isPartOf\":{\"@id\":\"https:\\\/\\\/kibrisdakik.com\\\/?p=111196\"},\"author\":{\"name\":\"admin\",\"@id\":\"https:\\\/\\\/kibrisdakik.com\\\/#\\\/schema\\\/person\\\/9cd9d437bbb44f72b73ba127e06d8e79\"},\"headline\":\"KTOE\u00d6S: NAK\u0130L S\u00dcREC\u0130 HATALARLA DOLU\",\"datePublished\":\"2026-04-24T14:09:21+00:00\",\"mainEntityOfPage\":{\"@id\":\"https:\\\/\\\/kibrisdakik.com\\\/?p=111196\"},\"wordCount\":676,\"commentCount\":0,\"image\":{\"@id\":\"https:\\\/\\\/kibrisdakik.com\\\/?p=111196#primaryimage\"},\"thumbnailUrl\":\"https:\\\/\\\/kibrisdakik.com\\\/wp-content\\\/uploads\\\/2026\\\/04\\\/mha-sari-beyaz-4944.png\",\"articleSection\":[\"K\u0131br\u0131s\"],\"inLanguage\":\"tr\",\"potentialAction\":[{\"@type\":\"CommentAction\",\"name\":\"Comment\",\"target\":[\"https:\\\/\\\/kibrisdakik.com\\\/?p=111196#respond\"]}]},{\"@type\":\"WebPage\",\"@id\":\"https:\\\/\\\/kibrisdakik.com\\\/?p=111196\",\"url\":\"https:\\\/\\\/kibrisdakik.com\\\/?p=111196\",\"name\":\"KTOE\u00d6S: NAK\u0130L S\u00dcREC\u0130 HATALARLA DOLU -\",\"isPartOf\":{\"@id\":\"https:\\\/\\\/kibrisdakik.com\\\/#website\"},\"primaryImageOfPage\":{\"@id\":\"https:\\\/\\\/kibrisdakik.com\\\/?p=111196#primaryimage\"},\"image\":{\"@id\":\"https:\\\/\\\/kibrisdakik.com\\\/?p=111196#primaryimage\"},\"thumbnailUrl\":\"https:\\\/\\\/kibrisdakik.com\\\/wp-content\\\/uploads\\\/2026\\\/04\\\/mha-sari-beyaz-4944.png\",\"datePublished\":\"2026-04-24T14:09:21+00:00\",\"author\":{\"@id\":\"https:\\\/\\\/kibrisdakik.com\\\/#\\\/schema\\\/person\\\/9cd9d437bbb44f72b73ba127e06d8e79\"},\"breadcrumb\":{\"@id\":\"https:\\\/\\\/kibrisdakik.com\\\/?p=111196#breadcrumb\"},\"inLanguage\":\"tr\",\"potentialAction\":[{\"@type\":\"ReadAction\",\"target\":[\"https:\\\/\\\/kibrisdakik.com\\\/?p=111196\"]}]},{\"@type\":\"ImageObject\",\"inLanguage\":\"tr\",\"@id\":\"https:\\\/\\\/kibrisdakik.com\\\/?p=111196#primaryimage\",\"url\":\"https:\\\/\\\/kibrisdakik.com\\\/wp-content\\\/uploads\\\/2026\\\/04\\\/mha-sari-beyaz-4944.png\",\"contentUrl\":\"https:\\\/\\\/kibrisdakik.com\\\/wp-content\\\/uploads\\\/2026\\\/04\\\/mha-sari-beyaz-4944.png\",\"width\":1280,\"height\":720},{\"@type\":\"BreadcrumbList\",\"@id\":\"https:\\\/\\\/kibrisdakik.com\\\/?p=111196#breadcrumb\",\"itemListElement\":[{\"@type\":\"ListItem\",\"position\":1,\"name\":\"Home\",\"item\":\"https:\\\/\\\/kibrisdakik.com\\\/\"},{\"@type\":\"ListItem\",\"position\":2,\"name\":\"KTOE\u00d6S: NAK\u0130L S\u00dcREC\u0130 HATALARLA DOLU\"}]},{\"@type\":\"WebSite\",\"@id\":\"https:\\\/\\\/kibrisdakik.com\\\/#website\",\"url\":\"https:\\\/\\\/kibrisdakik.com\\\/\",\"name\":\"\",\"description\":\"Tam vaktinde haber\",\"potentialAction\":[{\"@type\":\"SearchAction\",\"target\":{\"@type\":\"EntryPoint\",\"urlTemplate\":\"https:\\\/\\\/kibrisdakik.com\\\/?s={search_term_string}\"},\"query-input\":{\"@type\":\"PropertyValueSpecification\",\"valueRequired\":true,\"valueName\":\"search_term_string\"}}],\"inLanguage\":\"tr\"},{\"@type\":\"Person\",\"@id\":\"https:\\\/\\\/kibrisdakik.com\\\/#\\\/schema\\\/person\\\/9cd9d437bbb44f72b73ba127e06d8e79\",\"name\":\"admin\",\"image\":{\"@type\":\"ImageObject\",\"inLanguage\":\"tr\",\"@id\":\"https:\\\/\\\/secure.gravatar.com\\\/avatar\\\/ccc17943b9d660506c869530f897617f7cb1c21a4bf30023f252596d83e1f007?s=96&d=mm&r=g\",\"url\":\"https:\\\/\\\/secure.gravatar.com\\\/avatar\\\/ccc17943b9d660506c869530f897617f7cb1c21a4bf30023f252596d83e1f007?s=96&d=mm&r=g\",\"contentUrl\":\"https:\\\/\\\/secure.gravatar.com\\\/avatar\\\/ccc17943b9d660506c869530f897617f7cb1c21a4bf30023f252596d83e1f007?s=96&d=mm&r=g\",\"caption\":\"admin\"},\"sameAs\":[\"https:\\\/\\\/kibrisdakik.com\"],\"url\":\"https:\\\/\\\/kibrisdakik.com\\\/?author=1\"}]}<\/script>\n<!-- \/ Yoast SEO plugin. -->","yoast_head_json":{"title":"KTOE\u00d6S: NAK\u0130L S\u00dcREC\u0130 HATALARLA DOLU -","robots":{"index":"index","follow":"follow","max-snippet":"max-snippet:-1","max-image-preview":"max-image-preview:large","max-video-preview":"max-video-preview:-1"},"canonical":"https:\/\/kibrisdakik.com\/?p=111196","og_locale":"tr_TR","og_type":"article","og_title":"KTOE\u00d6S: NAK\u0130L S\u00dcREC\u0130 HATALARLA DOLU -","og_description":"K\u0131br\u0131s T\u00fcrk Orta E\u011fitim \u00d6\u011fretmenler Sendikas\u0131 (KTOE\u00d6S), Milli E\u011fitim Bakanl\u0131\u011f\u0131 \u00f6n\u00fcnde bas\u0131n a\u00e7\u0131klamas\u0131 yaparak, nakil s\u00fcrecini ele\u015ftirdi. KTOE\u00d6S Ba\u015fkan\u0131 Ahmet Karao\u011fullar\u0131, nakil s\u00fcrecinin \u201ctek tarafl\u0131\u201d ba\u015flat\u0131lmas\u0131ndan kaynakl\u0131 ge\u00e7en y\u0131ldan kalma hatalar\u0131n bu y\u0131lki ba\u015fvurular ile katlanarak, artaca\u011f\u0131n\u0131 ileri s\u00fcrd\u00fc, \u201cOrtaya \u00e7\u0131kacak sorunun boyutu bu y\u0131lki nakillerin iptal edilme noktas\u0131na kadar varabilecek.\u201d dedi. Bas\u0131n a\u00e7\u0131klamas\u0131nda, \u201cYasa","og_url":"https:\/\/kibrisdakik.com\/?p=111196","article_published_time":"2026-04-24T14:09:21+00:00","og_image":[{"url":"https:\/\/mhahabercom.teimg.com\/crop\/1280x720\/mhahaber-com\/uploads\/2026\/04\/mha-sari-beyaz-4944.png","type":"","width":"","height":""}],"author":"admin","twitter_card":"summary_large_image","twitter_misc":{"Yazan:":"admin","Tahmini okuma s\u00fcresi":"3 dakika"},"schema":{"@context":"https:\/\/schema.org","@graph":[{"@type":"Article","@id":"https:\/\/kibrisdakik.com\/?p=111196#article","isPartOf":{"@id":"https:\/\/kibrisdakik.com\/?p=111196"},"author":{"name":"admin","@id":"https:\/\/kibrisdakik.com\/#\/schema\/person\/9cd9d437bbb44f72b73ba127e06d8e79"},"headline":"KTOE\u00d6S: NAK\u0130L S\u00dcREC\u0130 HATALARLA DOLU","datePublished":"2026-04-24T14:09:21+00:00","mainEntityOfPage":{"@id":"https:\/\/kibrisdakik.com\/?p=111196"},"wordCount":676,"commentCount":0,"image":{"@id":"https:\/\/kibrisdakik.com\/?p=111196#primaryimage"},"thumbnailUrl":"https:\/\/kibrisdakik.com\/wp-content\/uploads\/2026\/04\/mha-sari-beyaz-4944.png","articleSection":["K\u0131br\u0131s"],"inLanguage":"tr","potentialAction":[{"@type":"CommentAction","name":"Comment","target":["https:\/\/kibrisdakik.com\/?p=111196#respond"]}]},{"@type":"WebPage","@id":"https:\/\/kibrisdakik.com\/?p=111196","url":"https:\/\/kibrisdakik.com\/?p=111196","name":"KTOE\u00d6S: NAK\u0130L S\u00dcREC\u0130 HATALARLA DOLU -","isPartOf":{"@id":"https:\/\/kibrisdakik.com\/#website"},"primaryImageOfPage":{"@id":"https:\/\/kibrisdakik.com\/?p=111196#primaryimage"},"image":{"@id":"https:\/\/kibrisdakik.com\/?p=111196#primaryimage"},"thumbnailUrl":"https:\/\/kibrisdakik.com\/wp-content\/uploads\/2026\/04\/mha-sari-beyaz-4944.png","datePublished":"2026-04-24T14:09:21+00:00","author":{"@id":"https:\/\/kibrisdakik.com\/#\/schema\/person\/9cd9d437bbb44f72b73ba127e06d8e79"},"breadcrumb":{"@id":"https:\/\/kibrisdakik.com\/?p=111196#breadcrumb"},"inLanguage":"tr","potentialAction":[{"@type":"ReadAction","target":["https:\/\/kibrisdakik.com\/?p=111196"]}]},{"@type":"ImageObject","inLanguage":"tr","@id":"https:\/\/kibrisdakik.com\/?p=111196#primaryimage","url":"https:\/\/kibrisdakik.com\/wp-content\/uploads\/2026\/04\/mha-sari-beyaz-4944.png","contentUrl":"https:\/\/kibrisdakik.com\/wp-content\/uploads\/2026\/04\/mha-sari-beyaz-4944.png","width":1280,"height":720},{"@type":"BreadcrumbList","@id":"https:\/\/kibrisdakik.com\/?p=111196#breadcrumb","itemListElement":[{"@type":"ListItem","position":1,"name":"Home","item":"https:\/\/kibrisdakik.com\/"},{"@type":"ListItem","position":2,"name":"KTOE\u00d6S: NAK\u0130L S\u00dcREC\u0130 HATALARLA DOLU"}]},{"@type":"WebSite","@id":"https:\/\/kibrisdakik.com\/#website","url":"https:\/\/kibrisdakik.com\/","name":"","description":"Tam vaktinde haber","potentialAction":[{"@type":"SearchAction","target":{"@type":"EntryPoint","urlTemplate":"https:\/\/kibrisdakik.com\/?s={search_term_string}"},"query-input":{"@type":"PropertyValueSpecification","valueRequired":true,"valueName":"search_term_string"}}],"inLanguage":"tr"},{"@type":"Person","@id":"https:\/\/kibrisdakik.com\/#\/schema\/person\/9cd9d437bbb44f72b73ba127e06d8e79","name":"admin","image":{"@type":"ImageObject","inLanguage":"tr","@id":"https:\/\/secure.gravatar.com\/avatar\/ccc17943b9d660506c869530f897617f7cb1c21a4bf30023f252596d83e1f007?s=96&d=mm&r=g","url":"https:\/\/secure.gravatar.com\/avatar\/ccc17943b9d660506c869530f897617f7cb1c21a4bf30023f252596d83e1f007?s=96&d=mm&r=g","contentUrl":"https:\/\/secure.gravatar.com\/avatar\/ccc17943b9d660506c869530f897617f7cb1c21a4bf30023f252596d83e1f007?s=96&d=mm&r=g","caption":"admin"},"sameAs":["https:\/\/kibrisdakik.com"],"url":"https:\/\/kibrisdakik.com\/?author=1"}]}},"_links":{"self":[{"href":"https:\/\/kibrisdakik.com\/index.php?rest_route=\/wp\/v2\/posts\/111196","targetHints":{"allow":["GET"]}}],"collection":[{"href":"https:\/\/kibrisdakik.com\/index.php?rest_route=\/wp\/v2\/posts"}],"about":[{"href":"https:\/\/kibrisdakik.com\/index.php?rest_route=\/wp\/v2\/types\/post"}],"author":[{"embeddable":true,"href":"https:\/\/kibrisdakik.com\/index.php?rest_route=\/wp\/v2\/users\/1"}],"replies":[{"embeddable":true,"href":"https:\/\/kibrisdakik.com\/index.php?rest_route=%2Fwp%2Fv2%2Fcomments&post=111196"}],"version-history":[{"count":0,"href":"https:\/\/kibrisdakik.com\/index.php?rest_route=\/wp\/v2\/posts\/111196\/revisions"}],"wp:featuredmedia":[{"embeddable":true,"href":"https:\/\/kibrisdakik.com\/index.php?rest_route=\/wp\/v2\/media\/111197"}],"wp:attachment":[{"href":"https:\/\/kibrisdakik.com\/index.php?rest_route=%2Fwp%2Fv2%2Fmedia&parent=111196"}],"wp:term":[{"taxonomy":"category","embeddable":true,"href":"https:\/\/kibrisdakik.com\/index.php?rest_route=%2Fwp%2Fv2%2Fcategories&post=111196"},{"taxonomy":"post_tag","embeddable":true,"href":"https:\/\/kibrisdakik.com\/index.php?rest_route=%2Fwp%2Fv2%2Ftags&post=111196"}],"curies":[{"name":"wp","href":"https:\/\/api.w.org\/{rel}","templated":true}]}}