{"id":111230,"date":"2026-04-25T14:22:16","date_gmt":"2026-04-25T11:22:16","guid":{"rendered":"https:\/\/kibrisdakik.com\/?p=111230"},"modified":"2026-04-25T14:22:16","modified_gmt":"2026-04-25T11:22:16","slug":"sadikoglu-farkindalik-amaci-tasiyan-her-etkinlige-destegiz","status":"publish","type":"post","link":"https:\/\/kibrisdakik.com\/?p=111230","title":{"rendered":"SADIKO\u011eLU: FARKINDALIK AMACI TA\u015eIYAN HER ETK\u0130NL\u0130\u011eE DESTE\u011e\u0130Z"},"content":{"rendered":"<p><strong>Sad\u0131ko\u011flu da y\u00fcr\u00fcy\u00fc\u015fe kat\u0131ld\u0131: \u201cFark\u0131ndal\u0131k amac\u0131 ta\u015f\u0131yan her etkinli\u011fe deste\u011fiz\u201d<\/strong><\/p>\n<p>\u0130skele\u2019de \u201cKansere Kar\u015f\u0131 Elele Fark\u0131ndal\u0131k Y\u00fcr\u00fcy\u00fc\u015f\u00fc\u201d d\u00fczenlendi. Kanser Hastalar\u0131na Yard\u0131m Derne\u011fi \u0130skele G\u00f6n\u00fcll\u00fcleri taraf\u0131ndan d\u00fczenlenen y\u00fcr\u00fcy\u00fc\u015fe \u0130skele Belediye Ba\u015fkan\u0131 Hasan Sad\u0131ko\u011flu da e\u015fi \u00d6zlem Sad\u0131ko\u011flu ile birlikte kat\u0131ld\u0131.<\/p>\n<p><\/p>\n<p><strong>Kansere kar\u015f\u0131 elele fark\u0131ndal\u0131k y\u00fcr\u00fcy\u00fc\u015f\u00fc<\/strong><\/p>\n<p>Kanser Hastalar\u0131na Yard\u0131m Derne\u011fi \u0130skele G\u00f6n\u00fcll\u00fcleri d\u00fcn (24 Nisan) kansere kar\u015f\u0131 elele fark\u0131ndal\u0131k y\u00fcr\u00fcy\u00fc\u015f\u00fc d\u00fczenledi.  Ark\u0131n Otel \u00f6n\u00fcnden ba\u015flayan y\u00fcr\u00fcy\u00fc\u015f \u0130skele Belediyesi Halk Plaj\u0131\u2019nda bulunan Babutsa B\u00fcfe \u00f6n\u00fcnde son buldu. \u0130skele Belediye Ba\u015fkan\u0131 Hasan Sad\u0131ko\u011flu da e\u015fi \u00d6zlem Sad\u0131ko\u011flu ile birlikte y\u00fcr\u00fcy\u00fc\u015fe kat\u0131larak destek verdi. Farkl\u0131 ya\u015f gruplar\u0131ndan \u00e7ok say\u0131da ki\u015finin yer ald\u0131\u011f\u0131 y\u00fcr\u00fcy\u00fc\u015fte renkli g\u00f6r\u00fcnt\u00fcler olu\u015ftu.<\/p>\n<div id=\"ad_121\" data-channel=\"121\" data-advert=\"temedya\" data-rotation=\"120\" class=\"mb-3 text-center\"><\/div>\n<div id=\"ad_121_mobile\" data-channel=\"121\" data-advert=\"temedya\" data-rotation=\"120\" class=\"mb-3 text-center\"><\/div>\n<p><img loading=\"lazy\" decoding=\"async\" alt=\"Whatsapp Image 2026 04 25 At 13.40.19\" class=\"detail-photo img-fluid\" height=\"1066\" src=\"https:\/\/mhahabercom.teimg.com\/mhahaber-com\/uploads\/2026\/04\/whatsapp-image-2026-04-25-at-134019.jpeg\" width=\"1600\" \/><\/p>\n<p><strong>Sad\u0131ko\u011flu da y\u00fcr\u00fcy\u00fc\u015fe kat\u0131ld\u0131: \u201cFark\u0131ndal\u0131k amac\u0131 ta\u015f\u0131yan her etkinli\u011fe deste\u011fiz\u201d<\/strong><\/p>\n<p>Y\u00fcr\u00fcy\u00fc\u015fe kat\u0131larak destek veren \u0130skele Belediye Ba\u015fkan\u0131 Hasan Sad\u0131ko\u011flu buradaki konu\u015fmas\u0131nda, bu t\u00fcr faaliyetlerin fark\u0131ndal\u0131k yaratman\u0131n yan\u0131 s\u0131ra erken te\u015fhisin yayg\u0131nla\u015fmas\u0131na da katk\u0131 sa\u011flad\u0131\u011f\u0131n\u0131 belirtti. Sad\u0131ko\u011flu ayr\u0131ca, \u0130skele\u2019de bu t\u00fcr sosyal sorumluluk projelerine destek vermeyi s\u00fcrd\u00fcreceklerini, \u00f6zellikle kanserle m\u00fccadele konusunda yap\u0131lan her etkinli\u011fin yan\u0131nda olmaya devam edeceklerini dile getirdi.<\/p>\n<p><img loading=\"lazy\" decoding=\"async\" alt=\"Whatsapp Image 2026 04 25 At 13.40.20 (1)\" class=\"detail-photo img-fluid\" height=\"1066\" src=\"https:\/\/mhahabercom.teimg.com\/mhahaber-com\/uploads\/2026\/04\/whatsapp-image-2026-04-25-at-134020-1.jpeg\" width=\"1600\" \/><\/p>\n<p>Kanser Hastalar\u0131na Yard\u0131m Derne\u011fi \u0130skele G\u00f6n\u00fcll\u00fcs\u00fc Ersin Nizam yapt\u0131\u011f\u0131 konu\u015fmada, fark\u0131ndal\u0131k ay\u0131 kapsam\u0131nda ger\u00e7ekle\u015ftirdikleri y\u00fcr\u00fcy\u00fc\u015fle kansere kar\u015f\u0131 toplumsal bilin\u00e7 olu\u015fturmay\u0131 hedeflediklerini belirtti. Etkinlik kapsam\u0131nda y\u00fcr\u00fcy\u00fc\u015fe kat\u0131lanlar aras\u0131nda \u00e7ekili\u015f d\u00fczenlendi. \u00c7ekili\u015flerin g\u00f6\u011f\u00fcs numaralar\u0131na g\u00f6re yap\u0131ld\u0131\u011f\u0131 etkinlikte, genel tahlil hizmeti, meme ultrasonu (USG) ve mamografi hizmeti hediye edildi. Ayr\u0131ca kat\u0131l\u0131mc\u0131lara \u00e7e\u015fitli hediyeler de da\u011f\u0131t\u0131ld\u0131.<\/p>\n<\/p>\n<div class=\"article-source py-3 small \">\n                <\/div>\n","protected":false},"excerpt":{"rendered":"<p>Sad\u0131ko\u011flu da y\u00fcr\u00fcy\u00fc\u015fe kat\u0131ld\u0131: \u201cFark\u0131ndal\u0131k amac\u0131 ta\u015f\u0131yan her etkinli\u011fe deste\u011fiz\u201d \u0130skele\u2019de \u201cKansere Kar\u015f\u0131 Elele Fark\u0131ndal\u0131k Y\u00fcr\u00fcy\u00fc\u015f\u00fc\u201d d\u00fczenlendi. Kanser Hastalar\u0131na Yard\u0131m Derne\u011fi \u0130skele G\u00f6n\u00fcll\u00fcleri taraf\u0131ndan d\u00fczenlenen y\u00fcr\u00fcy\u00fc\u015fe \u0130skele Belediye Ba\u015fkan\u0131 Hasan Sad\u0131ko\u011flu da e\u015fi \u00d6zlem Sad\u0131ko\u011flu ile birlikte kat\u0131ld\u0131. Kansere kar\u015f\u0131 elele fark\u0131ndal\u0131k y\u00fcr\u00fcy\u00fc\u015f\u00fc Kanser Hastalar\u0131na Yard\u0131m Derne\u011fi \u0130skele G\u00f6n\u00fcll\u00fcleri d\u00fcn (24 Nisan) kansere kar\u015f\u0131 elele<\/p>\n","protected":false},"author":1,"featured_media":111231,"comment_status":"open","ping_status":"open","sticky":false,"template":"","format":"standard","meta":{"footnotes":""},"categories":[81],"tags":[],"class_list":["post-111230","post","type-post","status-publish","format-standard","has-post-thumbnail","hentry","category-kibris"],"yoast_head":"<!-- This site is optimized with the Yoast SEO plugin v27.5 - https:\/\/yoast.com\/product\/yoast-seo-wordpress\/ -->\n<title>SADIKO\u011eLU: FARKINDALIK AMACI TA\u015eIYAN HER ETK\u0130NL\u0130\u011eE DESTE\u011e\u0130Z -<\/title>\n<meta name=\"robots\" content=\"index, follow, max-snippet:-1, max-image-preview:large, max-video-preview:-1\" \/>\n<link rel=\"canonical\" href=\"https:\/\/kibrisdakik.com\/?p=111230\" \/>\n<meta property=\"og:locale\" content=\"tr_TR\" \/>\n<meta property=\"og:type\" content=\"article\" \/>\n<meta property=\"og:title\" content=\"SADIKO\u011eLU: FARKINDALIK AMACI TA\u015eIYAN HER ETK\u0130NL\u0130\u011eE DESTE\u011e\u0130Z -\" \/>\n<meta property=\"og:description\" content=\"Sad\u0131ko\u011flu da y\u00fcr\u00fcy\u00fc\u015fe kat\u0131ld\u0131: \u201cFark\u0131ndal\u0131k amac\u0131 ta\u015f\u0131yan her etkinli\u011fe deste\u011fiz\u201d \u0130skele\u2019de \u201cKansere Kar\u015f\u0131 Elele Fark\u0131ndal\u0131k Y\u00fcr\u00fcy\u00fc\u015f\u00fc\u201d d\u00fczenlendi. Kanser Hastalar\u0131na Yard\u0131m Derne\u011fi \u0130skele G\u00f6n\u00fcll\u00fcleri taraf\u0131ndan d\u00fczenlenen y\u00fcr\u00fcy\u00fc\u015fe \u0130skele Belediye Ba\u015fkan\u0131 Hasan Sad\u0131ko\u011flu da e\u015fi \u00d6zlem Sad\u0131ko\u011flu ile birlikte kat\u0131ld\u0131. Kansere kar\u015f\u0131 elele fark\u0131ndal\u0131k y\u00fcr\u00fcy\u00fc\u015f\u00fc Kanser Hastalar\u0131na Yard\u0131m Derne\u011fi \u0130skele G\u00f6n\u00fcll\u00fcleri d\u00fcn (24 Nisan) kansere kar\u015f\u0131 elele\" \/>\n<meta property=\"og:url\" content=\"https:\/\/kibrisdakik.com\/?p=111230\" \/>\n<meta property=\"article:published_time\" content=\"2026-04-25T11:22:16+00:00\" \/>\n<meta property=\"og:image\" content=\"https:\/\/mhahabercom.teimg.com\/mhahaber-com\/uploads\/2026\/04\/whatsapp-image-2026-04-25-at-134020.jpeg\" \/>\n<meta name=\"author\" content=\"admin\" \/>\n<meta name=\"twitter:card\" content=\"summary_large_image\" \/>\n<meta name=\"twitter:label1\" content=\"Yazan:\" \/>\n\t<meta name=\"twitter:data1\" content=\"admin\" \/>\n\t<meta name=\"twitter:label2\" content=\"Tahmini okuma s\u00fcresi\" \/>\n\t<meta name=\"twitter:data2\" content=\"2 dakika\" \/>\n<script type=\"application\/ld+json\" class=\"yoast-schema-graph\">{\"@context\":\"https:\\\/\\\/schema.org\",\"@graph\":[{\"@type\":\"Article\",\"@id\":\"https:\\\/\\\/kibrisdakik.com\\\/?p=111230#article\",\"isPartOf\":{\"@id\":\"https:\\\/\\\/kibrisdakik.com\\\/?p=111230\"},\"author\":{\"name\":\"admin\",\"@id\":\"https:\\\/\\\/kibrisdakik.com\\\/#\\\/schema\\\/person\\\/9cd9d437bbb44f72b73ba127e06d8e79\"},\"headline\":\"SADIKO\u011eLU: FARKINDALIK AMACI TA\u015eIYAN HER ETK\u0130NL\u0130\u011eE DESTE\u011e\u0130Z\",\"datePublished\":\"2026-04-25T11:22:16+00:00\",\"mainEntityOfPage\":{\"@id\":\"https:\\\/\\\/kibrisdakik.com\\\/?p=111230\"},\"wordCount\":378,\"commentCount\":0,\"image\":{\"@id\":\"https:\\\/\\\/kibrisdakik.com\\\/?p=111230#primaryimage\"},\"thumbnailUrl\":\"https:\\\/\\\/kibrisdakik.com\\\/wp-content\\\/uploads\\\/2026\\\/04\\\/mha-sari-beyaz-4958.png\",\"articleSection\":[\"K\u0131br\u0131s\"],\"inLanguage\":\"tr\",\"potentialAction\":[{\"@type\":\"CommentAction\",\"name\":\"Comment\",\"target\":[\"https:\\\/\\\/kibrisdakik.com\\\/?p=111230#respond\"]}]},{\"@type\":\"WebPage\",\"@id\":\"https:\\\/\\\/kibrisdakik.com\\\/?p=111230\",\"url\":\"https:\\\/\\\/kibrisdakik.com\\\/?p=111230\",\"name\":\"SADIKO\u011eLU: FARKINDALIK AMACI TA\u015eIYAN HER ETK\u0130NL\u0130\u011eE DESTE\u011e\u0130Z -\",\"isPartOf\":{\"@id\":\"https:\\\/\\\/kibrisdakik.com\\\/#website\"},\"primaryImageOfPage\":{\"@id\":\"https:\\\/\\\/kibrisdakik.com\\\/?p=111230#primaryimage\"},\"image\":{\"@id\":\"https:\\\/\\\/kibrisdakik.com\\\/?p=111230#primaryimage\"},\"thumbnailUrl\":\"https:\\\/\\\/kibrisdakik.com\\\/wp-content\\\/uploads\\\/2026\\\/04\\\/mha-sari-beyaz-4958.png\",\"datePublished\":\"2026-04-25T11:22:16+00:00\",\"author\":{\"@id\":\"https:\\\/\\\/kibrisdakik.com\\\/#\\\/schema\\\/person\\\/9cd9d437bbb44f72b73ba127e06d8e79\"},\"breadcrumb\":{\"@id\":\"https:\\\/\\\/kibrisdakik.com\\\/?p=111230#breadcrumb\"},\"inLanguage\":\"tr\",\"potentialAction\":[{\"@type\":\"ReadAction\",\"target\":[\"https:\\\/\\\/kibrisdakik.com\\\/?p=111230\"]}]},{\"@type\":\"ImageObject\",\"inLanguage\":\"tr\",\"@id\":\"https:\\\/\\\/kibrisdakik.com\\\/?p=111230#primaryimage\",\"url\":\"https:\\\/\\\/kibrisdakik.com\\\/wp-content\\\/uploads\\\/2026\\\/04\\\/mha-sari-beyaz-4958.png\",\"contentUrl\":\"https:\\\/\\\/kibrisdakik.com\\\/wp-content\\\/uploads\\\/2026\\\/04\\\/mha-sari-beyaz-4958.png\",\"width\":1280,\"height\":720},{\"@type\":\"BreadcrumbList\",\"@id\":\"https:\\\/\\\/kibrisdakik.com\\\/?p=111230#breadcrumb\",\"itemListElement\":[{\"@type\":\"ListItem\",\"position\":1,\"name\":\"Home\",\"item\":\"https:\\\/\\\/kibrisdakik.com\\\/\"},{\"@type\":\"ListItem\",\"position\":2,\"name\":\"SADIKO\u011eLU: FARKINDALIK AMACI TA\u015eIYAN HER ETK\u0130NL\u0130\u011eE DESTE\u011e\u0130Z\"}]},{\"@type\":\"WebSite\",\"@id\":\"https:\\\/\\\/kibrisdakik.com\\\/#website\",\"url\":\"https:\\\/\\\/kibrisdakik.com\\\/\",\"name\":\"\",\"description\":\"Tam vaktinde haber\",\"potentialAction\":[{\"@type\":\"SearchAction\",\"target\":{\"@type\":\"EntryPoint\",\"urlTemplate\":\"https:\\\/\\\/kibrisdakik.com\\\/?s={search_term_string}\"},\"query-input\":{\"@type\":\"PropertyValueSpecification\",\"valueRequired\":true,\"valueName\":\"search_term_string\"}}],\"inLanguage\":\"tr\"},{\"@type\":\"Person\",\"@id\":\"https:\\\/\\\/kibrisdakik.com\\\/#\\\/schema\\\/person\\\/9cd9d437bbb44f72b73ba127e06d8e79\",\"name\":\"admin\",\"image\":{\"@type\":\"ImageObject\",\"inLanguage\":\"tr\",\"@id\":\"https:\\\/\\\/secure.gravatar.com\\\/avatar\\\/ccc17943b9d660506c869530f897617f7cb1c21a4bf30023f252596d83e1f007?s=96&d=mm&r=g\",\"url\":\"https:\\\/\\\/secure.gravatar.com\\\/avatar\\\/ccc17943b9d660506c869530f897617f7cb1c21a4bf30023f252596d83e1f007?s=96&d=mm&r=g\",\"contentUrl\":\"https:\\\/\\\/secure.gravatar.com\\\/avatar\\\/ccc17943b9d660506c869530f897617f7cb1c21a4bf30023f252596d83e1f007?s=96&d=mm&r=g\",\"caption\":\"admin\"},\"sameAs\":[\"https:\\\/\\\/kibrisdakik.com\"],\"url\":\"https:\\\/\\\/kibrisdakik.com\\\/?author=1\"}]}<\/script>\n<!-- \/ Yoast SEO plugin. -->","yoast_head_json":{"title":"SADIKO\u011eLU: FARKINDALIK AMACI TA\u015eIYAN HER ETK\u0130NL\u0130\u011eE DESTE\u011e\u0130Z -","robots":{"index":"index","follow":"follow","max-snippet":"max-snippet:-1","max-image-preview":"max-image-preview:large","max-video-preview":"max-video-preview:-1"},"canonical":"https:\/\/kibrisdakik.com\/?p=111230","og_locale":"tr_TR","og_type":"article","og_title":"SADIKO\u011eLU: FARKINDALIK AMACI TA\u015eIYAN HER ETK\u0130NL\u0130\u011eE DESTE\u011e\u0130Z -","og_description":"Sad\u0131ko\u011flu da y\u00fcr\u00fcy\u00fc\u015fe kat\u0131ld\u0131: \u201cFark\u0131ndal\u0131k amac\u0131 ta\u015f\u0131yan her etkinli\u011fe deste\u011fiz\u201d \u0130skele\u2019de \u201cKansere Kar\u015f\u0131 Elele Fark\u0131ndal\u0131k Y\u00fcr\u00fcy\u00fc\u015f\u00fc\u201d d\u00fczenlendi. Kanser Hastalar\u0131na Yard\u0131m Derne\u011fi \u0130skele G\u00f6n\u00fcll\u00fcleri taraf\u0131ndan d\u00fczenlenen y\u00fcr\u00fcy\u00fc\u015fe \u0130skele Belediye Ba\u015fkan\u0131 Hasan Sad\u0131ko\u011flu da e\u015fi \u00d6zlem Sad\u0131ko\u011flu ile birlikte kat\u0131ld\u0131. Kansere kar\u015f\u0131 elele fark\u0131ndal\u0131k y\u00fcr\u00fcy\u00fc\u015f\u00fc Kanser Hastalar\u0131na Yard\u0131m Derne\u011fi \u0130skele G\u00f6n\u00fcll\u00fcleri d\u00fcn (24 Nisan) kansere kar\u015f\u0131 elele","og_url":"https:\/\/kibrisdakik.com\/?p=111230","article_published_time":"2026-04-25T11:22:16+00:00","og_image":[{"url":"https:\/\/mhahabercom.teimg.com\/mhahaber-com\/uploads\/2026\/04\/whatsapp-image-2026-04-25-at-134020.jpeg","type":"","width":"","height":""}],"author":"admin","twitter_card":"summary_large_image","twitter_misc":{"Yazan:":"admin","Tahmini okuma s\u00fcresi":"2 dakika"},"schema":{"@context":"https:\/\/schema.org","@graph":[{"@type":"Article","@id":"https:\/\/kibrisdakik.com\/?p=111230#article","isPartOf":{"@id":"https:\/\/kibrisdakik.com\/?p=111230"},"author":{"name":"admin","@id":"https:\/\/kibrisdakik.com\/#\/schema\/person\/9cd9d437bbb44f72b73ba127e06d8e79"},"headline":"SADIKO\u011eLU: FARKINDALIK AMACI TA\u015eIYAN HER ETK\u0130NL\u0130\u011eE DESTE\u011e\u0130Z","datePublished":"2026-04-25T11:22:16+00:00","mainEntityOfPage":{"@id":"https:\/\/kibrisdakik.com\/?p=111230"},"wordCount":378,"commentCount":0,"image":{"@id":"https:\/\/kibrisdakik.com\/?p=111230#primaryimage"},"thumbnailUrl":"https:\/\/kibrisdakik.com\/wp-content\/uploads\/2026\/04\/mha-sari-beyaz-4958.png","articleSection":["K\u0131br\u0131s"],"inLanguage":"tr","potentialAction":[{"@type":"CommentAction","name":"Comment","target":["https:\/\/kibrisdakik.com\/?p=111230#respond"]}]},{"@type":"WebPage","@id":"https:\/\/kibrisdakik.com\/?p=111230","url":"https:\/\/kibrisdakik.com\/?p=111230","name":"SADIKO\u011eLU: FARKINDALIK AMACI TA\u015eIYAN HER ETK\u0130NL\u0130\u011eE DESTE\u011e\u0130Z -","isPartOf":{"@id":"https:\/\/kibrisdakik.com\/#website"},"primaryImageOfPage":{"@id":"https:\/\/kibrisdakik.com\/?p=111230#primaryimage"},"image":{"@id":"https:\/\/kibrisdakik.com\/?p=111230#primaryimage"},"thumbnailUrl":"https:\/\/kibrisdakik.com\/wp-content\/uploads\/2026\/04\/mha-sari-beyaz-4958.png","datePublished":"2026-04-25T11:22:16+00:00","author":{"@id":"https:\/\/kibrisdakik.com\/#\/schema\/person\/9cd9d437bbb44f72b73ba127e06d8e79"},"breadcrumb":{"@id":"https:\/\/kibrisdakik.com\/?p=111230#breadcrumb"},"inLanguage":"tr","potentialAction":[{"@type":"ReadAction","target":["https:\/\/kibrisdakik.com\/?p=111230"]}]},{"@type":"ImageObject","inLanguage":"tr","@id":"https:\/\/kibrisdakik.com\/?p=111230#primaryimage","url":"https:\/\/kibrisdakik.com\/wp-content\/uploads\/2026\/04\/mha-sari-beyaz-4958.png","contentUrl":"https:\/\/kibrisdakik.com\/wp-content\/uploads\/2026\/04\/mha-sari-beyaz-4958.png","width":1280,"height":720},{"@type":"BreadcrumbList","@id":"https:\/\/kibrisdakik.com\/?p=111230#breadcrumb","itemListElement":[{"@type":"ListItem","position":1,"name":"Home","item":"https:\/\/kibrisdakik.com\/"},{"@type":"ListItem","position":2,"name":"SADIKO\u011eLU: FARKINDALIK AMACI TA\u015eIYAN HER ETK\u0130NL\u0130\u011eE DESTE\u011e\u0130Z"}]},{"@type":"WebSite","@id":"https:\/\/kibrisdakik.com\/#website","url":"https:\/\/kibrisdakik.com\/","name":"","description":"Tam vaktinde haber","potentialAction":[{"@type":"SearchAction","target":{"@type":"EntryPoint","urlTemplate":"https:\/\/kibrisdakik.com\/?s={search_term_string}"},"query-input":{"@type":"PropertyValueSpecification","valueRequired":true,"valueName":"search_term_string"}}],"inLanguage":"tr"},{"@type":"Person","@id":"https:\/\/kibrisdakik.com\/#\/schema\/person\/9cd9d437bbb44f72b73ba127e06d8e79","name":"admin","image":{"@type":"ImageObject","inLanguage":"tr","@id":"https:\/\/secure.gravatar.com\/avatar\/ccc17943b9d660506c869530f897617f7cb1c21a4bf30023f252596d83e1f007?s=96&d=mm&r=g","url":"https:\/\/secure.gravatar.com\/avatar\/ccc17943b9d660506c869530f897617f7cb1c21a4bf30023f252596d83e1f007?s=96&d=mm&r=g","contentUrl":"https:\/\/secure.gravatar.com\/avatar\/ccc17943b9d660506c869530f897617f7cb1c21a4bf30023f252596d83e1f007?s=96&d=mm&r=g","caption":"admin"},"sameAs":["https:\/\/kibrisdakik.com"],"url":"https:\/\/kibrisdakik.com\/?author=1"}]}},"_links":{"self":[{"href":"https:\/\/kibrisdakik.com\/index.php?rest_route=\/wp\/v2\/posts\/111230","targetHints":{"allow":["GET"]}}],"collection":[{"href":"https:\/\/kibrisdakik.com\/index.php?rest_route=\/wp\/v2\/posts"}],"about":[{"href":"https:\/\/kibrisdakik.com\/index.php?rest_route=\/wp\/v2\/types\/post"}],"author":[{"embeddable":true,"href":"https:\/\/kibrisdakik.com\/index.php?rest_route=\/wp\/v2\/users\/1"}],"replies":[{"embeddable":true,"href":"https:\/\/kibrisdakik.com\/index.php?rest_route=%2Fwp%2Fv2%2Fcomments&post=111230"}],"version-history":[{"count":0,"href":"https:\/\/kibrisdakik.com\/index.php?rest_route=\/wp\/v2\/posts\/111230\/revisions"}],"wp:featuredmedia":[{"embeddable":true,"href":"https:\/\/kibrisdakik.com\/index.php?rest_route=\/wp\/v2\/media\/111231"}],"wp:attachment":[{"href":"https:\/\/kibrisdakik.com\/index.php?rest_route=%2Fwp%2Fv2%2Fmedia&parent=111230"}],"wp:term":[{"taxonomy":"category","embeddable":true,"href":"https:\/\/kibrisdakik.com\/index.php?rest_route=%2Fwp%2Fv2%2Fcategories&post=111230"},{"taxonomy":"post_tag","embeddable":true,"href":"https:\/\/kibrisdakik.com\/index.php?rest_route=%2Fwp%2Fv2%2Ftags&post=111230"}],"curies":[{"name":"wp","href":"https:\/\/api.w.org\/{rel}","templated":true}]}}