{"id":111234,"date":"2026-04-25T14:58:33","date_gmt":"2026-04-25T11:58:33","guid":{"rendered":"https:\/\/kibrisdakik.com\/?p=111234"},"modified":"2026-04-25T14:58:33","modified_gmt":"2026-04-25T11:58:33","slug":"14-mormenekse-enginar-festivali-basbakan-ustel-tarafindan-acildi","status":"publish","type":"post","link":"https:\/\/kibrisdakik.com\/?p=111234","title":{"rendered":"14. MORMENEK\u015eE ENG\u0130NAR FEST\u0130VAL\u0130 BA\u015eBAKAN \u00dcSTEL TARAFINDAN A\u00c7ILDI"},"content":{"rendered":"<div data-text-id=\"200754\" property=\"articleBody\">\n<p>Erg\u00fcn Yahat<br \/>&#13;<br \/>\nMormenek\u015fe\u2019de geleneksel hale gelen Enginar Festivali\u2019nin 14\u2019\u00fcnc\u00fcs\u00fc, Ba\u015fbakan \u00dcnal \u00dcstel\u2019in kat\u0131l\u0131m\u0131yla d\u00fczenlenen t\u00f6renle ba\u015flad\u0131. A\u00e7\u0131l\u0131\u015fa bakanlar, milletvekilleri, belediye ba\u015fkanlar\u0131, baz\u0131 parti genel ba\u015fkanlar\u0131 ile Gazima\u011fusa UBP \u0130l\u00e7e Ba\u015fkan\u0131 Nahit \u00d6nc\u00fc de kat\u0131ld\u0131.<br \/>&#13;<br \/>\n25-26 Nisan tarihleri aras\u0131nda \u201ceko g\u00fcn\u201d temas\u0131yla ger\u00e7ekle\u015ftirilen festival, iki g\u00fcn boyunca ziyaret\u00e7ilere dolu dolu bir program sunacak.<\/p>\n<p><img loading=\"lazy\" decoding=\"async\" class=\"\" height=\"505\" src=\"https:\/\/mhahabercom.teimg.com\/mhahaber-com\/uploads\/2026\/04\/mhafoto-8727.png\" width=\"860\"\/><\/p>\n<p>Festival kapsam\u0131nda sergiler, konserler, spor turnuvalar\u0131, dans g\u00f6sterileri ve yemek yar\u0131\u015fmalar\u0131n\u0131n yan\u0131 s\u0131ra \u00e7e\u015fitli k\u00fclt\u00fcrel etkinlikler yer alacak.<img loading=\"lazy\" decoding=\"async\" height=\"1500\" src=\"https:\/\/mhahabercom.teimg.com\/mhahaber-com\/uploads\/2026\/04\/whatsapp-image-2026-04-25-at-144041.jpeg\" width=\"2000\"\/><br \/>&#13;<br \/>\nEtkinlik alan\u0131nda kurulacak stantlarda yiyecek-i\u00e7ecek \u00fcr\u00fcnleri ile yerel \u00fcreticilerin haz\u0131rlad\u0131\u011f\u0131 \u00fcr\u00fcnler de ziyaret\u00e7ilerin be\u011fenisine sunulacak. Organizasyon yetkilileri, festivalin bu y\u0131l da yo\u011fun kat\u0131l\u0131mla renkli g\u00f6r\u00fcnt\u00fclere sahne olmas\u0131n\u0131n beklendi\u011fini belirtti.<img loading=\"lazy\" decoding=\"async\" height=\"1500\" src=\"https:\/\/mhahabercom.teimg.com\/mhahaber-com\/uploads\/2026\/04\/whatsapp-image-2026-04-25-at-144041-1.jpeg\" width=\"2000\"\/><br \/>&#13;<br \/>\nFestival s\u00fcresince d\u00fczenlenecek yar\u0131\u015fmalar, k\u00fclt\u00fcrel aktiviteler ve g\u00f6sterilerle birlikte, kurulan stantlar\u0131n ziyaret\u00e7ilere a\u00e7\u0131k olaca\u011f\u0131 ve b\u00f6lge ekonomisine de katk\u0131 sa\u011flanaca\u011f\u0131 ifade edildi.<img loading=\"lazy\" decoding=\"async\" height=\"1500\" src=\"https:\/\/mhahabercom.teimg.com\/mhahaber-com\/uploads\/2026\/04\/whatsapp-image-2026-04-25-at-144041-2.jpeg\" width=\"2000\"\/><\/p>\n<\/p><\/div>\n","protected":false},"excerpt":{"rendered":"<p>Erg\u00fcn Yahat&#13; Mormenek\u015fe\u2019de geleneksel hale gelen Enginar Festivali\u2019nin 14\u2019\u00fcnc\u00fcs\u00fc, Ba\u015fbakan \u00dcnal \u00dcstel\u2019in kat\u0131l\u0131m\u0131yla d\u00fczenlenen t\u00f6renle ba\u015flad\u0131. A\u00e7\u0131l\u0131\u015fa bakanlar, milletvekilleri, belediye ba\u015fkanlar\u0131, baz\u0131 parti genel ba\u015fkanlar\u0131 ile Gazima\u011fusa UBP \u0130l\u00e7e Ba\u015fkan\u0131 Nahit \u00d6nc\u00fc de kat\u0131ld\u0131.&#13; 25-26 Nisan tarihleri aras\u0131nda \u201ceko g\u00fcn\u201d temas\u0131yla ger\u00e7ekle\u015ftirilen festival, iki g\u00fcn boyunca ziyaret\u00e7ilere dolu dolu bir program sunacak. Festival kapsam\u0131nda sergiler,<\/p>\n","protected":false},"author":1,"featured_media":111235,"comment_status":"open","ping_status":"open","sticky":false,"template":"","format":"standard","meta":{"footnotes":""},"categories":[81],"tags":[],"class_list":["post-111234","post","type-post","status-publish","format-standard","has-post-thumbnail","hentry","category-kibris"],"yoast_head":"<!-- This site is optimized with the Yoast SEO plugin v27.4 - https:\/\/yoast.com\/product\/yoast-seo-wordpress\/ -->\n<title>14. MORMENEK\u015eE ENG\u0130NAR FEST\u0130VAL\u0130 BA\u015eBAKAN \u00dcSTEL TARAFINDAN A\u00c7ILDI -<\/title>\n<meta name=\"robots\" content=\"index, follow, max-snippet:-1, max-image-preview:large, max-video-preview:-1\" \/>\n<link rel=\"canonical\" href=\"https:\/\/kibrisdakik.com\/?p=111234\" \/>\n<meta property=\"og:locale\" content=\"tr_TR\" \/>\n<meta property=\"og:type\" content=\"article\" \/>\n<meta property=\"og:title\" content=\"14. MORMENEK\u015eE ENG\u0130NAR FEST\u0130VAL\u0130 BA\u015eBAKAN \u00dcSTEL TARAFINDAN A\u00c7ILDI -\" \/>\n<meta property=\"og:description\" content=\"Erg\u00fcn Yahat&#013; Mormenek\u015fe\u2019de geleneksel hale gelen Enginar Festivali\u2019nin 14\u2019\u00fcnc\u00fcs\u00fc, Ba\u015fbakan \u00dcnal \u00dcstel\u2019in kat\u0131l\u0131m\u0131yla d\u00fczenlenen t\u00f6renle ba\u015flad\u0131. A\u00e7\u0131l\u0131\u015fa bakanlar, milletvekilleri, belediye ba\u015fkanlar\u0131, baz\u0131 parti genel ba\u015fkanlar\u0131 ile Gazima\u011fusa UBP \u0130l\u00e7e Ba\u015fkan\u0131 Nahit \u00d6nc\u00fc de kat\u0131ld\u0131.&#013; 25-26 Nisan tarihleri aras\u0131nda \u201ceko g\u00fcn\u201d temas\u0131yla ger\u00e7ekle\u015ftirilen festival, iki g\u00fcn boyunca ziyaret\u00e7ilere dolu dolu bir program sunacak. Festival kapsam\u0131nda sergiler,\" \/>\n<meta property=\"og:url\" content=\"https:\/\/kibrisdakik.com\/?p=111234\" \/>\n<meta property=\"article:published_time\" content=\"2026-04-25T11:58:33+00:00\" \/>\n<meta property=\"og:image\" content=\"https:\/\/mhahabercom.teimg.com\/mhahaber-com\/uploads\/2026\/04\/whatsapp-image-2026-04-25-at-144041-3.jpeg\" \/>\n<meta name=\"author\" content=\"admin\" \/>\n<meta name=\"twitter:card\" content=\"summary_large_image\" \/>\n<meta name=\"twitter:label1\" content=\"Yazan:\" \/>\n\t<meta name=\"twitter:data1\" content=\"admin\" \/>\n\t<meta name=\"twitter:label2\" content=\"Tahmini okuma s\u00fcresi\" \/>\n\t<meta name=\"twitter:data2\" content=\"1 dakika\" \/>\n<script type=\"application\/ld+json\" class=\"yoast-schema-graph\">{\"@context\":\"https:\\\/\\\/schema.org\",\"@graph\":[{\"@type\":\"Article\",\"@id\":\"https:\\\/\\\/kibrisdakik.com\\\/?p=111234#article\",\"isPartOf\":{\"@id\":\"https:\\\/\\\/kibrisdakik.com\\\/?p=111234\"},\"author\":{\"name\":\"admin\",\"@id\":\"https:\\\/\\\/kibrisdakik.com\\\/#\\\/schema\\\/person\\\/9cd9d437bbb44f72b73ba127e06d8e79\"},\"headline\":\"14. MORMENEK\u015eE ENG\u0130NAR FEST\u0130VAL\u0130 BA\u015eBAKAN \u00dcSTEL TARAFINDAN A\u00c7ILDI\",\"datePublished\":\"2026-04-25T11:58:33+00:00\",\"mainEntityOfPage\":{\"@id\":\"https:\\\/\\\/kibrisdakik.com\\\/?p=111234\"},\"wordCount\":198,\"commentCount\":0,\"image\":{\"@id\":\"https:\\\/\\\/kibrisdakik.com\\\/?p=111234#primaryimage\"},\"thumbnailUrl\":\"https:\\\/\\\/kibrisdakik.com\\\/wp-content\\\/uploads\\\/2026\\\/04\\\/mha-sari-beyaz-4960.png\",\"articleSection\":[\"K\u0131br\u0131s\"],\"inLanguage\":\"tr\",\"potentialAction\":[{\"@type\":\"CommentAction\",\"name\":\"Comment\",\"target\":[\"https:\\\/\\\/kibrisdakik.com\\\/?p=111234#respond\"]}]},{\"@type\":\"WebPage\",\"@id\":\"https:\\\/\\\/kibrisdakik.com\\\/?p=111234\",\"url\":\"https:\\\/\\\/kibrisdakik.com\\\/?p=111234\",\"name\":\"14. MORMENEK\u015eE ENG\u0130NAR FEST\u0130VAL\u0130 BA\u015eBAKAN \u00dcSTEL TARAFINDAN A\u00c7ILDI -\",\"isPartOf\":{\"@id\":\"https:\\\/\\\/kibrisdakik.com\\\/#website\"},\"primaryImageOfPage\":{\"@id\":\"https:\\\/\\\/kibrisdakik.com\\\/?p=111234#primaryimage\"},\"image\":{\"@id\":\"https:\\\/\\\/kibrisdakik.com\\\/?p=111234#primaryimage\"},\"thumbnailUrl\":\"https:\\\/\\\/kibrisdakik.com\\\/wp-content\\\/uploads\\\/2026\\\/04\\\/mha-sari-beyaz-4960.png\",\"datePublished\":\"2026-04-25T11:58:33+00:00\",\"author\":{\"@id\":\"https:\\\/\\\/kibrisdakik.com\\\/#\\\/schema\\\/person\\\/9cd9d437bbb44f72b73ba127e06d8e79\"},\"breadcrumb\":{\"@id\":\"https:\\\/\\\/kibrisdakik.com\\\/?p=111234#breadcrumb\"},\"inLanguage\":\"tr\",\"potentialAction\":[{\"@type\":\"ReadAction\",\"target\":[\"https:\\\/\\\/kibrisdakik.com\\\/?p=111234\"]}]},{\"@type\":\"ImageObject\",\"inLanguage\":\"tr\",\"@id\":\"https:\\\/\\\/kibrisdakik.com\\\/?p=111234#primaryimage\",\"url\":\"https:\\\/\\\/kibrisdakik.com\\\/wp-content\\\/uploads\\\/2026\\\/04\\\/mha-sari-beyaz-4960.png\",\"contentUrl\":\"https:\\\/\\\/kibrisdakik.com\\\/wp-content\\\/uploads\\\/2026\\\/04\\\/mha-sari-beyaz-4960.png\",\"width\":1280,\"height\":720},{\"@type\":\"BreadcrumbList\",\"@id\":\"https:\\\/\\\/kibrisdakik.com\\\/?p=111234#breadcrumb\",\"itemListElement\":[{\"@type\":\"ListItem\",\"position\":1,\"name\":\"Home\",\"item\":\"https:\\\/\\\/kibrisdakik.com\\\/\"},{\"@type\":\"ListItem\",\"position\":2,\"name\":\"14. MORMENEK\u015eE ENG\u0130NAR FEST\u0130VAL\u0130 BA\u015eBAKAN \u00dcSTEL TARAFINDAN A\u00c7ILDI\"}]},{\"@type\":\"WebSite\",\"@id\":\"https:\\\/\\\/kibrisdakik.com\\\/#website\",\"url\":\"https:\\\/\\\/kibrisdakik.com\\\/\",\"name\":\"\",\"description\":\"Tam vaktinde haber\",\"potentialAction\":[{\"@type\":\"SearchAction\",\"target\":{\"@type\":\"EntryPoint\",\"urlTemplate\":\"https:\\\/\\\/kibrisdakik.com\\\/?s={search_term_string}\"},\"query-input\":{\"@type\":\"PropertyValueSpecification\",\"valueRequired\":true,\"valueName\":\"search_term_string\"}}],\"inLanguage\":\"tr\"},{\"@type\":\"Person\",\"@id\":\"https:\\\/\\\/kibrisdakik.com\\\/#\\\/schema\\\/person\\\/9cd9d437bbb44f72b73ba127e06d8e79\",\"name\":\"admin\",\"image\":{\"@type\":\"ImageObject\",\"inLanguage\":\"tr\",\"@id\":\"https:\\\/\\\/secure.gravatar.com\\\/avatar\\\/ccc17943b9d660506c869530f897617f7cb1c21a4bf30023f252596d83e1f007?s=96&d=mm&r=g\",\"url\":\"https:\\\/\\\/secure.gravatar.com\\\/avatar\\\/ccc17943b9d660506c869530f897617f7cb1c21a4bf30023f252596d83e1f007?s=96&d=mm&r=g\",\"contentUrl\":\"https:\\\/\\\/secure.gravatar.com\\\/avatar\\\/ccc17943b9d660506c869530f897617f7cb1c21a4bf30023f252596d83e1f007?s=96&d=mm&r=g\",\"caption\":\"admin\"},\"sameAs\":[\"https:\\\/\\\/kibrisdakik.com\"],\"url\":\"https:\\\/\\\/kibrisdakik.com\\\/?author=1\"}]}<\/script>\n<!-- \/ Yoast SEO plugin. -->","yoast_head_json":{"title":"14. MORMENEK\u015eE ENG\u0130NAR FEST\u0130VAL\u0130 BA\u015eBAKAN \u00dcSTEL TARAFINDAN A\u00c7ILDI -","robots":{"index":"index","follow":"follow","max-snippet":"max-snippet:-1","max-image-preview":"max-image-preview:large","max-video-preview":"max-video-preview:-1"},"canonical":"https:\/\/kibrisdakik.com\/?p=111234","og_locale":"tr_TR","og_type":"article","og_title":"14. MORMENEK\u015eE ENG\u0130NAR FEST\u0130VAL\u0130 BA\u015eBAKAN \u00dcSTEL TARAFINDAN A\u00c7ILDI -","og_description":"Erg\u00fcn Yahat&#13; Mormenek\u015fe\u2019de geleneksel hale gelen Enginar Festivali\u2019nin 14\u2019\u00fcnc\u00fcs\u00fc, Ba\u015fbakan \u00dcnal \u00dcstel\u2019in kat\u0131l\u0131m\u0131yla d\u00fczenlenen t\u00f6renle ba\u015flad\u0131. A\u00e7\u0131l\u0131\u015fa bakanlar, milletvekilleri, belediye ba\u015fkanlar\u0131, baz\u0131 parti genel ba\u015fkanlar\u0131 ile Gazima\u011fusa UBP \u0130l\u00e7e Ba\u015fkan\u0131 Nahit \u00d6nc\u00fc de kat\u0131ld\u0131.&#13; 25-26 Nisan tarihleri aras\u0131nda \u201ceko g\u00fcn\u201d temas\u0131yla ger\u00e7ekle\u015ftirilen festival, iki g\u00fcn boyunca ziyaret\u00e7ilere dolu dolu bir program sunacak. Festival kapsam\u0131nda sergiler,","og_url":"https:\/\/kibrisdakik.com\/?p=111234","article_published_time":"2026-04-25T11:58:33+00:00","og_image":[{"url":"https:\/\/mhahabercom.teimg.com\/mhahaber-com\/uploads\/2026\/04\/whatsapp-image-2026-04-25-at-144041-3.jpeg","type":"","width":"","height":""}],"author":"admin","twitter_card":"summary_large_image","twitter_misc":{"Yazan:":"admin","Tahmini okuma s\u00fcresi":"1 dakika"},"schema":{"@context":"https:\/\/schema.org","@graph":[{"@type":"Article","@id":"https:\/\/kibrisdakik.com\/?p=111234#article","isPartOf":{"@id":"https:\/\/kibrisdakik.com\/?p=111234"},"author":{"name":"admin","@id":"https:\/\/kibrisdakik.com\/#\/schema\/person\/9cd9d437bbb44f72b73ba127e06d8e79"},"headline":"14. MORMENEK\u015eE ENG\u0130NAR FEST\u0130VAL\u0130 BA\u015eBAKAN \u00dcSTEL TARAFINDAN A\u00c7ILDI","datePublished":"2026-04-25T11:58:33+00:00","mainEntityOfPage":{"@id":"https:\/\/kibrisdakik.com\/?p=111234"},"wordCount":198,"commentCount":0,"image":{"@id":"https:\/\/kibrisdakik.com\/?p=111234#primaryimage"},"thumbnailUrl":"https:\/\/kibrisdakik.com\/wp-content\/uploads\/2026\/04\/mha-sari-beyaz-4960.png","articleSection":["K\u0131br\u0131s"],"inLanguage":"tr","potentialAction":[{"@type":"CommentAction","name":"Comment","target":["https:\/\/kibrisdakik.com\/?p=111234#respond"]}]},{"@type":"WebPage","@id":"https:\/\/kibrisdakik.com\/?p=111234","url":"https:\/\/kibrisdakik.com\/?p=111234","name":"14. MORMENEK\u015eE ENG\u0130NAR FEST\u0130VAL\u0130 BA\u015eBAKAN \u00dcSTEL TARAFINDAN A\u00c7ILDI -","isPartOf":{"@id":"https:\/\/kibrisdakik.com\/#website"},"primaryImageOfPage":{"@id":"https:\/\/kibrisdakik.com\/?p=111234#primaryimage"},"image":{"@id":"https:\/\/kibrisdakik.com\/?p=111234#primaryimage"},"thumbnailUrl":"https:\/\/kibrisdakik.com\/wp-content\/uploads\/2026\/04\/mha-sari-beyaz-4960.png","datePublished":"2026-04-25T11:58:33+00:00","author":{"@id":"https:\/\/kibrisdakik.com\/#\/schema\/person\/9cd9d437bbb44f72b73ba127e06d8e79"},"breadcrumb":{"@id":"https:\/\/kibrisdakik.com\/?p=111234#breadcrumb"},"inLanguage":"tr","potentialAction":[{"@type":"ReadAction","target":["https:\/\/kibrisdakik.com\/?p=111234"]}]},{"@type":"ImageObject","inLanguage":"tr","@id":"https:\/\/kibrisdakik.com\/?p=111234#primaryimage","url":"https:\/\/kibrisdakik.com\/wp-content\/uploads\/2026\/04\/mha-sari-beyaz-4960.png","contentUrl":"https:\/\/kibrisdakik.com\/wp-content\/uploads\/2026\/04\/mha-sari-beyaz-4960.png","width":1280,"height":720},{"@type":"BreadcrumbList","@id":"https:\/\/kibrisdakik.com\/?p=111234#breadcrumb","itemListElement":[{"@type":"ListItem","position":1,"name":"Home","item":"https:\/\/kibrisdakik.com\/"},{"@type":"ListItem","position":2,"name":"14. MORMENEK\u015eE ENG\u0130NAR FEST\u0130VAL\u0130 BA\u015eBAKAN \u00dcSTEL TARAFINDAN A\u00c7ILDI"}]},{"@type":"WebSite","@id":"https:\/\/kibrisdakik.com\/#website","url":"https:\/\/kibrisdakik.com\/","name":"","description":"Tam vaktinde haber","potentialAction":[{"@type":"SearchAction","target":{"@type":"EntryPoint","urlTemplate":"https:\/\/kibrisdakik.com\/?s={search_term_string}"},"query-input":{"@type":"PropertyValueSpecification","valueRequired":true,"valueName":"search_term_string"}}],"inLanguage":"tr"},{"@type":"Person","@id":"https:\/\/kibrisdakik.com\/#\/schema\/person\/9cd9d437bbb44f72b73ba127e06d8e79","name":"admin","image":{"@type":"ImageObject","inLanguage":"tr","@id":"https:\/\/secure.gravatar.com\/avatar\/ccc17943b9d660506c869530f897617f7cb1c21a4bf30023f252596d83e1f007?s=96&d=mm&r=g","url":"https:\/\/secure.gravatar.com\/avatar\/ccc17943b9d660506c869530f897617f7cb1c21a4bf30023f252596d83e1f007?s=96&d=mm&r=g","contentUrl":"https:\/\/secure.gravatar.com\/avatar\/ccc17943b9d660506c869530f897617f7cb1c21a4bf30023f252596d83e1f007?s=96&d=mm&r=g","caption":"admin"},"sameAs":["https:\/\/kibrisdakik.com"],"url":"https:\/\/kibrisdakik.com\/?author=1"}]}},"_links":{"self":[{"href":"https:\/\/kibrisdakik.com\/index.php?rest_route=\/wp\/v2\/posts\/111234","targetHints":{"allow":["GET"]}}],"collection":[{"href":"https:\/\/kibrisdakik.com\/index.php?rest_route=\/wp\/v2\/posts"}],"about":[{"href":"https:\/\/kibrisdakik.com\/index.php?rest_route=\/wp\/v2\/types\/post"}],"author":[{"embeddable":true,"href":"https:\/\/kibrisdakik.com\/index.php?rest_route=\/wp\/v2\/users\/1"}],"replies":[{"embeddable":true,"href":"https:\/\/kibrisdakik.com\/index.php?rest_route=%2Fwp%2Fv2%2Fcomments&post=111234"}],"version-history":[{"count":0,"href":"https:\/\/kibrisdakik.com\/index.php?rest_route=\/wp\/v2\/posts\/111234\/revisions"}],"wp:featuredmedia":[{"embeddable":true,"href":"https:\/\/kibrisdakik.com\/index.php?rest_route=\/wp\/v2\/media\/111235"}],"wp:attachment":[{"href":"https:\/\/kibrisdakik.com\/index.php?rest_route=%2Fwp%2Fv2%2Fmedia&parent=111234"}],"wp:term":[{"taxonomy":"category","embeddable":true,"href":"https:\/\/kibrisdakik.com\/index.php?rest_route=%2Fwp%2Fv2%2Fcategories&post=111234"},{"taxonomy":"post_tag","embeddable":true,"href":"https:\/\/kibrisdakik.com\/index.php?rest_route=%2Fwp%2Fv2%2Ftags&post=111234"}],"curies":[{"name":"wp","href":"https:\/\/api.w.org\/{rel}","templated":true}]}}