{"id":111306,"date":"2026-04-27T10:57:23","date_gmt":"2026-04-27T07:57:23","guid":{"rendered":"https:\/\/kibrisdakik.com\/?p=111306"},"modified":"2026-04-27T10:57:23","modified_gmt":"2026-04-27T07:57:23","slug":"bir-usta-ve-turk-balesi-lefkosada-gerceklestirildi","status":"publish","type":"post","link":"https:\/\/kibrisdakik.com\/?p=111306","title":{"rendered":"\u201cB\u0130R USTA VE T\u00dcRK BALES\u0130\u201d LEFKO\u015eA\u2019DA GER\u00c7EKLE\u015eT\u0130R\u0130LD\u0130"},"content":{"rendered":"<p><\/p>\n<div data-text-id=\"200785\" property=\"articleBody\">\n<p>Ba\u015fbakan Yard\u0131mc\u0131l\u0131\u011f\u0131, Turizm, K\u00fclt\u00fcr, Gen\u00e7lik ve \u00c7evre Bakanl\u0131\u011f\u0131\u2019na ba\u011fl\u0131 Devlet Opera ve Bale Koordinasyon Merkezi (KKTCDOB) ile TC K\u00fclt\u00fcr ve Turizm Bakanl\u0131\u011f\u0131\u2019na ba\u011fl\u0131 Yunus Emre Enstit\u00fcs\u00fc Lefko\u015fa Ofisi i\u015f birli\u011finde \u201cBir Usta ve T\u00fcrk Balesi\u201d g\u00f6steri ve s\u00f6yle\u015fisi ger\u00e7ekle\u015ftirildi.<\/p>\n<p>D\u00fcnya Dans G\u00fcn\u00fc haftas\u0131 kapsam\u0131nda Telsim\u2019in katk\u0131lar\u0131yla Cumhurba\u015fkanl\u0131\u011f\u0131 Yerle\u015fkesi Mavi Salon\u2019da d\u00fczenlenen etkinlik, KKTCDOB Genel Sorumlusu ve Genel Sanat Y\u00f6netmeni Tu\u011frul Enver T\u00f6re\u2019nin a\u00e7\u0131l\u0131\u015f konu\u015fmas\u0131yla ba\u015flad\u0131.<\/p>\n<p>T\u00f6re konu\u015fmas\u0131nda, etkinli\u011fe katk\u0131 koyan sanat\u00e7\u0131lara, i\u015f birli\u011fi payda\u015flar\u0131na ve destek veren kurumlara te\u015fekk\u00fcr etti.<\/p>\n<p>Programda, T\u00fcrk balesinin do\u011fu\u015fundan bug\u00fcne uzanan geli\u015fim s\u00fcreci; kurumsalla\u015fma yap\u0131s\u0131, repertuvar anlay\u0131\u015f\u0131, yerli eser \u00fcretimi ve sahne esteti\u011fi ele al\u0131nd\u0131.<\/p>\n<p>Program\u0131n konu\u015fmac\u0131s\u0131 koreograf ve bale sanat\u00e7\u0131s\u0131 Volkan Ersoy oldu. Etkinlikte, ayr\u0131ca sanat\u00e7\u0131n\u0131n kariyer yolculu\u011fu ve T\u00fcrk bale sanat\u0131na katk\u0131lar\u0131na ili\u015fkin interaktif s\u00f6yle\u015fi b\u00f6l\u00fcm\u00fc yer ald\u0131.<\/p>\n<p>Etkinli\u011fin g\u00f6steri b\u00f6l\u00fcm\u00fcnde dans performanslar\u0131, canl\u0131 m\u00fczik ve sahne anlat\u0131mlar\u0131yla T\u00fcrk balesinin sanatsal birikimi izleyicilere aktar\u0131ld\u0131.<\/p>\n<p>Programda, moderat\u00f6r olarak Kerem \u00dcnal \u0130nan\u00e7, dans\u00e7\u0131lar Petek \u0130nan\u00e7, Merve G\u00fcrer ve Niyazi Cing\u00f6z, solist Sermin Dikmen T\u00f6re, piyanist Esra Poyrazo\u011flu Alpan ile projeksiyon ve \u00fcst yaz\u0131 b\u00f6l\u00fcm\u00fcnde Mustafa Ozan T\u00fcrko\u011flu yer ald\u0131.<\/p>\n<\/p><\/div>\n","protected":false},"excerpt":{"rendered":"<p>Ba\u015fbakan Yard\u0131mc\u0131l\u0131\u011f\u0131, Turizm, K\u00fclt\u00fcr, Gen\u00e7lik ve \u00c7evre Bakanl\u0131\u011f\u0131\u2019na ba\u011fl\u0131 Devlet Opera ve Bale Koordinasyon Merkezi (KKTCDOB) ile TC K\u00fclt\u00fcr ve Turizm Bakanl\u0131\u011f\u0131\u2019na ba\u011fl\u0131 Yunus Emre Enstit\u00fcs\u00fc Lefko\u015fa Ofisi i\u015f birli\u011finde \u201cBir Usta ve T\u00fcrk Balesi\u201d g\u00f6steri ve s\u00f6yle\u015fisi ger\u00e7ekle\u015ftirildi. D\u00fcnya Dans G\u00fcn\u00fc haftas\u0131 kapsam\u0131nda Telsim\u2019in katk\u0131lar\u0131yla Cumhurba\u015fkanl\u0131\u011f\u0131 Yerle\u015fkesi Mavi Salon\u2019da d\u00fczenlenen etkinlik, KKTCDOB Genel Sorumlusu<\/p>\n","protected":false},"author":1,"featured_media":111307,"comment_status":"open","ping_status":"open","sticky":false,"template":"","format":"standard","meta":{"footnotes":""},"categories":[81],"tags":[],"class_list":["post-111306","post","type-post","status-publish","format-standard","has-post-thumbnail","hentry","category-kibris"],"yoast_head":"<!-- This site is optimized with the Yoast SEO plugin v27.4 - https:\/\/yoast.com\/product\/yoast-seo-wordpress\/ -->\n<title>\u201cB\u0130R USTA VE T\u00dcRK BALES\u0130\u201d LEFKO\u015eA\u2019DA GER\u00c7EKLE\u015eT\u0130R\u0130LD\u0130 -<\/title>\n<meta name=\"robots\" content=\"index, follow, max-snippet:-1, max-image-preview:large, max-video-preview:-1\" \/>\n<link rel=\"canonical\" href=\"https:\/\/kibrisdakik.com\/?p=111306\" \/>\n<meta property=\"og:locale\" content=\"tr_TR\" \/>\n<meta property=\"og:type\" content=\"article\" \/>\n<meta property=\"og:title\" content=\"\u201cB\u0130R USTA VE T\u00dcRK BALES\u0130\u201d LEFKO\u015eA\u2019DA GER\u00c7EKLE\u015eT\u0130R\u0130LD\u0130 -\" \/>\n<meta property=\"og:description\" content=\"Ba\u015fbakan Yard\u0131mc\u0131l\u0131\u011f\u0131, Turizm, K\u00fclt\u00fcr, Gen\u00e7lik ve \u00c7evre Bakanl\u0131\u011f\u0131\u2019na ba\u011fl\u0131 Devlet Opera ve Bale Koordinasyon Merkezi (KKTCDOB) ile TC K\u00fclt\u00fcr ve Turizm Bakanl\u0131\u011f\u0131\u2019na ba\u011fl\u0131 Yunus Emre Enstit\u00fcs\u00fc Lefko\u015fa Ofisi i\u015f birli\u011finde \u201cBir Usta ve T\u00fcrk Balesi\u201d g\u00f6steri ve s\u00f6yle\u015fisi ger\u00e7ekle\u015ftirildi. D\u00fcnya Dans G\u00fcn\u00fc haftas\u0131 kapsam\u0131nda Telsim\u2019in katk\u0131lar\u0131yla Cumhurba\u015fkanl\u0131\u011f\u0131 Yerle\u015fkesi Mavi Salon\u2019da d\u00fczenlenen etkinlik, KKTCDOB Genel Sorumlusu\" \/>\n<meta property=\"og:url\" content=\"https:\/\/kibrisdakik.com\/?p=111306\" \/>\n<meta property=\"article:published_time\" content=\"2026-04-27T07:57:23+00:00\" \/>\n<meta property=\"og:image\" content=\"https:\/\/mhahabercom.teimg.com\/crop\/1280x720\/mhahaber-com\/uploads\/2026\/04\/mha-sari-beyaz-4978.png\" \/>\n<meta name=\"author\" content=\"admin\" \/>\n<meta name=\"twitter:card\" content=\"summary_large_image\" \/>\n<meta name=\"twitter:label1\" content=\"Yazan:\" \/>\n\t<meta name=\"twitter:data1\" content=\"admin\" \/>\n\t<meta name=\"twitter:label2\" content=\"Tahmini okuma s\u00fcresi\" \/>\n\t<meta name=\"twitter:data2\" content=\"1 dakika\" \/>\n<script type=\"application\/ld+json\" class=\"yoast-schema-graph\">{\"@context\":\"https:\\\/\\\/schema.org\",\"@graph\":[{\"@type\":\"Article\",\"@id\":\"https:\\\/\\\/kibrisdakik.com\\\/?p=111306#article\",\"isPartOf\":{\"@id\":\"https:\\\/\\\/kibrisdakik.com\\\/?p=111306\"},\"author\":{\"name\":\"admin\",\"@id\":\"https:\\\/\\\/kibrisdakik.com\\\/#\\\/schema\\\/person\\\/9cd9d437bbb44f72b73ba127e06d8e79\"},\"headline\":\"\u201cB\u0130R USTA VE T\u00dcRK BALES\u0130\u201d LEFKO\u015eA\u2019DA GER\u00c7EKLE\u015eT\u0130R\u0130LD\u0130\",\"datePublished\":\"2026-04-27T07:57:23+00:00\",\"mainEntityOfPage\":{\"@id\":\"https:\\\/\\\/kibrisdakik.com\\\/?p=111306\"},\"wordCount\":286,\"commentCount\":0,\"image\":{\"@id\":\"https:\\\/\\\/kibrisdakik.com\\\/?p=111306#primaryimage\"},\"thumbnailUrl\":\"https:\\\/\\\/kibrisdakik.com\\\/wp-content\\\/uploads\\\/2026\\\/04\\\/mha-sari-beyaz-4978.png\",\"articleSection\":[\"K\u0131br\u0131s\"],\"inLanguage\":\"tr\",\"potentialAction\":[{\"@type\":\"CommentAction\",\"name\":\"Comment\",\"target\":[\"https:\\\/\\\/kibrisdakik.com\\\/?p=111306#respond\"]}]},{\"@type\":\"WebPage\",\"@id\":\"https:\\\/\\\/kibrisdakik.com\\\/?p=111306\",\"url\":\"https:\\\/\\\/kibrisdakik.com\\\/?p=111306\",\"name\":\"\u201cB\u0130R USTA VE T\u00dcRK BALES\u0130\u201d LEFKO\u015eA\u2019DA GER\u00c7EKLE\u015eT\u0130R\u0130LD\u0130 -\",\"isPartOf\":{\"@id\":\"https:\\\/\\\/kibrisdakik.com\\\/#website\"},\"primaryImageOfPage\":{\"@id\":\"https:\\\/\\\/kibrisdakik.com\\\/?p=111306#primaryimage\"},\"image\":{\"@id\":\"https:\\\/\\\/kibrisdakik.com\\\/?p=111306#primaryimage\"},\"thumbnailUrl\":\"https:\\\/\\\/kibrisdakik.com\\\/wp-content\\\/uploads\\\/2026\\\/04\\\/mha-sari-beyaz-4978.png\",\"datePublished\":\"2026-04-27T07:57:23+00:00\",\"author\":{\"@id\":\"https:\\\/\\\/kibrisdakik.com\\\/#\\\/schema\\\/person\\\/9cd9d437bbb44f72b73ba127e06d8e79\"},\"breadcrumb\":{\"@id\":\"https:\\\/\\\/kibrisdakik.com\\\/?p=111306#breadcrumb\"},\"inLanguage\":\"tr\",\"potentialAction\":[{\"@type\":\"ReadAction\",\"target\":[\"https:\\\/\\\/kibrisdakik.com\\\/?p=111306\"]}]},{\"@type\":\"ImageObject\",\"inLanguage\":\"tr\",\"@id\":\"https:\\\/\\\/kibrisdakik.com\\\/?p=111306#primaryimage\",\"url\":\"https:\\\/\\\/kibrisdakik.com\\\/wp-content\\\/uploads\\\/2026\\\/04\\\/mha-sari-beyaz-4978.png\",\"contentUrl\":\"https:\\\/\\\/kibrisdakik.com\\\/wp-content\\\/uploads\\\/2026\\\/04\\\/mha-sari-beyaz-4978.png\",\"width\":1280,\"height\":720},{\"@type\":\"BreadcrumbList\",\"@id\":\"https:\\\/\\\/kibrisdakik.com\\\/?p=111306#breadcrumb\",\"itemListElement\":[{\"@type\":\"ListItem\",\"position\":1,\"name\":\"Home\",\"item\":\"https:\\\/\\\/kibrisdakik.com\\\/\"},{\"@type\":\"ListItem\",\"position\":2,\"name\":\"\u201cB\u0130R USTA VE T\u00dcRK BALES\u0130\u201d LEFKO\u015eA\u2019DA GER\u00c7EKLE\u015eT\u0130R\u0130LD\u0130\"}]},{\"@type\":\"WebSite\",\"@id\":\"https:\\\/\\\/kibrisdakik.com\\\/#website\",\"url\":\"https:\\\/\\\/kibrisdakik.com\\\/\",\"name\":\"\",\"description\":\"Tam vaktinde haber\",\"potentialAction\":[{\"@type\":\"SearchAction\",\"target\":{\"@type\":\"EntryPoint\",\"urlTemplate\":\"https:\\\/\\\/kibrisdakik.com\\\/?s={search_term_string}\"},\"query-input\":{\"@type\":\"PropertyValueSpecification\",\"valueRequired\":true,\"valueName\":\"search_term_string\"}}],\"inLanguage\":\"tr\"},{\"@type\":\"Person\",\"@id\":\"https:\\\/\\\/kibrisdakik.com\\\/#\\\/schema\\\/person\\\/9cd9d437bbb44f72b73ba127e06d8e79\",\"name\":\"admin\",\"image\":{\"@type\":\"ImageObject\",\"inLanguage\":\"tr\",\"@id\":\"https:\\\/\\\/secure.gravatar.com\\\/avatar\\\/ccc17943b9d660506c869530f897617f7cb1c21a4bf30023f252596d83e1f007?s=96&d=mm&r=g\",\"url\":\"https:\\\/\\\/secure.gravatar.com\\\/avatar\\\/ccc17943b9d660506c869530f897617f7cb1c21a4bf30023f252596d83e1f007?s=96&d=mm&r=g\",\"contentUrl\":\"https:\\\/\\\/secure.gravatar.com\\\/avatar\\\/ccc17943b9d660506c869530f897617f7cb1c21a4bf30023f252596d83e1f007?s=96&d=mm&r=g\",\"caption\":\"admin\"},\"sameAs\":[\"https:\\\/\\\/kibrisdakik.com\"],\"url\":\"https:\\\/\\\/kibrisdakik.com\\\/?author=1\"}]}<\/script>\n<!-- \/ Yoast SEO plugin. -->","yoast_head_json":{"title":"\u201cB\u0130R USTA VE T\u00dcRK BALES\u0130\u201d LEFKO\u015eA\u2019DA GER\u00c7EKLE\u015eT\u0130R\u0130LD\u0130 -","robots":{"index":"index","follow":"follow","max-snippet":"max-snippet:-1","max-image-preview":"max-image-preview:large","max-video-preview":"max-video-preview:-1"},"canonical":"https:\/\/kibrisdakik.com\/?p=111306","og_locale":"tr_TR","og_type":"article","og_title":"\u201cB\u0130R USTA VE T\u00dcRK BALES\u0130\u201d LEFKO\u015eA\u2019DA GER\u00c7EKLE\u015eT\u0130R\u0130LD\u0130 -","og_description":"Ba\u015fbakan Yard\u0131mc\u0131l\u0131\u011f\u0131, Turizm, K\u00fclt\u00fcr, Gen\u00e7lik ve \u00c7evre Bakanl\u0131\u011f\u0131\u2019na ba\u011fl\u0131 Devlet Opera ve Bale Koordinasyon Merkezi (KKTCDOB) ile TC K\u00fclt\u00fcr ve Turizm Bakanl\u0131\u011f\u0131\u2019na ba\u011fl\u0131 Yunus Emre Enstit\u00fcs\u00fc Lefko\u015fa Ofisi i\u015f birli\u011finde \u201cBir Usta ve T\u00fcrk Balesi\u201d g\u00f6steri ve s\u00f6yle\u015fisi ger\u00e7ekle\u015ftirildi. D\u00fcnya Dans G\u00fcn\u00fc haftas\u0131 kapsam\u0131nda Telsim\u2019in katk\u0131lar\u0131yla Cumhurba\u015fkanl\u0131\u011f\u0131 Yerle\u015fkesi Mavi Salon\u2019da d\u00fczenlenen etkinlik, KKTCDOB Genel Sorumlusu","og_url":"https:\/\/kibrisdakik.com\/?p=111306","article_published_time":"2026-04-27T07:57:23+00:00","og_image":[{"url":"https:\/\/mhahabercom.teimg.com\/crop\/1280x720\/mhahaber-com\/uploads\/2026\/04\/mha-sari-beyaz-4978.png","type":"","width":"","height":""}],"author":"admin","twitter_card":"summary_large_image","twitter_misc":{"Yazan:":"admin","Tahmini okuma s\u00fcresi":"1 dakika"},"schema":{"@context":"https:\/\/schema.org","@graph":[{"@type":"Article","@id":"https:\/\/kibrisdakik.com\/?p=111306#article","isPartOf":{"@id":"https:\/\/kibrisdakik.com\/?p=111306"},"author":{"name":"admin","@id":"https:\/\/kibrisdakik.com\/#\/schema\/person\/9cd9d437bbb44f72b73ba127e06d8e79"},"headline":"\u201cB\u0130R USTA VE T\u00dcRK BALES\u0130\u201d LEFKO\u015eA\u2019DA GER\u00c7EKLE\u015eT\u0130R\u0130LD\u0130","datePublished":"2026-04-27T07:57:23+00:00","mainEntityOfPage":{"@id":"https:\/\/kibrisdakik.com\/?p=111306"},"wordCount":286,"commentCount":0,"image":{"@id":"https:\/\/kibrisdakik.com\/?p=111306#primaryimage"},"thumbnailUrl":"https:\/\/kibrisdakik.com\/wp-content\/uploads\/2026\/04\/mha-sari-beyaz-4978.png","articleSection":["K\u0131br\u0131s"],"inLanguage":"tr","potentialAction":[{"@type":"CommentAction","name":"Comment","target":["https:\/\/kibrisdakik.com\/?p=111306#respond"]}]},{"@type":"WebPage","@id":"https:\/\/kibrisdakik.com\/?p=111306","url":"https:\/\/kibrisdakik.com\/?p=111306","name":"\u201cB\u0130R USTA VE T\u00dcRK BALES\u0130\u201d LEFKO\u015eA\u2019DA GER\u00c7EKLE\u015eT\u0130R\u0130LD\u0130 -","isPartOf":{"@id":"https:\/\/kibrisdakik.com\/#website"},"primaryImageOfPage":{"@id":"https:\/\/kibrisdakik.com\/?p=111306#primaryimage"},"image":{"@id":"https:\/\/kibrisdakik.com\/?p=111306#primaryimage"},"thumbnailUrl":"https:\/\/kibrisdakik.com\/wp-content\/uploads\/2026\/04\/mha-sari-beyaz-4978.png","datePublished":"2026-04-27T07:57:23+00:00","author":{"@id":"https:\/\/kibrisdakik.com\/#\/schema\/person\/9cd9d437bbb44f72b73ba127e06d8e79"},"breadcrumb":{"@id":"https:\/\/kibrisdakik.com\/?p=111306#breadcrumb"},"inLanguage":"tr","potentialAction":[{"@type":"ReadAction","target":["https:\/\/kibrisdakik.com\/?p=111306"]}]},{"@type":"ImageObject","inLanguage":"tr","@id":"https:\/\/kibrisdakik.com\/?p=111306#primaryimage","url":"https:\/\/kibrisdakik.com\/wp-content\/uploads\/2026\/04\/mha-sari-beyaz-4978.png","contentUrl":"https:\/\/kibrisdakik.com\/wp-content\/uploads\/2026\/04\/mha-sari-beyaz-4978.png","width":1280,"height":720},{"@type":"BreadcrumbList","@id":"https:\/\/kibrisdakik.com\/?p=111306#breadcrumb","itemListElement":[{"@type":"ListItem","position":1,"name":"Home","item":"https:\/\/kibrisdakik.com\/"},{"@type":"ListItem","position":2,"name":"\u201cB\u0130R USTA VE T\u00dcRK BALES\u0130\u201d LEFKO\u015eA\u2019DA GER\u00c7EKLE\u015eT\u0130R\u0130LD\u0130"}]},{"@type":"WebSite","@id":"https:\/\/kibrisdakik.com\/#website","url":"https:\/\/kibrisdakik.com\/","name":"","description":"Tam vaktinde haber","potentialAction":[{"@type":"SearchAction","target":{"@type":"EntryPoint","urlTemplate":"https:\/\/kibrisdakik.com\/?s={search_term_string}"},"query-input":{"@type":"PropertyValueSpecification","valueRequired":true,"valueName":"search_term_string"}}],"inLanguage":"tr"},{"@type":"Person","@id":"https:\/\/kibrisdakik.com\/#\/schema\/person\/9cd9d437bbb44f72b73ba127e06d8e79","name":"admin","image":{"@type":"ImageObject","inLanguage":"tr","@id":"https:\/\/secure.gravatar.com\/avatar\/ccc17943b9d660506c869530f897617f7cb1c21a4bf30023f252596d83e1f007?s=96&d=mm&r=g","url":"https:\/\/secure.gravatar.com\/avatar\/ccc17943b9d660506c869530f897617f7cb1c21a4bf30023f252596d83e1f007?s=96&d=mm&r=g","contentUrl":"https:\/\/secure.gravatar.com\/avatar\/ccc17943b9d660506c869530f897617f7cb1c21a4bf30023f252596d83e1f007?s=96&d=mm&r=g","caption":"admin"},"sameAs":["https:\/\/kibrisdakik.com"],"url":"https:\/\/kibrisdakik.com\/?author=1"}]}},"_links":{"self":[{"href":"https:\/\/kibrisdakik.com\/index.php?rest_route=\/wp\/v2\/posts\/111306","targetHints":{"allow":["GET"]}}],"collection":[{"href":"https:\/\/kibrisdakik.com\/index.php?rest_route=\/wp\/v2\/posts"}],"about":[{"href":"https:\/\/kibrisdakik.com\/index.php?rest_route=\/wp\/v2\/types\/post"}],"author":[{"embeddable":true,"href":"https:\/\/kibrisdakik.com\/index.php?rest_route=\/wp\/v2\/users\/1"}],"replies":[{"embeddable":true,"href":"https:\/\/kibrisdakik.com\/index.php?rest_route=%2Fwp%2Fv2%2Fcomments&post=111306"}],"version-history":[{"count":0,"href":"https:\/\/kibrisdakik.com\/index.php?rest_route=\/wp\/v2\/posts\/111306\/revisions"}],"wp:featuredmedia":[{"embeddable":true,"href":"https:\/\/kibrisdakik.com\/index.php?rest_route=\/wp\/v2\/media\/111307"}],"wp:attachment":[{"href":"https:\/\/kibrisdakik.com\/index.php?rest_route=%2Fwp%2Fv2%2Fmedia&parent=111306"}],"wp:term":[{"taxonomy":"category","embeddable":true,"href":"https:\/\/kibrisdakik.com\/index.php?rest_route=%2Fwp%2Fv2%2Fcategories&post=111306"},{"taxonomy":"post_tag","embeddable":true,"href":"https:\/\/kibrisdakik.com\/index.php?rest_route=%2Fwp%2Fv2%2Ftags&post=111306"}],"curies":[{"name":"wp","href":"https:\/\/api.w.org\/{rel}","templated":true}]}}