{"id":111311,"date":"2026-04-27T11:19:27","date_gmt":"2026-04-27T08:19:27","guid":{"rendered":"https:\/\/kibrisdakik.com\/?p=111311"},"modified":"2026-04-27T11:19:27","modified_gmt":"2026-04-27T08:19:27","slug":"gazimagusada-desdemonanin-mendili-yarismasi-tamamlandi","status":"publish","type":"post","link":"https:\/\/kibrisdakik.com\/?p=111311","title":{"rendered":"GAZ\u0130MA\u011eUSA\u2019DA \u201cDESDEMONA\u2019NIN MEND\u0130L\u0130\u201d YARI\u015eMASI TAMAMLANDI"},"content":{"rendered":"<p><\/p>\n<div id=\"ad_121\" data-channel=\"121\" data-advert=\"temedya\" data-rotation=\"120\" class=\"mb-3 text-center\"><\/div>\n<div id=\"ad_121_mobile\" data-channel=\"121\" data-advert=\"temedya\" data-rotation=\"120\" class=\"mb-3 text-center\"><\/div>\n<p>Gazima\u011fusa Belediyesi\u2019nin katk\u0131lar\u0131yla d\u00fczenlenen \u201cDesdemona\u2019n\u0131n Mendili Konser ve Tasar\u0131m Yar\u0131\u015fmas\u0131\u201d \u00f6d\u00fcl t\u00f6reni Othello Kalesi Park\u0131\u2019nda ger\u00e7ekle\u015ftirildi.<\/p>\n<p>Belediyeden yap\u0131lan a\u00e7\u0131klamaya g\u00f6re, yar\u0131\u015fmada birincilik \u00f6d\u00fcl\u00fcne Ya\u011fmur Denizer ile Deniz Denizer lay\u0131k g\u00f6r\u00fcld\u00fc.<\/p>\n<p>\u0130ki ayr\u0131 tasar\u0131mla yar\u0131\u015fmaya kat\u0131lan Kamiar Yazdani ikincilik \u00f6d\u00fcl\u00fcn\u00fc al\u0131rken, G\u00fclcan \u00d6zbek \u00fc\u00e7\u00fcnc\u00fc, Cemile Ta\u015f d\u00f6rd\u00fcnc\u00fc ve Kemal Caymaz be\u015finci oldu.<\/p>\n<p>Etkinlik, KKTC Devlet Opera ve Bale Koordinasyon Merkezi taraf\u0131ndan sahnelenen \u201cOpera &amp; Bale Sokakta: Sesin Yolculu\u011fu\u201d konseri ile ba\u015flad\u0131.<\/p>\n<p>Resepsiyonla devam eden programda, finalistlerin tasar\u0131mlar\u0131n\u0131 sunmas\u0131n\u0131n ard\u0131ndan j\u00fcri de\u011ferlendirmesi yap\u0131ld\u0131 ve \u00f6d\u00fcller sahiplerini buldu.<\/p>\n<p>Shakespeare\u2019in \u201cOthello\u201d oyununda yer alan Desdemona\u2019n\u0131n mendilinden ilham al\u0131narak d\u00fczenlenen yar\u0131\u015fman\u0131n j\u00fcri ba\u015fkanl\u0131\u011f\u0131n\u0131 k\u00fclt\u00fcr tarih\u00e7isi ve yazar Rita C. Severis \u00fcstlendi.<\/p>\n<p>Gazima\u011fusa Belediyesi Asba\u015fkan\u0131 H\u00fcseyin Manik t\u00f6rende yapt\u0131\u011f\u0131 konu\u015fmada, organizasyonun yaln\u0131zca bir yar\u0131\u015fma olmad\u0131\u011f\u0131n\u0131, kentin k\u00fclt\u00fcrel kimli\u011fini g\u00fc\u00e7lendiren \u00f6nemli bir ad\u0131m oldu\u011funu belirtti.<\/p>\n<\/p>\n<p>Manik, Desdemona\u2019n\u0131n mendili temas\u0131yla \u015fekillenen yar\u0131\u015fman\u0131n, Gazima\u011fusa\u2019n\u0131n tarihi dokusunu \u00e7a\u011fda\u015f bir yorumla bulu\u015fturdu\u011funu ve kentin turizm ile k\u00fclt\u00fcr vizyonuna katk\u0131 sa\u011flad\u0131\u011f\u0131n\u0131 kaydetti.<\/p>\n<\/p>\n<div class=\"article-source py-3 small \">\n                <\/div>\n","protected":false},"excerpt":{"rendered":"<p>Gazima\u011fusa Belediyesi\u2019nin katk\u0131lar\u0131yla d\u00fczenlenen \u201cDesdemona\u2019n\u0131n Mendili Konser ve Tasar\u0131m Yar\u0131\u015fmas\u0131\u201d \u00f6d\u00fcl t\u00f6reni Othello Kalesi Park\u0131\u2019nda ger\u00e7ekle\u015ftirildi. Belediyeden yap\u0131lan a\u00e7\u0131klamaya g\u00f6re, yar\u0131\u015fmada birincilik \u00f6d\u00fcl\u00fcne Ya\u011fmur Denizer ile Deniz Denizer lay\u0131k g\u00f6r\u00fcld\u00fc. \u0130ki ayr\u0131 tasar\u0131mla yar\u0131\u015fmaya kat\u0131lan Kamiar Yazdani ikincilik \u00f6d\u00fcl\u00fcn\u00fc al\u0131rken, G\u00fclcan \u00d6zbek \u00fc\u00e7\u00fcnc\u00fc, Cemile Ta\u015f d\u00f6rd\u00fcnc\u00fc ve Kemal Caymaz be\u015finci oldu. Etkinlik, KKTC Devlet Opera<\/p>\n","protected":false},"author":1,"featured_media":111312,"comment_status":"open","ping_status":"open","sticky":false,"template":"","format":"standard","meta":{"footnotes":""},"categories":[81],"tags":[],"class_list":["post-111311","post","type-post","status-publish","format-standard","has-post-thumbnail","hentry","category-kibris"],"yoast_head":"<!-- This site is optimized with the Yoast SEO plugin v27.5 - https:\/\/yoast.com\/product\/yoast-seo-wordpress\/ -->\n<title>GAZ\u0130MA\u011eUSA\u2019DA \u201cDESDEMONA\u2019NIN MEND\u0130L\u0130\u201d YARI\u015eMASI TAMAMLANDI -<\/title>\n<meta name=\"robots\" content=\"index, follow, max-snippet:-1, max-image-preview:large, max-video-preview:-1\" \/>\n<link rel=\"canonical\" href=\"https:\/\/kibrisdakik.com\/?p=111311\" \/>\n<meta property=\"og:locale\" content=\"tr_TR\" \/>\n<meta property=\"og:type\" content=\"article\" \/>\n<meta property=\"og:title\" content=\"GAZ\u0130MA\u011eUSA\u2019DA \u201cDESDEMONA\u2019NIN MEND\u0130L\u0130\u201d YARI\u015eMASI TAMAMLANDI -\" \/>\n<meta property=\"og:description\" content=\"Gazima\u011fusa Belediyesi\u2019nin katk\u0131lar\u0131yla d\u00fczenlenen \u201cDesdemona\u2019n\u0131n Mendili Konser ve Tasar\u0131m Yar\u0131\u015fmas\u0131\u201d \u00f6d\u00fcl t\u00f6reni Othello Kalesi Park\u0131\u2019nda ger\u00e7ekle\u015ftirildi. Belediyeden yap\u0131lan a\u00e7\u0131klamaya g\u00f6re, yar\u0131\u015fmada birincilik \u00f6d\u00fcl\u00fcne Ya\u011fmur Denizer ile Deniz Denizer lay\u0131k g\u00f6r\u00fcld\u00fc. \u0130ki ayr\u0131 tasar\u0131mla yar\u0131\u015fmaya kat\u0131lan Kamiar Yazdani ikincilik \u00f6d\u00fcl\u00fcn\u00fc al\u0131rken, G\u00fclcan \u00d6zbek \u00fc\u00e7\u00fcnc\u00fc, Cemile Ta\u015f d\u00f6rd\u00fcnc\u00fc ve Kemal Caymaz be\u015finci oldu. Etkinlik, KKTC Devlet Opera\" \/>\n<meta property=\"og:url\" content=\"https:\/\/kibrisdakik.com\/?p=111311\" \/>\n<meta property=\"article:published_time\" content=\"2026-04-27T08:19:27+00:00\" \/>\n<meta property=\"og:image\" content=\"https:\/\/mhahabercom.teimg.com\/crop\/1280x720\/mhahaber-com\/uploads\/2026\/04\/mha-sari-beyaz-4980.png\" \/>\n<meta name=\"author\" content=\"admin\" \/>\n<meta name=\"twitter:card\" content=\"summary_large_image\" \/>\n<meta name=\"twitter:label1\" content=\"Yazan:\" \/>\n\t<meta name=\"twitter:data1\" content=\"admin\" \/>\n\t<meta name=\"twitter:label2\" content=\"Tahmini okuma s\u00fcresi\" \/>\n\t<meta name=\"twitter:data2\" content=\"1 dakika\" \/>\n<script type=\"application\/ld+json\" class=\"yoast-schema-graph\">{\"@context\":\"https:\\\/\\\/schema.org\",\"@graph\":[{\"@type\":\"Article\",\"@id\":\"https:\\\/\\\/kibrisdakik.com\\\/?p=111311#article\",\"isPartOf\":{\"@id\":\"https:\\\/\\\/kibrisdakik.com\\\/?p=111311\"},\"author\":{\"name\":\"admin\",\"@id\":\"https:\\\/\\\/kibrisdakik.com\\\/#\\\/schema\\\/person\\\/9cd9d437bbb44f72b73ba127e06d8e79\"},\"headline\":\"GAZ\u0130MA\u011eUSA\u2019DA \u201cDESDEMONA\u2019NIN MEND\u0130L\u0130\u201d YARI\u015eMASI TAMAMLANDI\",\"datePublished\":\"2026-04-27T08:19:27+00:00\",\"mainEntityOfPage\":{\"@id\":\"https:\\\/\\\/kibrisdakik.com\\\/?p=111311\"},\"wordCount\":249,\"commentCount\":0,\"image\":{\"@id\":\"https:\\\/\\\/kibrisdakik.com\\\/?p=111311#primaryimage\"},\"thumbnailUrl\":\"https:\\\/\\\/kibrisdakik.com\\\/wp-content\\\/uploads\\\/2026\\\/04\\\/mha-sari-beyaz-4980.png\",\"articleSection\":[\"K\u0131br\u0131s\"],\"inLanguage\":\"tr\",\"potentialAction\":[{\"@type\":\"CommentAction\",\"name\":\"Comment\",\"target\":[\"https:\\\/\\\/kibrisdakik.com\\\/?p=111311#respond\"]}]},{\"@type\":\"WebPage\",\"@id\":\"https:\\\/\\\/kibrisdakik.com\\\/?p=111311\",\"url\":\"https:\\\/\\\/kibrisdakik.com\\\/?p=111311\",\"name\":\"GAZ\u0130MA\u011eUSA\u2019DA \u201cDESDEMONA\u2019NIN MEND\u0130L\u0130\u201d YARI\u015eMASI TAMAMLANDI -\",\"isPartOf\":{\"@id\":\"https:\\\/\\\/kibrisdakik.com\\\/#website\"},\"primaryImageOfPage\":{\"@id\":\"https:\\\/\\\/kibrisdakik.com\\\/?p=111311#primaryimage\"},\"image\":{\"@id\":\"https:\\\/\\\/kibrisdakik.com\\\/?p=111311#primaryimage\"},\"thumbnailUrl\":\"https:\\\/\\\/kibrisdakik.com\\\/wp-content\\\/uploads\\\/2026\\\/04\\\/mha-sari-beyaz-4980.png\",\"datePublished\":\"2026-04-27T08:19:27+00:00\",\"author\":{\"@id\":\"https:\\\/\\\/kibrisdakik.com\\\/#\\\/schema\\\/person\\\/9cd9d437bbb44f72b73ba127e06d8e79\"},\"breadcrumb\":{\"@id\":\"https:\\\/\\\/kibrisdakik.com\\\/?p=111311#breadcrumb\"},\"inLanguage\":\"tr\",\"potentialAction\":[{\"@type\":\"ReadAction\",\"target\":[\"https:\\\/\\\/kibrisdakik.com\\\/?p=111311\"]}]},{\"@type\":\"ImageObject\",\"inLanguage\":\"tr\",\"@id\":\"https:\\\/\\\/kibrisdakik.com\\\/?p=111311#primaryimage\",\"url\":\"https:\\\/\\\/kibrisdakik.com\\\/wp-content\\\/uploads\\\/2026\\\/04\\\/mha-sari-beyaz-4980.png\",\"contentUrl\":\"https:\\\/\\\/kibrisdakik.com\\\/wp-content\\\/uploads\\\/2026\\\/04\\\/mha-sari-beyaz-4980.png\",\"width\":1280,\"height\":720},{\"@type\":\"BreadcrumbList\",\"@id\":\"https:\\\/\\\/kibrisdakik.com\\\/?p=111311#breadcrumb\",\"itemListElement\":[{\"@type\":\"ListItem\",\"position\":1,\"name\":\"Home\",\"item\":\"https:\\\/\\\/kibrisdakik.com\\\/\"},{\"@type\":\"ListItem\",\"position\":2,\"name\":\"GAZ\u0130MA\u011eUSA\u2019DA \u201cDESDEMONA\u2019NIN MEND\u0130L\u0130\u201d YARI\u015eMASI TAMAMLANDI\"}]},{\"@type\":\"WebSite\",\"@id\":\"https:\\\/\\\/kibrisdakik.com\\\/#website\",\"url\":\"https:\\\/\\\/kibrisdakik.com\\\/\",\"name\":\"\",\"description\":\"Tam vaktinde haber\",\"potentialAction\":[{\"@type\":\"SearchAction\",\"target\":{\"@type\":\"EntryPoint\",\"urlTemplate\":\"https:\\\/\\\/kibrisdakik.com\\\/?s={search_term_string}\"},\"query-input\":{\"@type\":\"PropertyValueSpecification\",\"valueRequired\":true,\"valueName\":\"search_term_string\"}}],\"inLanguage\":\"tr\"},{\"@type\":\"Person\",\"@id\":\"https:\\\/\\\/kibrisdakik.com\\\/#\\\/schema\\\/person\\\/9cd9d437bbb44f72b73ba127e06d8e79\",\"name\":\"admin\",\"image\":{\"@type\":\"ImageObject\",\"inLanguage\":\"tr\",\"@id\":\"https:\\\/\\\/secure.gravatar.com\\\/avatar\\\/ccc17943b9d660506c869530f897617f7cb1c21a4bf30023f252596d83e1f007?s=96&d=mm&r=g\",\"url\":\"https:\\\/\\\/secure.gravatar.com\\\/avatar\\\/ccc17943b9d660506c869530f897617f7cb1c21a4bf30023f252596d83e1f007?s=96&d=mm&r=g\",\"contentUrl\":\"https:\\\/\\\/secure.gravatar.com\\\/avatar\\\/ccc17943b9d660506c869530f897617f7cb1c21a4bf30023f252596d83e1f007?s=96&d=mm&r=g\",\"caption\":\"admin\"},\"sameAs\":[\"https:\\\/\\\/kibrisdakik.com\"],\"url\":\"https:\\\/\\\/kibrisdakik.com\\\/?author=1\"}]}<\/script>\n<!-- \/ Yoast SEO plugin. -->","yoast_head_json":{"title":"GAZ\u0130MA\u011eUSA\u2019DA \u201cDESDEMONA\u2019NIN MEND\u0130L\u0130\u201d YARI\u015eMASI TAMAMLANDI -","robots":{"index":"index","follow":"follow","max-snippet":"max-snippet:-1","max-image-preview":"max-image-preview:large","max-video-preview":"max-video-preview:-1"},"canonical":"https:\/\/kibrisdakik.com\/?p=111311","og_locale":"tr_TR","og_type":"article","og_title":"GAZ\u0130MA\u011eUSA\u2019DA \u201cDESDEMONA\u2019NIN MEND\u0130L\u0130\u201d YARI\u015eMASI TAMAMLANDI -","og_description":"Gazima\u011fusa Belediyesi\u2019nin katk\u0131lar\u0131yla d\u00fczenlenen \u201cDesdemona\u2019n\u0131n Mendili Konser ve Tasar\u0131m Yar\u0131\u015fmas\u0131\u201d \u00f6d\u00fcl t\u00f6reni Othello Kalesi Park\u0131\u2019nda ger\u00e7ekle\u015ftirildi. Belediyeden yap\u0131lan a\u00e7\u0131klamaya g\u00f6re, yar\u0131\u015fmada birincilik \u00f6d\u00fcl\u00fcne Ya\u011fmur Denizer ile Deniz Denizer lay\u0131k g\u00f6r\u00fcld\u00fc. \u0130ki ayr\u0131 tasar\u0131mla yar\u0131\u015fmaya kat\u0131lan Kamiar Yazdani ikincilik \u00f6d\u00fcl\u00fcn\u00fc al\u0131rken, G\u00fclcan \u00d6zbek \u00fc\u00e7\u00fcnc\u00fc, Cemile Ta\u015f d\u00f6rd\u00fcnc\u00fc ve Kemal Caymaz be\u015finci oldu. Etkinlik, KKTC Devlet Opera","og_url":"https:\/\/kibrisdakik.com\/?p=111311","article_published_time":"2026-04-27T08:19:27+00:00","og_image":[{"url":"https:\/\/mhahabercom.teimg.com\/crop\/1280x720\/mhahaber-com\/uploads\/2026\/04\/mha-sari-beyaz-4980.png","type":"","width":"","height":""}],"author":"admin","twitter_card":"summary_large_image","twitter_misc":{"Yazan:":"admin","Tahmini okuma s\u00fcresi":"1 dakika"},"schema":{"@context":"https:\/\/schema.org","@graph":[{"@type":"Article","@id":"https:\/\/kibrisdakik.com\/?p=111311#article","isPartOf":{"@id":"https:\/\/kibrisdakik.com\/?p=111311"},"author":{"name":"admin","@id":"https:\/\/kibrisdakik.com\/#\/schema\/person\/9cd9d437bbb44f72b73ba127e06d8e79"},"headline":"GAZ\u0130MA\u011eUSA\u2019DA \u201cDESDEMONA\u2019NIN MEND\u0130L\u0130\u201d YARI\u015eMASI TAMAMLANDI","datePublished":"2026-04-27T08:19:27+00:00","mainEntityOfPage":{"@id":"https:\/\/kibrisdakik.com\/?p=111311"},"wordCount":249,"commentCount":0,"image":{"@id":"https:\/\/kibrisdakik.com\/?p=111311#primaryimage"},"thumbnailUrl":"https:\/\/kibrisdakik.com\/wp-content\/uploads\/2026\/04\/mha-sari-beyaz-4980.png","articleSection":["K\u0131br\u0131s"],"inLanguage":"tr","potentialAction":[{"@type":"CommentAction","name":"Comment","target":["https:\/\/kibrisdakik.com\/?p=111311#respond"]}]},{"@type":"WebPage","@id":"https:\/\/kibrisdakik.com\/?p=111311","url":"https:\/\/kibrisdakik.com\/?p=111311","name":"GAZ\u0130MA\u011eUSA\u2019DA \u201cDESDEMONA\u2019NIN MEND\u0130L\u0130\u201d YARI\u015eMASI TAMAMLANDI -","isPartOf":{"@id":"https:\/\/kibrisdakik.com\/#website"},"primaryImageOfPage":{"@id":"https:\/\/kibrisdakik.com\/?p=111311#primaryimage"},"image":{"@id":"https:\/\/kibrisdakik.com\/?p=111311#primaryimage"},"thumbnailUrl":"https:\/\/kibrisdakik.com\/wp-content\/uploads\/2026\/04\/mha-sari-beyaz-4980.png","datePublished":"2026-04-27T08:19:27+00:00","author":{"@id":"https:\/\/kibrisdakik.com\/#\/schema\/person\/9cd9d437bbb44f72b73ba127e06d8e79"},"breadcrumb":{"@id":"https:\/\/kibrisdakik.com\/?p=111311#breadcrumb"},"inLanguage":"tr","potentialAction":[{"@type":"ReadAction","target":["https:\/\/kibrisdakik.com\/?p=111311"]}]},{"@type":"ImageObject","inLanguage":"tr","@id":"https:\/\/kibrisdakik.com\/?p=111311#primaryimage","url":"https:\/\/kibrisdakik.com\/wp-content\/uploads\/2026\/04\/mha-sari-beyaz-4980.png","contentUrl":"https:\/\/kibrisdakik.com\/wp-content\/uploads\/2026\/04\/mha-sari-beyaz-4980.png","width":1280,"height":720},{"@type":"BreadcrumbList","@id":"https:\/\/kibrisdakik.com\/?p=111311#breadcrumb","itemListElement":[{"@type":"ListItem","position":1,"name":"Home","item":"https:\/\/kibrisdakik.com\/"},{"@type":"ListItem","position":2,"name":"GAZ\u0130MA\u011eUSA\u2019DA \u201cDESDEMONA\u2019NIN MEND\u0130L\u0130\u201d YARI\u015eMASI TAMAMLANDI"}]},{"@type":"WebSite","@id":"https:\/\/kibrisdakik.com\/#website","url":"https:\/\/kibrisdakik.com\/","name":"","description":"Tam vaktinde haber","potentialAction":[{"@type":"SearchAction","target":{"@type":"EntryPoint","urlTemplate":"https:\/\/kibrisdakik.com\/?s={search_term_string}"},"query-input":{"@type":"PropertyValueSpecification","valueRequired":true,"valueName":"search_term_string"}}],"inLanguage":"tr"},{"@type":"Person","@id":"https:\/\/kibrisdakik.com\/#\/schema\/person\/9cd9d437bbb44f72b73ba127e06d8e79","name":"admin","image":{"@type":"ImageObject","inLanguage":"tr","@id":"https:\/\/secure.gravatar.com\/avatar\/ccc17943b9d660506c869530f897617f7cb1c21a4bf30023f252596d83e1f007?s=96&d=mm&r=g","url":"https:\/\/secure.gravatar.com\/avatar\/ccc17943b9d660506c869530f897617f7cb1c21a4bf30023f252596d83e1f007?s=96&d=mm&r=g","contentUrl":"https:\/\/secure.gravatar.com\/avatar\/ccc17943b9d660506c869530f897617f7cb1c21a4bf30023f252596d83e1f007?s=96&d=mm&r=g","caption":"admin"},"sameAs":["https:\/\/kibrisdakik.com"],"url":"https:\/\/kibrisdakik.com\/?author=1"}]}},"_links":{"self":[{"href":"https:\/\/kibrisdakik.com\/index.php?rest_route=\/wp\/v2\/posts\/111311","targetHints":{"allow":["GET"]}}],"collection":[{"href":"https:\/\/kibrisdakik.com\/index.php?rest_route=\/wp\/v2\/posts"}],"about":[{"href":"https:\/\/kibrisdakik.com\/index.php?rest_route=\/wp\/v2\/types\/post"}],"author":[{"embeddable":true,"href":"https:\/\/kibrisdakik.com\/index.php?rest_route=\/wp\/v2\/users\/1"}],"replies":[{"embeddable":true,"href":"https:\/\/kibrisdakik.com\/index.php?rest_route=%2Fwp%2Fv2%2Fcomments&post=111311"}],"version-history":[{"count":0,"href":"https:\/\/kibrisdakik.com\/index.php?rest_route=\/wp\/v2\/posts\/111311\/revisions"}],"wp:featuredmedia":[{"embeddable":true,"href":"https:\/\/kibrisdakik.com\/index.php?rest_route=\/wp\/v2\/media\/111312"}],"wp:attachment":[{"href":"https:\/\/kibrisdakik.com\/index.php?rest_route=%2Fwp%2Fv2%2Fmedia&parent=111311"}],"wp:term":[{"taxonomy":"category","embeddable":true,"href":"https:\/\/kibrisdakik.com\/index.php?rest_route=%2Fwp%2Fv2%2Fcategories&post=111311"},{"taxonomy":"post_tag","embeddable":true,"href":"https:\/\/kibrisdakik.com\/index.php?rest_route=%2Fwp%2Fv2%2Ftags&post=111311"}],"curies":[{"name":"wp","href":"https:\/\/api.w.org\/{rel}","templated":true}]}}