{"id":11132,"date":"2023-07-26T11:52:58","date_gmt":"2023-07-26T11:52:58","guid":{"rendered":"https:\/\/kibrisdakik.com\/index.php\/2023\/07\/26\/sehit-ile-maluller-ve-yakinlarini-tespit-komitesi-yeni-uyeleriyle-ilk-toplantisini-yapti\/"},"modified":"2023-07-26T11:52:58","modified_gmt":"2023-07-26T11:52:58","slug":"sehit-ile-maluller-ve-yakinlarini-tespit-komitesi-yeni-uyeleriyle-ilk-toplantisini-yapti","status":"publish","type":"post","link":"https:\/\/kibrisdakik.com\/?p=11132","title":{"rendered":"\u015eehit ile Maluller ve Yak\u0131nlar\u0131n\u0131 Tespit Komitesi yeni \u00fcyeleriyle ilk toplant\u0131s\u0131n\u0131 yapt\u0131"},"content":{"rendered":"<p><\/p>\n<div>\n<div class=\"mariselle-image-container center\">\n                <img width=\"2560\" height=\"1709\" class=\"lazy-image\" alt=\"\" decoding=\"async\" loading=\"lazy\" sizes=\"auto, (max-width: 2560px) 100vw, 2560px\" src=\"https:\/\/brtk.net\/wp-content\/uploads\/2023\/07\/26\/sehit-aileleri-komisyon-toplantisi-yapildi-so-scaled.jpg?ver=9149e86af35527efe5b98ff3a9032ac1\" srcset=\"https:\/\/brtk.net\/wp-content\/uploads\/2023\/07\/26\/sehit-aileleri-komisyon-toplantisi-yapildi-so-scaled.jpg?ver=9149e86af35527efe5b98ff3a9032ac1 2560w, https:\/\/brtk.net\/wp-content\/uploads\/2023\/07\/26\/sehit-aileleri-komisyon-toplantisi-yapildi-so-300x200.jpg?ver=b782dd9f7adfbfb177ac99b802d7b444 300w, https:\/\/brtk.net\/wp-content\/uploads\/2023\/07\/26\/sehit-aileleri-komisyon-toplantisi-yapildi-so-1024x684.jpg?ver=743dfce7f060d7ac8a26048678506849 1024w, https:\/\/brtk.net\/wp-content\/uploads\/2023\/07\/26\/sehit-aileleri-komisyon-toplantisi-yapildi-so-768x513.jpg?ver=743dfce7f060d7ac8a26048678506849 768w, https:\/\/brtk.net\/wp-content\/uploads\/2023\/07\/26\/sehit-aileleri-komisyon-toplantisi-yapildi-so-1536x1025.jpg?ver=3a3d6223d50d3266ae5243ac539a33fe 1536w, https:\/\/brtk.net\/wp-content\/uploads\/2023\/07\/26\/sehit-aileleri-komisyon-toplantisi-yapildi-so-2048x1367.jpg?ver=6b6eafb1a3548c9ac3b8ce8d1eb918a8 2048w\"\/>                            <\/div>\n<p>Sosyal Hizmetler Dairesi\u2019nde yer alan toplant\u0131ya, \u00c7al\u0131\u015fma ve Sosyal G\u00fcvenlik Bakan\u0131 Hasan Ta\u00e7oy, Bakanl\u0131k M\u00fcd\u00fcr\u00fc Meray D\u00fcr\u00fcst, D\u0131\u015fi\u015fleri Bakanl\u0131\u011f\u0131 M\u00fcd\u00fcr\u00fc Keziban Sivri, G\u00fcvenlik Kuvvetleri Komutanl\u0131\u011f\u0131 Personel M\u00fcd\u00fcr\u00fc Personel Albay \u0130lker Garip, \u015eehit Aileleri ve Malul Gaziler Derne\u011fi Ba\u015fkan\u0131 G\u00fcrsel Benan, \u015eampiyon Melekleri Ya\u015fatma Derne\u011fi ad\u0131na Genel Sekreter Osman Ak\u0131n kat\u0131ld\u0131. <\/p>\n<p>\u00c7al\u0131\u015fma ve Sosyal G\u00fcvenlik Bakan\u0131 Hasan Ta\u00e7oy toplant\u0131da yapt\u0131\u011f\u0131 konu\u015fmada, \u015eehit ve Hadise Kurban\u0131 Aileleri ile Malullere Yap\u0131lacak Yard\u0131mlar, Yard\u0131m Komiteleri Kurulmas\u0131, Yetkileri ve Di\u011fer Hususlarda H\u00fck\u00fcmler Koyan Yasa\u2019s\u0131n\u0131n yeniden d\u00fczenlenmesi sonras\u0131 \u015eehit ile Maluller ve Yak\u0131nlar\u0131n\u0131 Tespit Komitesi\u2019nin bug\u00fcn ilk toplant\u0131s\u0131n\u0131 yapt\u0131\u011f\u0131n\u0131 s\u00f6yledi. <\/p>\n<p>Yasada yap\u0131lan d\u00fczenlemeyle komitenin 3 olan \u00fcye say\u0131s\u0131n\u0131n 5\u2019e \u00e7\u0131kar\u0131ld\u0131\u011f\u0131n\u0131 ifade eden Ta\u00e7oy, 1974 y\u0131l\u0131ndan bu yana y\u00fcr\u00fcrl\u00fckte bulunan yasan\u0131n g\u00f6r\u00fclen l\u00fczum \u00fczerine de\u011fi\u015ftirdiklerini kaydetti. <\/p>\n<p>-Yasaya eklenen yeni tabirler<\/p>\n<p>6 \u015eubat\u2019ta ya\u015fanan asr\u0131n felaketi diye nitelendirilen depremde kaybedilen \u015eampiyon Melekleri anarak, ya\u015fanan felaketin ard\u0131ndan yasada de\u011fi\u015fikli\u011fe gidildi\u011fini belirten Bakan Ta\u00e7oy, komitenin \u015feklinin de\u011fi\u015ftirilerek, yasaya \u201cmalulen gazi, malulen emekli, malulen \u015fehit ve g\u00f6rev \u015fehidi\u201d tabirlerinin yerle\u015ftirildi\u011fini aktard\u0131.<\/p>\n<p>Yasada ayr\u0131ca 3 ki\u015fiden olu\u015fan komite y\u00f6netim kurulu \u00fcyesi say\u0131s\u0131n\u0131n da 5\u2019e \u00e7\u0131kar\u0131ld\u0131\u011f\u0131n\u0131 belirten Ta\u00e7oy, \u00c7al\u0131\u015fma ve Sosyal G\u00fcvenlik Bakanl\u0131\u011f\u0131\u2019ndan Sosyal Hizmetleri, D\u0131\u015fi\u015fleri Bakanl\u0131\u011f\u0131 ve G\u00fcvenlik Kuvvetleri temsilcilerinden olu\u015fan \u00fcyelere, \u015eehit Aileleri ve Malul Gaziler Derne\u011fi ile \u015eampiyon Melekleri Ya\u015fatma Derne\u011fi\u2019nden de 1\u2019er temsilcinin  eklendi\u011fini s\u00f6yledi. <\/p>\n<p>Bug\u00fcn yeni \u00fcyelerle yap\u0131lan ilk toplant\u0131 oldu\u011funa i\u015faret eden Bakan Ta\u00e7oy, toplant\u0131da yasan\u0131n i\u00e7eri\u011fi gere\u011fi ba\u015fvurular\u0131n de\u011ferlendirilerek, kimin g\u00f6rev \u015fehidi, kimin malulen gazi veya \u015fehit oldu\u011funa  karar verilerek, Bakanlar Kurulu\u2019na havale edilece\u011fini s\u00f6yledi. <\/p>\n<p>\u0130htiya\u00e7 duyulan ba\u015fka konularda da komite y\u00f6netimin de\u011ferlendirmeler yaparak, h\u00fck\u00fcmetle isti\u015farelerin yap\u0131laca\u011f\u0131n\u0131 belirten Bakan Ta\u00e7oy, ilk toplant\u0131n\u0131n g\u00fcndeminin \u015fehitlerin tespiti oldu\u011funa i\u015faret etti. <\/p>\n<p>Yap\u0131lacak i\u015fin olduk\u00e7a me\u015fakkatli ve duygusal oldu\u011funa i\u015faret eden Bakan Ta\u00e7oy, toplant\u0131dan bug\u00fcn \u00e7\u0131kacak sonucun h\u0131zl\u0131ca Bakanlar Kurulu\u2019na g\u00f6t\u00fcr\u00fclece\u011fini kaydetti. <\/p>\n<p>-\u201c6 \u015eubat\u2019taki ac\u0131, 1974 kadar derin\u201d<\/p>\n<p>6 \u015eubat\u2019ta ya\u015fanan depremin 1974\u2019te ya\u015fanan ac\u0131ya ek, onun kadar derinden sarsan bir ac\u0131 oldu\u011funu ifade eden Bakan Ta\u00e7oy, \u015eampiyon Melekler i\u00e7in neler yap\u0131labilir, yap\u0131lmas\u0131 gerekenlerin belirlenerek, sorumluluk ve g\u00f6revlerini yerine getirebilmeleri i\u00e7in komitenin gerekli kararlar\u0131 \u00fcretmesi gerekti\u011fini vurgulad\u0131. <\/p>\n<p>Bu t\u00fcr ac\u0131 olaylar\u0131n bir daha ya\u015fanmamas\u0131 temennisinde bulunan Bakan Ta\u00e7oy, devletin elinden gelen katk\u0131y\u0131 yapmaya haz\u0131r oldu\u011funu s\u00f6zlerine ekledi.<\/p>\n<\/p><\/div>\n<p><script async\n                    defer\n                    crossorigin=\"anonymous\"\n                    src=\"https:\/\/connect.facebook.net\/tr_TR\/sdk.js#xfbml=1&#038;version=v3.3\"\n            ><\/script><\/p>\n","protected":false},"excerpt":{"rendered":"<p>Sosyal Hizmetler Dairesi\u2019nde yer alan toplant\u0131ya, \u00c7al\u0131\u015fma ve Sosyal G\u00fcvenlik Bakan\u0131 Hasan Ta\u00e7oy, Bakanl\u0131k M\u00fcd\u00fcr\u00fc Meray D\u00fcr\u00fcst, D\u0131\u015fi\u015fleri Bakanl\u0131\u011f\u0131 M\u00fcd\u00fcr\u00fc Keziban Sivri, G\u00fcvenlik Kuvvetleri Komutanl\u0131\u011f\u0131 Personel M\u00fcd\u00fcr\u00fc Personel Albay \u0130lker Garip, \u015eehit Aileleri ve Malul Gaziler Derne\u011fi Ba\u015fkan\u0131 G\u00fcrsel Benan, \u015eampiyon Melekleri Ya\u015fatma Derne\u011fi ad\u0131na Genel Sekreter Osman Ak\u0131n kat\u0131ld\u0131. \u00c7al\u0131\u015fma ve Sosyal G\u00fcvenlik Bakan\u0131<\/p>\n","protected":false},"author":1,"featured_media":11133,"comment_status":"open","ping_status":"open","sticky":false,"template":"","format":"standard","meta":{"footnotes":""},"categories":[1],"tags":[],"class_list":["post-11132","post","type-post","status-publish","format-standard","has-post-thumbnail","hentry","category-gundem"],"yoast_head":"<!-- This site is optimized with the Yoast SEO plugin v27.5 - https:\/\/yoast.com\/product\/yoast-seo-wordpress\/ -->\n<title>\u015eehit ile Maluller ve Yak\u0131nlar\u0131n\u0131 Tespit Komitesi yeni \u00fcyeleriyle ilk toplant\u0131s\u0131n\u0131 yapt\u0131 -<\/title>\n<meta name=\"robots\" content=\"index, follow, max-snippet:-1, max-image-preview:large, max-video-preview:-1\" \/>\n<link rel=\"canonical\" href=\"https:\/\/kibrisdakik.com\/?p=11132\" \/>\n<meta property=\"og:locale\" content=\"tr_TR\" \/>\n<meta property=\"og:type\" content=\"article\" \/>\n<meta property=\"og:title\" content=\"\u015eehit ile Maluller ve Yak\u0131nlar\u0131n\u0131 Tespit Komitesi yeni \u00fcyeleriyle ilk toplant\u0131s\u0131n\u0131 yapt\u0131 -\" \/>\n<meta property=\"og:description\" content=\"Sosyal Hizmetler Dairesi\u2019nde yer alan toplant\u0131ya, \u00c7al\u0131\u015fma ve Sosyal G\u00fcvenlik Bakan\u0131 Hasan Ta\u00e7oy, Bakanl\u0131k M\u00fcd\u00fcr\u00fc Meray D\u00fcr\u00fcst, D\u0131\u015fi\u015fleri Bakanl\u0131\u011f\u0131 M\u00fcd\u00fcr\u00fc Keziban Sivri, G\u00fcvenlik Kuvvetleri Komutanl\u0131\u011f\u0131 Personel M\u00fcd\u00fcr\u00fc Personel Albay \u0130lker Garip, \u015eehit Aileleri ve Malul Gaziler Derne\u011fi Ba\u015fkan\u0131 G\u00fcrsel Benan, \u015eampiyon Melekleri Ya\u015fatma Derne\u011fi ad\u0131na Genel Sekreter Osman Ak\u0131n kat\u0131ld\u0131. \u00c7al\u0131\u015fma ve Sosyal G\u00fcvenlik Bakan\u0131\" \/>\n<meta property=\"og:url\" content=\"https:\/\/kibrisdakik.com\/?p=11132\" \/>\n<meta property=\"article:published_time\" content=\"2023-07-26T11:52:58+00:00\" \/>\n<meta property=\"og:image\" content=\"https:\/\/kibrisdakik.com\/wp-content\/uploads\/2023\/07\/sehit-aileleri-komisyon-toplantisi-yapildi-so-scaled-740x420.jpg\" \/>\n\t<meta property=\"og:image:width\" content=\"2560\" \/>\n\t<meta property=\"og:image:height\" content=\"1709\" \/>\n\t<meta property=\"og:image:type\" content=\"image\/jpeg\" \/>\n<meta name=\"author\" content=\"admin\" \/>\n<meta name=\"twitter:card\" content=\"summary_large_image\" \/>\n<meta name=\"twitter:label1\" content=\"Yazan:\" \/>\n\t<meta name=\"twitter:data1\" content=\"admin\" \/>\n\t<meta name=\"twitter:label2\" content=\"Tahmini okuma s\u00fcresi\" \/>\n\t<meta name=\"twitter:data2\" content=\"3 dakika\" \/>\n<script type=\"application\/ld+json\" class=\"yoast-schema-graph\">{\"@context\":\"https:\\\/\\\/schema.org\",\"@graph\":[{\"@type\":\"Article\",\"@id\":\"https:\\\/\\\/kibrisdakik.com\\\/?p=11132#article\",\"isPartOf\":{\"@id\":\"https:\\\/\\\/kibrisdakik.com\\\/?p=11132\"},\"author\":{\"name\":\"admin\",\"@id\":\"https:\\\/\\\/kibrisdakik.com\\\/#\\\/schema\\\/person\\\/9cd9d437bbb44f72b73ba127e06d8e79\"},\"headline\":\"\u015eehit ile Maluller ve Yak\u0131nlar\u0131n\u0131 Tespit Komitesi yeni \u00fcyeleriyle ilk toplant\u0131s\u0131n\u0131 yapt\u0131\",\"datePublished\":\"2023-07-26T11:52:58+00:00\",\"mainEntityOfPage\":{\"@id\":\"https:\\\/\\\/kibrisdakik.com\\\/?p=11132\"},\"wordCount\":531,\"commentCount\":0,\"image\":{\"@id\":\"https:\\\/\\\/kibrisdakik.com\\\/?p=11132#primaryimage\"},\"thumbnailUrl\":\"https:\\\/\\\/kibrisdakik.com\\\/wp-content\\\/uploads\\\/2023\\\/07\\\/sehit-aileleri-komisyon-toplantisi-yapildi-so-scaled-740x420.jpg\",\"articleSection\":[\"G\u00fcndem\"],\"inLanguage\":\"tr\",\"potentialAction\":[{\"@type\":\"CommentAction\",\"name\":\"Comment\",\"target\":[\"https:\\\/\\\/kibrisdakik.com\\\/?p=11132#respond\"]}]},{\"@type\":\"WebPage\",\"@id\":\"https:\\\/\\\/kibrisdakik.com\\\/?p=11132\",\"url\":\"https:\\\/\\\/kibrisdakik.com\\\/?p=11132\",\"name\":\"\u015eehit ile Maluller ve Yak\u0131nlar\u0131n\u0131 Tespit Komitesi yeni \u00fcyeleriyle ilk toplant\u0131s\u0131n\u0131 yapt\u0131 -\",\"isPartOf\":{\"@id\":\"https:\\\/\\\/kibrisdakik.com\\\/#website\"},\"primaryImageOfPage\":{\"@id\":\"https:\\\/\\\/kibrisdakik.com\\\/?p=11132#primaryimage\"},\"image\":{\"@id\":\"https:\\\/\\\/kibrisdakik.com\\\/?p=11132#primaryimage\"},\"thumbnailUrl\":\"https:\\\/\\\/kibrisdakik.com\\\/wp-content\\\/uploads\\\/2023\\\/07\\\/sehit-aileleri-komisyon-toplantisi-yapildi-so-scaled-740x420.jpg\",\"datePublished\":\"2023-07-26T11:52:58+00:00\",\"author\":{\"@id\":\"https:\\\/\\\/kibrisdakik.com\\\/#\\\/schema\\\/person\\\/9cd9d437bbb44f72b73ba127e06d8e79\"},\"breadcrumb\":{\"@id\":\"https:\\\/\\\/kibrisdakik.com\\\/?p=11132#breadcrumb\"},\"inLanguage\":\"tr\",\"potentialAction\":[{\"@type\":\"ReadAction\",\"target\":[\"https:\\\/\\\/kibrisdakik.com\\\/?p=11132\"]}]},{\"@type\":\"ImageObject\",\"inLanguage\":\"tr\",\"@id\":\"https:\\\/\\\/kibrisdakik.com\\\/?p=11132#primaryimage\",\"url\":\"https:\\\/\\\/kibrisdakik.com\\\/wp-content\\\/uploads\\\/2023\\\/07\\\/sehit-aileleri-komisyon-toplantisi-yapildi-so-scaled-740x420.jpg\",\"contentUrl\":\"https:\\\/\\\/kibrisdakik.com\\\/wp-content\\\/uploads\\\/2023\\\/07\\\/sehit-aileleri-komisyon-toplantisi-yapildi-so-scaled-740x420.jpg\",\"width\":2560,\"height\":1709},{\"@type\":\"BreadcrumbList\",\"@id\":\"https:\\\/\\\/kibrisdakik.com\\\/?p=11132#breadcrumb\",\"itemListElement\":[{\"@type\":\"ListItem\",\"position\":1,\"name\":\"Home\",\"item\":\"https:\\\/\\\/kibrisdakik.com\\\/\"},{\"@type\":\"ListItem\",\"position\":2,\"name\":\"\u015eehit ile Maluller ve Yak\u0131nlar\u0131n\u0131 Tespit Komitesi yeni \u00fcyeleriyle ilk toplant\u0131s\u0131n\u0131 yapt\u0131\"}]},{\"@type\":\"WebSite\",\"@id\":\"https:\\\/\\\/kibrisdakik.com\\\/#website\",\"url\":\"https:\\\/\\\/kibrisdakik.com\\\/\",\"name\":\"\",\"description\":\"Tam vaktinde haber\",\"potentialAction\":[{\"@type\":\"SearchAction\",\"target\":{\"@type\":\"EntryPoint\",\"urlTemplate\":\"https:\\\/\\\/kibrisdakik.com\\\/?s={search_term_string}\"},\"query-input\":{\"@type\":\"PropertyValueSpecification\",\"valueRequired\":true,\"valueName\":\"search_term_string\"}}],\"inLanguage\":\"tr\"},{\"@type\":\"Person\",\"@id\":\"https:\\\/\\\/kibrisdakik.com\\\/#\\\/schema\\\/person\\\/9cd9d437bbb44f72b73ba127e06d8e79\",\"name\":\"admin\",\"image\":{\"@type\":\"ImageObject\",\"inLanguage\":\"tr\",\"@id\":\"https:\\\/\\\/secure.gravatar.com\\\/avatar\\\/ccc17943b9d660506c869530f897617f7cb1c21a4bf30023f252596d83e1f007?s=96&d=mm&r=g\",\"url\":\"https:\\\/\\\/secure.gravatar.com\\\/avatar\\\/ccc17943b9d660506c869530f897617f7cb1c21a4bf30023f252596d83e1f007?s=96&d=mm&r=g\",\"contentUrl\":\"https:\\\/\\\/secure.gravatar.com\\\/avatar\\\/ccc17943b9d660506c869530f897617f7cb1c21a4bf30023f252596d83e1f007?s=96&d=mm&r=g\",\"caption\":\"admin\"},\"sameAs\":[\"https:\\\/\\\/kibrisdakik.com\"],\"url\":\"https:\\\/\\\/kibrisdakik.com\\\/?author=1\"}]}<\/script>\n<!-- \/ Yoast SEO plugin. -->","yoast_head_json":{"title":"\u015eehit ile Maluller ve Yak\u0131nlar\u0131n\u0131 Tespit Komitesi yeni \u00fcyeleriyle ilk toplant\u0131s\u0131n\u0131 yapt\u0131 -","robots":{"index":"index","follow":"follow","max-snippet":"max-snippet:-1","max-image-preview":"max-image-preview:large","max-video-preview":"max-video-preview:-1"},"canonical":"https:\/\/kibrisdakik.com\/?p=11132","og_locale":"tr_TR","og_type":"article","og_title":"\u015eehit ile Maluller ve Yak\u0131nlar\u0131n\u0131 Tespit Komitesi yeni \u00fcyeleriyle ilk toplant\u0131s\u0131n\u0131 yapt\u0131 -","og_description":"Sosyal Hizmetler Dairesi\u2019nde yer alan toplant\u0131ya, \u00c7al\u0131\u015fma ve Sosyal G\u00fcvenlik Bakan\u0131 Hasan Ta\u00e7oy, Bakanl\u0131k M\u00fcd\u00fcr\u00fc Meray D\u00fcr\u00fcst, D\u0131\u015fi\u015fleri Bakanl\u0131\u011f\u0131 M\u00fcd\u00fcr\u00fc Keziban Sivri, G\u00fcvenlik Kuvvetleri Komutanl\u0131\u011f\u0131 Personel M\u00fcd\u00fcr\u00fc Personel Albay \u0130lker Garip, \u015eehit Aileleri ve Malul Gaziler Derne\u011fi Ba\u015fkan\u0131 G\u00fcrsel Benan, \u015eampiyon Melekleri Ya\u015fatma Derne\u011fi ad\u0131na Genel Sekreter Osman Ak\u0131n kat\u0131ld\u0131. \u00c7al\u0131\u015fma ve Sosyal G\u00fcvenlik Bakan\u0131","og_url":"https:\/\/kibrisdakik.com\/?p=11132","article_published_time":"2023-07-26T11:52:58+00:00","og_image":[{"width":2560,"height":1709,"url":"https:\/\/kibrisdakik.com\/wp-content\/uploads\/2023\/07\/sehit-aileleri-komisyon-toplantisi-yapildi-so-scaled-740x420.jpg","type":"image\/jpeg"}],"author":"admin","twitter_card":"summary_large_image","twitter_misc":{"Yazan:":"admin","Tahmini okuma s\u00fcresi":"3 dakika"},"schema":{"@context":"https:\/\/schema.org","@graph":[{"@type":"Article","@id":"https:\/\/kibrisdakik.com\/?p=11132#article","isPartOf":{"@id":"https:\/\/kibrisdakik.com\/?p=11132"},"author":{"name":"admin","@id":"https:\/\/kibrisdakik.com\/#\/schema\/person\/9cd9d437bbb44f72b73ba127e06d8e79"},"headline":"\u015eehit ile Maluller ve Yak\u0131nlar\u0131n\u0131 Tespit Komitesi yeni \u00fcyeleriyle ilk toplant\u0131s\u0131n\u0131 yapt\u0131","datePublished":"2023-07-26T11:52:58+00:00","mainEntityOfPage":{"@id":"https:\/\/kibrisdakik.com\/?p=11132"},"wordCount":531,"commentCount":0,"image":{"@id":"https:\/\/kibrisdakik.com\/?p=11132#primaryimage"},"thumbnailUrl":"https:\/\/kibrisdakik.com\/wp-content\/uploads\/2023\/07\/sehit-aileleri-komisyon-toplantisi-yapildi-so-scaled-740x420.jpg","articleSection":["G\u00fcndem"],"inLanguage":"tr","potentialAction":[{"@type":"CommentAction","name":"Comment","target":["https:\/\/kibrisdakik.com\/?p=11132#respond"]}]},{"@type":"WebPage","@id":"https:\/\/kibrisdakik.com\/?p=11132","url":"https:\/\/kibrisdakik.com\/?p=11132","name":"\u015eehit ile Maluller ve Yak\u0131nlar\u0131n\u0131 Tespit Komitesi yeni \u00fcyeleriyle ilk toplant\u0131s\u0131n\u0131 yapt\u0131 -","isPartOf":{"@id":"https:\/\/kibrisdakik.com\/#website"},"primaryImageOfPage":{"@id":"https:\/\/kibrisdakik.com\/?p=11132#primaryimage"},"image":{"@id":"https:\/\/kibrisdakik.com\/?p=11132#primaryimage"},"thumbnailUrl":"https:\/\/kibrisdakik.com\/wp-content\/uploads\/2023\/07\/sehit-aileleri-komisyon-toplantisi-yapildi-so-scaled-740x420.jpg","datePublished":"2023-07-26T11:52:58+00:00","author":{"@id":"https:\/\/kibrisdakik.com\/#\/schema\/person\/9cd9d437bbb44f72b73ba127e06d8e79"},"breadcrumb":{"@id":"https:\/\/kibrisdakik.com\/?p=11132#breadcrumb"},"inLanguage":"tr","potentialAction":[{"@type":"ReadAction","target":["https:\/\/kibrisdakik.com\/?p=11132"]}]},{"@type":"ImageObject","inLanguage":"tr","@id":"https:\/\/kibrisdakik.com\/?p=11132#primaryimage","url":"https:\/\/kibrisdakik.com\/wp-content\/uploads\/2023\/07\/sehit-aileleri-komisyon-toplantisi-yapildi-so-scaled-740x420.jpg","contentUrl":"https:\/\/kibrisdakik.com\/wp-content\/uploads\/2023\/07\/sehit-aileleri-komisyon-toplantisi-yapildi-so-scaled-740x420.jpg","width":2560,"height":1709},{"@type":"BreadcrumbList","@id":"https:\/\/kibrisdakik.com\/?p=11132#breadcrumb","itemListElement":[{"@type":"ListItem","position":1,"name":"Home","item":"https:\/\/kibrisdakik.com\/"},{"@type":"ListItem","position":2,"name":"\u015eehit ile Maluller ve Yak\u0131nlar\u0131n\u0131 Tespit Komitesi yeni \u00fcyeleriyle ilk toplant\u0131s\u0131n\u0131 yapt\u0131"}]},{"@type":"WebSite","@id":"https:\/\/kibrisdakik.com\/#website","url":"https:\/\/kibrisdakik.com\/","name":"","description":"Tam vaktinde haber","potentialAction":[{"@type":"SearchAction","target":{"@type":"EntryPoint","urlTemplate":"https:\/\/kibrisdakik.com\/?s={search_term_string}"},"query-input":{"@type":"PropertyValueSpecification","valueRequired":true,"valueName":"search_term_string"}}],"inLanguage":"tr"},{"@type":"Person","@id":"https:\/\/kibrisdakik.com\/#\/schema\/person\/9cd9d437bbb44f72b73ba127e06d8e79","name":"admin","image":{"@type":"ImageObject","inLanguage":"tr","@id":"https:\/\/secure.gravatar.com\/avatar\/ccc17943b9d660506c869530f897617f7cb1c21a4bf30023f252596d83e1f007?s=96&d=mm&r=g","url":"https:\/\/secure.gravatar.com\/avatar\/ccc17943b9d660506c869530f897617f7cb1c21a4bf30023f252596d83e1f007?s=96&d=mm&r=g","contentUrl":"https:\/\/secure.gravatar.com\/avatar\/ccc17943b9d660506c869530f897617f7cb1c21a4bf30023f252596d83e1f007?s=96&d=mm&r=g","caption":"admin"},"sameAs":["https:\/\/kibrisdakik.com"],"url":"https:\/\/kibrisdakik.com\/?author=1"}]}},"_links":{"self":[{"href":"https:\/\/kibrisdakik.com\/index.php?rest_route=\/wp\/v2\/posts\/11132","targetHints":{"allow":["GET"]}}],"collection":[{"href":"https:\/\/kibrisdakik.com\/index.php?rest_route=\/wp\/v2\/posts"}],"about":[{"href":"https:\/\/kibrisdakik.com\/index.php?rest_route=\/wp\/v2\/types\/post"}],"author":[{"embeddable":true,"href":"https:\/\/kibrisdakik.com\/index.php?rest_route=\/wp\/v2\/users\/1"}],"replies":[{"embeddable":true,"href":"https:\/\/kibrisdakik.com\/index.php?rest_route=%2Fwp%2Fv2%2Fcomments&post=11132"}],"version-history":[{"count":0,"href":"https:\/\/kibrisdakik.com\/index.php?rest_route=\/wp\/v2\/posts\/11132\/revisions"}],"wp:featuredmedia":[{"embeddable":true,"href":"https:\/\/kibrisdakik.com\/index.php?rest_route=\/wp\/v2\/media\/11133"}],"wp:attachment":[{"href":"https:\/\/kibrisdakik.com\/index.php?rest_route=%2Fwp%2Fv2%2Fmedia&parent=11132"}],"wp:term":[{"taxonomy":"category","embeddable":true,"href":"https:\/\/kibrisdakik.com\/index.php?rest_route=%2Fwp%2Fv2%2Fcategories&post=11132"},{"taxonomy":"post_tag","embeddable":true,"href":"https:\/\/kibrisdakik.com\/index.php?rest_route=%2Fwp%2Fv2%2Ftags&post=11132"}],"curies":[{"name":"wp","href":"https:\/\/api.w.org\/{rel}","templated":true}]}}