{"id":111321,"date":"2026-04-27T13:24:16","date_gmt":"2026-04-27T10:24:16","guid":{"rendered":"https:\/\/kibrisdakik.com\/?p=111321"},"modified":"2026-04-27T13:24:16","modified_gmt":"2026-04-27T10:24:16","slug":"olgu-tansug-fiber-altyapi-egemenlik-meselesidir-hukumet-sektorle-iletisim-kurmuyor","status":"publish","type":"post","link":"https:\/\/kibrisdakik.com\/?p=111321","title":{"rendered":"OLGU TANSU\u011e: \u201cF\u0130BER ALTYAPI EGEMENL\u0130K MESELES\u0130D\u0130R, H\u00dcK\u00dcMET SEKT\u00d6RLE \u0130LET\u0130\u015e\u0130M KURMUYOR\u201d"},"content":{"rendered":"<p><\/p>\n<div data-text-id=\"200800\" property=\"articleBody\">\n<p>TDP Ma\u011fusa \u0130l\u00e7e Ba\u015fkan\u0131 ve \u0130nternet Servis Sa\u011flay\u0131c\u0131lar\u0131 Birli\u011fi Ba\u015fkan\u0131 Olgu Tansu\u011f, h\u00fck\u00fcmetin sosyal medya d\u00fczenlemeleri ve altyap\u0131 \u00e7al\u0131\u015fmalar\u0131 konusunda sekt\u00f6rle ileti\u015fim kurmad\u0131\u011f\u0131n\u0131 belirterek, fiber altyap\u0131n\u0131n ba\u015fka yap\u0131lara ba\u011flanmas\u0131n\u0131n ileti\u015fim egemenli\u011fini zedeleyece\u011fini savundu.<\/p>\n<p>Toplumcu Demokrasi Partisi (TDP) Ma\u011fusa \u0130l\u00e7e Ba\u015fkan\u0131 ve \u0130nternet Servis Sa\u011flay\u0131c\u0131lar\u0131 Birli\u011fi Ba\u015fkan\u0131 Olgu Tansu\u011f, Damla Dabis\u2019in Kanal T\u2019de haz\u0131rlay\u0131p sundu\u011fu programa telefonla ba\u011flanarak g\u00fcndeme ili\u015fkin de\u011ferlendirmelerde bulundu.<\/p>\n<p>&#8220;B\u0130Z\u0130MLE H\u0130\u00c7B\u0130R \u0130LET\u0130\u015e\u0130M KURULMADI&#8221;<\/p>\n<p>Tansu\u011f, h\u00fck\u00fcmetin ne sosyal medya d\u00fczenlemeleri ne de altyap\u0131 \u00e7al\u0131\u015fmalar\u0131 konusunda sekt\u00f6r temsilcileriyle temas kurmad\u0131\u011f\u0131n\u0131 belirterek, \u201cH\u00fck\u00fcmet bizimle ileti\u015fime ge\u00e7medi. Bu s\u00fcre\u00e7te bizimle hi\u00e7bir temas kurulmad\u0131\u201d dedi.<\/p>\n<p>&#8220;F\u0130BER ALTYAPI EGEMENL\u0130K MESELES\u0130D\u0130R&#8221;<\/p>\n<p>Fiber optik altyap\u0131ya ili\u015fkin de\u011ferlendirmelerde bulunan Tansu\u011f, bir \u00fclkenin ileti\u015fim altyap\u0131s\u0131n\u0131n ba\u015fka bir yap\u0131ya ba\u011flanmas\u0131n\u0131n ciddi sonu\u00e7lar do\u011furaca\u011f\u0131n\u0131 vurgulad\u0131.<\/p>\n<p>\u201cBir \u00fclkenin altyap\u0131s\u0131n\u0131 ba\u015fka bir yere ba\u011flamak, ileti\u015fim egemenli\u011finin zedelenmesi anlam\u0131na gelir\u201d diyen Tansu\u011f, bu konunun teknik oldu\u011fu kadar siyasi bir mesele oldu\u011funu ifade etti.<\/p>\n<p>Tansu\u011f, Erhan Ar\u0131kl\u0131\u2019n\u0131n a\u00e7\u0131klamalar\u0131na da de\u011finerek, yarg\u0131 ile siyasi s\u00f6ylem aras\u0131nda ciddi bir \u00e7eli\u015fki olu\u015ftu\u011funu s\u00f6yledi.<\/p>\n<p>\u201cMahkeme, baz\u0131 ifadelerin ifade \u00f6zg\u00fcrl\u00fc\u011f\u00fc kapsam\u0131nda de\u011ferlendirilmesi gerekti\u011fini s\u00f6yl\u00fcyor. Ancak Say\u0131n Bakan bunu ifade \u00f6zg\u00fcrl\u00fc\u011f\u00fc de\u011fildir noktas\u0131na getiriyor ve mahkeme karar\u0131 olmasa bile m\u00fcdahale edilmesi gerekti\u011fini savunuyor\u201d dedi.<\/p>\n<p>\u0130fade \u00f6zg\u00fcrl\u00fc\u011f\u00fc kapsam\u0131nda de\u011ferlendirilen bir konunun farkl\u0131 \u00fclke mekanizmalar\u0131 \u00fczerinden \u00e7\u00f6z\u00fclmeye \u00e7al\u0131\u015f\u0131lmas\u0131n\u0131 ele\u015ftiren Tansu\u011f, bunun hukuk devleti ilkesiyle ba\u011fda\u015fmad\u0131\u011f\u0131n\u0131 belirtti.<\/p>\n<p>\u201cHerkesin kendi adalet anlay\u0131\u015f\u0131yla hareket etmesi, yarg\u0131y\u0131 ve hukuku reddetmekten ba\u015fka bir \u015fey de\u011fildir\u201d ifadelerini kulland\u0131.<\/p>\n<p>Mevcut durumda ciddi bir hukuki karma\u015fa ya\u015fand\u0131\u011f\u0131n\u0131 vurgulayan Tansu\u011f, \u201cT\u00fcrkiye ile KKTC hukukunun kar\u015f\u0131 kar\u015f\u0131ya geldi\u011fi bir tablo olu\u015fuyor. Bu zaten ba\u015f\u0131ndan itibaren yanl\u0131\u015f bir s\u00fcre\u00e7tir\u201d dedi.<\/p>\n<p>&#8220;BTK \u0130LE KOORD\u0130NASYON YOK&#8221;<\/p>\n<p>Tansu\u011f, normal \u015fartlarda bu t\u00fcr konular\u0131n Bilgi Teknolojileri ve Haberle\u015fme Kurumu (BTHK) ile koordineli y\u00fcr\u00fct\u00fclmesi gerekti\u011fini belirterek, kurumlar aras\u0131nda da ileti\u015fim eksikli\u011fi ya\u015fand\u0131\u011f\u0131n\u0131 ifade etti.<\/p>\n<p>\u201cSay\u0131n Ar\u0131kl\u0131\u2019n\u0131n a\u00e7\u0131klamalar\u0131 \u2018ben yapt\u0131m oldu\u2019 anlay\u0131\u015f\u0131yla de\u011ferlendiriliyor\u201d diyen Tansu\u011f, s\u00fcrecin sa\u011fl\u0131kl\u0131 y\u00f6netilmedi\u011fini s\u00f6yledi.<\/p>\n<p>Tansu\u011f, sosyal medya platformlar\u0131nda hesap kapatma veya i\u00e7erik kald\u0131rma i\u015flemlerinin telif hakk\u0131 d\u0131\u015f\u0131nda hukuki s\u00fcre\u00e7 gerektirdi\u011fini vurgulad\u0131.<\/p>\n<p>\u201cBir hesab\u0131n kapat\u0131lmas\u0131 ya da bir i\u00e7eri\u011fin kald\u0131r\u0131lmas\u0131, mutlaka hukuki bir s\u00fcrecin i\u015fletilmesini gerektirir\u201d diyen Tansu\u011f, mevcut tart\u0131\u015fmalar\u0131n bu \u00e7er\u00e7evenin d\u0131\u015f\u0131nda y\u00fcr\u00fct\u00fcld\u00fc\u011f\u00fcn\u00fc belirtti.<\/p>\n<\/p><\/div>\n","protected":false},"excerpt":{"rendered":"<p>TDP Ma\u011fusa \u0130l\u00e7e Ba\u015fkan\u0131 ve \u0130nternet Servis Sa\u011flay\u0131c\u0131lar\u0131 Birli\u011fi Ba\u015fkan\u0131 Olgu Tansu\u011f, h\u00fck\u00fcmetin sosyal medya d\u00fczenlemeleri ve altyap\u0131 \u00e7al\u0131\u015fmalar\u0131 konusunda sekt\u00f6rle ileti\u015fim kurmad\u0131\u011f\u0131n\u0131 belirterek, fiber altyap\u0131n\u0131n ba\u015fka yap\u0131lara ba\u011flanmas\u0131n\u0131n ileti\u015fim egemenli\u011fini zedeleyece\u011fini savundu. Toplumcu Demokrasi Partisi (TDP) Ma\u011fusa \u0130l\u00e7e Ba\u015fkan\u0131 ve \u0130nternet Servis Sa\u011flay\u0131c\u0131lar\u0131 Birli\u011fi Ba\u015fkan\u0131 Olgu Tansu\u011f, Damla Dabis\u2019in Kanal T\u2019de haz\u0131rlay\u0131p sundu\u011fu programa<\/p>\n","protected":false},"author":1,"featured_media":111322,"comment_status":"open","ping_status":"open","sticky":false,"template":"","format":"standard","meta":{"footnotes":""},"categories":[81],"tags":[],"class_list":["post-111321","post","type-post","status-publish","format-standard","has-post-thumbnail","hentry","category-kibris"],"yoast_head":"<!-- This site is optimized with the Yoast SEO plugin v27.4 - https:\/\/yoast.com\/product\/yoast-seo-wordpress\/ -->\n<title>OLGU TANSU\u011e: \u201cF\u0130BER ALTYAPI EGEMENL\u0130K MESELES\u0130D\u0130R, H\u00dcK\u00dcMET SEKT\u00d6RLE \u0130LET\u0130\u015e\u0130M KURMUYOR\u201d -<\/title>\n<meta name=\"robots\" content=\"index, follow, max-snippet:-1, max-image-preview:large, max-video-preview:-1\" \/>\n<link rel=\"canonical\" href=\"https:\/\/kibrisdakik.com\/?p=111321\" \/>\n<meta property=\"og:locale\" content=\"tr_TR\" \/>\n<meta property=\"og:type\" content=\"article\" \/>\n<meta property=\"og:title\" content=\"OLGU TANSU\u011e: \u201cF\u0130BER ALTYAPI EGEMENL\u0130K MESELES\u0130D\u0130R, H\u00dcK\u00dcMET SEKT\u00d6RLE \u0130LET\u0130\u015e\u0130M KURMUYOR\u201d -\" \/>\n<meta property=\"og:description\" content=\"TDP Ma\u011fusa \u0130l\u00e7e Ba\u015fkan\u0131 ve \u0130nternet Servis Sa\u011flay\u0131c\u0131lar\u0131 Birli\u011fi Ba\u015fkan\u0131 Olgu Tansu\u011f, h\u00fck\u00fcmetin sosyal medya d\u00fczenlemeleri ve altyap\u0131 \u00e7al\u0131\u015fmalar\u0131 konusunda sekt\u00f6rle ileti\u015fim kurmad\u0131\u011f\u0131n\u0131 belirterek, fiber altyap\u0131n\u0131n ba\u015fka yap\u0131lara ba\u011flanmas\u0131n\u0131n ileti\u015fim egemenli\u011fini zedeleyece\u011fini savundu. Toplumcu Demokrasi Partisi (TDP) Ma\u011fusa \u0130l\u00e7e Ba\u015fkan\u0131 ve \u0130nternet Servis Sa\u011flay\u0131c\u0131lar\u0131 Birli\u011fi Ba\u015fkan\u0131 Olgu Tansu\u011f, Damla Dabis\u2019in Kanal T\u2019de haz\u0131rlay\u0131p sundu\u011fu programa\" \/>\n<meta property=\"og:url\" content=\"https:\/\/kibrisdakik.com\/?p=111321\" \/>\n<meta property=\"article:published_time\" content=\"2026-04-27T10:24:16+00:00\" \/>\n<meta property=\"og:image\" content=\"https:\/\/mhahabercom.teimg.com\/crop\/1280x720\/mhahaber-com\/uploads\/2026\/04\/mha-sari-beyaz-4984.png\" \/>\n<meta name=\"author\" content=\"admin\" \/>\n<meta name=\"twitter:card\" content=\"summary_large_image\" \/>\n<meta name=\"twitter:label1\" content=\"Yazan:\" \/>\n\t<meta name=\"twitter:data1\" content=\"admin\" \/>\n\t<meta name=\"twitter:label2\" content=\"Tahmini okuma s\u00fcresi\" \/>\n\t<meta name=\"twitter:data2\" content=\"3 dakika\" \/>\n<script type=\"application\/ld+json\" class=\"yoast-schema-graph\">{\"@context\":\"https:\\\/\\\/schema.org\",\"@graph\":[{\"@type\":\"Article\",\"@id\":\"https:\\\/\\\/kibrisdakik.com\\\/?p=111321#article\",\"isPartOf\":{\"@id\":\"https:\\\/\\\/kibrisdakik.com\\\/?p=111321\"},\"author\":{\"name\":\"admin\",\"@id\":\"https:\\\/\\\/kibrisdakik.com\\\/#\\\/schema\\\/person\\\/9cd9d437bbb44f72b73ba127e06d8e79\"},\"headline\":\"OLGU TANSU\u011e: \u201cF\u0130BER ALTYAPI EGEMENL\u0130K MESELES\u0130D\u0130R, H\u00dcK\u00dcMET SEKT\u00d6RLE \u0130LET\u0130\u015e\u0130M KURMUYOR\u201d\",\"datePublished\":\"2026-04-27T10:24:16+00:00\",\"mainEntityOfPage\":{\"@id\":\"https:\\\/\\\/kibrisdakik.com\\\/?p=111321\"},\"wordCount\":534,\"commentCount\":0,\"image\":{\"@id\":\"https:\\\/\\\/kibrisdakik.com\\\/?p=111321#primaryimage\"},\"thumbnailUrl\":\"https:\\\/\\\/kibrisdakik.com\\\/wp-content\\\/uploads\\\/2026\\\/04\\\/mha-sari-beyaz-4984.png\",\"articleSection\":[\"K\u0131br\u0131s\"],\"inLanguage\":\"tr\",\"potentialAction\":[{\"@type\":\"CommentAction\",\"name\":\"Comment\",\"target\":[\"https:\\\/\\\/kibrisdakik.com\\\/?p=111321#respond\"]}]},{\"@type\":\"WebPage\",\"@id\":\"https:\\\/\\\/kibrisdakik.com\\\/?p=111321\",\"url\":\"https:\\\/\\\/kibrisdakik.com\\\/?p=111321\",\"name\":\"OLGU TANSU\u011e: \u201cF\u0130BER ALTYAPI EGEMENL\u0130K MESELES\u0130D\u0130R, H\u00dcK\u00dcMET SEKT\u00d6RLE \u0130LET\u0130\u015e\u0130M KURMUYOR\u201d -\",\"isPartOf\":{\"@id\":\"https:\\\/\\\/kibrisdakik.com\\\/#website\"},\"primaryImageOfPage\":{\"@id\":\"https:\\\/\\\/kibrisdakik.com\\\/?p=111321#primaryimage\"},\"image\":{\"@id\":\"https:\\\/\\\/kibrisdakik.com\\\/?p=111321#primaryimage\"},\"thumbnailUrl\":\"https:\\\/\\\/kibrisdakik.com\\\/wp-content\\\/uploads\\\/2026\\\/04\\\/mha-sari-beyaz-4984.png\",\"datePublished\":\"2026-04-27T10:24:16+00:00\",\"author\":{\"@id\":\"https:\\\/\\\/kibrisdakik.com\\\/#\\\/schema\\\/person\\\/9cd9d437bbb44f72b73ba127e06d8e79\"},\"breadcrumb\":{\"@id\":\"https:\\\/\\\/kibrisdakik.com\\\/?p=111321#breadcrumb\"},\"inLanguage\":\"tr\",\"potentialAction\":[{\"@type\":\"ReadAction\",\"target\":[\"https:\\\/\\\/kibrisdakik.com\\\/?p=111321\"]}]},{\"@type\":\"ImageObject\",\"inLanguage\":\"tr\",\"@id\":\"https:\\\/\\\/kibrisdakik.com\\\/?p=111321#primaryimage\",\"url\":\"https:\\\/\\\/kibrisdakik.com\\\/wp-content\\\/uploads\\\/2026\\\/04\\\/mha-sari-beyaz-4984.png\",\"contentUrl\":\"https:\\\/\\\/kibrisdakik.com\\\/wp-content\\\/uploads\\\/2026\\\/04\\\/mha-sari-beyaz-4984.png\",\"width\":1280,\"height\":720},{\"@type\":\"BreadcrumbList\",\"@id\":\"https:\\\/\\\/kibrisdakik.com\\\/?p=111321#breadcrumb\",\"itemListElement\":[{\"@type\":\"ListItem\",\"position\":1,\"name\":\"Home\",\"item\":\"https:\\\/\\\/kibrisdakik.com\\\/\"},{\"@type\":\"ListItem\",\"position\":2,\"name\":\"OLGU TANSU\u011e: \u201cF\u0130BER ALTYAPI EGEMENL\u0130K MESELES\u0130D\u0130R, H\u00dcK\u00dcMET SEKT\u00d6RLE \u0130LET\u0130\u015e\u0130M KURMUYOR\u201d\"}]},{\"@type\":\"WebSite\",\"@id\":\"https:\\\/\\\/kibrisdakik.com\\\/#website\",\"url\":\"https:\\\/\\\/kibrisdakik.com\\\/\",\"name\":\"\",\"description\":\"Tam vaktinde haber\",\"potentialAction\":[{\"@type\":\"SearchAction\",\"target\":{\"@type\":\"EntryPoint\",\"urlTemplate\":\"https:\\\/\\\/kibrisdakik.com\\\/?s={search_term_string}\"},\"query-input\":{\"@type\":\"PropertyValueSpecification\",\"valueRequired\":true,\"valueName\":\"search_term_string\"}}],\"inLanguage\":\"tr\"},{\"@type\":\"Person\",\"@id\":\"https:\\\/\\\/kibrisdakik.com\\\/#\\\/schema\\\/person\\\/9cd9d437bbb44f72b73ba127e06d8e79\",\"name\":\"admin\",\"image\":{\"@type\":\"ImageObject\",\"inLanguage\":\"tr\",\"@id\":\"https:\\\/\\\/secure.gravatar.com\\\/avatar\\\/ccc17943b9d660506c869530f897617f7cb1c21a4bf30023f252596d83e1f007?s=96&d=mm&r=g\",\"url\":\"https:\\\/\\\/secure.gravatar.com\\\/avatar\\\/ccc17943b9d660506c869530f897617f7cb1c21a4bf30023f252596d83e1f007?s=96&d=mm&r=g\",\"contentUrl\":\"https:\\\/\\\/secure.gravatar.com\\\/avatar\\\/ccc17943b9d660506c869530f897617f7cb1c21a4bf30023f252596d83e1f007?s=96&d=mm&r=g\",\"caption\":\"admin\"},\"sameAs\":[\"https:\\\/\\\/kibrisdakik.com\"],\"url\":\"https:\\\/\\\/kibrisdakik.com\\\/?author=1\"}]}<\/script>\n<!-- \/ Yoast SEO plugin. -->","yoast_head_json":{"title":"OLGU TANSU\u011e: \u201cF\u0130BER ALTYAPI EGEMENL\u0130K MESELES\u0130D\u0130R, H\u00dcK\u00dcMET SEKT\u00d6RLE \u0130LET\u0130\u015e\u0130M KURMUYOR\u201d -","robots":{"index":"index","follow":"follow","max-snippet":"max-snippet:-1","max-image-preview":"max-image-preview:large","max-video-preview":"max-video-preview:-1"},"canonical":"https:\/\/kibrisdakik.com\/?p=111321","og_locale":"tr_TR","og_type":"article","og_title":"OLGU TANSU\u011e: \u201cF\u0130BER ALTYAPI EGEMENL\u0130K MESELES\u0130D\u0130R, H\u00dcK\u00dcMET SEKT\u00d6RLE \u0130LET\u0130\u015e\u0130M KURMUYOR\u201d -","og_description":"TDP Ma\u011fusa \u0130l\u00e7e Ba\u015fkan\u0131 ve \u0130nternet Servis Sa\u011flay\u0131c\u0131lar\u0131 Birli\u011fi Ba\u015fkan\u0131 Olgu Tansu\u011f, h\u00fck\u00fcmetin sosyal medya d\u00fczenlemeleri ve altyap\u0131 \u00e7al\u0131\u015fmalar\u0131 konusunda sekt\u00f6rle ileti\u015fim kurmad\u0131\u011f\u0131n\u0131 belirterek, fiber altyap\u0131n\u0131n ba\u015fka yap\u0131lara ba\u011flanmas\u0131n\u0131n ileti\u015fim egemenli\u011fini zedeleyece\u011fini savundu. Toplumcu Demokrasi Partisi (TDP) Ma\u011fusa \u0130l\u00e7e Ba\u015fkan\u0131 ve \u0130nternet Servis Sa\u011flay\u0131c\u0131lar\u0131 Birli\u011fi Ba\u015fkan\u0131 Olgu Tansu\u011f, Damla Dabis\u2019in Kanal T\u2019de haz\u0131rlay\u0131p sundu\u011fu programa","og_url":"https:\/\/kibrisdakik.com\/?p=111321","article_published_time":"2026-04-27T10:24:16+00:00","og_image":[{"url":"https:\/\/mhahabercom.teimg.com\/crop\/1280x720\/mhahaber-com\/uploads\/2026\/04\/mha-sari-beyaz-4984.png","type":"","width":"","height":""}],"author":"admin","twitter_card":"summary_large_image","twitter_misc":{"Yazan:":"admin","Tahmini okuma s\u00fcresi":"3 dakika"},"schema":{"@context":"https:\/\/schema.org","@graph":[{"@type":"Article","@id":"https:\/\/kibrisdakik.com\/?p=111321#article","isPartOf":{"@id":"https:\/\/kibrisdakik.com\/?p=111321"},"author":{"name":"admin","@id":"https:\/\/kibrisdakik.com\/#\/schema\/person\/9cd9d437bbb44f72b73ba127e06d8e79"},"headline":"OLGU TANSU\u011e: \u201cF\u0130BER ALTYAPI EGEMENL\u0130K MESELES\u0130D\u0130R, H\u00dcK\u00dcMET SEKT\u00d6RLE \u0130LET\u0130\u015e\u0130M KURMUYOR\u201d","datePublished":"2026-04-27T10:24:16+00:00","mainEntityOfPage":{"@id":"https:\/\/kibrisdakik.com\/?p=111321"},"wordCount":534,"commentCount":0,"image":{"@id":"https:\/\/kibrisdakik.com\/?p=111321#primaryimage"},"thumbnailUrl":"https:\/\/kibrisdakik.com\/wp-content\/uploads\/2026\/04\/mha-sari-beyaz-4984.png","articleSection":["K\u0131br\u0131s"],"inLanguage":"tr","potentialAction":[{"@type":"CommentAction","name":"Comment","target":["https:\/\/kibrisdakik.com\/?p=111321#respond"]}]},{"@type":"WebPage","@id":"https:\/\/kibrisdakik.com\/?p=111321","url":"https:\/\/kibrisdakik.com\/?p=111321","name":"OLGU TANSU\u011e: \u201cF\u0130BER ALTYAPI EGEMENL\u0130K MESELES\u0130D\u0130R, H\u00dcK\u00dcMET SEKT\u00d6RLE \u0130LET\u0130\u015e\u0130M KURMUYOR\u201d -","isPartOf":{"@id":"https:\/\/kibrisdakik.com\/#website"},"primaryImageOfPage":{"@id":"https:\/\/kibrisdakik.com\/?p=111321#primaryimage"},"image":{"@id":"https:\/\/kibrisdakik.com\/?p=111321#primaryimage"},"thumbnailUrl":"https:\/\/kibrisdakik.com\/wp-content\/uploads\/2026\/04\/mha-sari-beyaz-4984.png","datePublished":"2026-04-27T10:24:16+00:00","author":{"@id":"https:\/\/kibrisdakik.com\/#\/schema\/person\/9cd9d437bbb44f72b73ba127e06d8e79"},"breadcrumb":{"@id":"https:\/\/kibrisdakik.com\/?p=111321#breadcrumb"},"inLanguage":"tr","potentialAction":[{"@type":"ReadAction","target":["https:\/\/kibrisdakik.com\/?p=111321"]}]},{"@type":"ImageObject","inLanguage":"tr","@id":"https:\/\/kibrisdakik.com\/?p=111321#primaryimage","url":"https:\/\/kibrisdakik.com\/wp-content\/uploads\/2026\/04\/mha-sari-beyaz-4984.png","contentUrl":"https:\/\/kibrisdakik.com\/wp-content\/uploads\/2026\/04\/mha-sari-beyaz-4984.png","width":1280,"height":720},{"@type":"BreadcrumbList","@id":"https:\/\/kibrisdakik.com\/?p=111321#breadcrumb","itemListElement":[{"@type":"ListItem","position":1,"name":"Home","item":"https:\/\/kibrisdakik.com\/"},{"@type":"ListItem","position":2,"name":"OLGU TANSU\u011e: \u201cF\u0130BER ALTYAPI EGEMENL\u0130K MESELES\u0130D\u0130R, H\u00dcK\u00dcMET SEKT\u00d6RLE \u0130LET\u0130\u015e\u0130M KURMUYOR\u201d"}]},{"@type":"WebSite","@id":"https:\/\/kibrisdakik.com\/#website","url":"https:\/\/kibrisdakik.com\/","name":"","description":"Tam vaktinde haber","potentialAction":[{"@type":"SearchAction","target":{"@type":"EntryPoint","urlTemplate":"https:\/\/kibrisdakik.com\/?s={search_term_string}"},"query-input":{"@type":"PropertyValueSpecification","valueRequired":true,"valueName":"search_term_string"}}],"inLanguage":"tr"},{"@type":"Person","@id":"https:\/\/kibrisdakik.com\/#\/schema\/person\/9cd9d437bbb44f72b73ba127e06d8e79","name":"admin","image":{"@type":"ImageObject","inLanguage":"tr","@id":"https:\/\/secure.gravatar.com\/avatar\/ccc17943b9d660506c869530f897617f7cb1c21a4bf30023f252596d83e1f007?s=96&d=mm&r=g","url":"https:\/\/secure.gravatar.com\/avatar\/ccc17943b9d660506c869530f897617f7cb1c21a4bf30023f252596d83e1f007?s=96&d=mm&r=g","contentUrl":"https:\/\/secure.gravatar.com\/avatar\/ccc17943b9d660506c869530f897617f7cb1c21a4bf30023f252596d83e1f007?s=96&d=mm&r=g","caption":"admin"},"sameAs":["https:\/\/kibrisdakik.com"],"url":"https:\/\/kibrisdakik.com\/?author=1"}]}},"_links":{"self":[{"href":"https:\/\/kibrisdakik.com\/index.php?rest_route=\/wp\/v2\/posts\/111321","targetHints":{"allow":["GET"]}}],"collection":[{"href":"https:\/\/kibrisdakik.com\/index.php?rest_route=\/wp\/v2\/posts"}],"about":[{"href":"https:\/\/kibrisdakik.com\/index.php?rest_route=\/wp\/v2\/types\/post"}],"author":[{"embeddable":true,"href":"https:\/\/kibrisdakik.com\/index.php?rest_route=\/wp\/v2\/users\/1"}],"replies":[{"embeddable":true,"href":"https:\/\/kibrisdakik.com\/index.php?rest_route=%2Fwp%2Fv2%2Fcomments&post=111321"}],"version-history":[{"count":0,"href":"https:\/\/kibrisdakik.com\/index.php?rest_route=\/wp\/v2\/posts\/111321\/revisions"}],"wp:featuredmedia":[{"embeddable":true,"href":"https:\/\/kibrisdakik.com\/index.php?rest_route=\/wp\/v2\/media\/111322"}],"wp:attachment":[{"href":"https:\/\/kibrisdakik.com\/index.php?rest_route=%2Fwp%2Fv2%2Fmedia&parent=111321"}],"wp:term":[{"taxonomy":"category","embeddable":true,"href":"https:\/\/kibrisdakik.com\/index.php?rest_route=%2Fwp%2Fv2%2Fcategories&post=111321"},{"taxonomy":"post_tag","embeddable":true,"href":"https:\/\/kibrisdakik.com\/index.php?rest_route=%2Fwp%2Fv2%2Ftags&post=111321"}],"curies":[{"name":"wp","href":"https:\/\/api.w.org\/{rel}","templated":true}]}}