{"id":111347,"date":"2026-04-27T16:01:43","date_gmt":"2026-04-27T13:01:43","guid":{"rendered":"https:\/\/kibrisdakik.com\/?p=111347"},"modified":"2026-04-27T16:01:43","modified_gmt":"2026-04-27T13:01:43","slug":"kktc-cumhurbaskanligi-senfoni-orkestrasindan-19-mayis-genclik-konserleri","status":"publish","type":"post","link":"https:\/\/kibrisdakik.com\/?p=111347","title":{"rendered":"KKTC CUMHURBA\u015eKANLI\u011eI SENFON\u0130 ORKESTRASI\u2019NDAN 19 MAYIS GEN\u00c7L\u0130K KONSERLER\u0130"},"content":{"rendered":"<p><\/p>\n<div data-text-id=\"200826\" property=\"articleBody\">\n<p>KKTC Cumhurba\u015fkanl\u0131\u011f\u0131 Senfoni Orkestras\u0131 (KKTC CSO), 19 May\u0131s Atat\u00fcrk\u2019\u00fc Anma, Gen\u00e7lik ve Spor Bayram\u0131 kapsam\u0131nda iki konser d\u00fczenleyecek.<\/p>\n<p>Cumhurba\u015fkanl\u0131\u011f\u0131\u2019ndan yap\u0131lan a\u00e7\u0131klamaya g\u00f6re, konserler, 14 May\u0131s \u00c7ar\u015famba ODT\u00dc RRD Kalkanl\u0131\u2019da ve 15 May\u0131s Per\u015fembe Cumhurba\u015fkanl\u0131\u011f\u0131 Mavi Salon\u2019da ger\u00e7ekle\u015ftirilecek. Her iki konser de saat 20.00&#8217;de ba\u015flayacak.<\/p>\n<p>\u015eefli\u011fini Kerem Tun\u00e7er\u2019in \u00fcstlenece\u011fi konserlerde, piyanist Deniz Besim solist olarak sahne alacak.<\/p>\n<p>Programda, Francis Poulenc\u2019in 2 Marches et un Interm\u00e8de, Wolfgang Amadeus Mozart\u2019\u0131n Piyano Kon\u00e7ertosu No.22 ve Anton\u00edn Dvo\u0159\u00e1k\u2019\u0131n \u00dcflemeliler i\u00e7in Serenat eserleri yer alacak.<\/p>\n<p>T\u00fcrkiye \u0130\u015f Bankas\u0131\u2019n\u0131n ana sponsorlu\u011funda, KKTC Telsim\u2019in ileti\u015fim sponsorlu\u011funda ve ODT\u00dc KKK i\u015f birli\u011fiyle d\u00fczenlenecek konserler, halka a\u00e7\u0131k ve \u00fccretsiz olacak.<\/p>\n<\/p><\/div>\n","protected":false},"excerpt":{"rendered":"<p>KKTC Cumhurba\u015fkanl\u0131\u011f\u0131 Senfoni Orkestras\u0131 (KKTC CSO), 19 May\u0131s Atat\u00fcrk\u2019\u00fc Anma, Gen\u00e7lik ve Spor Bayram\u0131 kapsam\u0131nda iki konser d\u00fczenleyecek. Cumhurba\u015fkanl\u0131\u011f\u0131\u2019ndan yap\u0131lan a\u00e7\u0131klamaya g\u00f6re, konserler, 14 May\u0131s \u00c7ar\u015famba ODT\u00dc RRD Kalkanl\u0131\u2019da ve 15 May\u0131s Per\u015fembe Cumhurba\u015fkanl\u0131\u011f\u0131 Mavi Salon\u2019da ger\u00e7ekle\u015ftirilecek. Her iki konser de saat 20.00&#8217;de ba\u015flayacak. \u015eefli\u011fini Kerem Tun\u00e7er\u2019in \u00fcstlenece\u011fi konserlerde, piyanist Deniz Besim solist olarak sahne<\/p>\n","protected":false},"author":1,"featured_media":111348,"comment_status":"open","ping_status":"open","sticky":false,"template":"","format":"standard","meta":{"footnotes":""},"categories":[81],"tags":[],"class_list":["post-111347","post","type-post","status-publish","format-standard","has-post-thumbnail","hentry","category-kibris"],"yoast_head":"<!-- This site is optimized with the Yoast SEO plugin v27.5 - https:\/\/yoast.com\/product\/yoast-seo-wordpress\/ -->\n<title>KKTC CUMHURBA\u015eKANLI\u011eI SENFON\u0130 ORKESTRASI\u2019NDAN 19 MAYIS GEN\u00c7L\u0130K KONSERLER\u0130 -<\/title>\n<meta name=\"robots\" content=\"index, follow, max-snippet:-1, max-image-preview:large, max-video-preview:-1\" \/>\n<link rel=\"canonical\" href=\"https:\/\/kibrisdakik.com\/?p=111347\" \/>\n<meta property=\"og:locale\" content=\"tr_TR\" \/>\n<meta property=\"og:type\" content=\"article\" \/>\n<meta property=\"og:title\" content=\"KKTC CUMHURBA\u015eKANLI\u011eI SENFON\u0130 ORKESTRASI\u2019NDAN 19 MAYIS GEN\u00c7L\u0130K KONSERLER\u0130 -\" \/>\n<meta property=\"og:description\" content=\"KKTC Cumhurba\u015fkanl\u0131\u011f\u0131 Senfoni Orkestras\u0131 (KKTC CSO), 19 May\u0131s Atat\u00fcrk\u2019\u00fc Anma, Gen\u00e7lik ve Spor Bayram\u0131 kapsam\u0131nda iki konser d\u00fczenleyecek. Cumhurba\u015fkanl\u0131\u011f\u0131\u2019ndan yap\u0131lan a\u00e7\u0131klamaya g\u00f6re, konserler, 14 May\u0131s \u00c7ar\u015famba ODT\u00dc RRD Kalkanl\u0131\u2019da ve 15 May\u0131s Per\u015fembe Cumhurba\u015fkanl\u0131\u011f\u0131 Mavi Salon\u2019da ger\u00e7ekle\u015ftirilecek. Her iki konser de saat 20.00&#8217;de ba\u015flayacak. \u015eefli\u011fini Kerem Tun\u00e7er\u2019in \u00fcstlenece\u011fi konserlerde, piyanist Deniz Besim solist olarak sahne\" \/>\n<meta property=\"og:url\" content=\"https:\/\/kibrisdakik.com\/?p=111347\" \/>\n<meta property=\"article:published_time\" content=\"2026-04-27T13:01:43+00:00\" \/>\n<meta property=\"og:image\" content=\"https:\/\/mhahabercom.teimg.com\/crop\/1280x720\/mhahaber-com\/uploads\/2026\/04\/mhafoto-8728.png\" \/>\n<meta name=\"author\" content=\"admin\" \/>\n<meta name=\"twitter:card\" content=\"summary_large_image\" \/>\n<meta name=\"twitter:label1\" content=\"Yazan:\" \/>\n\t<meta name=\"twitter:data1\" content=\"admin\" \/>\n\t<meta name=\"twitter:label2\" content=\"Tahmini okuma s\u00fcresi\" \/>\n\t<meta name=\"twitter:data2\" content=\"1 dakika\" \/>\n<script type=\"application\/ld+json\" class=\"yoast-schema-graph\">{\"@context\":\"https:\\\/\\\/schema.org\",\"@graph\":[{\"@type\":\"Article\",\"@id\":\"https:\\\/\\\/kibrisdakik.com\\\/?p=111347#article\",\"isPartOf\":{\"@id\":\"https:\\\/\\\/kibrisdakik.com\\\/?p=111347\"},\"author\":{\"name\":\"admin\",\"@id\":\"https:\\\/\\\/kibrisdakik.com\\\/#\\\/schema\\\/person\\\/9cd9d437bbb44f72b73ba127e06d8e79\"},\"headline\":\"KKTC CUMHURBA\u015eKANLI\u011eI SENFON\u0130 ORKESTRASI\u2019NDAN 19 MAYIS GEN\u00c7L\u0130K KONSERLER\u0130\",\"datePublished\":\"2026-04-27T13:01:43+00:00\",\"mainEntityOfPage\":{\"@id\":\"https:\\\/\\\/kibrisdakik.com\\\/?p=111347\"},\"wordCount\":150,\"commentCount\":0,\"image\":{\"@id\":\"https:\\\/\\\/kibrisdakik.com\\\/?p=111347#primaryimage\"},\"thumbnailUrl\":\"https:\\\/\\\/kibrisdakik.com\\\/wp-content\\\/uploads\\\/2026\\\/04\\\/mhafoto-8728.png\",\"articleSection\":[\"K\u0131br\u0131s\"],\"inLanguage\":\"tr\",\"potentialAction\":[{\"@type\":\"CommentAction\",\"name\":\"Comment\",\"target\":[\"https:\\\/\\\/kibrisdakik.com\\\/?p=111347#respond\"]}]},{\"@type\":\"WebPage\",\"@id\":\"https:\\\/\\\/kibrisdakik.com\\\/?p=111347\",\"url\":\"https:\\\/\\\/kibrisdakik.com\\\/?p=111347\",\"name\":\"KKTC CUMHURBA\u015eKANLI\u011eI SENFON\u0130 ORKESTRASI\u2019NDAN 19 MAYIS GEN\u00c7L\u0130K KONSERLER\u0130 -\",\"isPartOf\":{\"@id\":\"https:\\\/\\\/kibrisdakik.com\\\/#website\"},\"primaryImageOfPage\":{\"@id\":\"https:\\\/\\\/kibrisdakik.com\\\/?p=111347#primaryimage\"},\"image\":{\"@id\":\"https:\\\/\\\/kibrisdakik.com\\\/?p=111347#primaryimage\"},\"thumbnailUrl\":\"https:\\\/\\\/kibrisdakik.com\\\/wp-content\\\/uploads\\\/2026\\\/04\\\/mhafoto-8728.png\",\"datePublished\":\"2026-04-27T13:01:43+00:00\",\"author\":{\"@id\":\"https:\\\/\\\/kibrisdakik.com\\\/#\\\/schema\\\/person\\\/9cd9d437bbb44f72b73ba127e06d8e79\"},\"breadcrumb\":{\"@id\":\"https:\\\/\\\/kibrisdakik.com\\\/?p=111347#breadcrumb\"},\"inLanguage\":\"tr\",\"potentialAction\":[{\"@type\":\"ReadAction\",\"target\":[\"https:\\\/\\\/kibrisdakik.com\\\/?p=111347\"]}]},{\"@type\":\"ImageObject\",\"inLanguage\":\"tr\",\"@id\":\"https:\\\/\\\/kibrisdakik.com\\\/?p=111347#primaryimage\",\"url\":\"https:\\\/\\\/kibrisdakik.com\\\/wp-content\\\/uploads\\\/2026\\\/04\\\/mhafoto-8728.png\",\"contentUrl\":\"https:\\\/\\\/kibrisdakik.com\\\/wp-content\\\/uploads\\\/2026\\\/04\\\/mhafoto-8728.png\",\"width\":1280,\"height\":720},{\"@type\":\"BreadcrumbList\",\"@id\":\"https:\\\/\\\/kibrisdakik.com\\\/?p=111347#breadcrumb\",\"itemListElement\":[{\"@type\":\"ListItem\",\"position\":1,\"name\":\"Home\",\"item\":\"https:\\\/\\\/kibrisdakik.com\\\/\"},{\"@type\":\"ListItem\",\"position\":2,\"name\":\"KKTC CUMHURBA\u015eKANLI\u011eI SENFON\u0130 ORKESTRASI\u2019NDAN 19 MAYIS GEN\u00c7L\u0130K KONSERLER\u0130\"}]},{\"@type\":\"WebSite\",\"@id\":\"https:\\\/\\\/kibrisdakik.com\\\/#website\",\"url\":\"https:\\\/\\\/kibrisdakik.com\\\/\",\"name\":\"\",\"description\":\"Tam vaktinde haber\",\"potentialAction\":[{\"@type\":\"SearchAction\",\"target\":{\"@type\":\"EntryPoint\",\"urlTemplate\":\"https:\\\/\\\/kibrisdakik.com\\\/?s={search_term_string}\"},\"query-input\":{\"@type\":\"PropertyValueSpecification\",\"valueRequired\":true,\"valueName\":\"search_term_string\"}}],\"inLanguage\":\"tr\"},{\"@type\":\"Person\",\"@id\":\"https:\\\/\\\/kibrisdakik.com\\\/#\\\/schema\\\/person\\\/9cd9d437bbb44f72b73ba127e06d8e79\",\"name\":\"admin\",\"image\":{\"@type\":\"ImageObject\",\"inLanguage\":\"tr\",\"@id\":\"https:\\\/\\\/secure.gravatar.com\\\/avatar\\\/ccc17943b9d660506c869530f897617f7cb1c21a4bf30023f252596d83e1f007?s=96&d=mm&r=g\",\"url\":\"https:\\\/\\\/secure.gravatar.com\\\/avatar\\\/ccc17943b9d660506c869530f897617f7cb1c21a4bf30023f252596d83e1f007?s=96&d=mm&r=g\",\"contentUrl\":\"https:\\\/\\\/secure.gravatar.com\\\/avatar\\\/ccc17943b9d660506c869530f897617f7cb1c21a4bf30023f252596d83e1f007?s=96&d=mm&r=g\",\"caption\":\"admin\"},\"sameAs\":[\"https:\\\/\\\/kibrisdakik.com\"],\"url\":\"https:\\\/\\\/kibrisdakik.com\\\/?author=1\"}]}<\/script>\n<!-- \/ Yoast SEO plugin. -->","yoast_head_json":{"title":"KKTC CUMHURBA\u015eKANLI\u011eI SENFON\u0130 ORKESTRASI\u2019NDAN 19 MAYIS GEN\u00c7L\u0130K KONSERLER\u0130 -","robots":{"index":"index","follow":"follow","max-snippet":"max-snippet:-1","max-image-preview":"max-image-preview:large","max-video-preview":"max-video-preview:-1"},"canonical":"https:\/\/kibrisdakik.com\/?p=111347","og_locale":"tr_TR","og_type":"article","og_title":"KKTC CUMHURBA\u015eKANLI\u011eI SENFON\u0130 ORKESTRASI\u2019NDAN 19 MAYIS GEN\u00c7L\u0130K KONSERLER\u0130 -","og_description":"KKTC Cumhurba\u015fkanl\u0131\u011f\u0131 Senfoni Orkestras\u0131 (KKTC CSO), 19 May\u0131s Atat\u00fcrk\u2019\u00fc Anma, Gen\u00e7lik ve Spor Bayram\u0131 kapsam\u0131nda iki konser d\u00fczenleyecek. Cumhurba\u015fkanl\u0131\u011f\u0131\u2019ndan yap\u0131lan a\u00e7\u0131klamaya g\u00f6re, konserler, 14 May\u0131s \u00c7ar\u015famba ODT\u00dc RRD Kalkanl\u0131\u2019da ve 15 May\u0131s Per\u015fembe Cumhurba\u015fkanl\u0131\u011f\u0131 Mavi Salon\u2019da ger\u00e7ekle\u015ftirilecek. Her iki konser de saat 20.00&#8217;de ba\u015flayacak. \u015eefli\u011fini Kerem Tun\u00e7er\u2019in \u00fcstlenece\u011fi konserlerde, piyanist Deniz Besim solist olarak sahne","og_url":"https:\/\/kibrisdakik.com\/?p=111347","article_published_time":"2026-04-27T13:01:43+00:00","og_image":[{"url":"https:\/\/mhahabercom.teimg.com\/crop\/1280x720\/mhahaber-com\/uploads\/2026\/04\/mhafoto-8728.png","type":"","width":"","height":""}],"author":"admin","twitter_card":"summary_large_image","twitter_misc":{"Yazan:":"admin","Tahmini okuma s\u00fcresi":"1 dakika"},"schema":{"@context":"https:\/\/schema.org","@graph":[{"@type":"Article","@id":"https:\/\/kibrisdakik.com\/?p=111347#article","isPartOf":{"@id":"https:\/\/kibrisdakik.com\/?p=111347"},"author":{"name":"admin","@id":"https:\/\/kibrisdakik.com\/#\/schema\/person\/9cd9d437bbb44f72b73ba127e06d8e79"},"headline":"KKTC CUMHURBA\u015eKANLI\u011eI SENFON\u0130 ORKESTRASI\u2019NDAN 19 MAYIS GEN\u00c7L\u0130K KONSERLER\u0130","datePublished":"2026-04-27T13:01:43+00:00","mainEntityOfPage":{"@id":"https:\/\/kibrisdakik.com\/?p=111347"},"wordCount":150,"commentCount":0,"image":{"@id":"https:\/\/kibrisdakik.com\/?p=111347#primaryimage"},"thumbnailUrl":"https:\/\/kibrisdakik.com\/wp-content\/uploads\/2026\/04\/mhafoto-8728.png","articleSection":["K\u0131br\u0131s"],"inLanguage":"tr","potentialAction":[{"@type":"CommentAction","name":"Comment","target":["https:\/\/kibrisdakik.com\/?p=111347#respond"]}]},{"@type":"WebPage","@id":"https:\/\/kibrisdakik.com\/?p=111347","url":"https:\/\/kibrisdakik.com\/?p=111347","name":"KKTC CUMHURBA\u015eKANLI\u011eI SENFON\u0130 ORKESTRASI\u2019NDAN 19 MAYIS GEN\u00c7L\u0130K KONSERLER\u0130 -","isPartOf":{"@id":"https:\/\/kibrisdakik.com\/#website"},"primaryImageOfPage":{"@id":"https:\/\/kibrisdakik.com\/?p=111347#primaryimage"},"image":{"@id":"https:\/\/kibrisdakik.com\/?p=111347#primaryimage"},"thumbnailUrl":"https:\/\/kibrisdakik.com\/wp-content\/uploads\/2026\/04\/mhafoto-8728.png","datePublished":"2026-04-27T13:01:43+00:00","author":{"@id":"https:\/\/kibrisdakik.com\/#\/schema\/person\/9cd9d437bbb44f72b73ba127e06d8e79"},"breadcrumb":{"@id":"https:\/\/kibrisdakik.com\/?p=111347#breadcrumb"},"inLanguage":"tr","potentialAction":[{"@type":"ReadAction","target":["https:\/\/kibrisdakik.com\/?p=111347"]}]},{"@type":"ImageObject","inLanguage":"tr","@id":"https:\/\/kibrisdakik.com\/?p=111347#primaryimage","url":"https:\/\/kibrisdakik.com\/wp-content\/uploads\/2026\/04\/mhafoto-8728.png","contentUrl":"https:\/\/kibrisdakik.com\/wp-content\/uploads\/2026\/04\/mhafoto-8728.png","width":1280,"height":720},{"@type":"BreadcrumbList","@id":"https:\/\/kibrisdakik.com\/?p=111347#breadcrumb","itemListElement":[{"@type":"ListItem","position":1,"name":"Home","item":"https:\/\/kibrisdakik.com\/"},{"@type":"ListItem","position":2,"name":"KKTC CUMHURBA\u015eKANLI\u011eI SENFON\u0130 ORKESTRASI\u2019NDAN 19 MAYIS GEN\u00c7L\u0130K KONSERLER\u0130"}]},{"@type":"WebSite","@id":"https:\/\/kibrisdakik.com\/#website","url":"https:\/\/kibrisdakik.com\/","name":"","description":"Tam vaktinde haber","potentialAction":[{"@type":"SearchAction","target":{"@type":"EntryPoint","urlTemplate":"https:\/\/kibrisdakik.com\/?s={search_term_string}"},"query-input":{"@type":"PropertyValueSpecification","valueRequired":true,"valueName":"search_term_string"}}],"inLanguage":"tr"},{"@type":"Person","@id":"https:\/\/kibrisdakik.com\/#\/schema\/person\/9cd9d437bbb44f72b73ba127e06d8e79","name":"admin","image":{"@type":"ImageObject","inLanguage":"tr","@id":"https:\/\/secure.gravatar.com\/avatar\/ccc17943b9d660506c869530f897617f7cb1c21a4bf30023f252596d83e1f007?s=96&d=mm&r=g","url":"https:\/\/secure.gravatar.com\/avatar\/ccc17943b9d660506c869530f897617f7cb1c21a4bf30023f252596d83e1f007?s=96&d=mm&r=g","contentUrl":"https:\/\/secure.gravatar.com\/avatar\/ccc17943b9d660506c869530f897617f7cb1c21a4bf30023f252596d83e1f007?s=96&d=mm&r=g","caption":"admin"},"sameAs":["https:\/\/kibrisdakik.com"],"url":"https:\/\/kibrisdakik.com\/?author=1"}]}},"_links":{"self":[{"href":"https:\/\/kibrisdakik.com\/index.php?rest_route=\/wp\/v2\/posts\/111347","targetHints":{"allow":["GET"]}}],"collection":[{"href":"https:\/\/kibrisdakik.com\/index.php?rest_route=\/wp\/v2\/posts"}],"about":[{"href":"https:\/\/kibrisdakik.com\/index.php?rest_route=\/wp\/v2\/types\/post"}],"author":[{"embeddable":true,"href":"https:\/\/kibrisdakik.com\/index.php?rest_route=\/wp\/v2\/users\/1"}],"replies":[{"embeddable":true,"href":"https:\/\/kibrisdakik.com\/index.php?rest_route=%2Fwp%2Fv2%2Fcomments&post=111347"}],"version-history":[{"count":0,"href":"https:\/\/kibrisdakik.com\/index.php?rest_route=\/wp\/v2\/posts\/111347\/revisions"}],"wp:featuredmedia":[{"embeddable":true,"href":"https:\/\/kibrisdakik.com\/index.php?rest_route=\/wp\/v2\/media\/111348"}],"wp:attachment":[{"href":"https:\/\/kibrisdakik.com\/index.php?rest_route=%2Fwp%2Fv2%2Fmedia&parent=111347"}],"wp:term":[{"taxonomy":"category","embeddable":true,"href":"https:\/\/kibrisdakik.com\/index.php?rest_route=%2Fwp%2Fv2%2Fcategories&post=111347"},{"taxonomy":"post_tag","embeddable":true,"href":"https:\/\/kibrisdakik.com\/index.php?rest_route=%2Fwp%2Fv2%2Ftags&post=111347"}],"curies":[{"name":"wp","href":"https:\/\/api.w.org\/{rel}","templated":true}]}}