{"id":111353,"date":"2026-04-27T16:32:15","date_gmt":"2026-04-27T13:32:15","guid":{"rendered":"https:\/\/kibrisdakik.com\/?p=111353"},"modified":"2026-04-27T16:32:15","modified_gmt":"2026-04-27T13:32:15","slug":"guzelyurt-belediyesinden-cocuklara-ozel-etkinlik","status":"publish","type":"post","link":"https:\/\/kibrisdakik.com\/?p=111353","title":{"rendered":"G\u00dcZELYURT BELED\u0130YES\u0130\u2019NDEN \u00c7OCUKLARA \u00d6ZEL ETK\u0130NL\u0130K"},"content":{"rendered":"<div data-text-id=\"200833\" property=\"articleBody\">\n<p>G\u00fczelyurt Belediyesi, 23 Nisan Ulusal Egemenlik ve \u00c7ocuk Bayram\u0131 dolay\u0131s\u0131yla ilk\u00f6\u011fretim kurumlar\u0131na y\u00f6nelik \u00e7ocuk \u015fenli\u011fi d\u00fczenledi.<\/p>\n<p>G\u00fczelyurt Belediyesi\u2019nden yap\u0131lan a\u00e7\u0131klamaya g\u00f6re, G\u00fczelyurt AKM\u2019de ger\u00e7ekle\u015ftirilen \u015fenli\u011fe, G\u00fczelyurt Belediye Ba\u015fkan\u0131 Mahmut \u00d6z\u00e7\u0131nar da kat\u0131ld\u0131.<img loading=\"lazy\" decoding=\"async\" height=\"2784\" src=\"https:\/\/mhahabercom.teimg.com\/mhahaber-com\/uploads\/2026\/04\/1777293891673guzelyurt-cocuk-senligi3.jpg\" width=\"4176\"\/><\/p>\n<p>Etkinlikte konu\u015fan \u00d6z\u00e7\u0131nar, G\u00fczelyurt Belediyesi olarak d\u00fczenledikleri organizasyonlarla \u00e7ocuklar\u0131 mutlu etmeyi ama\u00e7lad\u0131klar\u0131n\u0131 belirterek, t\u00fcm \u00e7ocuklar\u0131n 23 Nisan Ulusal Egemenlik ve \u00c7ocuk Bayram\u0131\u2019n\u0131 kutlad\u0131.<\/p>\n<p><img loading=\"lazy\" decoding=\"async\" height=\"2784\" src=\"https:\/\/mhahabercom.teimg.com\/mhahaber-com\/uploads\/2026\/04\/1777293891677guzelyurt-cocuk-senligi7.jpg\" width=\"4176\"\/><\/p>\n<p>Etkinlik kapsam\u0131nda, belediyenin b\u00f6lgeye kazand\u0131rd\u0131\u011f\u0131 tren de ilk kez kullan\u0131larak, \u00e7ocuklar e\u011flence alan\u0131na trenle ta\u015f\u0131nd\u0131.<img loading=\"lazy\" decoding=\"async\" height=\"2784\" src=\"https:\/\/mhahabercom.teimg.com\/mhahaber-com\/uploads\/2026\/04\/1777293891677guzelyurt-cocuk-senligi6-1.jpg\" width=\"4176\"\/><\/p>\n<p>\u00c7ocuk \u015fenli\u011fi etkinli\u011fi yar\u0131n ger\u00e7ekle\u015fecek \u00fc\u00e7 ayr\u0131 seansla sona erecek.<\/p>\n<\/p><\/div>\n","protected":false},"excerpt":{"rendered":"<p>G\u00fczelyurt Belediyesi, 23 Nisan Ulusal Egemenlik ve \u00c7ocuk Bayram\u0131 dolay\u0131s\u0131yla ilk\u00f6\u011fretim kurumlar\u0131na y\u00f6nelik \u00e7ocuk \u015fenli\u011fi d\u00fczenledi. G\u00fczelyurt Belediyesi\u2019nden yap\u0131lan a\u00e7\u0131klamaya g\u00f6re, G\u00fczelyurt AKM\u2019de ger\u00e7ekle\u015ftirilen \u015fenli\u011fe, G\u00fczelyurt Belediye Ba\u015fkan\u0131 Mahmut \u00d6z\u00e7\u0131nar da kat\u0131ld\u0131. Etkinlikte konu\u015fan \u00d6z\u00e7\u0131nar, G\u00fczelyurt Belediyesi olarak d\u00fczenledikleri organizasyonlarla \u00e7ocuklar\u0131 mutlu etmeyi ama\u00e7lad\u0131klar\u0131n\u0131 belirterek, t\u00fcm \u00e7ocuklar\u0131n 23 Nisan Ulusal Egemenlik ve \u00c7ocuk Bayram\u0131\u2019n\u0131 kutlad\u0131.<\/p>\n","protected":false},"author":1,"featured_media":111354,"comment_status":"open","ping_status":"open","sticky":false,"template":"","format":"standard","meta":{"footnotes":""},"categories":[81],"tags":[],"class_list":["post-111353","post","type-post","status-publish","format-standard","has-post-thumbnail","hentry","category-kibris"],"yoast_head":"<!-- This site is optimized with the Yoast SEO plugin v27.5 - https:\/\/yoast.com\/product\/yoast-seo-wordpress\/ -->\n<title>G\u00dcZELYURT BELED\u0130YES\u0130\u2019NDEN \u00c7OCUKLARA \u00d6ZEL ETK\u0130NL\u0130K -<\/title>\n<meta name=\"robots\" content=\"index, follow, max-snippet:-1, max-image-preview:large, max-video-preview:-1\" \/>\n<link rel=\"canonical\" href=\"https:\/\/kibrisdakik.com\/?p=111353\" \/>\n<meta property=\"og:locale\" content=\"tr_TR\" \/>\n<meta property=\"og:type\" content=\"article\" \/>\n<meta property=\"og:title\" content=\"G\u00dcZELYURT BELED\u0130YES\u0130\u2019NDEN \u00c7OCUKLARA \u00d6ZEL ETK\u0130NL\u0130K -\" \/>\n<meta property=\"og:description\" content=\"G\u00fczelyurt Belediyesi, 23 Nisan Ulusal Egemenlik ve \u00c7ocuk Bayram\u0131 dolay\u0131s\u0131yla ilk\u00f6\u011fretim kurumlar\u0131na y\u00f6nelik \u00e7ocuk \u015fenli\u011fi d\u00fczenledi. G\u00fczelyurt Belediyesi\u2019nden yap\u0131lan a\u00e7\u0131klamaya g\u00f6re, G\u00fczelyurt AKM\u2019de ger\u00e7ekle\u015ftirilen \u015fenli\u011fe, G\u00fczelyurt Belediye Ba\u015fkan\u0131 Mahmut \u00d6z\u00e7\u0131nar da kat\u0131ld\u0131. Etkinlikte konu\u015fan \u00d6z\u00e7\u0131nar, G\u00fczelyurt Belediyesi olarak d\u00fczenledikleri organizasyonlarla \u00e7ocuklar\u0131 mutlu etmeyi ama\u00e7lad\u0131klar\u0131n\u0131 belirterek, t\u00fcm \u00e7ocuklar\u0131n 23 Nisan Ulusal Egemenlik ve \u00c7ocuk Bayram\u0131\u2019n\u0131 kutlad\u0131.\" \/>\n<meta property=\"og:url\" content=\"https:\/\/kibrisdakik.com\/?p=111353\" \/>\n<meta property=\"article:published_time\" content=\"2026-04-27T13:32:15+00:00\" \/>\n<meta property=\"og:image\" content=\"https:\/\/mhahabercom.teimg.com\/mhahaber-com\/uploads\/2026\/04\/1777293891677guzelyurt-cocuk-senligi6.jpg\" \/>\n<meta name=\"author\" content=\"admin\" \/>\n<meta name=\"twitter:card\" content=\"summary_large_image\" \/>\n<meta name=\"twitter:label1\" content=\"Yazan:\" \/>\n\t<meta name=\"twitter:data1\" content=\"admin\" \/>\n\t<meta name=\"twitter:label2\" content=\"Tahmini okuma s\u00fcresi\" \/>\n\t<meta name=\"twitter:data2\" content=\"1 dakika\" \/>\n<script type=\"application\/ld+json\" class=\"yoast-schema-graph\">{\"@context\":\"https:\\\/\\\/schema.org\",\"@graph\":[{\"@type\":\"Article\",\"@id\":\"https:\\\/\\\/kibrisdakik.com\\\/?p=111353#article\",\"isPartOf\":{\"@id\":\"https:\\\/\\\/kibrisdakik.com\\\/?p=111353\"},\"author\":{\"name\":\"admin\",\"@id\":\"https:\\\/\\\/kibrisdakik.com\\\/#\\\/schema\\\/person\\\/9cd9d437bbb44f72b73ba127e06d8e79\"},\"headline\":\"G\u00dcZELYURT BELED\u0130YES\u0130\u2019NDEN \u00c7OCUKLARA \u00d6ZEL ETK\u0130NL\u0130K\",\"datePublished\":\"2026-04-27T13:32:15+00:00\",\"mainEntityOfPage\":{\"@id\":\"https:\\\/\\\/kibrisdakik.com\\\/?p=111353\"},\"wordCount\":131,\"commentCount\":0,\"image\":{\"@id\":\"https:\\\/\\\/kibrisdakik.com\\\/?p=111353#primaryimage\"},\"thumbnailUrl\":\"https:\\\/\\\/kibrisdakik.com\\\/wp-content\\\/uploads\\\/2026\\\/04\\\/mha-sari-beyaz-5000.png\",\"articleSection\":[\"K\u0131br\u0131s\"],\"inLanguage\":\"tr\",\"potentialAction\":[{\"@type\":\"CommentAction\",\"name\":\"Comment\",\"target\":[\"https:\\\/\\\/kibrisdakik.com\\\/?p=111353#respond\"]}]},{\"@type\":\"WebPage\",\"@id\":\"https:\\\/\\\/kibrisdakik.com\\\/?p=111353\",\"url\":\"https:\\\/\\\/kibrisdakik.com\\\/?p=111353\",\"name\":\"G\u00dcZELYURT BELED\u0130YES\u0130\u2019NDEN \u00c7OCUKLARA \u00d6ZEL ETK\u0130NL\u0130K -\",\"isPartOf\":{\"@id\":\"https:\\\/\\\/kibrisdakik.com\\\/#website\"},\"primaryImageOfPage\":{\"@id\":\"https:\\\/\\\/kibrisdakik.com\\\/?p=111353#primaryimage\"},\"image\":{\"@id\":\"https:\\\/\\\/kibrisdakik.com\\\/?p=111353#primaryimage\"},\"thumbnailUrl\":\"https:\\\/\\\/kibrisdakik.com\\\/wp-content\\\/uploads\\\/2026\\\/04\\\/mha-sari-beyaz-5000.png\",\"datePublished\":\"2026-04-27T13:32:15+00:00\",\"author\":{\"@id\":\"https:\\\/\\\/kibrisdakik.com\\\/#\\\/schema\\\/person\\\/9cd9d437bbb44f72b73ba127e06d8e79\"},\"breadcrumb\":{\"@id\":\"https:\\\/\\\/kibrisdakik.com\\\/?p=111353#breadcrumb\"},\"inLanguage\":\"tr\",\"potentialAction\":[{\"@type\":\"ReadAction\",\"target\":[\"https:\\\/\\\/kibrisdakik.com\\\/?p=111353\"]}]},{\"@type\":\"ImageObject\",\"inLanguage\":\"tr\",\"@id\":\"https:\\\/\\\/kibrisdakik.com\\\/?p=111353#primaryimage\",\"url\":\"https:\\\/\\\/kibrisdakik.com\\\/wp-content\\\/uploads\\\/2026\\\/04\\\/mha-sari-beyaz-5000.png\",\"contentUrl\":\"https:\\\/\\\/kibrisdakik.com\\\/wp-content\\\/uploads\\\/2026\\\/04\\\/mha-sari-beyaz-5000.png\",\"width\":1280,\"height\":720},{\"@type\":\"BreadcrumbList\",\"@id\":\"https:\\\/\\\/kibrisdakik.com\\\/?p=111353#breadcrumb\",\"itemListElement\":[{\"@type\":\"ListItem\",\"position\":1,\"name\":\"Home\",\"item\":\"https:\\\/\\\/kibrisdakik.com\\\/\"},{\"@type\":\"ListItem\",\"position\":2,\"name\":\"G\u00dcZELYURT BELED\u0130YES\u0130\u2019NDEN \u00c7OCUKLARA \u00d6ZEL ETK\u0130NL\u0130K\"}]},{\"@type\":\"WebSite\",\"@id\":\"https:\\\/\\\/kibrisdakik.com\\\/#website\",\"url\":\"https:\\\/\\\/kibrisdakik.com\\\/\",\"name\":\"\",\"description\":\"Tam vaktinde haber\",\"potentialAction\":[{\"@type\":\"SearchAction\",\"target\":{\"@type\":\"EntryPoint\",\"urlTemplate\":\"https:\\\/\\\/kibrisdakik.com\\\/?s={search_term_string}\"},\"query-input\":{\"@type\":\"PropertyValueSpecification\",\"valueRequired\":true,\"valueName\":\"search_term_string\"}}],\"inLanguage\":\"tr\"},{\"@type\":\"Person\",\"@id\":\"https:\\\/\\\/kibrisdakik.com\\\/#\\\/schema\\\/person\\\/9cd9d437bbb44f72b73ba127e06d8e79\",\"name\":\"admin\",\"image\":{\"@type\":\"ImageObject\",\"inLanguage\":\"tr\",\"@id\":\"https:\\\/\\\/secure.gravatar.com\\\/avatar\\\/ccc17943b9d660506c869530f897617f7cb1c21a4bf30023f252596d83e1f007?s=96&d=mm&r=g\",\"url\":\"https:\\\/\\\/secure.gravatar.com\\\/avatar\\\/ccc17943b9d660506c869530f897617f7cb1c21a4bf30023f252596d83e1f007?s=96&d=mm&r=g\",\"contentUrl\":\"https:\\\/\\\/secure.gravatar.com\\\/avatar\\\/ccc17943b9d660506c869530f897617f7cb1c21a4bf30023f252596d83e1f007?s=96&d=mm&r=g\",\"caption\":\"admin\"},\"sameAs\":[\"https:\\\/\\\/kibrisdakik.com\"],\"url\":\"https:\\\/\\\/kibrisdakik.com\\\/?author=1\"}]}<\/script>\n<!-- \/ Yoast SEO plugin. -->","yoast_head_json":{"title":"G\u00dcZELYURT BELED\u0130YES\u0130\u2019NDEN \u00c7OCUKLARA \u00d6ZEL ETK\u0130NL\u0130K -","robots":{"index":"index","follow":"follow","max-snippet":"max-snippet:-1","max-image-preview":"max-image-preview:large","max-video-preview":"max-video-preview:-1"},"canonical":"https:\/\/kibrisdakik.com\/?p=111353","og_locale":"tr_TR","og_type":"article","og_title":"G\u00dcZELYURT BELED\u0130YES\u0130\u2019NDEN \u00c7OCUKLARA \u00d6ZEL ETK\u0130NL\u0130K -","og_description":"G\u00fczelyurt Belediyesi, 23 Nisan Ulusal Egemenlik ve \u00c7ocuk Bayram\u0131 dolay\u0131s\u0131yla ilk\u00f6\u011fretim kurumlar\u0131na y\u00f6nelik \u00e7ocuk \u015fenli\u011fi d\u00fczenledi. G\u00fczelyurt Belediyesi\u2019nden yap\u0131lan a\u00e7\u0131klamaya g\u00f6re, G\u00fczelyurt AKM\u2019de ger\u00e7ekle\u015ftirilen \u015fenli\u011fe, G\u00fczelyurt Belediye Ba\u015fkan\u0131 Mahmut \u00d6z\u00e7\u0131nar da kat\u0131ld\u0131. Etkinlikte konu\u015fan \u00d6z\u00e7\u0131nar, G\u00fczelyurt Belediyesi olarak d\u00fczenledikleri organizasyonlarla \u00e7ocuklar\u0131 mutlu etmeyi ama\u00e7lad\u0131klar\u0131n\u0131 belirterek, t\u00fcm \u00e7ocuklar\u0131n 23 Nisan Ulusal Egemenlik ve \u00c7ocuk Bayram\u0131\u2019n\u0131 kutlad\u0131.","og_url":"https:\/\/kibrisdakik.com\/?p=111353","article_published_time":"2026-04-27T13:32:15+00:00","og_image":[{"url":"https:\/\/mhahabercom.teimg.com\/mhahaber-com\/uploads\/2026\/04\/1777293891677guzelyurt-cocuk-senligi6.jpg","type":"","width":"","height":""}],"author":"admin","twitter_card":"summary_large_image","twitter_misc":{"Yazan:":"admin","Tahmini okuma s\u00fcresi":"1 dakika"},"schema":{"@context":"https:\/\/schema.org","@graph":[{"@type":"Article","@id":"https:\/\/kibrisdakik.com\/?p=111353#article","isPartOf":{"@id":"https:\/\/kibrisdakik.com\/?p=111353"},"author":{"name":"admin","@id":"https:\/\/kibrisdakik.com\/#\/schema\/person\/9cd9d437bbb44f72b73ba127e06d8e79"},"headline":"G\u00dcZELYURT BELED\u0130YES\u0130\u2019NDEN \u00c7OCUKLARA \u00d6ZEL ETK\u0130NL\u0130K","datePublished":"2026-04-27T13:32:15+00:00","mainEntityOfPage":{"@id":"https:\/\/kibrisdakik.com\/?p=111353"},"wordCount":131,"commentCount":0,"image":{"@id":"https:\/\/kibrisdakik.com\/?p=111353#primaryimage"},"thumbnailUrl":"https:\/\/kibrisdakik.com\/wp-content\/uploads\/2026\/04\/mha-sari-beyaz-5000.png","articleSection":["K\u0131br\u0131s"],"inLanguage":"tr","potentialAction":[{"@type":"CommentAction","name":"Comment","target":["https:\/\/kibrisdakik.com\/?p=111353#respond"]}]},{"@type":"WebPage","@id":"https:\/\/kibrisdakik.com\/?p=111353","url":"https:\/\/kibrisdakik.com\/?p=111353","name":"G\u00dcZELYURT BELED\u0130YES\u0130\u2019NDEN \u00c7OCUKLARA \u00d6ZEL ETK\u0130NL\u0130K -","isPartOf":{"@id":"https:\/\/kibrisdakik.com\/#website"},"primaryImageOfPage":{"@id":"https:\/\/kibrisdakik.com\/?p=111353#primaryimage"},"image":{"@id":"https:\/\/kibrisdakik.com\/?p=111353#primaryimage"},"thumbnailUrl":"https:\/\/kibrisdakik.com\/wp-content\/uploads\/2026\/04\/mha-sari-beyaz-5000.png","datePublished":"2026-04-27T13:32:15+00:00","author":{"@id":"https:\/\/kibrisdakik.com\/#\/schema\/person\/9cd9d437bbb44f72b73ba127e06d8e79"},"breadcrumb":{"@id":"https:\/\/kibrisdakik.com\/?p=111353#breadcrumb"},"inLanguage":"tr","potentialAction":[{"@type":"ReadAction","target":["https:\/\/kibrisdakik.com\/?p=111353"]}]},{"@type":"ImageObject","inLanguage":"tr","@id":"https:\/\/kibrisdakik.com\/?p=111353#primaryimage","url":"https:\/\/kibrisdakik.com\/wp-content\/uploads\/2026\/04\/mha-sari-beyaz-5000.png","contentUrl":"https:\/\/kibrisdakik.com\/wp-content\/uploads\/2026\/04\/mha-sari-beyaz-5000.png","width":1280,"height":720},{"@type":"BreadcrumbList","@id":"https:\/\/kibrisdakik.com\/?p=111353#breadcrumb","itemListElement":[{"@type":"ListItem","position":1,"name":"Home","item":"https:\/\/kibrisdakik.com\/"},{"@type":"ListItem","position":2,"name":"G\u00dcZELYURT BELED\u0130YES\u0130\u2019NDEN \u00c7OCUKLARA \u00d6ZEL ETK\u0130NL\u0130K"}]},{"@type":"WebSite","@id":"https:\/\/kibrisdakik.com\/#website","url":"https:\/\/kibrisdakik.com\/","name":"","description":"Tam vaktinde haber","potentialAction":[{"@type":"SearchAction","target":{"@type":"EntryPoint","urlTemplate":"https:\/\/kibrisdakik.com\/?s={search_term_string}"},"query-input":{"@type":"PropertyValueSpecification","valueRequired":true,"valueName":"search_term_string"}}],"inLanguage":"tr"},{"@type":"Person","@id":"https:\/\/kibrisdakik.com\/#\/schema\/person\/9cd9d437bbb44f72b73ba127e06d8e79","name":"admin","image":{"@type":"ImageObject","inLanguage":"tr","@id":"https:\/\/secure.gravatar.com\/avatar\/ccc17943b9d660506c869530f897617f7cb1c21a4bf30023f252596d83e1f007?s=96&d=mm&r=g","url":"https:\/\/secure.gravatar.com\/avatar\/ccc17943b9d660506c869530f897617f7cb1c21a4bf30023f252596d83e1f007?s=96&d=mm&r=g","contentUrl":"https:\/\/secure.gravatar.com\/avatar\/ccc17943b9d660506c869530f897617f7cb1c21a4bf30023f252596d83e1f007?s=96&d=mm&r=g","caption":"admin"},"sameAs":["https:\/\/kibrisdakik.com"],"url":"https:\/\/kibrisdakik.com\/?author=1"}]}},"_links":{"self":[{"href":"https:\/\/kibrisdakik.com\/index.php?rest_route=\/wp\/v2\/posts\/111353","targetHints":{"allow":["GET"]}}],"collection":[{"href":"https:\/\/kibrisdakik.com\/index.php?rest_route=\/wp\/v2\/posts"}],"about":[{"href":"https:\/\/kibrisdakik.com\/index.php?rest_route=\/wp\/v2\/types\/post"}],"author":[{"embeddable":true,"href":"https:\/\/kibrisdakik.com\/index.php?rest_route=\/wp\/v2\/users\/1"}],"replies":[{"embeddable":true,"href":"https:\/\/kibrisdakik.com\/index.php?rest_route=%2Fwp%2Fv2%2Fcomments&post=111353"}],"version-history":[{"count":0,"href":"https:\/\/kibrisdakik.com\/index.php?rest_route=\/wp\/v2\/posts\/111353\/revisions"}],"wp:featuredmedia":[{"embeddable":true,"href":"https:\/\/kibrisdakik.com\/index.php?rest_route=\/wp\/v2\/media\/111354"}],"wp:attachment":[{"href":"https:\/\/kibrisdakik.com\/index.php?rest_route=%2Fwp%2Fv2%2Fmedia&parent=111353"}],"wp:term":[{"taxonomy":"category","embeddable":true,"href":"https:\/\/kibrisdakik.com\/index.php?rest_route=%2Fwp%2Fv2%2Fcategories&post=111353"},{"taxonomy":"post_tag","embeddable":true,"href":"https:\/\/kibrisdakik.com\/index.php?rest_route=%2Fwp%2Fv2%2Ftags&post=111353"}],"curies":[{"name":"wp","href":"https:\/\/api.w.org\/{rel}","templated":true}]}}