{"id":111359,"date":"2026-04-27T17:41:19","date_gmt":"2026-04-27T14:41:19","guid":{"rendered":"https:\/\/kibrisdakik.com\/?p=111359"},"modified":"2026-04-27T17:41:19","modified_gmt":"2026-04-27T14:41:19","slug":"icra-memuruna-bicak-ceken-sahis-mahkemeye-cikarildi","status":"publish","type":"post","link":"https:\/\/kibrisdakik.com\/?p=111359","title":{"rendered":"\u0130CRA MEMURUNA BI\u00c7AK \u00c7EKEN \u015eAHIS MAHKEMEYE \u00c7IKARILDI"},"content":{"rendered":"<p><\/p>\n<div data-text-id=\"200842\" property=\"articleBody\">\n<p>Girne\u2019de celpname getiren icra memuruna y\u00f6nelik olay mahkemeye ta\u015f\u0131nd\u0131<\/p>\n<p>\u0130CRA MEMURUNA BI\u00c7AK \u00c7EKT\u0130<br \/>&#13;<br \/>\nGirne\u2019de kamuya a\u00e7\u0131k bir kafede ya\u015fanan ve b\u00fcy\u00fck pani\u011fe neden olan olayda, celpname getiren icra memuruna b\u0131\u00e7ak \u00e7ekerek tehditte bulundu\u011fu iddia edilen zanl\u0131 A.\u00c7.A., teminat talebiyle Girne Kaza Mahkemesi\u2019ne \u00e7\u0131kar\u0131ld\u0131. Hakk\u0131nda \u201c\u015eiddet tehdidi\u201d, \u201cKorkutmak maksad\u0131 ile b\u0131\u00e7ak ta\u015f\u0131mak\u201d ve \u201cRahats\u0131zl\u0131k\u201d su\u00e7lar\u0131ndan \u00fc\u00e7 ayr\u0131 dava okunan zanl\u0131, su\u00e7lamalar\u0131 kabul etmedi.<\/p>\n<p>\u0130cra memuruna sert tepki<br \/>&#13;<br \/>\nGirne Adli \u015eube\u2019de g\u00f6revli polis memuru Kaan Sava\u015fkan, mahkemede verdi\u011fi \u015fahadette zanl\u0131n\u0131n 25 Nisan tarihinde tutukland\u0131\u011f\u0131n\u0131 ve hafta sonu mahkemeye \u00e7\u0131kar\u0131larak hakk\u0131nda tutukluluk emri al\u0131nd\u0131\u011f\u0131n\u0131 belirtti.<\/p>\n<p>Polis, olay\u0131n 24 Nisan tarihinde Girne\u2019de faaliyet g\u00f6steren ve umumi bir yer olan bir kafede meydana geldi\u011fini anlatt\u0131. \u0130ddialara g\u00f6re, kafeye resmi g\u00f6rev kapsam\u0131nda celpname getiren icra memuru ile kar\u015f\u0131la\u015fan zanl\u0131 A.\u00c7.A., yan\u0131nda bulunan b\u0131\u00e7a\u011f\u0131 \u00e7\u0131kararak tehdit i\u00e7erikli tav\u0131rlar sergiledi.<\/p>\n<p>Zanl\u0131n\u0131n bu s\u0131rada y\u00fcksek sesle, \u201c\u0130ki kuru\u015f para i\u00e7in sahtek\u00e2rlar\u0131n i\u015fini yapars\u0131n\u0131z\u201d ifadelerini kulland\u0131\u011f\u0131 ve bu davran\u0131\u015f\u0131yla hem icra memurunu korkuttu\u011fu hem de \u00e7evrede bulunan vatanda\u015flar aras\u0131nda huzursuzluk yaratt\u0131\u011f\u0131 belirtildi.<\/p>\n<p>B\u0131\u00e7ak olay yerinde bulundu, emare olarak al\u0131nd\u0131<br \/>&#13;<br \/>\nSoru\u015fturmay\u0131 y\u00fcr\u00fcten polis memuru Kaan Sava\u015fkan, s\u00f6z konusu b\u0131\u00e7a\u011f\u0131n olay\u0131n ya\u015fand\u0131\u011f\u0131 kafede tespit edilerek emare olarak polis taraf\u0131ndan al\u0131nd\u0131\u011f\u0131n\u0131 ifade etti.<\/p>\n<p>Polis, zanl\u0131 hakk\u0131nda ba\u015flat\u0131lan soru\u015fturman\u0131n tamamland\u0131\u011f\u0131n\u0131, gerekli ifadelerin temin edildi\u011fini, zanl\u0131n\u0131n aleyhine getirilen su\u00e7lamalar\u0131 kabul etmedi\u011fini belirterek mahkemeden uygun bir teminat emri verilmesini talep etti.<\/p>\n<p>Zanl\u0131 mahkemede konu\u015ftu: \u201cBen onu avukat sand\u0131m\u201d<br \/>&#13;<br \/>\nMahkemede s\u00f6z hakk\u0131 verilen zanl\u0131 A.\u00c7.A. ise dikkat \u00e7eken bir savunma yapt\u0131.<\/p>\n<p>A.\u00c7.A., \u201c\u00d6z\u00fcr dilerim, mahkemenin zaman\u0131n\u0131 \u00e7almak istemem. Ben kar\u015f\u0131 taraf\u0131n avukat\u0131 sand\u0131m ama b\u0131\u00e7ak \u00e7ekmedim\u201d diyerek su\u00e7lamalar\u0131 reddetti.<\/p>\n<p>Yarg\u0131\u00e7 Mine G. Serden, soru\u015fturman\u0131n tamamland\u0131\u011f\u0131n\u0131 kaydederek, zanl\u0131n\u0131n yurt d\u0131\u015f\u0131na \u00e7\u0131k\u0131\u015f\u0131n\u0131 yasaklarken, 50 bin TL nakit teminat yat\u0131rmas\u0131na, ayr\u0131ca KKTC vatanda\u015f\u0131 bir ki\u015finin 500 bin TL tutar\u0131nda kefalet senedi imzalamas\u0131na emir verdi.<\/p>\n<\/p><\/div>\n","protected":false},"excerpt":{"rendered":"<p>Girne\u2019de celpname getiren icra memuruna y\u00f6nelik olay mahkemeye ta\u015f\u0131nd\u0131 \u0130CRA MEMURUNA BI\u00c7AK \u00c7EKT\u0130&#13; Girne\u2019de kamuya a\u00e7\u0131k bir kafede ya\u015fanan ve b\u00fcy\u00fck pani\u011fe neden olan olayda, celpname getiren icra memuruna b\u0131\u00e7ak \u00e7ekerek tehditte bulundu\u011fu iddia edilen zanl\u0131 A.\u00c7.A., teminat talebiyle Girne Kaza Mahkemesi\u2019ne \u00e7\u0131kar\u0131ld\u0131. Hakk\u0131nda \u201c\u015eiddet tehdidi\u201d, \u201cKorkutmak maksad\u0131 ile b\u0131\u00e7ak ta\u015f\u0131mak\u201d ve \u201cRahats\u0131zl\u0131k\u201d su\u00e7lar\u0131ndan \u00fc\u00e7<\/p>\n","protected":false},"author":1,"featured_media":111360,"comment_status":"open","ping_status":"open","sticky":false,"template":"","format":"standard","meta":{"footnotes":""},"categories":[81],"tags":[],"class_list":["post-111359","post","type-post","status-publish","format-standard","has-post-thumbnail","hentry","category-kibris"],"yoast_head":"<!-- This site is optimized with the Yoast SEO plugin v27.5 - https:\/\/yoast.com\/product\/yoast-seo-wordpress\/ -->\n<title>\u0130CRA MEMURUNA BI\u00c7AK \u00c7EKEN \u015eAHIS MAHKEMEYE \u00c7IKARILDI -<\/title>\n<meta name=\"robots\" content=\"index, follow, max-snippet:-1, max-image-preview:large, max-video-preview:-1\" \/>\n<link rel=\"canonical\" href=\"https:\/\/kibrisdakik.com\/?p=111359\" \/>\n<meta property=\"og:locale\" content=\"tr_TR\" \/>\n<meta property=\"og:type\" content=\"article\" \/>\n<meta property=\"og:title\" content=\"\u0130CRA MEMURUNA BI\u00c7AK \u00c7EKEN \u015eAHIS MAHKEMEYE \u00c7IKARILDI -\" \/>\n<meta property=\"og:description\" content=\"Girne\u2019de celpname getiren icra memuruna y\u00f6nelik olay mahkemeye ta\u015f\u0131nd\u0131 \u0130CRA MEMURUNA BI\u00c7AK \u00c7EKT\u0130&#013; Girne\u2019de kamuya a\u00e7\u0131k bir kafede ya\u015fanan ve b\u00fcy\u00fck pani\u011fe neden olan olayda, celpname getiren icra memuruna b\u0131\u00e7ak \u00e7ekerek tehditte bulundu\u011fu iddia edilen zanl\u0131 A.\u00c7.A., teminat talebiyle Girne Kaza Mahkemesi\u2019ne \u00e7\u0131kar\u0131ld\u0131. Hakk\u0131nda \u201c\u015eiddet tehdidi\u201d, \u201cKorkutmak maksad\u0131 ile b\u0131\u00e7ak ta\u015f\u0131mak\u201d ve \u201cRahats\u0131zl\u0131k\u201d su\u00e7lar\u0131ndan \u00fc\u00e7\" \/>\n<meta property=\"og:url\" content=\"https:\/\/kibrisdakik.com\/?p=111359\" \/>\n<meta property=\"article:published_time\" content=\"2026-04-27T14:41:19+00:00\" \/>\n<meta property=\"og:image\" content=\"https:\/\/mhahabercom.teimg.com\/crop\/1280x720\/mhahaber-com\/uploads\/2026\/04\/mhafoto-8729.png\" \/>\n<meta name=\"author\" content=\"admin\" \/>\n<meta name=\"twitter:card\" content=\"summary_large_image\" \/>\n<meta name=\"twitter:label1\" content=\"Yazan:\" \/>\n\t<meta name=\"twitter:data1\" content=\"admin\" \/>\n\t<meta name=\"twitter:label2\" content=\"Tahmini okuma s\u00fcresi\" \/>\n\t<meta name=\"twitter:data2\" content=\"2 dakika\" \/>\n<script type=\"application\/ld+json\" class=\"yoast-schema-graph\">{\"@context\":\"https:\\\/\\\/schema.org\",\"@graph\":[{\"@type\":\"Article\",\"@id\":\"https:\\\/\\\/kibrisdakik.com\\\/?p=111359#article\",\"isPartOf\":{\"@id\":\"https:\\\/\\\/kibrisdakik.com\\\/?p=111359\"},\"author\":{\"name\":\"admin\",\"@id\":\"https:\\\/\\\/kibrisdakik.com\\\/#\\\/schema\\\/person\\\/9cd9d437bbb44f72b73ba127e06d8e79\"},\"headline\":\"\u0130CRA MEMURUNA BI\u00c7AK \u00c7EKEN \u015eAHIS MAHKEMEYE \u00c7IKARILDI\",\"datePublished\":\"2026-04-27T14:41:19+00:00\",\"mainEntityOfPage\":{\"@id\":\"https:\\\/\\\/kibrisdakik.com\\\/?p=111359\"},\"wordCount\":398,\"commentCount\":0,\"image\":{\"@id\":\"https:\\\/\\\/kibrisdakik.com\\\/?p=111359#primaryimage\"},\"thumbnailUrl\":\"https:\\\/\\\/kibrisdakik.com\\\/wp-content\\\/uploads\\\/2026\\\/04\\\/mhafoto-8729.png\",\"articleSection\":[\"K\u0131br\u0131s\"],\"inLanguage\":\"tr\",\"potentialAction\":[{\"@type\":\"CommentAction\",\"name\":\"Comment\",\"target\":[\"https:\\\/\\\/kibrisdakik.com\\\/?p=111359#respond\"]}]},{\"@type\":\"WebPage\",\"@id\":\"https:\\\/\\\/kibrisdakik.com\\\/?p=111359\",\"url\":\"https:\\\/\\\/kibrisdakik.com\\\/?p=111359\",\"name\":\"\u0130CRA MEMURUNA BI\u00c7AK \u00c7EKEN \u015eAHIS MAHKEMEYE \u00c7IKARILDI -\",\"isPartOf\":{\"@id\":\"https:\\\/\\\/kibrisdakik.com\\\/#website\"},\"primaryImageOfPage\":{\"@id\":\"https:\\\/\\\/kibrisdakik.com\\\/?p=111359#primaryimage\"},\"image\":{\"@id\":\"https:\\\/\\\/kibrisdakik.com\\\/?p=111359#primaryimage\"},\"thumbnailUrl\":\"https:\\\/\\\/kibrisdakik.com\\\/wp-content\\\/uploads\\\/2026\\\/04\\\/mhafoto-8729.png\",\"datePublished\":\"2026-04-27T14:41:19+00:00\",\"author\":{\"@id\":\"https:\\\/\\\/kibrisdakik.com\\\/#\\\/schema\\\/person\\\/9cd9d437bbb44f72b73ba127e06d8e79\"},\"breadcrumb\":{\"@id\":\"https:\\\/\\\/kibrisdakik.com\\\/?p=111359#breadcrumb\"},\"inLanguage\":\"tr\",\"potentialAction\":[{\"@type\":\"ReadAction\",\"target\":[\"https:\\\/\\\/kibrisdakik.com\\\/?p=111359\"]}]},{\"@type\":\"ImageObject\",\"inLanguage\":\"tr\",\"@id\":\"https:\\\/\\\/kibrisdakik.com\\\/?p=111359#primaryimage\",\"url\":\"https:\\\/\\\/kibrisdakik.com\\\/wp-content\\\/uploads\\\/2026\\\/04\\\/mhafoto-8729.png\",\"contentUrl\":\"https:\\\/\\\/kibrisdakik.com\\\/wp-content\\\/uploads\\\/2026\\\/04\\\/mhafoto-8729.png\",\"width\":1280,\"height\":720},{\"@type\":\"BreadcrumbList\",\"@id\":\"https:\\\/\\\/kibrisdakik.com\\\/?p=111359#breadcrumb\",\"itemListElement\":[{\"@type\":\"ListItem\",\"position\":1,\"name\":\"Home\",\"item\":\"https:\\\/\\\/kibrisdakik.com\\\/\"},{\"@type\":\"ListItem\",\"position\":2,\"name\":\"\u0130CRA MEMURUNA BI\u00c7AK \u00c7EKEN \u015eAHIS MAHKEMEYE \u00c7IKARILDI\"}]},{\"@type\":\"WebSite\",\"@id\":\"https:\\\/\\\/kibrisdakik.com\\\/#website\",\"url\":\"https:\\\/\\\/kibrisdakik.com\\\/\",\"name\":\"\",\"description\":\"Tam vaktinde haber\",\"potentialAction\":[{\"@type\":\"SearchAction\",\"target\":{\"@type\":\"EntryPoint\",\"urlTemplate\":\"https:\\\/\\\/kibrisdakik.com\\\/?s={search_term_string}\"},\"query-input\":{\"@type\":\"PropertyValueSpecification\",\"valueRequired\":true,\"valueName\":\"search_term_string\"}}],\"inLanguage\":\"tr\"},{\"@type\":\"Person\",\"@id\":\"https:\\\/\\\/kibrisdakik.com\\\/#\\\/schema\\\/person\\\/9cd9d437bbb44f72b73ba127e06d8e79\",\"name\":\"admin\",\"image\":{\"@type\":\"ImageObject\",\"inLanguage\":\"tr\",\"@id\":\"https:\\\/\\\/secure.gravatar.com\\\/avatar\\\/ccc17943b9d660506c869530f897617f7cb1c21a4bf30023f252596d83e1f007?s=96&d=mm&r=g\",\"url\":\"https:\\\/\\\/secure.gravatar.com\\\/avatar\\\/ccc17943b9d660506c869530f897617f7cb1c21a4bf30023f252596d83e1f007?s=96&d=mm&r=g\",\"contentUrl\":\"https:\\\/\\\/secure.gravatar.com\\\/avatar\\\/ccc17943b9d660506c869530f897617f7cb1c21a4bf30023f252596d83e1f007?s=96&d=mm&r=g\",\"caption\":\"admin\"},\"sameAs\":[\"https:\\\/\\\/kibrisdakik.com\"],\"url\":\"https:\\\/\\\/kibrisdakik.com\\\/?author=1\"}]}<\/script>\n<!-- \/ Yoast SEO plugin. -->","yoast_head_json":{"title":"\u0130CRA MEMURUNA BI\u00c7AK \u00c7EKEN \u015eAHIS MAHKEMEYE \u00c7IKARILDI -","robots":{"index":"index","follow":"follow","max-snippet":"max-snippet:-1","max-image-preview":"max-image-preview:large","max-video-preview":"max-video-preview:-1"},"canonical":"https:\/\/kibrisdakik.com\/?p=111359","og_locale":"tr_TR","og_type":"article","og_title":"\u0130CRA MEMURUNA BI\u00c7AK \u00c7EKEN \u015eAHIS MAHKEMEYE \u00c7IKARILDI -","og_description":"Girne\u2019de celpname getiren icra memuruna y\u00f6nelik olay mahkemeye ta\u015f\u0131nd\u0131 \u0130CRA MEMURUNA BI\u00c7AK \u00c7EKT\u0130&#13; Girne\u2019de kamuya a\u00e7\u0131k bir kafede ya\u015fanan ve b\u00fcy\u00fck pani\u011fe neden olan olayda, celpname getiren icra memuruna b\u0131\u00e7ak \u00e7ekerek tehditte bulundu\u011fu iddia edilen zanl\u0131 A.\u00c7.A., teminat talebiyle Girne Kaza Mahkemesi\u2019ne \u00e7\u0131kar\u0131ld\u0131. Hakk\u0131nda \u201c\u015eiddet tehdidi\u201d, \u201cKorkutmak maksad\u0131 ile b\u0131\u00e7ak ta\u015f\u0131mak\u201d ve \u201cRahats\u0131zl\u0131k\u201d su\u00e7lar\u0131ndan \u00fc\u00e7","og_url":"https:\/\/kibrisdakik.com\/?p=111359","article_published_time":"2026-04-27T14:41:19+00:00","og_image":[{"url":"https:\/\/mhahabercom.teimg.com\/crop\/1280x720\/mhahaber-com\/uploads\/2026\/04\/mhafoto-8729.png","type":"","width":"","height":""}],"author":"admin","twitter_card":"summary_large_image","twitter_misc":{"Yazan:":"admin","Tahmini okuma s\u00fcresi":"2 dakika"},"schema":{"@context":"https:\/\/schema.org","@graph":[{"@type":"Article","@id":"https:\/\/kibrisdakik.com\/?p=111359#article","isPartOf":{"@id":"https:\/\/kibrisdakik.com\/?p=111359"},"author":{"name":"admin","@id":"https:\/\/kibrisdakik.com\/#\/schema\/person\/9cd9d437bbb44f72b73ba127e06d8e79"},"headline":"\u0130CRA MEMURUNA BI\u00c7AK \u00c7EKEN \u015eAHIS MAHKEMEYE \u00c7IKARILDI","datePublished":"2026-04-27T14:41:19+00:00","mainEntityOfPage":{"@id":"https:\/\/kibrisdakik.com\/?p=111359"},"wordCount":398,"commentCount":0,"image":{"@id":"https:\/\/kibrisdakik.com\/?p=111359#primaryimage"},"thumbnailUrl":"https:\/\/kibrisdakik.com\/wp-content\/uploads\/2026\/04\/mhafoto-8729.png","articleSection":["K\u0131br\u0131s"],"inLanguage":"tr","potentialAction":[{"@type":"CommentAction","name":"Comment","target":["https:\/\/kibrisdakik.com\/?p=111359#respond"]}]},{"@type":"WebPage","@id":"https:\/\/kibrisdakik.com\/?p=111359","url":"https:\/\/kibrisdakik.com\/?p=111359","name":"\u0130CRA MEMURUNA BI\u00c7AK \u00c7EKEN \u015eAHIS MAHKEMEYE \u00c7IKARILDI -","isPartOf":{"@id":"https:\/\/kibrisdakik.com\/#website"},"primaryImageOfPage":{"@id":"https:\/\/kibrisdakik.com\/?p=111359#primaryimage"},"image":{"@id":"https:\/\/kibrisdakik.com\/?p=111359#primaryimage"},"thumbnailUrl":"https:\/\/kibrisdakik.com\/wp-content\/uploads\/2026\/04\/mhafoto-8729.png","datePublished":"2026-04-27T14:41:19+00:00","author":{"@id":"https:\/\/kibrisdakik.com\/#\/schema\/person\/9cd9d437bbb44f72b73ba127e06d8e79"},"breadcrumb":{"@id":"https:\/\/kibrisdakik.com\/?p=111359#breadcrumb"},"inLanguage":"tr","potentialAction":[{"@type":"ReadAction","target":["https:\/\/kibrisdakik.com\/?p=111359"]}]},{"@type":"ImageObject","inLanguage":"tr","@id":"https:\/\/kibrisdakik.com\/?p=111359#primaryimage","url":"https:\/\/kibrisdakik.com\/wp-content\/uploads\/2026\/04\/mhafoto-8729.png","contentUrl":"https:\/\/kibrisdakik.com\/wp-content\/uploads\/2026\/04\/mhafoto-8729.png","width":1280,"height":720},{"@type":"BreadcrumbList","@id":"https:\/\/kibrisdakik.com\/?p=111359#breadcrumb","itemListElement":[{"@type":"ListItem","position":1,"name":"Home","item":"https:\/\/kibrisdakik.com\/"},{"@type":"ListItem","position":2,"name":"\u0130CRA MEMURUNA BI\u00c7AK \u00c7EKEN \u015eAHIS MAHKEMEYE \u00c7IKARILDI"}]},{"@type":"WebSite","@id":"https:\/\/kibrisdakik.com\/#website","url":"https:\/\/kibrisdakik.com\/","name":"","description":"Tam vaktinde haber","potentialAction":[{"@type":"SearchAction","target":{"@type":"EntryPoint","urlTemplate":"https:\/\/kibrisdakik.com\/?s={search_term_string}"},"query-input":{"@type":"PropertyValueSpecification","valueRequired":true,"valueName":"search_term_string"}}],"inLanguage":"tr"},{"@type":"Person","@id":"https:\/\/kibrisdakik.com\/#\/schema\/person\/9cd9d437bbb44f72b73ba127e06d8e79","name":"admin","image":{"@type":"ImageObject","inLanguage":"tr","@id":"https:\/\/secure.gravatar.com\/avatar\/ccc17943b9d660506c869530f897617f7cb1c21a4bf30023f252596d83e1f007?s=96&d=mm&r=g","url":"https:\/\/secure.gravatar.com\/avatar\/ccc17943b9d660506c869530f897617f7cb1c21a4bf30023f252596d83e1f007?s=96&d=mm&r=g","contentUrl":"https:\/\/secure.gravatar.com\/avatar\/ccc17943b9d660506c869530f897617f7cb1c21a4bf30023f252596d83e1f007?s=96&d=mm&r=g","caption":"admin"},"sameAs":["https:\/\/kibrisdakik.com"],"url":"https:\/\/kibrisdakik.com\/?author=1"}]}},"_links":{"self":[{"href":"https:\/\/kibrisdakik.com\/index.php?rest_route=\/wp\/v2\/posts\/111359","targetHints":{"allow":["GET"]}}],"collection":[{"href":"https:\/\/kibrisdakik.com\/index.php?rest_route=\/wp\/v2\/posts"}],"about":[{"href":"https:\/\/kibrisdakik.com\/index.php?rest_route=\/wp\/v2\/types\/post"}],"author":[{"embeddable":true,"href":"https:\/\/kibrisdakik.com\/index.php?rest_route=\/wp\/v2\/users\/1"}],"replies":[{"embeddable":true,"href":"https:\/\/kibrisdakik.com\/index.php?rest_route=%2Fwp%2Fv2%2Fcomments&post=111359"}],"version-history":[{"count":0,"href":"https:\/\/kibrisdakik.com\/index.php?rest_route=\/wp\/v2\/posts\/111359\/revisions"}],"wp:featuredmedia":[{"embeddable":true,"href":"https:\/\/kibrisdakik.com\/index.php?rest_route=\/wp\/v2\/media\/111360"}],"wp:attachment":[{"href":"https:\/\/kibrisdakik.com\/index.php?rest_route=%2Fwp%2Fv2%2Fmedia&parent=111359"}],"wp:term":[{"taxonomy":"category","embeddable":true,"href":"https:\/\/kibrisdakik.com\/index.php?rest_route=%2Fwp%2Fv2%2Fcategories&post=111359"},{"taxonomy":"post_tag","embeddable":true,"href":"https:\/\/kibrisdakik.com\/index.php?rest_route=%2Fwp%2Fv2%2Ftags&post=111359"}],"curies":[{"name":"wp","href":"https:\/\/api.w.org\/{rel}","templated":true}]}}