{"id":111365,"date":"2026-04-27T18:07:48","date_gmt":"2026-04-27T15:07:48","guid":{"rendered":"https:\/\/kibrisdakik.com\/?p=111365"},"modified":"2026-04-27T18:07:48","modified_gmt":"2026-04-27T15:07:48","slug":"incirli-demokratik-hukuk-devleti-ilkesinden-vazgecilemez","status":"publish","type":"post","link":"https:\/\/kibrisdakik.com\/?p=111365","title":{"rendered":"\u0130NC\u0130RL\u0130: \u201cDEMOKRAT\u0130K HUKUK DEVLET\u0130 \u0130LKES\u0130NDEN VAZGE\u00c7\u0130LEMEZ\u201d"},"content":{"rendered":"<p><\/p>\n<div data-text-id=\"200845\" property=\"articleBody\">\n<p>Cumhuriyet\u00e7i T\u00fcrk Partisi Genel Ba\u015fkan\u0131 S\u0131la Usar \u0130ncirli, Cumhuriyet Meclisi Genel Kurulu\u2019nda yapt\u0131\u011f\u0131 konu\u015fmada h\u00fck\u00fcmeti hukuk, ekonomi ve y\u00f6netim anlay\u0131\u015f\u0131 \u00fczerinden sert s\u00f6zlerle ele\u015ftirdi. \u00d6zellikle \u00fclkenin plans\u0131z bor\u00e7 y\u00fck\u00fc alt\u0131nda b\u0131rak\u0131ld\u0131\u011f\u0131na dikkat \u00e7eken \u0130ncirli, bor\u00e7lanmalar\u0131n yat\u0131r\u0131ma ve b\u00fcy\u00fcmeye d\u00f6n\u00fc\u015fmedi\u011fine aksine ekonomiyi daha da k\u0131r\u0131lgan hale getirdi\u011fini s\u00f6yledi.<\/p>\n<p><strong>\u201cDemokratik hukuk devleti olman\u0131n omurgas\u0131 Anayasa ve hukukun \u00fcst\u00fcnl\u00fc\u011f\u00fcd\u00fcr\u201d<\/strong><\/p>\n<p>\u0130ncirli, konu\u015fmas\u0131n\u0131n ba\u015f\u0131nda devletin temel niteliklerine i\u015faret ederek, bir \u00fclkenin demokratik hukuk devleti olabilmesi i\u00e7in Anayasa\u2019ya, yasalara, kuvvetler ayr\u0131l\u0131\u011f\u0131na ve hukukun \u00fcst\u00fcnl\u00fc\u011f\u00fcne ba\u011fl\u0131 kalmas\u0131n\u0131n \u015fart oldu\u011funu vurgulad\u0131. Bu ilkelerin \u201cbir devletin omurgas\u0131\u201d oldu\u011funu belirten \u0130ncirli, bu kurallara uyulmad\u0131\u011f\u0131 s\u00fcrece \u00fclkenin itibar kaybedece\u011fini ifade etti.<\/p>\n<p><strong>\u201cYasama yetkisi Cumhuriyet Meclisi\u2019nindir ve devredilemez\u201d<\/strong><\/p>\n<p>Anayasa Mahkemesi kararlar\u0131na dikkat \u00e7eken \u0130ncirli, h\u00fck\u00fcmetin bu kararlar\u0131 yok sayarak yasa g\u00fcc\u00fcnde kararname \u00fcretmeye devam etti\u011fini s\u00f6yledi. \u201cYasama yetkisi Cumhuriyet Meclisi\u2019nindir ve devredilemez\u201d diyen \u0130ncirli, Anayasa\u2019ya g\u00f6re yasama yetkisinin yaln\u0131zca Cumhuriyet Meclisi\u2019ne ait oldu\u011funu hat\u0131rlatt\u0131 ve bu yetkinin ba\u015fka bir organa devredilemeyece\u011fini vurgulad\u0131. Acil durumlar d\u0131\u015f\u0131nda kararname \u00e7\u0131kar\u0131lamayaca\u011f\u0131n\u0131, \u00e7\u0131kar\u0131lsa bile 90 g\u00fcn i\u00e7inde Meclis\u2019te g\u00f6r\u00fc\u015f\u00fclmesi gerekti\u011fini belirten \u0130ncirli, mevcut uygulaman\u0131n a\u00e7\u0131k\u00e7a Anayasa\u2019ya ayk\u0131r\u0131 oldu\u011funu ifade etti.<\/p>\n<p><strong>\u201c420 kararnameyle hukuk sistemi i\u015flemez hale getirildi\u201d<\/strong><\/p>\n<p>\u0130ncirli, \u00fclkede 420\u2019ye ula\u015fan yasa g\u00fcc\u00fcnde kararname bulundu\u011funu belirterek, bu durumun hukuk d\u00fczenini i\u015flemez hale getirdi\u011fini s\u00f6yledi. S\u00fcresi dolan kararnamelerin y\u00fcr\u00fcrl\u00fckten kalkaca\u011f\u0131n\u0131 hat\u0131rlatan \u0130ncirli, ihtiya\u00e7 duyulan d\u00fczenlemelerin h\u0131zla yasala\u015ft\u0131r\u0131lmas\u0131 gerekti\u011fini kaydetti ve h\u00fck\u00fcmetin bu konuda sorumluluk almad\u0131\u011f\u0131n\u0131 s\u00f6yledi.<\/p>\n<p><strong>\u201cBorcu bor\u00e7la \u00f6d\u00fcyorsunuz, bu nereye kadar s\u00fcrecek?\u201d<\/strong><\/p>\n<p>Konu\u015fmas\u0131n\u0131n devam\u0131nda h\u00fck\u00fcmetin bor\u00e7lanma politikas\u0131n\u0131 sert \u015fekilde ele\u015ftiren \u0130ncirli, s\u00fcrekli ihalelerle bor\u00e7lan\u0131ld\u0131\u011f\u0131n\u0131 ve bunun s\u00fcrd\u00fcr\u00fclemez oldu\u011funu s\u00f6yledi. Son bor\u00e7lanma \u00f6rneklerine dikkat \u00e7eken \u0130ncirli, \u201c5 milyar TL i\u00e7in ihaleye \u00e7\u0131k\u0131p 7.8 milyar TL bor\u00e7lan\u0131yorsunuz. Borcu bor\u00e7la \u00f6d\u00fcyorsunuz, bu nereye kadar s\u00fcrecek?\u201d diye sordu. \u0130ncirli, \u201cMemleketi korkun\u00e7 bir bor\u00e7 y\u00fck\u00fc alt\u0131na soktunuz ve umrunuzda de\u011fil\u201d \u015feklinde konu\u015farak \u00fclkeyi a\u011f\u0131r bir bor y\u00fck\u00fc alt\u0131nda b\u0131rak\u0131ld\u0131\u011f\u0131na dikkat \u00e7ekti.<\/p>\n<p><strong>\u201cSe\u00e7im tarihi art\u0131k a\u00e7\u0131klanmal\u0131\u201d<\/strong><\/p>\n<p>\u0130ncirli, h\u00fck\u00fcmetin se\u00e7im tarihini a\u00e7\u0131klamamas\u0131n\u0131 da ele\u015ftirerek, bunun hem siyasi hem ekonomik a\u00e7\u0131dan ciddi belirsizlik yaratt\u0131\u011f\u0131n\u0131 s\u00f6yledi. \u201cBu belirsizlik, zaten k\u0131r\u0131lgan olan ekonomiyi daha da k\u00f6t\u00fc etkiliyor. Se\u00e7im tarihi art\u0131k a\u00e7\u0131klanmal\u0131\u201d diyen \u0130ncirli, yeni gelecek h\u00fck\u00fcmetin planlama yapabilmesi i\u00e7in se\u00e7im tarihinin netle\u015fmesi gerekti\u011fini vurgulad\u0131. 2027 b\u00fct\u00e7esine dikkat \u00e7eken \u0130ncirli, mevcut y\u00f6netimin yaratt\u0131\u011f\u0131 \u201cenkaz\u0131n\u201d ancak ciddi bir haz\u0131rl\u0131kla toparlanabilece\u011fini ifade etti.<\/p>\n<p><strong>\u201cAdaletsizlikler toplumda derin yaralar a\u00e7\u0131yor\u201d<\/strong><\/p>\n<p>K\u0131rsal kesim arazisi da\u011f\u0131t\u0131m\u0131 ve kamu uygulamalar\u0131nda adalet ilkesinin zedelendi\u011fini belirten \u0130ncirli, bu t\u00fcr uygulamalar\u0131n toplumda g\u00fcven duygusunu sarst\u0131\u011f\u0131n\u0131 s\u00f6yledi. CTP\u2019nin gen\u00e7lerin konut sahibi olmas\u0131n\u0131 destekledi\u011fini vurgulayan \u0130ncirli, ancak bunun keyfi de\u011fil planl\u0131, altyap\u0131l\u0131 ve adil \u015fekilde yap\u0131lmas\u0131 gerekti\u011fini ifade etti. Ayr\u0131ca ge\u00e7mi\u015fte da\u011f\u0131t\u0131lan arazilerde ka\u00e7 ki\u015finin konut yapabildi\u011finin a\u00e7\u0131klanmas\u0131 gerekti\u011fini belirten \u0130ncirli, sadece arsa da\u011f\u0131tman\u0131n yeterli olmad\u0131\u011f\u0131n\u0131, finansman desteklerinin de \u015fart oldu\u011funu dile getirdi.<\/p>\n<p><strong>\u201cT\u00fcrkiye\u2019ye giri\u015f yasaklar\u0131 toplumsal bir meseledir\u201d<\/strong><\/p>\n<p>\u0130ncirli, konu\u015fmas\u0131nda T\u00fcrkiye\u2019ye giri\u015fine izin verilmeyen yurtta\u015flar konusuna da dikkat \u00e7ekti. Bu durumun toplumsal bir mesele haline geldi\u011fini vurgulayan \u0130ncirli, \u201cBu toplumu yaralayan bir konudur. Hepimizi ilgilendiren bir meseledir\u201d dedi. Ya\u015fananlar\u0131n iki \u00fclke ili\u015fkilerine zarar verdi\u011fini s\u00f6yleyen \u0130ncirli, gazetecilerden akademisyenlere, sendikac\u0131lardan siyaset\u00e7ilere kadar toplumda sayg\u0131nl\u0131\u011f\u0131 olan ki\u015filerin bu uygulamalardan etkilendi\u011fini belirtti ve bunun kabul edilemez oldu\u011funu vurgulad\u0131.<\/p>\n<p><strong>\u201cT\u00fcrkiye\u2019ye giri\u015fi yasaklanan yurtta\u015flar i\u00e7in Ara\u015ft\u0131rma Komitesi kurulmal\u0131\u201d<\/strong><\/p>\n<p>CTP olarak 2023 y\u0131l\u0131nda bu konuyla ilgili ara\u015ft\u0131rma komitesi kurulmas\u0131n\u0131 \u00f6nerdiklerini hat\u0131rlatan \u0130ncirli, \u201cO g\u00fcn bu komite kurulmu\u015f olsayd\u0131 belki bug\u00fcn bunlar ya\u015fanmayacakt\u0131\u201d dedi ve T\u00fcrkiye\u2019ye giri\u015fi yasaklanan yurtta\u015flar i\u00e7in Ara\u015ft\u0131rma Komitesi kurulmas\u0131 i\u00e7in \u00e7a\u011fr\u0131s\u0131n\u0131 yineledi. Sorunun parlamenter diplomasi yoluyla \u00e7\u00f6z\u00fclmesi gerekti\u011fini belirten \u0130ncirli, Meclis\u2019in bu konuda sorumluluk almas\u0131 gerekti\u011fini ifade etti ve Cumhurba\u015fkan\u0131n\u0131n da konuyla ilgili \u00e7al\u0131\u015fmalar\u0131n\u0131 s\u00fcrd\u00fcrd\u00fc\u011f\u00fcn\u00fc s\u00f6zlerine ekledi.<\/p>\n<p><strong>\u201cKalem kalem a\u00e7\u0131klay\u0131n bu bor\u00e7lar\u0131\u201d<\/strong><\/p>\n<p>Konu\u015fmas\u0131n\u0131n sonunda \u0130ncirli, yap\u0131lan bor\u00e7lanmalar\u0131n yat\u0131r\u0131ma ve b\u00fcy\u00fcmeye d\u00f6n\u00fc\u015fmedi\u011fine dikkat \u00e7ekerek \u201cYap\u0131lan bor\u00e7lanmalar yat\u0131r\u0131ma ve b\u00fcy\u00fcmeye d\u00f6n\u00fc\u015fm\u00fcyor ve aksine ekonomiyi daha k\u0131r\u0131lgan hale getiriyor\u201d dedi. H\u00fck\u00fcmetin g\u00fcven kayb\u0131 ya\u015fad\u0131\u011f\u0131n\u0131 ve k\u00fc\u00e7\u00fck ile orta \u00f6l\u00e7ekli i\u015fletmeleri adaletsiz vergilerle zor durumda b\u0131rakt\u0131\u011f\u0131n\u0131 ifade eden \u0130ncirli, Maliye Bakanl\u0131\u011f\u0131\u2019na \u201cKalem kalem a\u00e7\u0131klay\u0131n bu bor\u00e7lar\u0131\u201d \u00e7a\u011fr\u0131s\u0131 yaparak t\u00fcm i\u00e7 ve d\u0131\u015f bor\u00e7lar\u0131n vadeleri ve \u00f6deme planlar\u0131yla birlikte \u015feffaf \u015fekilde kamuoyuna a\u00e7\u0131klanmas\u0131n\u0131 istedi.<\/p>\n<\/p><\/div>\n","protected":false},"excerpt":{"rendered":"<p>Cumhuriyet\u00e7i T\u00fcrk Partisi Genel Ba\u015fkan\u0131 S\u0131la Usar \u0130ncirli, Cumhuriyet Meclisi Genel Kurulu\u2019nda yapt\u0131\u011f\u0131 konu\u015fmada h\u00fck\u00fcmeti hukuk, ekonomi ve y\u00f6netim anlay\u0131\u015f\u0131 \u00fczerinden sert s\u00f6zlerle ele\u015ftirdi. \u00d6zellikle \u00fclkenin plans\u0131z bor\u00e7 y\u00fck\u00fc alt\u0131nda b\u0131rak\u0131ld\u0131\u011f\u0131na dikkat \u00e7eken \u0130ncirli, bor\u00e7lanmalar\u0131n yat\u0131r\u0131ma ve b\u00fcy\u00fcmeye d\u00f6n\u00fc\u015fmedi\u011fine aksine ekonomiyi daha da k\u0131r\u0131lgan hale getirdi\u011fini s\u00f6yledi. \u201cDemokratik hukuk devleti olman\u0131n omurgas\u0131 Anayasa ve hukukun<\/p>\n","protected":false},"author":1,"featured_media":111366,"comment_status":"open","ping_status":"open","sticky":false,"template":"","format":"standard","meta":{"footnotes":""},"categories":[81],"tags":[],"class_list":["post-111365","post","type-post","status-publish","format-standard","has-post-thumbnail","hentry","category-kibris"],"yoast_head":"<!-- This site is optimized with the Yoast SEO plugin v27.4 - https:\/\/yoast.com\/product\/yoast-seo-wordpress\/ -->\n<title>\u0130NC\u0130RL\u0130: \u201cDEMOKRAT\u0130K HUKUK DEVLET\u0130 \u0130LKES\u0130NDEN VAZGE\u00c7\u0130LEMEZ\u201d -<\/title>\n<meta name=\"robots\" content=\"index, follow, max-snippet:-1, max-image-preview:large, max-video-preview:-1\" \/>\n<link rel=\"canonical\" href=\"https:\/\/kibrisdakik.com\/?p=111365\" \/>\n<meta property=\"og:locale\" content=\"tr_TR\" \/>\n<meta property=\"og:type\" content=\"article\" \/>\n<meta property=\"og:title\" content=\"\u0130NC\u0130RL\u0130: \u201cDEMOKRAT\u0130K HUKUK DEVLET\u0130 \u0130LKES\u0130NDEN VAZGE\u00c7\u0130LEMEZ\u201d -\" \/>\n<meta property=\"og:description\" content=\"Cumhuriyet\u00e7i T\u00fcrk Partisi Genel Ba\u015fkan\u0131 S\u0131la Usar \u0130ncirli, Cumhuriyet Meclisi Genel Kurulu\u2019nda yapt\u0131\u011f\u0131 konu\u015fmada h\u00fck\u00fcmeti hukuk, ekonomi ve y\u00f6netim anlay\u0131\u015f\u0131 \u00fczerinden sert s\u00f6zlerle ele\u015ftirdi. \u00d6zellikle \u00fclkenin plans\u0131z bor\u00e7 y\u00fck\u00fc alt\u0131nda b\u0131rak\u0131ld\u0131\u011f\u0131na dikkat \u00e7eken \u0130ncirli, bor\u00e7lanmalar\u0131n yat\u0131r\u0131ma ve b\u00fcy\u00fcmeye d\u00f6n\u00fc\u015fmedi\u011fine aksine ekonomiyi daha da k\u0131r\u0131lgan hale getirdi\u011fini s\u00f6yledi. \u201cDemokratik hukuk devleti olman\u0131n omurgas\u0131 Anayasa ve hukukun\" \/>\n<meta property=\"og:url\" content=\"https:\/\/kibrisdakik.com\/?p=111365\" \/>\n<meta property=\"article:published_time\" content=\"2026-04-27T15:07:48+00:00\" \/>\n<meta property=\"og:image\" content=\"https:\/\/mhahabercom.teimg.com\/crop\/1280x720\/mhahaber-com\/uploads\/2026\/04\/mha-sari-beyaz-5004.png\" \/>\n<meta name=\"author\" content=\"admin\" \/>\n<meta name=\"twitter:card\" content=\"summary_large_image\" \/>\n<meta name=\"twitter:label1\" content=\"Yazan:\" \/>\n\t<meta name=\"twitter:data1\" content=\"admin\" \/>\n\t<meta name=\"twitter:label2\" content=\"Tahmini okuma s\u00fcresi\" \/>\n\t<meta name=\"twitter:data2\" content=\"5 dakika\" \/>\n<script type=\"application\/ld+json\" class=\"yoast-schema-graph\">{\"@context\":\"https:\\\/\\\/schema.org\",\"@graph\":[{\"@type\":\"Article\",\"@id\":\"https:\\\/\\\/kibrisdakik.com\\\/?p=111365#article\",\"isPartOf\":{\"@id\":\"https:\\\/\\\/kibrisdakik.com\\\/?p=111365\"},\"author\":{\"name\":\"admin\",\"@id\":\"https:\\\/\\\/kibrisdakik.com\\\/#\\\/schema\\\/person\\\/9cd9d437bbb44f72b73ba127e06d8e79\"},\"headline\":\"\u0130NC\u0130RL\u0130: \u201cDEMOKRAT\u0130K HUKUK DEVLET\u0130 \u0130LKES\u0130NDEN VAZGE\u00c7\u0130LEMEZ\u201d\",\"datePublished\":\"2026-04-27T15:07:48+00:00\",\"mainEntityOfPage\":{\"@id\":\"https:\\\/\\\/kibrisdakik.com\\\/?p=111365\"},\"wordCount\":952,\"commentCount\":0,\"image\":{\"@id\":\"https:\\\/\\\/kibrisdakik.com\\\/?p=111365#primaryimage\"},\"thumbnailUrl\":\"https:\\\/\\\/kibrisdakik.com\\\/wp-content\\\/uploads\\\/2026\\\/04\\\/mha-sari-beyaz-5004.png\",\"articleSection\":[\"K\u0131br\u0131s\"],\"inLanguage\":\"tr\",\"potentialAction\":[{\"@type\":\"CommentAction\",\"name\":\"Comment\",\"target\":[\"https:\\\/\\\/kibrisdakik.com\\\/?p=111365#respond\"]}]},{\"@type\":\"WebPage\",\"@id\":\"https:\\\/\\\/kibrisdakik.com\\\/?p=111365\",\"url\":\"https:\\\/\\\/kibrisdakik.com\\\/?p=111365\",\"name\":\"\u0130NC\u0130RL\u0130: \u201cDEMOKRAT\u0130K HUKUK DEVLET\u0130 \u0130LKES\u0130NDEN VAZGE\u00c7\u0130LEMEZ\u201d -\",\"isPartOf\":{\"@id\":\"https:\\\/\\\/kibrisdakik.com\\\/#website\"},\"primaryImageOfPage\":{\"@id\":\"https:\\\/\\\/kibrisdakik.com\\\/?p=111365#primaryimage\"},\"image\":{\"@id\":\"https:\\\/\\\/kibrisdakik.com\\\/?p=111365#primaryimage\"},\"thumbnailUrl\":\"https:\\\/\\\/kibrisdakik.com\\\/wp-content\\\/uploads\\\/2026\\\/04\\\/mha-sari-beyaz-5004.png\",\"datePublished\":\"2026-04-27T15:07:48+00:00\",\"author\":{\"@id\":\"https:\\\/\\\/kibrisdakik.com\\\/#\\\/schema\\\/person\\\/9cd9d437bbb44f72b73ba127e06d8e79\"},\"breadcrumb\":{\"@id\":\"https:\\\/\\\/kibrisdakik.com\\\/?p=111365#breadcrumb\"},\"inLanguage\":\"tr\",\"potentialAction\":[{\"@type\":\"ReadAction\",\"target\":[\"https:\\\/\\\/kibrisdakik.com\\\/?p=111365\"]}]},{\"@type\":\"ImageObject\",\"inLanguage\":\"tr\",\"@id\":\"https:\\\/\\\/kibrisdakik.com\\\/?p=111365#primaryimage\",\"url\":\"https:\\\/\\\/kibrisdakik.com\\\/wp-content\\\/uploads\\\/2026\\\/04\\\/mha-sari-beyaz-5004.png\",\"contentUrl\":\"https:\\\/\\\/kibrisdakik.com\\\/wp-content\\\/uploads\\\/2026\\\/04\\\/mha-sari-beyaz-5004.png\",\"width\":1280,\"height\":720},{\"@type\":\"BreadcrumbList\",\"@id\":\"https:\\\/\\\/kibrisdakik.com\\\/?p=111365#breadcrumb\",\"itemListElement\":[{\"@type\":\"ListItem\",\"position\":1,\"name\":\"Home\",\"item\":\"https:\\\/\\\/kibrisdakik.com\\\/\"},{\"@type\":\"ListItem\",\"position\":2,\"name\":\"\u0130NC\u0130RL\u0130: \u201cDEMOKRAT\u0130K HUKUK DEVLET\u0130 \u0130LKES\u0130NDEN VAZGE\u00c7\u0130LEMEZ\u201d\"}]},{\"@type\":\"WebSite\",\"@id\":\"https:\\\/\\\/kibrisdakik.com\\\/#website\",\"url\":\"https:\\\/\\\/kibrisdakik.com\\\/\",\"name\":\"\",\"description\":\"Tam vaktinde haber\",\"potentialAction\":[{\"@type\":\"SearchAction\",\"target\":{\"@type\":\"EntryPoint\",\"urlTemplate\":\"https:\\\/\\\/kibrisdakik.com\\\/?s={search_term_string}\"},\"query-input\":{\"@type\":\"PropertyValueSpecification\",\"valueRequired\":true,\"valueName\":\"search_term_string\"}}],\"inLanguage\":\"tr\"},{\"@type\":\"Person\",\"@id\":\"https:\\\/\\\/kibrisdakik.com\\\/#\\\/schema\\\/person\\\/9cd9d437bbb44f72b73ba127e06d8e79\",\"name\":\"admin\",\"image\":{\"@type\":\"ImageObject\",\"inLanguage\":\"tr\",\"@id\":\"https:\\\/\\\/secure.gravatar.com\\\/avatar\\\/ccc17943b9d660506c869530f897617f7cb1c21a4bf30023f252596d83e1f007?s=96&d=mm&r=g\",\"url\":\"https:\\\/\\\/secure.gravatar.com\\\/avatar\\\/ccc17943b9d660506c869530f897617f7cb1c21a4bf30023f252596d83e1f007?s=96&d=mm&r=g\",\"contentUrl\":\"https:\\\/\\\/secure.gravatar.com\\\/avatar\\\/ccc17943b9d660506c869530f897617f7cb1c21a4bf30023f252596d83e1f007?s=96&d=mm&r=g\",\"caption\":\"admin\"},\"sameAs\":[\"https:\\\/\\\/kibrisdakik.com\"],\"url\":\"https:\\\/\\\/kibrisdakik.com\\\/?author=1\"}]}<\/script>\n<!-- \/ Yoast SEO plugin. -->","yoast_head_json":{"title":"\u0130NC\u0130RL\u0130: \u201cDEMOKRAT\u0130K HUKUK DEVLET\u0130 \u0130LKES\u0130NDEN VAZGE\u00c7\u0130LEMEZ\u201d -","robots":{"index":"index","follow":"follow","max-snippet":"max-snippet:-1","max-image-preview":"max-image-preview:large","max-video-preview":"max-video-preview:-1"},"canonical":"https:\/\/kibrisdakik.com\/?p=111365","og_locale":"tr_TR","og_type":"article","og_title":"\u0130NC\u0130RL\u0130: \u201cDEMOKRAT\u0130K HUKUK DEVLET\u0130 \u0130LKES\u0130NDEN VAZGE\u00c7\u0130LEMEZ\u201d -","og_description":"Cumhuriyet\u00e7i T\u00fcrk Partisi Genel Ba\u015fkan\u0131 S\u0131la Usar \u0130ncirli, Cumhuriyet Meclisi Genel Kurulu\u2019nda yapt\u0131\u011f\u0131 konu\u015fmada h\u00fck\u00fcmeti hukuk, ekonomi ve y\u00f6netim anlay\u0131\u015f\u0131 \u00fczerinden sert s\u00f6zlerle ele\u015ftirdi. \u00d6zellikle \u00fclkenin plans\u0131z bor\u00e7 y\u00fck\u00fc alt\u0131nda b\u0131rak\u0131ld\u0131\u011f\u0131na dikkat \u00e7eken \u0130ncirli, bor\u00e7lanmalar\u0131n yat\u0131r\u0131ma ve b\u00fcy\u00fcmeye d\u00f6n\u00fc\u015fmedi\u011fine aksine ekonomiyi daha da k\u0131r\u0131lgan hale getirdi\u011fini s\u00f6yledi. \u201cDemokratik hukuk devleti olman\u0131n omurgas\u0131 Anayasa ve hukukun","og_url":"https:\/\/kibrisdakik.com\/?p=111365","article_published_time":"2026-04-27T15:07:48+00:00","og_image":[{"url":"https:\/\/mhahabercom.teimg.com\/crop\/1280x720\/mhahaber-com\/uploads\/2026\/04\/mha-sari-beyaz-5004.png","type":"","width":"","height":""}],"author":"admin","twitter_card":"summary_large_image","twitter_misc":{"Yazan:":"admin","Tahmini okuma s\u00fcresi":"5 dakika"},"schema":{"@context":"https:\/\/schema.org","@graph":[{"@type":"Article","@id":"https:\/\/kibrisdakik.com\/?p=111365#article","isPartOf":{"@id":"https:\/\/kibrisdakik.com\/?p=111365"},"author":{"name":"admin","@id":"https:\/\/kibrisdakik.com\/#\/schema\/person\/9cd9d437bbb44f72b73ba127e06d8e79"},"headline":"\u0130NC\u0130RL\u0130: \u201cDEMOKRAT\u0130K HUKUK DEVLET\u0130 \u0130LKES\u0130NDEN VAZGE\u00c7\u0130LEMEZ\u201d","datePublished":"2026-04-27T15:07:48+00:00","mainEntityOfPage":{"@id":"https:\/\/kibrisdakik.com\/?p=111365"},"wordCount":952,"commentCount":0,"image":{"@id":"https:\/\/kibrisdakik.com\/?p=111365#primaryimage"},"thumbnailUrl":"https:\/\/kibrisdakik.com\/wp-content\/uploads\/2026\/04\/mha-sari-beyaz-5004.png","articleSection":["K\u0131br\u0131s"],"inLanguage":"tr","potentialAction":[{"@type":"CommentAction","name":"Comment","target":["https:\/\/kibrisdakik.com\/?p=111365#respond"]}]},{"@type":"WebPage","@id":"https:\/\/kibrisdakik.com\/?p=111365","url":"https:\/\/kibrisdakik.com\/?p=111365","name":"\u0130NC\u0130RL\u0130: \u201cDEMOKRAT\u0130K HUKUK DEVLET\u0130 \u0130LKES\u0130NDEN VAZGE\u00c7\u0130LEMEZ\u201d -","isPartOf":{"@id":"https:\/\/kibrisdakik.com\/#website"},"primaryImageOfPage":{"@id":"https:\/\/kibrisdakik.com\/?p=111365#primaryimage"},"image":{"@id":"https:\/\/kibrisdakik.com\/?p=111365#primaryimage"},"thumbnailUrl":"https:\/\/kibrisdakik.com\/wp-content\/uploads\/2026\/04\/mha-sari-beyaz-5004.png","datePublished":"2026-04-27T15:07:48+00:00","author":{"@id":"https:\/\/kibrisdakik.com\/#\/schema\/person\/9cd9d437bbb44f72b73ba127e06d8e79"},"breadcrumb":{"@id":"https:\/\/kibrisdakik.com\/?p=111365#breadcrumb"},"inLanguage":"tr","potentialAction":[{"@type":"ReadAction","target":["https:\/\/kibrisdakik.com\/?p=111365"]}]},{"@type":"ImageObject","inLanguage":"tr","@id":"https:\/\/kibrisdakik.com\/?p=111365#primaryimage","url":"https:\/\/kibrisdakik.com\/wp-content\/uploads\/2026\/04\/mha-sari-beyaz-5004.png","contentUrl":"https:\/\/kibrisdakik.com\/wp-content\/uploads\/2026\/04\/mha-sari-beyaz-5004.png","width":1280,"height":720},{"@type":"BreadcrumbList","@id":"https:\/\/kibrisdakik.com\/?p=111365#breadcrumb","itemListElement":[{"@type":"ListItem","position":1,"name":"Home","item":"https:\/\/kibrisdakik.com\/"},{"@type":"ListItem","position":2,"name":"\u0130NC\u0130RL\u0130: \u201cDEMOKRAT\u0130K HUKUK DEVLET\u0130 \u0130LKES\u0130NDEN VAZGE\u00c7\u0130LEMEZ\u201d"}]},{"@type":"WebSite","@id":"https:\/\/kibrisdakik.com\/#website","url":"https:\/\/kibrisdakik.com\/","name":"","description":"Tam vaktinde haber","potentialAction":[{"@type":"SearchAction","target":{"@type":"EntryPoint","urlTemplate":"https:\/\/kibrisdakik.com\/?s={search_term_string}"},"query-input":{"@type":"PropertyValueSpecification","valueRequired":true,"valueName":"search_term_string"}}],"inLanguage":"tr"},{"@type":"Person","@id":"https:\/\/kibrisdakik.com\/#\/schema\/person\/9cd9d437bbb44f72b73ba127e06d8e79","name":"admin","image":{"@type":"ImageObject","inLanguage":"tr","@id":"https:\/\/secure.gravatar.com\/avatar\/ccc17943b9d660506c869530f897617f7cb1c21a4bf30023f252596d83e1f007?s=96&d=mm&r=g","url":"https:\/\/secure.gravatar.com\/avatar\/ccc17943b9d660506c869530f897617f7cb1c21a4bf30023f252596d83e1f007?s=96&d=mm&r=g","contentUrl":"https:\/\/secure.gravatar.com\/avatar\/ccc17943b9d660506c869530f897617f7cb1c21a4bf30023f252596d83e1f007?s=96&d=mm&r=g","caption":"admin"},"sameAs":["https:\/\/kibrisdakik.com"],"url":"https:\/\/kibrisdakik.com\/?author=1"}]}},"_links":{"self":[{"href":"https:\/\/kibrisdakik.com\/index.php?rest_route=\/wp\/v2\/posts\/111365","targetHints":{"allow":["GET"]}}],"collection":[{"href":"https:\/\/kibrisdakik.com\/index.php?rest_route=\/wp\/v2\/posts"}],"about":[{"href":"https:\/\/kibrisdakik.com\/index.php?rest_route=\/wp\/v2\/types\/post"}],"author":[{"embeddable":true,"href":"https:\/\/kibrisdakik.com\/index.php?rest_route=\/wp\/v2\/users\/1"}],"replies":[{"embeddable":true,"href":"https:\/\/kibrisdakik.com\/index.php?rest_route=%2Fwp%2Fv2%2Fcomments&post=111365"}],"version-history":[{"count":0,"href":"https:\/\/kibrisdakik.com\/index.php?rest_route=\/wp\/v2\/posts\/111365\/revisions"}],"wp:featuredmedia":[{"embeddable":true,"href":"https:\/\/kibrisdakik.com\/index.php?rest_route=\/wp\/v2\/media\/111366"}],"wp:attachment":[{"href":"https:\/\/kibrisdakik.com\/index.php?rest_route=%2Fwp%2Fv2%2Fmedia&parent=111365"}],"wp:term":[{"taxonomy":"category","embeddable":true,"href":"https:\/\/kibrisdakik.com\/index.php?rest_route=%2Fwp%2Fv2%2Fcategories&post=111365"},{"taxonomy":"post_tag","embeddable":true,"href":"https:\/\/kibrisdakik.com\/index.php?rest_route=%2Fwp%2Fv2%2Ftags&post=111365"}],"curies":[{"name":"wp","href":"https:\/\/api.w.org\/{rel}","templated":true}]}}