{"id":111367,"date":"2026-04-27T18:19:16","date_gmt":"2026-04-27T15:19:16","guid":{"rendered":"https:\/\/kibrisdakik.com\/?p=111367"},"modified":"2026-04-27T18:19:16","modified_gmt":"2026-04-27T15:19:16","slug":"denktas-bedeli-vatandas-odeyecek","status":"publish","type":"post","link":"https:\/\/kibrisdakik.com\/?p=111367","title":{"rendered":"DENKTA\u015e: BEDEL\u0130 VATANDA\u015e \u00d6DEYECEK"},"content":{"rendered":"<p><\/p>\n<p>Toplumsal Adalet ve M\u00fccadele Partisi (TAM Parti) Genel Ba\u015fkan\u0131 Serdar Denkta\u015f, h\u00fck\u00fcmetin g\u00f6rev s\u00fcresinden daha uzun s\u00fcreli bor\u00e7lanmaya gitmesinin yasal olmad\u0131\u011f\u0131n\u0131 savunarak, Say\u0131\u015ftayl\u0131\u011f\u0131 g\u00f6reve \u00e7a\u011f\u0131rd\u0131.<\/p>\n<\/p>\n<p>TAM PART\u0130 Genel Ba\u015fkan\u0131 Denkta\u015f, kat\u0131ld\u0131\u011f\u0131 bir televizyon program\u0131nda kamu maliyesinin art\u0131k s\u00fcrd\u00fcr\u00fclebilir olmaktan \u00e7\u0131kt\u0131\u011f\u0131n\u0131, reforma gidilmesi gerekti\u011fini, h\u00fck\u00fbmetin kalan g\u00f6rev s\u00fcresinden uzun bor\u00e7lanmalara gitmesinin yasa d\u0131\u015f\u0131 oldu\u011funu iddia ederek, Say\u0131\u015ftayl\u0131\u011f\u0131n inceleme ba\u015flatmas\u0131 gerekti\u011fini s\u00f6yledi.<\/p>\n<\/p>\n<p>Belediyelerin ve bakanl\u0131klar\u0131n kalan g\u00f6rev s\u00fcresinden daha uzun vadeli bor\u00e7lanma yapacaksa Bakanlar Kurulu&#8217;ndan, h\u00fck\u00fbmetin ise kalan g\u00f6rev s\u00fcresinden daha uzun bor\u00e7lanma yapacaksa Meclis&#8217;ten yetki almas\u0131 gerekti\u011fini belirten Denkta\u015f, \u201cH\u00fck\u00fbmet maa\u015flar\u0131 bor\u00e7la, borcu yine bor\u00e7la kapatmaya \u00e7al\u0131\u015f\u0131yor. \u00dcstelik kendi g\u00f6rev s\u00fcresinden daha uzun s\u00fcreli bor\u00e7land\u0131\u011f\u0131 i\u00e7in meclisten de yetki almas\u0131 gerekiyor. Bunu yapmad\u0131klar\u0131n\u0131 ve bu bor\u00e7lanmalar\u0131n asl\u0131nda yasa d\u0131\u015f\u0131 oldu\u011funu d\u00fc\u015f\u00fcn\u00fcyorum. Say\u0131\u015ftay acilen incelemeli.\u201d dedi.<\/p>\n<\/p>\n<p>Mevcut h\u00fck\u00fbmetin ald\u0131\u011f\u0131 bor\u00e7lar\u0131n \u00f6demesini kendisinden sonra gelecek h\u00fck\u00fbmete b\u0131rakma d\u00fc\u015f\u00fcncesiyle hareket etti\u011fini savunan Denkta\u015f, bedeli vatanda\u015f\u0131n \u00f6deyece\u011fini s\u00f6yledi.<\/p>\n<\/p>\n<p>-Piyasa ucuzlat\u0131lmal\u0131<\/p>\n<\/p>\n<p>Piyasay\u0131 ucuzlatman\u0131n at\u0131lmas\u0131 gereken en acil ad\u0131m oldu\u011funu belirten Denkta\u015f, fonlar\u0131n geri \u00e7ekilmesinin gelir kayb\u0131 yarataca\u011f\u0131 d\u00fc\u015f\u00fcncesinin yanl\u0131\u015f oldu\u011funu, aksine bunun ciddi bir gelir art\u0131r\u0131c\u0131 \u00f6nlem oldu\u011funu s\u00f6yledi.<\/p>\n<\/p>\n<p>Denkta\u015f, \u201c\u00d6n\u00fcm\u00fczde zaten haz\u0131rlanm\u0131\u015f bir kamu maliyesi reformu yasa tasar\u0131s\u0131 var. Bunu hayata ge\u00e7irmeliyiz. Tabi bu, reformu yapabilece\u011fine dair g\u00fcven kazanm\u0131\u015f siyasilerle olur. Mevcut h\u00fck\u00fbmetin zihniyetiyle olmaz.\u201d dedi.<\/p>\n<div id=\"ad_121\" data-channel=\"121\" data-advert=\"temedya\" data-rotation=\"120\" class=\"mb-3 text-center\"><\/div>\n<div id=\"ad_121_mobile\" data-channel=\"121\" data-advert=\"temedya\" data-rotation=\"120\" class=\"mb-3 text-center\"><\/div>\n<\/p>\n<p>\u00c7\u00f6z\u00fcm\u00fc olduk\u00e7a basit olan sorunlar\u0131n, mevcut yakla\u015f\u0131mlar ve b\u00fcrokratik engeller nedeniyle \u00e7\u00f6z\u00fclemez bir hale geldi\u011fini savunan Denkta\u015f, sistemsizli\u011fin her alana yay\u0131ld\u0131\u011f\u0131n\u0131 s\u00f6yledi.<\/p>\n<\/p>\n<p>-T\u00fcrkiye&#8217;ye giri\u015fe konan engel kald\u0131r\u0131lmal\u0131<\/p>\n<\/p>\n<p>Akademisyen Prof. Dr. Senih \u00c7avu\u015fo\u011flu\u2019nun T\u00fcrkiye\u2019ye al\u0131nmamas\u0131 ve yasakl\u0131 listesine de\u011finen Denkta\u015f, hi\u00e7bir K\u0131br\u0131sl\u0131 T\u00fcrk\u2019\u00fcn T\u00fcrkiye i\u00e7in tehdit olu\u015fturmad\u0131\u011f\u0131n\u0131, K\u0131br\u0131sl\u0131 T\u00fcrk\u2019\u00fcn T\u00fcrkiye halk\u0131yla bir sorunu olamayaca\u011f\u0131n\u0131 s\u00f6yledi.<\/p>\n<\/p>\n<p>Denkta\u015f, \u201cBu uygulama vatanda\u015f\u0131m\u0131z\u0131n T\u00fcrkiye ile ili\u015fkileri a\u00e7\u0131s\u0131ndan hi\u00e7bir fayda sa\u011flamaz. Fikir ayr\u0131l\u0131klar\u0131m\u0131z var diye bu yasaklar\u0131n olmas\u0131 \u00e7ok yanl\u0131\u015ft\u0131r. Bu uygulaman\u0131n bir an \u00f6nce kald\u0131r\u0131lmas\u0131n\u0131 \u00fcmit ederiz.\u201d ifadelerini kulland\u0131.<\/p>\n<\/p>\n<div class=\"article-source py-3 small \">\n                <\/div>\n","protected":false},"excerpt":{"rendered":"<p>Toplumsal Adalet ve M\u00fccadele Partisi (TAM Parti) Genel Ba\u015fkan\u0131 Serdar Denkta\u015f, h\u00fck\u00fcmetin g\u00f6rev s\u00fcresinden daha uzun s\u00fcreli bor\u00e7lanmaya gitmesinin yasal olmad\u0131\u011f\u0131n\u0131 savunarak, Say\u0131\u015ftayl\u0131\u011f\u0131 g\u00f6reve \u00e7a\u011f\u0131rd\u0131. TAM PART\u0130 Genel Ba\u015fkan\u0131 Denkta\u015f, kat\u0131ld\u0131\u011f\u0131 bir televizyon program\u0131nda kamu maliyesinin art\u0131k s\u00fcrd\u00fcr\u00fclebilir olmaktan \u00e7\u0131kt\u0131\u011f\u0131n\u0131, reforma gidilmesi gerekti\u011fini, h\u00fck\u00fbmetin kalan g\u00f6rev s\u00fcresinden uzun bor\u00e7lanmalara gitmesinin yasa d\u0131\u015f\u0131 oldu\u011funu iddia ederek,<\/p>\n","protected":false},"author":1,"featured_media":111368,"comment_status":"open","ping_status":"open","sticky":false,"template":"","format":"standard","meta":{"footnotes":""},"categories":[81],"tags":[],"class_list":["post-111367","post","type-post","status-publish","format-standard","has-post-thumbnail","hentry","category-kibris"],"yoast_head":"<!-- This site is optimized with the Yoast SEO plugin v27.4 - https:\/\/yoast.com\/product\/yoast-seo-wordpress\/ -->\n<title>DENKTA\u015e: BEDEL\u0130 VATANDA\u015e \u00d6DEYECEK -<\/title>\n<meta name=\"robots\" content=\"index, follow, max-snippet:-1, max-image-preview:large, max-video-preview:-1\" \/>\n<link rel=\"canonical\" href=\"https:\/\/kibrisdakik.com\/?p=111367\" \/>\n<meta property=\"og:locale\" content=\"tr_TR\" \/>\n<meta property=\"og:type\" content=\"article\" \/>\n<meta property=\"og:title\" content=\"DENKTA\u015e: BEDEL\u0130 VATANDA\u015e \u00d6DEYECEK -\" \/>\n<meta property=\"og:description\" content=\"Toplumsal Adalet ve M\u00fccadele Partisi (TAM Parti) Genel Ba\u015fkan\u0131 Serdar Denkta\u015f, h\u00fck\u00fcmetin g\u00f6rev s\u00fcresinden daha uzun s\u00fcreli bor\u00e7lanmaya gitmesinin yasal olmad\u0131\u011f\u0131n\u0131 savunarak, Say\u0131\u015ftayl\u0131\u011f\u0131 g\u00f6reve \u00e7a\u011f\u0131rd\u0131. TAM PART\u0130 Genel Ba\u015fkan\u0131 Denkta\u015f, kat\u0131ld\u0131\u011f\u0131 bir televizyon program\u0131nda kamu maliyesinin art\u0131k s\u00fcrd\u00fcr\u00fclebilir olmaktan \u00e7\u0131kt\u0131\u011f\u0131n\u0131, reforma gidilmesi gerekti\u011fini, h\u00fck\u00fbmetin kalan g\u00f6rev s\u00fcresinden uzun bor\u00e7lanmalara gitmesinin yasa d\u0131\u015f\u0131 oldu\u011funu iddia ederek,\" \/>\n<meta property=\"og:url\" content=\"https:\/\/kibrisdakik.com\/?p=111367\" \/>\n<meta property=\"article:published_time\" content=\"2026-04-27T15:19:16+00:00\" \/>\n<meta property=\"og:image\" content=\"https:\/\/mhahabercom.teimg.com\/crop\/1280x720\/mhahaber-com\/uploads\/2026\/04\/mha-sari-beyaz-5005.png\" \/>\n<meta name=\"author\" content=\"admin\" \/>\n<meta name=\"twitter:card\" content=\"summary_large_image\" \/>\n<meta name=\"twitter:label1\" content=\"Yazan:\" \/>\n\t<meta name=\"twitter:data1\" content=\"admin\" \/>\n\t<meta name=\"twitter:label2\" content=\"Tahmini okuma s\u00fcresi\" \/>\n\t<meta name=\"twitter:data2\" content=\"2 dakika\" \/>\n<script type=\"application\/ld+json\" class=\"yoast-schema-graph\">{\"@context\":\"https:\\\/\\\/schema.org\",\"@graph\":[{\"@type\":\"Article\",\"@id\":\"https:\\\/\\\/kibrisdakik.com\\\/?p=111367#article\",\"isPartOf\":{\"@id\":\"https:\\\/\\\/kibrisdakik.com\\\/?p=111367\"},\"author\":{\"name\":\"admin\",\"@id\":\"https:\\\/\\\/kibrisdakik.com\\\/#\\\/schema\\\/person\\\/9cd9d437bbb44f72b73ba127e06d8e79\"},\"headline\":\"DENKTA\u015e: BEDEL\u0130 VATANDA\u015e \u00d6DEYECEK\",\"datePublished\":\"2026-04-27T15:19:16+00:00\",\"mainEntityOfPage\":{\"@id\":\"https:\\\/\\\/kibrisdakik.com\\\/?p=111367\"},\"wordCount\":444,\"commentCount\":0,\"image\":{\"@id\":\"https:\\\/\\\/kibrisdakik.com\\\/?p=111367#primaryimage\"},\"thumbnailUrl\":\"https:\\\/\\\/kibrisdakik.com\\\/wp-content\\\/uploads\\\/2026\\\/04\\\/mha-sari-beyaz-5005.png\",\"articleSection\":[\"K\u0131br\u0131s\"],\"inLanguage\":\"tr\",\"potentialAction\":[{\"@type\":\"CommentAction\",\"name\":\"Comment\",\"target\":[\"https:\\\/\\\/kibrisdakik.com\\\/?p=111367#respond\"]}]},{\"@type\":\"WebPage\",\"@id\":\"https:\\\/\\\/kibrisdakik.com\\\/?p=111367\",\"url\":\"https:\\\/\\\/kibrisdakik.com\\\/?p=111367\",\"name\":\"DENKTA\u015e: BEDEL\u0130 VATANDA\u015e \u00d6DEYECEK -\",\"isPartOf\":{\"@id\":\"https:\\\/\\\/kibrisdakik.com\\\/#website\"},\"primaryImageOfPage\":{\"@id\":\"https:\\\/\\\/kibrisdakik.com\\\/?p=111367#primaryimage\"},\"image\":{\"@id\":\"https:\\\/\\\/kibrisdakik.com\\\/?p=111367#primaryimage\"},\"thumbnailUrl\":\"https:\\\/\\\/kibrisdakik.com\\\/wp-content\\\/uploads\\\/2026\\\/04\\\/mha-sari-beyaz-5005.png\",\"datePublished\":\"2026-04-27T15:19:16+00:00\",\"author\":{\"@id\":\"https:\\\/\\\/kibrisdakik.com\\\/#\\\/schema\\\/person\\\/9cd9d437bbb44f72b73ba127e06d8e79\"},\"breadcrumb\":{\"@id\":\"https:\\\/\\\/kibrisdakik.com\\\/?p=111367#breadcrumb\"},\"inLanguage\":\"tr\",\"potentialAction\":[{\"@type\":\"ReadAction\",\"target\":[\"https:\\\/\\\/kibrisdakik.com\\\/?p=111367\"]}]},{\"@type\":\"ImageObject\",\"inLanguage\":\"tr\",\"@id\":\"https:\\\/\\\/kibrisdakik.com\\\/?p=111367#primaryimage\",\"url\":\"https:\\\/\\\/kibrisdakik.com\\\/wp-content\\\/uploads\\\/2026\\\/04\\\/mha-sari-beyaz-5005.png\",\"contentUrl\":\"https:\\\/\\\/kibrisdakik.com\\\/wp-content\\\/uploads\\\/2026\\\/04\\\/mha-sari-beyaz-5005.png\",\"width\":1280,\"height\":720},{\"@type\":\"BreadcrumbList\",\"@id\":\"https:\\\/\\\/kibrisdakik.com\\\/?p=111367#breadcrumb\",\"itemListElement\":[{\"@type\":\"ListItem\",\"position\":1,\"name\":\"Home\",\"item\":\"https:\\\/\\\/kibrisdakik.com\\\/\"},{\"@type\":\"ListItem\",\"position\":2,\"name\":\"DENKTA\u015e: BEDEL\u0130 VATANDA\u015e \u00d6DEYECEK\"}]},{\"@type\":\"WebSite\",\"@id\":\"https:\\\/\\\/kibrisdakik.com\\\/#website\",\"url\":\"https:\\\/\\\/kibrisdakik.com\\\/\",\"name\":\"\",\"description\":\"Tam vaktinde haber\",\"potentialAction\":[{\"@type\":\"SearchAction\",\"target\":{\"@type\":\"EntryPoint\",\"urlTemplate\":\"https:\\\/\\\/kibrisdakik.com\\\/?s={search_term_string}\"},\"query-input\":{\"@type\":\"PropertyValueSpecification\",\"valueRequired\":true,\"valueName\":\"search_term_string\"}}],\"inLanguage\":\"tr\"},{\"@type\":\"Person\",\"@id\":\"https:\\\/\\\/kibrisdakik.com\\\/#\\\/schema\\\/person\\\/9cd9d437bbb44f72b73ba127e06d8e79\",\"name\":\"admin\",\"image\":{\"@type\":\"ImageObject\",\"inLanguage\":\"tr\",\"@id\":\"https:\\\/\\\/secure.gravatar.com\\\/avatar\\\/ccc17943b9d660506c869530f897617f7cb1c21a4bf30023f252596d83e1f007?s=96&d=mm&r=g\",\"url\":\"https:\\\/\\\/secure.gravatar.com\\\/avatar\\\/ccc17943b9d660506c869530f897617f7cb1c21a4bf30023f252596d83e1f007?s=96&d=mm&r=g\",\"contentUrl\":\"https:\\\/\\\/secure.gravatar.com\\\/avatar\\\/ccc17943b9d660506c869530f897617f7cb1c21a4bf30023f252596d83e1f007?s=96&d=mm&r=g\",\"caption\":\"admin\"},\"sameAs\":[\"https:\\\/\\\/kibrisdakik.com\"],\"url\":\"https:\\\/\\\/kibrisdakik.com\\\/?author=1\"}]}<\/script>\n<!-- \/ Yoast SEO plugin. -->","yoast_head_json":{"title":"DENKTA\u015e: BEDEL\u0130 VATANDA\u015e \u00d6DEYECEK -","robots":{"index":"index","follow":"follow","max-snippet":"max-snippet:-1","max-image-preview":"max-image-preview:large","max-video-preview":"max-video-preview:-1"},"canonical":"https:\/\/kibrisdakik.com\/?p=111367","og_locale":"tr_TR","og_type":"article","og_title":"DENKTA\u015e: BEDEL\u0130 VATANDA\u015e \u00d6DEYECEK -","og_description":"Toplumsal Adalet ve M\u00fccadele Partisi (TAM Parti) Genel Ba\u015fkan\u0131 Serdar Denkta\u015f, h\u00fck\u00fcmetin g\u00f6rev s\u00fcresinden daha uzun s\u00fcreli bor\u00e7lanmaya gitmesinin yasal olmad\u0131\u011f\u0131n\u0131 savunarak, Say\u0131\u015ftayl\u0131\u011f\u0131 g\u00f6reve \u00e7a\u011f\u0131rd\u0131. TAM PART\u0130 Genel Ba\u015fkan\u0131 Denkta\u015f, kat\u0131ld\u0131\u011f\u0131 bir televizyon program\u0131nda kamu maliyesinin art\u0131k s\u00fcrd\u00fcr\u00fclebilir olmaktan \u00e7\u0131kt\u0131\u011f\u0131n\u0131, reforma gidilmesi gerekti\u011fini, h\u00fck\u00fbmetin kalan g\u00f6rev s\u00fcresinden uzun bor\u00e7lanmalara gitmesinin yasa d\u0131\u015f\u0131 oldu\u011funu iddia ederek,","og_url":"https:\/\/kibrisdakik.com\/?p=111367","article_published_time":"2026-04-27T15:19:16+00:00","og_image":[{"url":"https:\/\/mhahabercom.teimg.com\/crop\/1280x720\/mhahaber-com\/uploads\/2026\/04\/mha-sari-beyaz-5005.png","type":"","width":"","height":""}],"author":"admin","twitter_card":"summary_large_image","twitter_misc":{"Yazan:":"admin","Tahmini okuma s\u00fcresi":"2 dakika"},"schema":{"@context":"https:\/\/schema.org","@graph":[{"@type":"Article","@id":"https:\/\/kibrisdakik.com\/?p=111367#article","isPartOf":{"@id":"https:\/\/kibrisdakik.com\/?p=111367"},"author":{"name":"admin","@id":"https:\/\/kibrisdakik.com\/#\/schema\/person\/9cd9d437bbb44f72b73ba127e06d8e79"},"headline":"DENKTA\u015e: BEDEL\u0130 VATANDA\u015e \u00d6DEYECEK","datePublished":"2026-04-27T15:19:16+00:00","mainEntityOfPage":{"@id":"https:\/\/kibrisdakik.com\/?p=111367"},"wordCount":444,"commentCount":0,"image":{"@id":"https:\/\/kibrisdakik.com\/?p=111367#primaryimage"},"thumbnailUrl":"https:\/\/kibrisdakik.com\/wp-content\/uploads\/2026\/04\/mha-sari-beyaz-5005.png","articleSection":["K\u0131br\u0131s"],"inLanguage":"tr","potentialAction":[{"@type":"CommentAction","name":"Comment","target":["https:\/\/kibrisdakik.com\/?p=111367#respond"]}]},{"@type":"WebPage","@id":"https:\/\/kibrisdakik.com\/?p=111367","url":"https:\/\/kibrisdakik.com\/?p=111367","name":"DENKTA\u015e: BEDEL\u0130 VATANDA\u015e \u00d6DEYECEK -","isPartOf":{"@id":"https:\/\/kibrisdakik.com\/#website"},"primaryImageOfPage":{"@id":"https:\/\/kibrisdakik.com\/?p=111367#primaryimage"},"image":{"@id":"https:\/\/kibrisdakik.com\/?p=111367#primaryimage"},"thumbnailUrl":"https:\/\/kibrisdakik.com\/wp-content\/uploads\/2026\/04\/mha-sari-beyaz-5005.png","datePublished":"2026-04-27T15:19:16+00:00","author":{"@id":"https:\/\/kibrisdakik.com\/#\/schema\/person\/9cd9d437bbb44f72b73ba127e06d8e79"},"breadcrumb":{"@id":"https:\/\/kibrisdakik.com\/?p=111367#breadcrumb"},"inLanguage":"tr","potentialAction":[{"@type":"ReadAction","target":["https:\/\/kibrisdakik.com\/?p=111367"]}]},{"@type":"ImageObject","inLanguage":"tr","@id":"https:\/\/kibrisdakik.com\/?p=111367#primaryimage","url":"https:\/\/kibrisdakik.com\/wp-content\/uploads\/2026\/04\/mha-sari-beyaz-5005.png","contentUrl":"https:\/\/kibrisdakik.com\/wp-content\/uploads\/2026\/04\/mha-sari-beyaz-5005.png","width":1280,"height":720},{"@type":"BreadcrumbList","@id":"https:\/\/kibrisdakik.com\/?p=111367#breadcrumb","itemListElement":[{"@type":"ListItem","position":1,"name":"Home","item":"https:\/\/kibrisdakik.com\/"},{"@type":"ListItem","position":2,"name":"DENKTA\u015e: BEDEL\u0130 VATANDA\u015e \u00d6DEYECEK"}]},{"@type":"WebSite","@id":"https:\/\/kibrisdakik.com\/#website","url":"https:\/\/kibrisdakik.com\/","name":"","description":"Tam vaktinde haber","potentialAction":[{"@type":"SearchAction","target":{"@type":"EntryPoint","urlTemplate":"https:\/\/kibrisdakik.com\/?s={search_term_string}"},"query-input":{"@type":"PropertyValueSpecification","valueRequired":true,"valueName":"search_term_string"}}],"inLanguage":"tr"},{"@type":"Person","@id":"https:\/\/kibrisdakik.com\/#\/schema\/person\/9cd9d437bbb44f72b73ba127e06d8e79","name":"admin","image":{"@type":"ImageObject","inLanguage":"tr","@id":"https:\/\/secure.gravatar.com\/avatar\/ccc17943b9d660506c869530f897617f7cb1c21a4bf30023f252596d83e1f007?s=96&d=mm&r=g","url":"https:\/\/secure.gravatar.com\/avatar\/ccc17943b9d660506c869530f897617f7cb1c21a4bf30023f252596d83e1f007?s=96&d=mm&r=g","contentUrl":"https:\/\/secure.gravatar.com\/avatar\/ccc17943b9d660506c869530f897617f7cb1c21a4bf30023f252596d83e1f007?s=96&d=mm&r=g","caption":"admin"},"sameAs":["https:\/\/kibrisdakik.com"],"url":"https:\/\/kibrisdakik.com\/?author=1"}]}},"_links":{"self":[{"href":"https:\/\/kibrisdakik.com\/index.php?rest_route=\/wp\/v2\/posts\/111367","targetHints":{"allow":["GET"]}}],"collection":[{"href":"https:\/\/kibrisdakik.com\/index.php?rest_route=\/wp\/v2\/posts"}],"about":[{"href":"https:\/\/kibrisdakik.com\/index.php?rest_route=\/wp\/v2\/types\/post"}],"author":[{"embeddable":true,"href":"https:\/\/kibrisdakik.com\/index.php?rest_route=\/wp\/v2\/users\/1"}],"replies":[{"embeddable":true,"href":"https:\/\/kibrisdakik.com\/index.php?rest_route=%2Fwp%2Fv2%2Fcomments&post=111367"}],"version-history":[{"count":0,"href":"https:\/\/kibrisdakik.com\/index.php?rest_route=\/wp\/v2\/posts\/111367\/revisions"}],"wp:featuredmedia":[{"embeddable":true,"href":"https:\/\/kibrisdakik.com\/index.php?rest_route=\/wp\/v2\/media\/111368"}],"wp:attachment":[{"href":"https:\/\/kibrisdakik.com\/index.php?rest_route=%2Fwp%2Fv2%2Fmedia&parent=111367"}],"wp:term":[{"taxonomy":"category","embeddable":true,"href":"https:\/\/kibrisdakik.com\/index.php?rest_route=%2Fwp%2Fv2%2Fcategories&post=111367"},{"taxonomy":"post_tag","embeddable":true,"href":"https:\/\/kibrisdakik.com\/index.php?rest_route=%2Fwp%2Fv2%2Ftags&post=111367"}],"curies":[{"name":"wp","href":"https:\/\/api.w.org\/{rel}","templated":true}]}}