{"id":11137,"date":"2023-07-26T12:56:56","date_gmt":"2023-07-26T12:56:56","guid":{"rendered":"https:\/\/kibrisdakik.com\/index.php\/2023\/07\/26\/serdarlida-yarin-ses-ve-internet-hizmetlerinde-kesinti-olacak\/"},"modified":"2023-07-26T12:56:56","modified_gmt":"2023-07-26T12:56:56","slug":"serdarlida-yarin-ses-ve-internet-hizmetlerinde-kesinti-olacak","status":"publish","type":"post","link":"https:\/\/kibrisdakik.com\/?p=11137","title":{"rendered":"Serdarl\u0131\u2019da yar\u0131n ses ve internet hizmetlerinde kesinti olacak"},"content":{"rendered":"<p><\/p>\n<div>\n<div class=\"mariselle-image-container center\">\n                <img width=\"850\" height=\"478\" class=\"lazy-image\" alt=\"\" decoding=\"async\" loading=\"lazy\" sizes=\"auto, (max-width: 850px) 100vw, 850px\" src=\"https:\/\/brtk.net\/wp-content\/uploads\/2023\/07\/26\/48-saat-icerisinde-internet-kesintisi-1.jpg?ver=eebb493c5070cbda3b7ebeef22f85bdb\" srcset=\"https:\/\/brtk.net\/wp-content\/uploads\/2023\/07\/26\/48-saat-icerisinde-internet-kesintisi-1.jpg?ver=eebb493c5070cbda3b7ebeef22f85bdb 850w, https:\/\/brtk.net\/wp-content\/uploads\/2023\/07\/26\/48-saat-icerisinde-internet-kesintisi-1-300x169.jpg?ver=eebb493c5070cbda3b7ebeef22f85bdb 300w, https:\/\/brtk.net\/wp-content\/uploads\/2023\/07\/26\/48-saat-icerisinde-internet-kesintisi-1-768x432.jpg?ver=eebb493c5070cbda3b7ebeef22f85bdb 768w\"\/>                            <\/div>\n<p>Telekom\u00fcnikasyon Dairesi, yar\u0131n 09.00 \u2013 11.00 saatleri aras\u0131nda Serdarl\u0131 b\u00f6lgesinde ses ve internet hizmetlerinde kesinti olaca\u011f\u0131n\u0131 duyurdu.<\/p>\n<p>Telekom\u00fcnikasyon Dairesi M\u00fcd\u00fcrl\u00fc\u011f\u00fc\u2019nden yap\u0131lan duyuruda, \u201c27 Temmuz 2023 tarihinde saat 09.00 \u2013 11.00 aras\u0131nda Er\u00fclk\u00fc S\u00fcpermarket b\u00f6lgesinde fiber optik kablo yenileme \u00e7al\u0131\u015fmas\u0131 yap\u0131lacakt\u0131r. Yap\u0131lacak bu \u00e7al\u0131\u015fmadan dolay\u0131 Serdarl\u0131 b\u00f6lgesinde ses ve internet hizmetlerinde kesinti olacakt\u0131r. Yap\u0131lacak olan kesintiden dolay\u0131 abonelerimizden anlay\u0131\u015f bekler gerekli tedbirlerin al\u0131nmas\u0131n\u0131 \u00f6nemle rica ederiz\u201d denildi.<\/p>\n<\/p><\/div>\n<p><script async\n                    defer\n                    crossorigin=\"anonymous\"\n                    src=\"https:\/\/connect.facebook.net\/tr_TR\/sdk.js#xfbml=1&#038;version=v3.3\"\n            ><\/script><\/p>\n","protected":false},"excerpt":{"rendered":"<p>Telekom\u00fcnikasyon Dairesi, yar\u0131n 09.00 \u2013 11.00 saatleri aras\u0131nda Serdarl\u0131 b\u00f6lgesinde ses ve internet hizmetlerinde kesinti olaca\u011f\u0131n\u0131 duyurdu. Telekom\u00fcnikasyon Dairesi M\u00fcd\u00fcrl\u00fc\u011f\u00fc\u2019nden yap\u0131lan duyuruda, \u201c27 Temmuz 2023 tarihinde saat 09.00 \u2013 11.00 aras\u0131nda Er\u00fclk\u00fc S\u00fcpermarket b\u00f6lgesinde fiber optik kablo yenileme \u00e7al\u0131\u015fmas\u0131 yap\u0131lacakt\u0131r. Yap\u0131lacak bu \u00e7al\u0131\u015fmadan dolay\u0131 Serdarl\u0131 b\u00f6lgesinde ses ve internet hizmetlerinde kesinti olacakt\u0131r. Yap\u0131lacak olan kesintiden<\/p>\n","protected":false},"author":1,"featured_media":11138,"comment_status":"open","ping_status":"open","sticky":false,"template":"","format":"standard","meta":{"footnotes":""},"categories":[1],"tags":[],"class_list":["post-11137","post","type-post","status-publish","format-standard","has-post-thumbnail","hentry","category-gundem"],"yoast_head":"<!-- This site is optimized with the Yoast SEO plugin v27.5 - https:\/\/yoast.com\/product\/yoast-seo-wordpress\/ -->\n<title>Serdarl\u0131\u2019da yar\u0131n ses ve internet hizmetlerinde kesinti olacak -<\/title>\n<meta name=\"robots\" content=\"index, follow, max-snippet:-1, max-image-preview:large, max-video-preview:-1\" \/>\n<link rel=\"canonical\" href=\"https:\/\/kibrisdakik.com\/?p=11137\" \/>\n<meta property=\"og:locale\" content=\"tr_TR\" \/>\n<meta property=\"og:type\" content=\"article\" \/>\n<meta property=\"og:title\" content=\"Serdarl\u0131\u2019da yar\u0131n ses ve internet hizmetlerinde kesinti olacak -\" \/>\n<meta property=\"og:description\" content=\"Telekom\u00fcnikasyon Dairesi, yar\u0131n 09.00 \u2013 11.00 saatleri aras\u0131nda Serdarl\u0131 b\u00f6lgesinde ses ve internet hizmetlerinde kesinti olaca\u011f\u0131n\u0131 duyurdu. Telekom\u00fcnikasyon Dairesi M\u00fcd\u00fcrl\u00fc\u011f\u00fc\u2019nden yap\u0131lan duyuruda, \u201c27 Temmuz 2023 tarihinde saat 09.00 \u2013 11.00 aras\u0131nda Er\u00fclk\u00fc S\u00fcpermarket b\u00f6lgesinde fiber optik kablo yenileme \u00e7al\u0131\u015fmas\u0131 yap\u0131lacakt\u0131r. Yap\u0131lacak bu \u00e7al\u0131\u015fmadan dolay\u0131 Serdarl\u0131 b\u00f6lgesinde ses ve internet hizmetlerinde kesinti olacakt\u0131r. Yap\u0131lacak olan kesintiden\" \/>\n<meta property=\"og:url\" content=\"https:\/\/kibrisdakik.com\/?p=11137\" \/>\n<meta property=\"article:published_time\" content=\"2023-07-26T12:56:56+00:00\" \/>\n<meta property=\"og:image\" content=\"https:\/\/kibrisdakik.com\/wp-content\/uploads\/2023\/07\/48-saat-icerisinde-internet-kesintisi-1-740x420.jpg\" \/>\n\t<meta property=\"og:image:width\" content=\"850\" \/>\n\t<meta property=\"og:image:height\" content=\"478\" \/>\n\t<meta property=\"og:image:type\" content=\"image\/jpeg\" \/>\n<meta name=\"author\" content=\"admin\" \/>\n<meta name=\"twitter:card\" content=\"summary_large_image\" \/>\n<meta name=\"twitter:label1\" content=\"Yazan:\" \/>\n\t<meta name=\"twitter:data1\" content=\"admin\" \/>\n<script type=\"application\/ld+json\" class=\"yoast-schema-graph\">{\"@context\":\"https:\\\/\\\/schema.org\",\"@graph\":[{\"@type\":\"Article\",\"@id\":\"https:\\\/\\\/kibrisdakik.com\\\/?p=11137#article\",\"isPartOf\":{\"@id\":\"https:\\\/\\\/kibrisdakik.com\\\/?p=11137\"},\"author\":{\"name\":\"admin\",\"@id\":\"https:\\\/\\\/kibrisdakik.com\\\/#\\\/schema\\\/person\\\/9cd9d437bbb44f72b73ba127e06d8e79\"},\"headline\":\"Serdarl\u0131\u2019da yar\u0131n ses ve internet hizmetlerinde kesinti olacak\",\"datePublished\":\"2023-07-26T12:56:56+00:00\",\"mainEntityOfPage\":{\"@id\":\"https:\\\/\\\/kibrisdakik.com\\\/?p=11137\"},\"wordCount\":92,\"commentCount\":0,\"image\":{\"@id\":\"https:\\\/\\\/kibrisdakik.com\\\/?p=11137#primaryimage\"},\"thumbnailUrl\":\"https:\\\/\\\/kibrisdakik.com\\\/wp-content\\\/uploads\\\/2023\\\/07\\\/48-saat-icerisinde-internet-kesintisi-1-740x420.jpg\",\"articleSection\":[\"G\u00fcndem\"],\"inLanguage\":\"tr\",\"potentialAction\":[{\"@type\":\"CommentAction\",\"name\":\"Comment\",\"target\":[\"https:\\\/\\\/kibrisdakik.com\\\/?p=11137#respond\"]}]},{\"@type\":\"WebPage\",\"@id\":\"https:\\\/\\\/kibrisdakik.com\\\/?p=11137\",\"url\":\"https:\\\/\\\/kibrisdakik.com\\\/?p=11137\",\"name\":\"Serdarl\u0131\u2019da yar\u0131n ses ve internet hizmetlerinde kesinti olacak -\",\"isPartOf\":{\"@id\":\"https:\\\/\\\/kibrisdakik.com\\\/#website\"},\"primaryImageOfPage\":{\"@id\":\"https:\\\/\\\/kibrisdakik.com\\\/?p=11137#primaryimage\"},\"image\":{\"@id\":\"https:\\\/\\\/kibrisdakik.com\\\/?p=11137#primaryimage\"},\"thumbnailUrl\":\"https:\\\/\\\/kibrisdakik.com\\\/wp-content\\\/uploads\\\/2023\\\/07\\\/48-saat-icerisinde-internet-kesintisi-1-740x420.jpg\",\"datePublished\":\"2023-07-26T12:56:56+00:00\",\"author\":{\"@id\":\"https:\\\/\\\/kibrisdakik.com\\\/#\\\/schema\\\/person\\\/9cd9d437bbb44f72b73ba127e06d8e79\"},\"breadcrumb\":{\"@id\":\"https:\\\/\\\/kibrisdakik.com\\\/?p=11137#breadcrumb\"},\"inLanguage\":\"tr\",\"potentialAction\":[{\"@type\":\"ReadAction\",\"target\":[\"https:\\\/\\\/kibrisdakik.com\\\/?p=11137\"]}]},{\"@type\":\"ImageObject\",\"inLanguage\":\"tr\",\"@id\":\"https:\\\/\\\/kibrisdakik.com\\\/?p=11137#primaryimage\",\"url\":\"https:\\\/\\\/kibrisdakik.com\\\/wp-content\\\/uploads\\\/2023\\\/07\\\/48-saat-icerisinde-internet-kesintisi-1-740x420.jpg\",\"contentUrl\":\"https:\\\/\\\/kibrisdakik.com\\\/wp-content\\\/uploads\\\/2023\\\/07\\\/48-saat-icerisinde-internet-kesintisi-1-740x420.jpg\",\"width\":850,\"height\":478},{\"@type\":\"BreadcrumbList\",\"@id\":\"https:\\\/\\\/kibrisdakik.com\\\/?p=11137#breadcrumb\",\"itemListElement\":[{\"@type\":\"ListItem\",\"position\":1,\"name\":\"Home\",\"item\":\"https:\\\/\\\/kibrisdakik.com\\\/\"},{\"@type\":\"ListItem\",\"position\":2,\"name\":\"Serdarl\u0131\u2019da yar\u0131n ses ve internet hizmetlerinde kesinti olacak\"}]},{\"@type\":\"WebSite\",\"@id\":\"https:\\\/\\\/kibrisdakik.com\\\/#website\",\"url\":\"https:\\\/\\\/kibrisdakik.com\\\/\",\"name\":\"\",\"description\":\"Tam vaktinde haber\",\"potentialAction\":[{\"@type\":\"SearchAction\",\"target\":{\"@type\":\"EntryPoint\",\"urlTemplate\":\"https:\\\/\\\/kibrisdakik.com\\\/?s={search_term_string}\"},\"query-input\":{\"@type\":\"PropertyValueSpecification\",\"valueRequired\":true,\"valueName\":\"search_term_string\"}}],\"inLanguage\":\"tr\"},{\"@type\":\"Person\",\"@id\":\"https:\\\/\\\/kibrisdakik.com\\\/#\\\/schema\\\/person\\\/9cd9d437bbb44f72b73ba127e06d8e79\",\"name\":\"admin\",\"image\":{\"@type\":\"ImageObject\",\"inLanguage\":\"tr\",\"@id\":\"https:\\\/\\\/secure.gravatar.com\\\/avatar\\\/ccc17943b9d660506c869530f897617f7cb1c21a4bf30023f252596d83e1f007?s=96&d=mm&r=g\",\"url\":\"https:\\\/\\\/secure.gravatar.com\\\/avatar\\\/ccc17943b9d660506c869530f897617f7cb1c21a4bf30023f252596d83e1f007?s=96&d=mm&r=g\",\"contentUrl\":\"https:\\\/\\\/secure.gravatar.com\\\/avatar\\\/ccc17943b9d660506c869530f897617f7cb1c21a4bf30023f252596d83e1f007?s=96&d=mm&r=g\",\"caption\":\"admin\"},\"sameAs\":[\"https:\\\/\\\/kibrisdakik.com\"],\"url\":\"https:\\\/\\\/kibrisdakik.com\\\/?author=1\"}]}<\/script>\n<!-- \/ Yoast SEO plugin. -->","yoast_head_json":{"title":"Serdarl\u0131\u2019da yar\u0131n ses ve internet hizmetlerinde kesinti olacak -","robots":{"index":"index","follow":"follow","max-snippet":"max-snippet:-1","max-image-preview":"max-image-preview:large","max-video-preview":"max-video-preview:-1"},"canonical":"https:\/\/kibrisdakik.com\/?p=11137","og_locale":"tr_TR","og_type":"article","og_title":"Serdarl\u0131\u2019da yar\u0131n ses ve internet hizmetlerinde kesinti olacak -","og_description":"Telekom\u00fcnikasyon Dairesi, yar\u0131n 09.00 \u2013 11.00 saatleri aras\u0131nda Serdarl\u0131 b\u00f6lgesinde ses ve internet hizmetlerinde kesinti olaca\u011f\u0131n\u0131 duyurdu. Telekom\u00fcnikasyon Dairesi M\u00fcd\u00fcrl\u00fc\u011f\u00fc\u2019nden yap\u0131lan duyuruda, \u201c27 Temmuz 2023 tarihinde saat 09.00 \u2013 11.00 aras\u0131nda Er\u00fclk\u00fc S\u00fcpermarket b\u00f6lgesinde fiber optik kablo yenileme \u00e7al\u0131\u015fmas\u0131 yap\u0131lacakt\u0131r. Yap\u0131lacak bu \u00e7al\u0131\u015fmadan dolay\u0131 Serdarl\u0131 b\u00f6lgesinde ses ve internet hizmetlerinde kesinti olacakt\u0131r. Yap\u0131lacak olan kesintiden","og_url":"https:\/\/kibrisdakik.com\/?p=11137","article_published_time":"2023-07-26T12:56:56+00:00","og_image":[{"width":850,"height":478,"url":"https:\/\/kibrisdakik.com\/wp-content\/uploads\/2023\/07\/48-saat-icerisinde-internet-kesintisi-1-740x420.jpg","type":"image\/jpeg"}],"author":"admin","twitter_card":"summary_large_image","twitter_misc":{"Yazan:":"admin"},"schema":{"@context":"https:\/\/schema.org","@graph":[{"@type":"Article","@id":"https:\/\/kibrisdakik.com\/?p=11137#article","isPartOf":{"@id":"https:\/\/kibrisdakik.com\/?p=11137"},"author":{"name":"admin","@id":"https:\/\/kibrisdakik.com\/#\/schema\/person\/9cd9d437bbb44f72b73ba127e06d8e79"},"headline":"Serdarl\u0131\u2019da yar\u0131n ses ve internet hizmetlerinde kesinti olacak","datePublished":"2023-07-26T12:56:56+00:00","mainEntityOfPage":{"@id":"https:\/\/kibrisdakik.com\/?p=11137"},"wordCount":92,"commentCount":0,"image":{"@id":"https:\/\/kibrisdakik.com\/?p=11137#primaryimage"},"thumbnailUrl":"https:\/\/kibrisdakik.com\/wp-content\/uploads\/2023\/07\/48-saat-icerisinde-internet-kesintisi-1-740x420.jpg","articleSection":["G\u00fcndem"],"inLanguage":"tr","potentialAction":[{"@type":"CommentAction","name":"Comment","target":["https:\/\/kibrisdakik.com\/?p=11137#respond"]}]},{"@type":"WebPage","@id":"https:\/\/kibrisdakik.com\/?p=11137","url":"https:\/\/kibrisdakik.com\/?p=11137","name":"Serdarl\u0131\u2019da yar\u0131n ses ve internet hizmetlerinde kesinti olacak -","isPartOf":{"@id":"https:\/\/kibrisdakik.com\/#website"},"primaryImageOfPage":{"@id":"https:\/\/kibrisdakik.com\/?p=11137#primaryimage"},"image":{"@id":"https:\/\/kibrisdakik.com\/?p=11137#primaryimage"},"thumbnailUrl":"https:\/\/kibrisdakik.com\/wp-content\/uploads\/2023\/07\/48-saat-icerisinde-internet-kesintisi-1-740x420.jpg","datePublished":"2023-07-26T12:56:56+00:00","author":{"@id":"https:\/\/kibrisdakik.com\/#\/schema\/person\/9cd9d437bbb44f72b73ba127e06d8e79"},"breadcrumb":{"@id":"https:\/\/kibrisdakik.com\/?p=11137#breadcrumb"},"inLanguage":"tr","potentialAction":[{"@type":"ReadAction","target":["https:\/\/kibrisdakik.com\/?p=11137"]}]},{"@type":"ImageObject","inLanguage":"tr","@id":"https:\/\/kibrisdakik.com\/?p=11137#primaryimage","url":"https:\/\/kibrisdakik.com\/wp-content\/uploads\/2023\/07\/48-saat-icerisinde-internet-kesintisi-1-740x420.jpg","contentUrl":"https:\/\/kibrisdakik.com\/wp-content\/uploads\/2023\/07\/48-saat-icerisinde-internet-kesintisi-1-740x420.jpg","width":850,"height":478},{"@type":"BreadcrumbList","@id":"https:\/\/kibrisdakik.com\/?p=11137#breadcrumb","itemListElement":[{"@type":"ListItem","position":1,"name":"Home","item":"https:\/\/kibrisdakik.com\/"},{"@type":"ListItem","position":2,"name":"Serdarl\u0131\u2019da yar\u0131n ses ve internet hizmetlerinde kesinti olacak"}]},{"@type":"WebSite","@id":"https:\/\/kibrisdakik.com\/#website","url":"https:\/\/kibrisdakik.com\/","name":"","description":"Tam vaktinde haber","potentialAction":[{"@type":"SearchAction","target":{"@type":"EntryPoint","urlTemplate":"https:\/\/kibrisdakik.com\/?s={search_term_string}"},"query-input":{"@type":"PropertyValueSpecification","valueRequired":true,"valueName":"search_term_string"}}],"inLanguage":"tr"},{"@type":"Person","@id":"https:\/\/kibrisdakik.com\/#\/schema\/person\/9cd9d437bbb44f72b73ba127e06d8e79","name":"admin","image":{"@type":"ImageObject","inLanguage":"tr","@id":"https:\/\/secure.gravatar.com\/avatar\/ccc17943b9d660506c869530f897617f7cb1c21a4bf30023f252596d83e1f007?s=96&d=mm&r=g","url":"https:\/\/secure.gravatar.com\/avatar\/ccc17943b9d660506c869530f897617f7cb1c21a4bf30023f252596d83e1f007?s=96&d=mm&r=g","contentUrl":"https:\/\/secure.gravatar.com\/avatar\/ccc17943b9d660506c869530f897617f7cb1c21a4bf30023f252596d83e1f007?s=96&d=mm&r=g","caption":"admin"},"sameAs":["https:\/\/kibrisdakik.com"],"url":"https:\/\/kibrisdakik.com\/?author=1"}]}},"_links":{"self":[{"href":"https:\/\/kibrisdakik.com\/index.php?rest_route=\/wp\/v2\/posts\/11137","targetHints":{"allow":["GET"]}}],"collection":[{"href":"https:\/\/kibrisdakik.com\/index.php?rest_route=\/wp\/v2\/posts"}],"about":[{"href":"https:\/\/kibrisdakik.com\/index.php?rest_route=\/wp\/v2\/types\/post"}],"author":[{"embeddable":true,"href":"https:\/\/kibrisdakik.com\/index.php?rest_route=\/wp\/v2\/users\/1"}],"replies":[{"embeddable":true,"href":"https:\/\/kibrisdakik.com\/index.php?rest_route=%2Fwp%2Fv2%2Fcomments&post=11137"}],"version-history":[{"count":0,"href":"https:\/\/kibrisdakik.com\/index.php?rest_route=\/wp\/v2\/posts\/11137\/revisions"}],"wp:featuredmedia":[{"embeddable":true,"href":"https:\/\/kibrisdakik.com\/index.php?rest_route=\/wp\/v2\/media\/11138"}],"wp:attachment":[{"href":"https:\/\/kibrisdakik.com\/index.php?rest_route=%2Fwp%2Fv2%2Fmedia&parent=11137"}],"wp:term":[{"taxonomy":"category","embeddable":true,"href":"https:\/\/kibrisdakik.com\/index.php?rest_route=%2Fwp%2Fv2%2Fcategories&post=11137"},{"taxonomy":"post_tag","embeddable":true,"href":"https:\/\/kibrisdakik.com\/index.php?rest_route=%2Fwp%2Fv2%2Ftags&post=11137"}],"curies":[{"name":"wp","href":"https:\/\/api.w.org\/{rel}","templated":true}]}}