{"id":111376,"date":"2026-04-28T08:57:17","date_gmt":"2026-04-28T05:57:17","guid":{"rendered":"https:\/\/kibrisdakik.com\/?p=111376"},"modified":"2026-04-28T08:57:17","modified_gmt":"2026-04-28T05:57:17","slug":"fenerbahce-domenico-tedesco-ile-yollarini-ayirdi","status":"publish","type":"post","link":"https:\/\/kibrisdakik.com\/?p=111376","title":{"rendered":"FENERBAH\u00c7E DOMEN\u0130CO TEDESCO \u0130LE YOLLARINI AYIRDI"},"content":{"rendered":"<p><\/p>\n<div data-text-id=\"200851\" property=\"articleBody\">\n<p>Fenerbah\u00e7e, teknik direkt\u00f6r Domenico Tedesco ile yollar\u0131n ayr\u0131ld\u0131\u011f\u0131n\u0131 resmen duyurdu. Kul\u00fcpten yap\u0131lan a\u00e7\u0131klamada, teknik ekiple birlikte sportif yap\u0131lanmada da de\u011fi\u015fime gidildi\u011fi belirtildi.<\/p>\n<p>Ayr\u0131ca Sportif Direkt\u00f6r Devin \u00d6zek ve Futbol Koordinat\u00f6r\u00fc Berke \u00c7elebi ile de yollar\u0131n ayr\u0131lmas\u0131 konusunda karar al\u0131nd\u0131\u011f\u0131 a\u00e7\u0131kland\u0131. Bu geli\u015fme, kul\u00fcpte yeni bir yap\u0131lanman\u0131n i\u015fareti olarak de\u011ferlendiriliyor.<\/p>\n<p>Sezonun geri kalan ma\u00e7lar\u0131nda ise yard\u0131mc\u0131 antren\u00f6r Zeki Murat G\u00f6le tak\u0131m\u0131n ba\u015f\u0131nda sahaya \u00e7\u0131kacak.<\/p>\n<\/p><\/div>\n","protected":false},"excerpt":{"rendered":"<p>Fenerbah\u00e7e, teknik direkt\u00f6r Domenico Tedesco ile yollar\u0131n ayr\u0131ld\u0131\u011f\u0131n\u0131 resmen duyurdu. Kul\u00fcpten yap\u0131lan a\u00e7\u0131klamada, teknik ekiple birlikte sportif yap\u0131lanmada da de\u011fi\u015fime gidildi\u011fi belirtildi. Ayr\u0131ca Sportif Direkt\u00f6r Devin \u00d6zek ve Futbol Koordinat\u00f6r\u00fc Berke \u00c7elebi ile de yollar\u0131n ayr\u0131lmas\u0131 konusunda karar al\u0131nd\u0131\u011f\u0131 a\u00e7\u0131kland\u0131. Bu geli\u015fme, kul\u00fcpte yeni bir yap\u0131lanman\u0131n i\u015fareti olarak de\u011ferlendiriliyor. Sezonun geri kalan ma\u00e7lar\u0131nda ise yard\u0131mc\u0131<\/p>\n","protected":false},"author":1,"featured_media":111377,"comment_status":"open","ping_status":"open","sticky":false,"template":"","format":"standard","meta":{"footnotes":""},"categories":[81],"tags":[],"class_list":["post-111376","post","type-post","status-publish","format-standard","has-post-thumbnail","hentry","category-kibris"],"yoast_head":"<!-- This site is optimized with the Yoast SEO plugin v27.4 - https:\/\/yoast.com\/product\/yoast-seo-wordpress\/ -->\n<title>FENERBAH\u00c7E DOMEN\u0130CO TEDESCO \u0130LE YOLLARINI AYIRDI -<\/title>\n<meta name=\"robots\" content=\"index, follow, max-snippet:-1, max-image-preview:large, max-video-preview:-1\" \/>\n<link rel=\"canonical\" href=\"https:\/\/kibrisdakik.com\/?p=111376\" \/>\n<meta property=\"og:locale\" content=\"tr_TR\" \/>\n<meta property=\"og:type\" content=\"article\" \/>\n<meta property=\"og:title\" content=\"FENERBAH\u00c7E DOMEN\u0130CO TEDESCO \u0130LE YOLLARINI AYIRDI -\" \/>\n<meta property=\"og:description\" content=\"Fenerbah\u00e7e, teknik direkt\u00f6r Domenico Tedesco ile yollar\u0131n ayr\u0131ld\u0131\u011f\u0131n\u0131 resmen duyurdu. Kul\u00fcpten yap\u0131lan a\u00e7\u0131klamada, teknik ekiple birlikte sportif yap\u0131lanmada da de\u011fi\u015fime gidildi\u011fi belirtildi. Ayr\u0131ca Sportif Direkt\u00f6r Devin \u00d6zek ve Futbol Koordinat\u00f6r\u00fc Berke \u00c7elebi ile de yollar\u0131n ayr\u0131lmas\u0131 konusunda karar al\u0131nd\u0131\u011f\u0131 a\u00e7\u0131kland\u0131. Bu geli\u015fme, kul\u00fcpte yeni bir yap\u0131lanman\u0131n i\u015fareti olarak de\u011ferlendiriliyor. Sezonun geri kalan ma\u00e7lar\u0131nda ise yard\u0131mc\u0131\" \/>\n<meta property=\"og:url\" content=\"https:\/\/kibrisdakik.com\/?p=111376\" \/>\n<meta property=\"article:published_time\" content=\"2026-04-28T05:57:17+00:00\" \/>\n<meta property=\"og:image\" content=\"https:\/\/mhahabercom.teimg.com\/crop\/1280x720\/mhahaber-com\/uploads\/2026\/04\/mha-sari-beyaz-5006.png\" \/>\n<meta name=\"author\" content=\"admin\" \/>\n<meta name=\"twitter:card\" content=\"summary_large_image\" \/>\n<meta name=\"twitter:label1\" content=\"Yazan:\" \/>\n\t<meta name=\"twitter:data1\" content=\"admin\" \/>\n<script type=\"application\/ld+json\" class=\"yoast-schema-graph\">{\"@context\":\"https:\\\/\\\/schema.org\",\"@graph\":[{\"@type\":\"Article\",\"@id\":\"https:\\\/\\\/kibrisdakik.com\\\/?p=111376#article\",\"isPartOf\":{\"@id\":\"https:\\\/\\\/kibrisdakik.com\\\/?p=111376\"},\"author\":{\"name\":\"admin\",\"@id\":\"https:\\\/\\\/kibrisdakik.com\\\/#\\\/schema\\\/person\\\/9cd9d437bbb44f72b73ba127e06d8e79\"},\"headline\":\"FENERBAH\u00c7E DOMEN\u0130CO TEDESCO \u0130LE YOLLARINI AYIRDI\",\"datePublished\":\"2026-04-28T05:57:17+00:00\",\"mainEntityOfPage\":{\"@id\":\"https:\\\/\\\/kibrisdakik.com\\\/?p=111376\"},\"wordCount\":104,\"commentCount\":0,\"image\":{\"@id\":\"https:\\\/\\\/kibrisdakik.com\\\/?p=111376#primaryimage\"},\"thumbnailUrl\":\"https:\\\/\\\/kibrisdakik.com\\\/wp-content\\\/uploads\\\/2026\\\/04\\\/mha-sari-beyaz-5006.png\",\"articleSection\":[\"K\u0131br\u0131s\"],\"inLanguage\":\"tr\",\"potentialAction\":[{\"@type\":\"CommentAction\",\"name\":\"Comment\",\"target\":[\"https:\\\/\\\/kibrisdakik.com\\\/?p=111376#respond\"]}]},{\"@type\":\"WebPage\",\"@id\":\"https:\\\/\\\/kibrisdakik.com\\\/?p=111376\",\"url\":\"https:\\\/\\\/kibrisdakik.com\\\/?p=111376\",\"name\":\"FENERBAH\u00c7E DOMEN\u0130CO TEDESCO \u0130LE YOLLARINI AYIRDI -\",\"isPartOf\":{\"@id\":\"https:\\\/\\\/kibrisdakik.com\\\/#website\"},\"primaryImageOfPage\":{\"@id\":\"https:\\\/\\\/kibrisdakik.com\\\/?p=111376#primaryimage\"},\"image\":{\"@id\":\"https:\\\/\\\/kibrisdakik.com\\\/?p=111376#primaryimage\"},\"thumbnailUrl\":\"https:\\\/\\\/kibrisdakik.com\\\/wp-content\\\/uploads\\\/2026\\\/04\\\/mha-sari-beyaz-5006.png\",\"datePublished\":\"2026-04-28T05:57:17+00:00\",\"author\":{\"@id\":\"https:\\\/\\\/kibrisdakik.com\\\/#\\\/schema\\\/person\\\/9cd9d437bbb44f72b73ba127e06d8e79\"},\"breadcrumb\":{\"@id\":\"https:\\\/\\\/kibrisdakik.com\\\/?p=111376#breadcrumb\"},\"inLanguage\":\"tr\",\"potentialAction\":[{\"@type\":\"ReadAction\",\"target\":[\"https:\\\/\\\/kibrisdakik.com\\\/?p=111376\"]}]},{\"@type\":\"ImageObject\",\"inLanguage\":\"tr\",\"@id\":\"https:\\\/\\\/kibrisdakik.com\\\/?p=111376#primaryimage\",\"url\":\"https:\\\/\\\/kibrisdakik.com\\\/wp-content\\\/uploads\\\/2026\\\/04\\\/mha-sari-beyaz-5006.png\",\"contentUrl\":\"https:\\\/\\\/kibrisdakik.com\\\/wp-content\\\/uploads\\\/2026\\\/04\\\/mha-sari-beyaz-5006.png\",\"width\":1280,\"height\":720},{\"@type\":\"BreadcrumbList\",\"@id\":\"https:\\\/\\\/kibrisdakik.com\\\/?p=111376#breadcrumb\",\"itemListElement\":[{\"@type\":\"ListItem\",\"position\":1,\"name\":\"Home\",\"item\":\"https:\\\/\\\/kibrisdakik.com\\\/\"},{\"@type\":\"ListItem\",\"position\":2,\"name\":\"FENERBAH\u00c7E DOMEN\u0130CO TEDESCO \u0130LE YOLLARINI AYIRDI\"}]},{\"@type\":\"WebSite\",\"@id\":\"https:\\\/\\\/kibrisdakik.com\\\/#website\",\"url\":\"https:\\\/\\\/kibrisdakik.com\\\/\",\"name\":\"\",\"description\":\"Tam vaktinde haber\",\"potentialAction\":[{\"@type\":\"SearchAction\",\"target\":{\"@type\":\"EntryPoint\",\"urlTemplate\":\"https:\\\/\\\/kibrisdakik.com\\\/?s={search_term_string}\"},\"query-input\":{\"@type\":\"PropertyValueSpecification\",\"valueRequired\":true,\"valueName\":\"search_term_string\"}}],\"inLanguage\":\"tr\"},{\"@type\":\"Person\",\"@id\":\"https:\\\/\\\/kibrisdakik.com\\\/#\\\/schema\\\/person\\\/9cd9d437bbb44f72b73ba127e06d8e79\",\"name\":\"admin\",\"image\":{\"@type\":\"ImageObject\",\"inLanguage\":\"tr\",\"@id\":\"https:\\\/\\\/secure.gravatar.com\\\/avatar\\\/ccc17943b9d660506c869530f897617f7cb1c21a4bf30023f252596d83e1f007?s=96&d=mm&r=g\",\"url\":\"https:\\\/\\\/secure.gravatar.com\\\/avatar\\\/ccc17943b9d660506c869530f897617f7cb1c21a4bf30023f252596d83e1f007?s=96&d=mm&r=g\",\"contentUrl\":\"https:\\\/\\\/secure.gravatar.com\\\/avatar\\\/ccc17943b9d660506c869530f897617f7cb1c21a4bf30023f252596d83e1f007?s=96&d=mm&r=g\",\"caption\":\"admin\"},\"sameAs\":[\"https:\\\/\\\/kibrisdakik.com\"],\"url\":\"https:\\\/\\\/kibrisdakik.com\\\/?author=1\"}]}<\/script>\n<!-- \/ Yoast SEO plugin. -->","yoast_head_json":{"title":"FENERBAH\u00c7E DOMEN\u0130CO TEDESCO \u0130LE YOLLARINI AYIRDI -","robots":{"index":"index","follow":"follow","max-snippet":"max-snippet:-1","max-image-preview":"max-image-preview:large","max-video-preview":"max-video-preview:-1"},"canonical":"https:\/\/kibrisdakik.com\/?p=111376","og_locale":"tr_TR","og_type":"article","og_title":"FENERBAH\u00c7E DOMEN\u0130CO TEDESCO \u0130LE YOLLARINI AYIRDI -","og_description":"Fenerbah\u00e7e, teknik direkt\u00f6r Domenico Tedesco ile yollar\u0131n ayr\u0131ld\u0131\u011f\u0131n\u0131 resmen duyurdu. Kul\u00fcpten yap\u0131lan a\u00e7\u0131klamada, teknik ekiple birlikte sportif yap\u0131lanmada da de\u011fi\u015fime gidildi\u011fi belirtildi. Ayr\u0131ca Sportif Direkt\u00f6r Devin \u00d6zek ve Futbol Koordinat\u00f6r\u00fc Berke \u00c7elebi ile de yollar\u0131n ayr\u0131lmas\u0131 konusunda karar al\u0131nd\u0131\u011f\u0131 a\u00e7\u0131kland\u0131. Bu geli\u015fme, kul\u00fcpte yeni bir yap\u0131lanman\u0131n i\u015fareti olarak de\u011ferlendiriliyor. Sezonun geri kalan ma\u00e7lar\u0131nda ise yard\u0131mc\u0131","og_url":"https:\/\/kibrisdakik.com\/?p=111376","article_published_time":"2026-04-28T05:57:17+00:00","og_image":[{"url":"https:\/\/mhahabercom.teimg.com\/crop\/1280x720\/mhahaber-com\/uploads\/2026\/04\/mha-sari-beyaz-5006.png","type":"","width":"","height":""}],"author":"admin","twitter_card":"summary_large_image","twitter_misc":{"Yazan:":"admin"},"schema":{"@context":"https:\/\/schema.org","@graph":[{"@type":"Article","@id":"https:\/\/kibrisdakik.com\/?p=111376#article","isPartOf":{"@id":"https:\/\/kibrisdakik.com\/?p=111376"},"author":{"name":"admin","@id":"https:\/\/kibrisdakik.com\/#\/schema\/person\/9cd9d437bbb44f72b73ba127e06d8e79"},"headline":"FENERBAH\u00c7E DOMEN\u0130CO TEDESCO \u0130LE YOLLARINI AYIRDI","datePublished":"2026-04-28T05:57:17+00:00","mainEntityOfPage":{"@id":"https:\/\/kibrisdakik.com\/?p=111376"},"wordCount":104,"commentCount":0,"image":{"@id":"https:\/\/kibrisdakik.com\/?p=111376#primaryimage"},"thumbnailUrl":"https:\/\/kibrisdakik.com\/wp-content\/uploads\/2026\/04\/mha-sari-beyaz-5006.png","articleSection":["K\u0131br\u0131s"],"inLanguage":"tr","potentialAction":[{"@type":"CommentAction","name":"Comment","target":["https:\/\/kibrisdakik.com\/?p=111376#respond"]}]},{"@type":"WebPage","@id":"https:\/\/kibrisdakik.com\/?p=111376","url":"https:\/\/kibrisdakik.com\/?p=111376","name":"FENERBAH\u00c7E DOMEN\u0130CO TEDESCO \u0130LE YOLLARINI AYIRDI -","isPartOf":{"@id":"https:\/\/kibrisdakik.com\/#website"},"primaryImageOfPage":{"@id":"https:\/\/kibrisdakik.com\/?p=111376#primaryimage"},"image":{"@id":"https:\/\/kibrisdakik.com\/?p=111376#primaryimage"},"thumbnailUrl":"https:\/\/kibrisdakik.com\/wp-content\/uploads\/2026\/04\/mha-sari-beyaz-5006.png","datePublished":"2026-04-28T05:57:17+00:00","author":{"@id":"https:\/\/kibrisdakik.com\/#\/schema\/person\/9cd9d437bbb44f72b73ba127e06d8e79"},"breadcrumb":{"@id":"https:\/\/kibrisdakik.com\/?p=111376#breadcrumb"},"inLanguage":"tr","potentialAction":[{"@type":"ReadAction","target":["https:\/\/kibrisdakik.com\/?p=111376"]}]},{"@type":"ImageObject","inLanguage":"tr","@id":"https:\/\/kibrisdakik.com\/?p=111376#primaryimage","url":"https:\/\/kibrisdakik.com\/wp-content\/uploads\/2026\/04\/mha-sari-beyaz-5006.png","contentUrl":"https:\/\/kibrisdakik.com\/wp-content\/uploads\/2026\/04\/mha-sari-beyaz-5006.png","width":1280,"height":720},{"@type":"BreadcrumbList","@id":"https:\/\/kibrisdakik.com\/?p=111376#breadcrumb","itemListElement":[{"@type":"ListItem","position":1,"name":"Home","item":"https:\/\/kibrisdakik.com\/"},{"@type":"ListItem","position":2,"name":"FENERBAH\u00c7E DOMEN\u0130CO TEDESCO \u0130LE YOLLARINI AYIRDI"}]},{"@type":"WebSite","@id":"https:\/\/kibrisdakik.com\/#website","url":"https:\/\/kibrisdakik.com\/","name":"","description":"Tam vaktinde haber","potentialAction":[{"@type":"SearchAction","target":{"@type":"EntryPoint","urlTemplate":"https:\/\/kibrisdakik.com\/?s={search_term_string}"},"query-input":{"@type":"PropertyValueSpecification","valueRequired":true,"valueName":"search_term_string"}}],"inLanguage":"tr"},{"@type":"Person","@id":"https:\/\/kibrisdakik.com\/#\/schema\/person\/9cd9d437bbb44f72b73ba127e06d8e79","name":"admin","image":{"@type":"ImageObject","inLanguage":"tr","@id":"https:\/\/secure.gravatar.com\/avatar\/ccc17943b9d660506c869530f897617f7cb1c21a4bf30023f252596d83e1f007?s=96&d=mm&r=g","url":"https:\/\/secure.gravatar.com\/avatar\/ccc17943b9d660506c869530f897617f7cb1c21a4bf30023f252596d83e1f007?s=96&d=mm&r=g","contentUrl":"https:\/\/secure.gravatar.com\/avatar\/ccc17943b9d660506c869530f897617f7cb1c21a4bf30023f252596d83e1f007?s=96&d=mm&r=g","caption":"admin"},"sameAs":["https:\/\/kibrisdakik.com"],"url":"https:\/\/kibrisdakik.com\/?author=1"}]}},"_links":{"self":[{"href":"https:\/\/kibrisdakik.com\/index.php?rest_route=\/wp\/v2\/posts\/111376","targetHints":{"allow":["GET"]}}],"collection":[{"href":"https:\/\/kibrisdakik.com\/index.php?rest_route=\/wp\/v2\/posts"}],"about":[{"href":"https:\/\/kibrisdakik.com\/index.php?rest_route=\/wp\/v2\/types\/post"}],"author":[{"embeddable":true,"href":"https:\/\/kibrisdakik.com\/index.php?rest_route=\/wp\/v2\/users\/1"}],"replies":[{"embeddable":true,"href":"https:\/\/kibrisdakik.com\/index.php?rest_route=%2Fwp%2Fv2%2Fcomments&post=111376"}],"version-history":[{"count":0,"href":"https:\/\/kibrisdakik.com\/index.php?rest_route=\/wp\/v2\/posts\/111376\/revisions"}],"wp:featuredmedia":[{"embeddable":true,"href":"https:\/\/kibrisdakik.com\/index.php?rest_route=\/wp\/v2\/media\/111377"}],"wp:attachment":[{"href":"https:\/\/kibrisdakik.com\/index.php?rest_route=%2Fwp%2Fv2%2Fmedia&parent=111376"}],"wp:term":[{"taxonomy":"category","embeddable":true,"href":"https:\/\/kibrisdakik.com\/index.php?rest_route=%2Fwp%2Fv2%2Fcategories&post=111376"},{"taxonomy":"post_tag","embeddable":true,"href":"https:\/\/kibrisdakik.com\/index.php?rest_route=%2Fwp%2Fv2%2Ftags&post=111376"}],"curies":[{"name":"wp","href":"https:\/\/api.w.org\/{rel}","templated":true}]}}