{"id":111392,"date":"2026-04-28T12:27:35","date_gmt":"2026-04-28T09:27:35","guid":{"rendered":"https:\/\/kibrisdakik.com\/?p=111392"},"modified":"2026-04-28T12:27:35","modified_gmt":"2026-04-28T09:27:35","slug":"daude-egitim-hakki-uluslararasi-konferansi-duzenlendi","status":"publish","type":"post","link":"https:\/\/kibrisdakik.com\/?p=111392","title":{"rendered":"DA\u00dc\u2019DE \u201dE\u011e\u0130T\u0130M HAKKI ULUSLARARASI KONFERANSI\u201d D\u00dcZENLEND\u0130"},"content":{"rendered":"<p><\/p>\n<p>Do\u011fu Akdeniz \u00dcniversitesi\u2019nde (DA\u00dc), Hukuk Fak\u00fcltesi ev sahipli\u011finde, T\u00fcrkiye\u2019nin \u0130slam \u0130\u015fbirli\u011fi Te\u015fkilat\u0131 (\u0130\u0130T) 51. D\u0131\u015fi\u015fleri Bakanlar\u0131 Konseyi D\u00f6nem Ba\u015fkanl\u0131\u011f\u0131 \u00e7er\u00e7evesinde, \u0130\u0130T Ba\u011f\u0131ms\u0131z Daimi \u0130nsan Haklar\u0131 Komisyonu\u2019nun kat\u0131l\u0131m\u0131, Kuzey K\u0131br\u0131s T\u00fcrk Cumhuriyeti (KKTC) D\u0131\u015fi\u015fleri Bakanl\u0131\u011f\u0131 ve T\u00fcrkiye Cumhuriyeti (TC) Lefko\u015fa B\u00fcy\u00fckel\u00e7ili\u011fi\u2019nin deste\u011fi ile \u201cE\u011fitim Hakk\u0131\u201d konulu uluslararas\u0131 konferans d\u00fczenlendi.<\/p>\n<\/p>\n<p>Mustafa Af\u015fin Ersoy Salonu\u2019nda, e\u011fitim hakk\u0131, farkl\u0131 disiplinlerden ele al\u0131narak \u00e7ok y\u00f6nl\u00fc bir platform olu\u015fturuldu.<\/p>\n<\/p>\n<p>Konferans\u0131n a\u00e7\u0131l\u0131\u015f konu\u015fmalar\u0131n\u0131n ard\u0131ndan oturumlara ge\u00e7ildi.<\/p>\n<\/p>\n<p>-Hocan\u0131n<\/p>\n<\/p>\n<p>Y\u00fcksek\u00f6\u011fretim Planlama, Denetleme Akreditasyon ve Koordinasyon Kuru (Y\u00d6DAK) Ba\u015fkan\u0131 Prof. Dr. Aykut Hocan\u0131n, konferans\u0131n a\u00e7\u0131l\u0131\u015f\u0131nda yapt\u0131\u011f\u0131 konu\u015fmada, KKTC\u2019de 23 \u00fcniversitenin yer ald\u0131\u011f\u0131n\u0131 ve kapasitenin y\u00fczde 35\u2019inin yabanc\u0131 oldu\u011funu s\u00f6yledi.<\/p>\n<\/p>\n<p>Hocan\u0131n, siyasi tan\u0131nma sorunlar\u0131 i\u00e7erisinde m\u00fccadele etmek zorunda olduklar\u0131n\u0131 ifade etti.<\/p>\n<\/p>\n<p>Hocan\u0131n, konferansta e\u011fitim hakk\u0131n\u0131 yasal \u00e7er\u00e7evede de ele alarak olas\u0131 \u00e7\u00f6z\u00fcmlerin de\u011ferlendirilece\u011fini belirtti.<\/p>\n<\/p>\n<p>-K\u0131l\u0131\u00e7<\/p>\n<\/p>\n<p>DA\u00dc Rekt\u00f6r\u00fc Prof. Dr. Hasan K\u0131l\u0131\u00e7 da, e\u011fitim hakk\u0131n\u0131n insan haklar\u0131n\u0131n temel ta\u015flar\u0131ndan ve<br \/>\ntoplumsal ilerlemenin anahtar\u0131 oldu\u011funu s\u00f6yledi.<\/p>\n<\/p>\n<p>E\u011fitim hakk\u0131n\u0131n di\u011fer haklar\u0131n kullan\u0131lmas\u0131nda temel oldu\u011funu s\u00f6yleyen K\u0131l\u0131\u00e7, konferansta e\u011fitim hakk\u0131n\u0131n \u00e7e\u015fitli disiplinler taraf\u0131ndan ele al\u0131naca\u011f\u0131n\u0131 belirti.<\/p>\n<\/p>\n<p>DA\u00dc\u2019n\u00fcn kurulu\u015fundan bu yana f\u0131rsat e\u015fitli\u011fini esas alarak benimsedi\u011fini kaydeden K\u0131l\u0131\u00e7, \u00e7ok k\u00fclt\u00fcrl\u00fc yap\u0131s\u0131n\u0131n da e\u011fitim hakk\u0131n\u0131n evrenselli\u011finin somut \u015fekilde yans\u0131mas\u0131 oldu\u011funu vurgulad\u0131.<\/p>\n<p>K\u0131l\u0131\u00e7, DA\u00dc\u2019n\u00fcn e\u011fitim haklar\u0131n\u0131n toplumsal seviyede g\u00fc\u00e7lendirilmesini de hedefledi\u011fini s\u00f6zlerine ekledi.<\/p>\n<\/p>\n<p>-Guida<\/p>\n<\/p>\n<p>\u0130\u0130T Ba\u011f\u0131ms\u0131z Daimi \u0130nsan Haklar\u0131 Komisyonu Ba\u015fkan\u0131 Dr. Saidou Dogon Guida, e\u011fitimin i\u015f birli\u011fi ve \u0130slam de\u011ferleri a\u00e7\u0131s\u0131ndan \u00e7ok \u00f6nemli oldu\u011funu vurgulad\u0131.<\/p>\n<\/p>\n<p>Guida, \u0130slam\u2019\u0131n e\u011fitimi bilgi payla\u015f\u0131m\u0131 ve ulusal geli\u015fim i\u00e7in \u00f6nemli kabul etti\u011fini ifade ederek, kimsenin e\u011fitim hakk\u0131ndan mahrum b\u0131rak\u0131lmamas\u0131 gerekti\u011fini s\u00f6yledi.<\/p>\n<\/p>\n<p>Guida, konferans\u0131n adil ve kapsay\u0131c\u0131 e\u011fitime ula\u015fmada yard\u0131mc\u0131 olaca\u011f\u0131n\u0131 s\u00f6yledi.<\/p>\n<\/p>\n<p>-\u0130nan\u0131ro\u011flu<\/p>\n<\/p>\n<p>D\u0131\u015fi\u015fleri Bakanl\u0131\u011f\u0131 \u0130\u0130T ile \u0130li\u015fkiler M\u00fcd\u00fcr\u00fc Ay\u015fen Volkan \u0130nan\u0131ro\u011flu da D\u0131\u015fi\u015fleri Bakanl\u0131\u011f\u0131 olarak e\u011fitimle ilgili her t\u00fcrl\u00fc konunun kendileri i\u00e7in \u00f6nemli oldu\u011funu ifade etti.<\/p>\n<\/p>\n<p>\u0130nan\u0131ro\u011flu, e\u011fitim hakk\u0131n\u0131n KKTC Anayasas\u0131\u2019n\u0131n 56\u2019nc\u0131 maddesinde a\u00e7\u0131k\u00e7a belirtildi\u011fini vurgulayarak, ambargolardan dolay\u0131 KKTC gen\u00e7lerinin e\u011fitim hakk\u0131n\u0131n engellendi\u011fine i\u015faret etti.<\/p>\n<\/p>\n<p>\u0130nan\u0131ro\u011flu, K\u0131br\u0131s\u2019ta iki e\u015fit devlet ger\u00e7e\u011fi ve K\u0131br\u0131s T\u00fcrk\u00fc\u2019n\u00fcn egemen e\u015fitli\u011finin uluslararas\u0131 camia taraf\u0131ndan kabul edilmesi gerekti\u011finin alt\u0131n\u0131 \u00e7izdi.<\/p>\n<\/p>\n<div id=\"ad_121\" data-channel=\"121\" data-advert=\"temedya\" data-rotation=\"120\" class=\"mb-3 text-center\"><\/div>\n<div id=\"ad_121_mobile\" data-channel=\"121\" data-advert=\"temedya\" data-rotation=\"120\" class=\"mb-3 text-center\"><\/div>\n<p>\u0130nan\u0131ro\u011flu konferans i\u00e7in Ba\u011f\u0131ms\u0131z Daimi \u0130nsan Haklar\u0131 Komisyonu\u2019nu davet ettiklerini ve konferans\u0131n D\u0131\u015fi\u015fleri Bakanl\u0131\u011f\u0131 koordinasyonunda ve T\u00fcrkiye\u2019nin Lefko\u015fa B\u00fcy\u00fckel\u00e7ili\u011fi katk\u0131lar\u0131yla ger\u00e7ekle\u015ftirilmesinden memnuniyet duyduklar\u0131n\u0131 s\u00f6yledi.<\/p>\n<\/p>\n<p>\u0130\u0130T ile i\u015f birli\u011fi i\u00e7inde olmay\u0131 arzulad\u0131klar\u0131n\u0131 s\u00f6yleyen \u0130nan\u0131ro\u011flu, e\u011fitim ve insan haklar\u0131 konusunda i\u015f birliklerinin daha \u00e7ok geli\u015ftirilmesini temenni etti.<\/p>\n<\/p>\n<p>-Alibaba<\/p>\n<\/p>\n<p>DA\u00dc Hukuk Fak\u00fcltesi Dekan Vekili Do\u00e7. Dr. Arzu Alibaba da, toplumun geli\u015febilmesi a\u00e7\u0131s\u0131ndan e\u011fitimin \u00f6nemine dikkat \u00e7ekti.<\/p>\n<\/p>\n<p>Alibaba, konferansta e\u011fitime eri\u015fim haklar\u0131ndan da bahsedilece\u011fini vurgulayarak, konferans\u0131n ger\u00e7ekle\u015fmesinde eme\u011fi ge\u00e7enlere te\u015fekk\u00fcr etti.<\/p>\n<\/p>\n<p>A\u00e7\u0131l\u0131\u015f konu\u015fmalar\u0131n\u0131n ard\u0131ndan \u0130\u0130T Ba\u011f\u0131ms\u0131z Daimi \u0130nsan Haklar\u0131 Komisyonu Ba\u015fkan Yard\u0131mc\u0131s\u0131 Dr. Hac\u0131 Ali A\u00e7\u0131kg\u00fcl moderat\u00f6rl\u00fc\u011f\u00fcnde ger\u00e7ekle\u015ftirilenb ilk oturumda; Y\u00fcksek\u00f6\u011fretim Planlama, Denetleme, Akreditasyon ve Koordinasyon Kurulu (Y\u00d6DAK) Ba\u015fkan\u0131 Prof. Dr. Aykut Hocan\u0131n, \u0130\u0130T Ba\u011f\u0131ms\u0131z Daimi \u0130nsan Haklar\u0131 Komisyonu Ba\u015fkan\u0131 Dr. Saidou Dogon Guida, \u0130\u0130T Ba\u011f\u0131ms\u0131z Daimi \u0130nsan Haklar\u0131 Komisyonu Ba\u015fkan Yard\u0131mc\u0131s\u0131 Dr. Hac\u0131 Ali A\u00e7\u0131kg\u00fcl ile \u0130\u0130T Bilim ve Teknolojiden Sorumlu Genel Sekreter Yard\u0131mc\u0131s\u0131 Aftab Ahmad Khokher sunum ger\u00e7ekle\u015ftirdi.<\/p>\n<\/p>\n<p>\u0130kinci oturumda ise K\u0131br\u0131s Vak\u0131flar \u0130daresi (Evkaf) Genel M\u00fcd\u00fcr\u00fc Prof. Dr. Mustafa T\u00fcmer moderat\u00f6rl\u00fc\u011f\u00fcnde d\u00fczenlendi.<\/p>\n<\/p>\n<p>Oturumda, Prof. Dr. T\u00fcmer, DA\u00dc Hukuk Fak\u00fcltesi Dekan Vekili Do\u00e7. Dr. Arzu Alibaba, DA\u00dc E\u011fitim Fak\u00fcltesi \u00d6\u011fretim \u00dcyesi ile DA\u00dc Kad\u0131n Ara\u015ft\u0131rmalar\u0131 ve E\u011fitimi Merkezi (KAEM) Y\u00f6netim Kurulu Ba\u015fkan\u0131 Do\u00e7. Dr. S\u00fcheyla \u00dc\u00e7\u0131\u015f\u0131k Erbilen ve DA\u00dc Hukuk Fak\u00fcltesi \u00d6\u011fretim \u00dcyesi Yrd. Do\u00e7. Dr. Ula\u015f G\u00fcnd\u00fczler sunum yapt\u0131.<\/p>\n<\/p>\n<div class=\"article-source py-3 small \">\n                <\/div>\n","protected":false},"excerpt":{"rendered":"<p>Do\u011fu Akdeniz \u00dcniversitesi\u2019nde (DA\u00dc), Hukuk Fak\u00fcltesi ev sahipli\u011finde, T\u00fcrkiye\u2019nin \u0130slam \u0130\u015fbirli\u011fi Te\u015fkilat\u0131 (\u0130\u0130T) 51. D\u0131\u015fi\u015fleri Bakanlar\u0131 Konseyi D\u00f6nem Ba\u015fkanl\u0131\u011f\u0131 \u00e7er\u00e7evesinde, \u0130\u0130T Ba\u011f\u0131ms\u0131z Daimi \u0130nsan Haklar\u0131 Komisyonu\u2019nun kat\u0131l\u0131m\u0131, Kuzey K\u0131br\u0131s T\u00fcrk Cumhuriyeti (KKTC) D\u0131\u015fi\u015fleri Bakanl\u0131\u011f\u0131 ve T\u00fcrkiye Cumhuriyeti (TC) Lefko\u015fa B\u00fcy\u00fckel\u00e7ili\u011fi\u2019nin deste\u011fi ile \u201cE\u011fitim Hakk\u0131\u201d konulu uluslararas\u0131 konferans d\u00fczenlendi. Mustafa Af\u015fin Ersoy Salonu\u2019nda, e\u011fitim hakk\u0131, farkl\u0131<\/p>\n","protected":false},"author":1,"featured_media":111393,"comment_status":"open","ping_status":"open","sticky":false,"template":"","format":"standard","meta":{"footnotes":""},"categories":[81],"tags":[],"class_list":["post-111392","post","type-post","status-publish","format-standard","has-post-thumbnail","hentry","category-kibris"],"yoast_head":"<!-- This site is optimized with the Yoast SEO plugin v27.5 - https:\/\/yoast.com\/product\/yoast-seo-wordpress\/ -->\n<title>DA\u00dc\u2019DE \u201dE\u011e\u0130T\u0130M HAKKI ULUSLARARASI KONFERANSI\u201d D\u00dcZENLEND\u0130 -<\/title>\n<meta name=\"robots\" content=\"index, follow, max-snippet:-1, max-image-preview:large, max-video-preview:-1\" \/>\n<link rel=\"canonical\" href=\"https:\/\/kibrisdakik.com\/?p=111392\" \/>\n<meta property=\"og:locale\" content=\"tr_TR\" \/>\n<meta property=\"og:type\" content=\"article\" \/>\n<meta property=\"og:title\" content=\"DA\u00dc\u2019DE \u201dE\u011e\u0130T\u0130M HAKKI ULUSLARARASI KONFERANSI\u201d D\u00dcZENLEND\u0130 -\" \/>\n<meta property=\"og:description\" content=\"Do\u011fu Akdeniz \u00dcniversitesi\u2019nde (DA\u00dc), Hukuk Fak\u00fcltesi ev sahipli\u011finde, T\u00fcrkiye\u2019nin \u0130slam \u0130\u015fbirli\u011fi Te\u015fkilat\u0131 (\u0130\u0130T) 51. D\u0131\u015fi\u015fleri Bakanlar\u0131 Konseyi D\u00f6nem Ba\u015fkanl\u0131\u011f\u0131 \u00e7er\u00e7evesinde, \u0130\u0130T Ba\u011f\u0131ms\u0131z Daimi \u0130nsan Haklar\u0131 Komisyonu\u2019nun kat\u0131l\u0131m\u0131, Kuzey K\u0131br\u0131s T\u00fcrk Cumhuriyeti (KKTC) D\u0131\u015fi\u015fleri Bakanl\u0131\u011f\u0131 ve T\u00fcrkiye Cumhuriyeti (TC) Lefko\u015fa B\u00fcy\u00fckel\u00e7ili\u011fi\u2019nin deste\u011fi ile \u201cE\u011fitim Hakk\u0131\u201d konulu uluslararas\u0131 konferans d\u00fczenlendi. Mustafa Af\u015fin Ersoy Salonu\u2019nda, e\u011fitim hakk\u0131, farkl\u0131\" \/>\n<meta property=\"og:url\" content=\"https:\/\/kibrisdakik.com\/?p=111392\" \/>\n<meta property=\"article:published_time\" content=\"2026-04-28T09:27:35+00:00\" \/>\n<meta property=\"og:image\" content=\"https:\/\/mhahabercom.teimg.com\/crop\/1280x720\/mhahaber-com\/uploads\/2026\/04\/mha-sari-beyaz-kurtarildi-29.png\" \/>\n<meta name=\"author\" content=\"admin\" \/>\n<meta name=\"twitter:card\" content=\"summary_large_image\" \/>\n<meta name=\"twitter:label1\" content=\"Yazan:\" \/>\n\t<meta name=\"twitter:data1\" content=\"admin\" \/>\n\t<meta name=\"twitter:label2\" content=\"Tahmini okuma s\u00fcresi\" \/>\n\t<meta name=\"twitter:data2\" content=\"4 dakika\" \/>\n<script type=\"application\/ld+json\" class=\"yoast-schema-graph\">{\"@context\":\"https:\\\/\\\/schema.org\",\"@graph\":[{\"@type\":\"Article\",\"@id\":\"https:\\\/\\\/kibrisdakik.com\\\/?p=111392#article\",\"isPartOf\":{\"@id\":\"https:\\\/\\\/kibrisdakik.com\\\/?p=111392\"},\"author\":{\"name\":\"admin\",\"@id\":\"https:\\\/\\\/kibrisdakik.com\\\/#\\\/schema\\\/person\\\/9cd9d437bbb44f72b73ba127e06d8e79\"},\"headline\":\"DA\u00dc\u2019DE \u201dE\u011e\u0130T\u0130M HAKKI ULUSLARARASI KONFERANSI\u201d D\u00dcZENLEND\u0130\",\"datePublished\":\"2026-04-28T09:27:35+00:00\",\"mainEntityOfPage\":{\"@id\":\"https:\\\/\\\/kibrisdakik.com\\\/?p=111392\"},\"wordCount\":842,\"commentCount\":0,\"image\":{\"@id\":\"https:\\\/\\\/kibrisdakik.com\\\/?p=111392#primaryimage\"},\"thumbnailUrl\":\"https:\\\/\\\/kibrisdakik.com\\\/wp-content\\\/uploads\\\/2026\\\/04\\\/mha-sari-beyaz-kurtarildi-29.png\",\"articleSection\":[\"K\u0131br\u0131s\"],\"inLanguage\":\"tr\",\"potentialAction\":[{\"@type\":\"CommentAction\",\"name\":\"Comment\",\"target\":[\"https:\\\/\\\/kibrisdakik.com\\\/?p=111392#respond\"]}]},{\"@type\":\"WebPage\",\"@id\":\"https:\\\/\\\/kibrisdakik.com\\\/?p=111392\",\"url\":\"https:\\\/\\\/kibrisdakik.com\\\/?p=111392\",\"name\":\"DA\u00dc\u2019DE \u201dE\u011e\u0130T\u0130M HAKKI ULUSLARARASI KONFERANSI\u201d D\u00dcZENLEND\u0130 -\",\"isPartOf\":{\"@id\":\"https:\\\/\\\/kibrisdakik.com\\\/#website\"},\"primaryImageOfPage\":{\"@id\":\"https:\\\/\\\/kibrisdakik.com\\\/?p=111392#primaryimage\"},\"image\":{\"@id\":\"https:\\\/\\\/kibrisdakik.com\\\/?p=111392#primaryimage\"},\"thumbnailUrl\":\"https:\\\/\\\/kibrisdakik.com\\\/wp-content\\\/uploads\\\/2026\\\/04\\\/mha-sari-beyaz-kurtarildi-29.png\",\"datePublished\":\"2026-04-28T09:27:35+00:00\",\"author\":{\"@id\":\"https:\\\/\\\/kibrisdakik.com\\\/#\\\/schema\\\/person\\\/9cd9d437bbb44f72b73ba127e06d8e79\"},\"breadcrumb\":{\"@id\":\"https:\\\/\\\/kibrisdakik.com\\\/?p=111392#breadcrumb\"},\"inLanguage\":\"tr\",\"potentialAction\":[{\"@type\":\"ReadAction\",\"target\":[\"https:\\\/\\\/kibrisdakik.com\\\/?p=111392\"]}]},{\"@type\":\"ImageObject\",\"inLanguage\":\"tr\",\"@id\":\"https:\\\/\\\/kibrisdakik.com\\\/?p=111392#primaryimage\",\"url\":\"https:\\\/\\\/kibrisdakik.com\\\/wp-content\\\/uploads\\\/2026\\\/04\\\/mha-sari-beyaz-kurtarildi-29.png\",\"contentUrl\":\"https:\\\/\\\/kibrisdakik.com\\\/wp-content\\\/uploads\\\/2026\\\/04\\\/mha-sari-beyaz-kurtarildi-29.png\",\"width\":1280,\"height\":720},{\"@type\":\"BreadcrumbList\",\"@id\":\"https:\\\/\\\/kibrisdakik.com\\\/?p=111392#breadcrumb\",\"itemListElement\":[{\"@type\":\"ListItem\",\"position\":1,\"name\":\"Home\",\"item\":\"https:\\\/\\\/kibrisdakik.com\\\/\"},{\"@type\":\"ListItem\",\"position\":2,\"name\":\"DA\u00dc\u2019DE \u201dE\u011e\u0130T\u0130M HAKKI ULUSLARARASI KONFERANSI\u201d D\u00dcZENLEND\u0130\"}]},{\"@type\":\"WebSite\",\"@id\":\"https:\\\/\\\/kibrisdakik.com\\\/#website\",\"url\":\"https:\\\/\\\/kibrisdakik.com\\\/\",\"name\":\"\",\"description\":\"Tam vaktinde haber\",\"potentialAction\":[{\"@type\":\"SearchAction\",\"target\":{\"@type\":\"EntryPoint\",\"urlTemplate\":\"https:\\\/\\\/kibrisdakik.com\\\/?s={search_term_string}\"},\"query-input\":{\"@type\":\"PropertyValueSpecification\",\"valueRequired\":true,\"valueName\":\"search_term_string\"}}],\"inLanguage\":\"tr\"},{\"@type\":\"Person\",\"@id\":\"https:\\\/\\\/kibrisdakik.com\\\/#\\\/schema\\\/person\\\/9cd9d437bbb44f72b73ba127e06d8e79\",\"name\":\"admin\",\"image\":{\"@type\":\"ImageObject\",\"inLanguage\":\"tr\",\"@id\":\"https:\\\/\\\/secure.gravatar.com\\\/avatar\\\/ccc17943b9d660506c869530f897617f7cb1c21a4bf30023f252596d83e1f007?s=96&d=mm&r=g\",\"url\":\"https:\\\/\\\/secure.gravatar.com\\\/avatar\\\/ccc17943b9d660506c869530f897617f7cb1c21a4bf30023f252596d83e1f007?s=96&d=mm&r=g\",\"contentUrl\":\"https:\\\/\\\/secure.gravatar.com\\\/avatar\\\/ccc17943b9d660506c869530f897617f7cb1c21a4bf30023f252596d83e1f007?s=96&d=mm&r=g\",\"caption\":\"admin\"},\"sameAs\":[\"https:\\\/\\\/kibrisdakik.com\"],\"url\":\"https:\\\/\\\/kibrisdakik.com\\\/?author=1\"}]}<\/script>\n<!-- \/ Yoast SEO plugin. -->","yoast_head_json":{"title":"DA\u00dc\u2019DE \u201dE\u011e\u0130T\u0130M HAKKI ULUSLARARASI KONFERANSI\u201d D\u00dcZENLEND\u0130 -","robots":{"index":"index","follow":"follow","max-snippet":"max-snippet:-1","max-image-preview":"max-image-preview:large","max-video-preview":"max-video-preview:-1"},"canonical":"https:\/\/kibrisdakik.com\/?p=111392","og_locale":"tr_TR","og_type":"article","og_title":"DA\u00dc\u2019DE \u201dE\u011e\u0130T\u0130M HAKKI ULUSLARARASI KONFERANSI\u201d D\u00dcZENLEND\u0130 -","og_description":"Do\u011fu Akdeniz \u00dcniversitesi\u2019nde (DA\u00dc), Hukuk Fak\u00fcltesi ev sahipli\u011finde, T\u00fcrkiye\u2019nin \u0130slam \u0130\u015fbirli\u011fi Te\u015fkilat\u0131 (\u0130\u0130T) 51. D\u0131\u015fi\u015fleri Bakanlar\u0131 Konseyi D\u00f6nem Ba\u015fkanl\u0131\u011f\u0131 \u00e7er\u00e7evesinde, \u0130\u0130T Ba\u011f\u0131ms\u0131z Daimi \u0130nsan Haklar\u0131 Komisyonu\u2019nun kat\u0131l\u0131m\u0131, Kuzey K\u0131br\u0131s T\u00fcrk Cumhuriyeti (KKTC) D\u0131\u015fi\u015fleri Bakanl\u0131\u011f\u0131 ve T\u00fcrkiye Cumhuriyeti (TC) Lefko\u015fa B\u00fcy\u00fckel\u00e7ili\u011fi\u2019nin deste\u011fi ile \u201cE\u011fitim Hakk\u0131\u201d konulu uluslararas\u0131 konferans d\u00fczenlendi. Mustafa Af\u015fin Ersoy Salonu\u2019nda, e\u011fitim hakk\u0131, farkl\u0131","og_url":"https:\/\/kibrisdakik.com\/?p=111392","article_published_time":"2026-04-28T09:27:35+00:00","og_image":[{"url":"https:\/\/mhahabercom.teimg.com\/crop\/1280x720\/mhahaber-com\/uploads\/2026\/04\/mha-sari-beyaz-kurtarildi-29.png","type":"","width":"","height":""}],"author":"admin","twitter_card":"summary_large_image","twitter_misc":{"Yazan:":"admin","Tahmini okuma s\u00fcresi":"4 dakika"},"schema":{"@context":"https:\/\/schema.org","@graph":[{"@type":"Article","@id":"https:\/\/kibrisdakik.com\/?p=111392#article","isPartOf":{"@id":"https:\/\/kibrisdakik.com\/?p=111392"},"author":{"name":"admin","@id":"https:\/\/kibrisdakik.com\/#\/schema\/person\/9cd9d437bbb44f72b73ba127e06d8e79"},"headline":"DA\u00dc\u2019DE \u201dE\u011e\u0130T\u0130M HAKKI ULUSLARARASI KONFERANSI\u201d D\u00dcZENLEND\u0130","datePublished":"2026-04-28T09:27:35+00:00","mainEntityOfPage":{"@id":"https:\/\/kibrisdakik.com\/?p=111392"},"wordCount":842,"commentCount":0,"image":{"@id":"https:\/\/kibrisdakik.com\/?p=111392#primaryimage"},"thumbnailUrl":"https:\/\/kibrisdakik.com\/wp-content\/uploads\/2026\/04\/mha-sari-beyaz-kurtarildi-29.png","articleSection":["K\u0131br\u0131s"],"inLanguage":"tr","potentialAction":[{"@type":"CommentAction","name":"Comment","target":["https:\/\/kibrisdakik.com\/?p=111392#respond"]}]},{"@type":"WebPage","@id":"https:\/\/kibrisdakik.com\/?p=111392","url":"https:\/\/kibrisdakik.com\/?p=111392","name":"DA\u00dc\u2019DE \u201dE\u011e\u0130T\u0130M HAKKI ULUSLARARASI KONFERANSI\u201d D\u00dcZENLEND\u0130 -","isPartOf":{"@id":"https:\/\/kibrisdakik.com\/#website"},"primaryImageOfPage":{"@id":"https:\/\/kibrisdakik.com\/?p=111392#primaryimage"},"image":{"@id":"https:\/\/kibrisdakik.com\/?p=111392#primaryimage"},"thumbnailUrl":"https:\/\/kibrisdakik.com\/wp-content\/uploads\/2026\/04\/mha-sari-beyaz-kurtarildi-29.png","datePublished":"2026-04-28T09:27:35+00:00","author":{"@id":"https:\/\/kibrisdakik.com\/#\/schema\/person\/9cd9d437bbb44f72b73ba127e06d8e79"},"breadcrumb":{"@id":"https:\/\/kibrisdakik.com\/?p=111392#breadcrumb"},"inLanguage":"tr","potentialAction":[{"@type":"ReadAction","target":["https:\/\/kibrisdakik.com\/?p=111392"]}]},{"@type":"ImageObject","inLanguage":"tr","@id":"https:\/\/kibrisdakik.com\/?p=111392#primaryimage","url":"https:\/\/kibrisdakik.com\/wp-content\/uploads\/2026\/04\/mha-sari-beyaz-kurtarildi-29.png","contentUrl":"https:\/\/kibrisdakik.com\/wp-content\/uploads\/2026\/04\/mha-sari-beyaz-kurtarildi-29.png","width":1280,"height":720},{"@type":"BreadcrumbList","@id":"https:\/\/kibrisdakik.com\/?p=111392#breadcrumb","itemListElement":[{"@type":"ListItem","position":1,"name":"Home","item":"https:\/\/kibrisdakik.com\/"},{"@type":"ListItem","position":2,"name":"DA\u00dc\u2019DE \u201dE\u011e\u0130T\u0130M HAKKI ULUSLARARASI KONFERANSI\u201d D\u00dcZENLEND\u0130"}]},{"@type":"WebSite","@id":"https:\/\/kibrisdakik.com\/#website","url":"https:\/\/kibrisdakik.com\/","name":"","description":"Tam vaktinde haber","potentialAction":[{"@type":"SearchAction","target":{"@type":"EntryPoint","urlTemplate":"https:\/\/kibrisdakik.com\/?s={search_term_string}"},"query-input":{"@type":"PropertyValueSpecification","valueRequired":true,"valueName":"search_term_string"}}],"inLanguage":"tr"},{"@type":"Person","@id":"https:\/\/kibrisdakik.com\/#\/schema\/person\/9cd9d437bbb44f72b73ba127e06d8e79","name":"admin","image":{"@type":"ImageObject","inLanguage":"tr","@id":"https:\/\/secure.gravatar.com\/avatar\/ccc17943b9d660506c869530f897617f7cb1c21a4bf30023f252596d83e1f007?s=96&d=mm&r=g","url":"https:\/\/secure.gravatar.com\/avatar\/ccc17943b9d660506c869530f897617f7cb1c21a4bf30023f252596d83e1f007?s=96&d=mm&r=g","contentUrl":"https:\/\/secure.gravatar.com\/avatar\/ccc17943b9d660506c869530f897617f7cb1c21a4bf30023f252596d83e1f007?s=96&d=mm&r=g","caption":"admin"},"sameAs":["https:\/\/kibrisdakik.com"],"url":"https:\/\/kibrisdakik.com\/?author=1"}]}},"_links":{"self":[{"href":"https:\/\/kibrisdakik.com\/index.php?rest_route=\/wp\/v2\/posts\/111392","targetHints":{"allow":["GET"]}}],"collection":[{"href":"https:\/\/kibrisdakik.com\/index.php?rest_route=\/wp\/v2\/posts"}],"about":[{"href":"https:\/\/kibrisdakik.com\/index.php?rest_route=\/wp\/v2\/types\/post"}],"author":[{"embeddable":true,"href":"https:\/\/kibrisdakik.com\/index.php?rest_route=\/wp\/v2\/users\/1"}],"replies":[{"embeddable":true,"href":"https:\/\/kibrisdakik.com\/index.php?rest_route=%2Fwp%2Fv2%2Fcomments&post=111392"}],"version-history":[{"count":0,"href":"https:\/\/kibrisdakik.com\/index.php?rest_route=\/wp\/v2\/posts\/111392\/revisions"}],"wp:featuredmedia":[{"embeddable":true,"href":"https:\/\/kibrisdakik.com\/index.php?rest_route=\/wp\/v2\/media\/111393"}],"wp:attachment":[{"href":"https:\/\/kibrisdakik.com\/index.php?rest_route=%2Fwp%2Fv2%2Fmedia&parent=111392"}],"wp:term":[{"taxonomy":"category","embeddable":true,"href":"https:\/\/kibrisdakik.com\/index.php?rest_route=%2Fwp%2Fv2%2Fcategories&post=111392"},{"taxonomy":"post_tag","embeddable":true,"href":"https:\/\/kibrisdakik.com\/index.php?rest_route=%2Fwp%2Fv2%2Ftags&post=111392"}],"curies":[{"name":"wp","href":"https:\/\/api.w.org\/{rel}","templated":true}]}}