{"id":111398,"date":"2026-04-28T13:04:14","date_gmt":"2026-04-28T10:04:14","guid":{"rendered":"https:\/\/kibrisdakik.com\/?p=111398"},"modified":"2026-04-28T13:04:14","modified_gmt":"2026-04-28T10:04:14","slug":"sanayiyi-savas-alanina-cevirdiler-mermiler-havada-ucustu","status":"publish","type":"post","link":"https:\/\/kibrisdakik.com\/?p=111398","title":{"rendered":"SANAY\u0130Y\u0130 SAVA\u015e ALANINA \u00c7EV\u0130RD\u0130LER: MERM\u0130LER HAVADA U\u00c7U\u015eTU!"},"content":{"rendered":"<p><\/p>\n<div data-text-id=\"200875\" property=\"articleBody\">\n<p><strong>(28.04.2026&#8230;MHA&#8230;)<\/strong>  Sanayi b\u00f6lgesinde \u00e7\u0131kan kavgada mermiler havada u\u00e7u\u015ftu<\/p>\n<p>Gazima\u011fusa B\u00fcy\u00fck Sanayi B\u00f6lgesi\u2019nde, d\u00fcn gece 22.30\u2019da \u00e7\u0131kan kavgada, tabancas\u0131na sar\u0131lan bir \u015fah\u0131s, kar\u015f\u0131 gruba mermi ya\u011fd\u0131rd\u0131. Konu \u015fah\u0131s olay yerinden ka\u00e7arken, olayla ba\u011flant\u0131l\u0131 \u00c7.Y., G.\u00d6., \u00d6.\u00d6., E.K. isimli zanl\u0131lar mahkemeye \u00e7\u0131kar\u0131larak tutukland\u0131.<\/p>\n<p>Mahkemeye olayla ilgili bulgular\u0131 polis memuru Muhammet G\u00f6zta\u015f aktard\u0131. G\u00f6zta\u015f, d\u00fcn gece saat 22.30 s\u0131ralar\u0131nda, Organize Sanayi B\u00f6lgesi, 9.sokakta, bir i\u015fletme \u00f6n\u00fcnde, \u015fu an firari durumda olan bir \u015fahs\u0131n, ye\u011feni olan zanl\u0131 2 G.\u00d6. ile tart\u0131\u015fan 11 ki\u015filik gruba, tabancas\u0131 ile 6 el ate\u015f etti\u011fini ve zanl\u0131 3 \u00d6.\u00d6.\u2019n\u00fcn kullan\u0131m\u0131ndaki ara\u00e7la olay yerinden ka\u00e7t\u0131\u011f\u0131n\u0131 anlatt\u0131.<\/p>\n<p>Olay\u0131n ger\u00e7ekle\u015fti\u011fi b\u00f6lgede, zanl\u0131 1 \u00c7.Y. ve zanl\u0131 4 E.K.\u2019ye ait i\u015fyerinde yap\u0131lan aramada da 4 canl\u0131 mermi bulundu\u011funu aktaran G\u00f6zta\u015f, soru\u015fturman\u0131n s\u00fcrd\u00fc\u011f\u00fcn\u00fc ve aranan bir \u015fahs\u0131n oldu\u011funu vurgulayarak, zanl\u0131lar\u0131n tutuklu kalmas\u0131n\u0131 talep etti. Yarg\u0131\u00e7 Evren M\u00fcrsel, meselenin de ciddiyetine dikkat \u00e7ekti ve zanl\u0131lar\u0131n 2 g\u00fcn tutuklu kalmas\u0131 y\u00f6n\u00fcnde emir verdi. <strong>(MHA)<\/strong><\/p>\n<\/p><\/div>\n","protected":false},"excerpt":{"rendered":"<p>(28.04.2026&#8230;MHA&#8230;) Sanayi b\u00f6lgesinde \u00e7\u0131kan kavgada mermiler havada u\u00e7u\u015ftu Gazima\u011fusa B\u00fcy\u00fck Sanayi B\u00f6lgesi\u2019nde, d\u00fcn gece 22.30\u2019da \u00e7\u0131kan kavgada, tabancas\u0131na sar\u0131lan bir \u015fah\u0131s, kar\u015f\u0131 gruba mermi ya\u011fd\u0131rd\u0131. Konu \u015fah\u0131s olay yerinden ka\u00e7arken, olayla ba\u011flant\u0131l\u0131 \u00c7.Y., G.\u00d6., \u00d6.\u00d6., E.K. isimli zanl\u0131lar mahkemeye \u00e7\u0131kar\u0131larak tutukland\u0131. Mahkemeye olayla ilgili bulgular\u0131 polis memuru Muhammet G\u00f6zta\u015f aktard\u0131. G\u00f6zta\u015f, d\u00fcn gece saat 22.30<\/p>\n","protected":false},"author":1,"featured_media":111399,"comment_status":"open","ping_status":"open","sticky":false,"template":"","format":"standard","meta":{"footnotes":""},"categories":[81],"tags":[],"class_list":["post-111398","post","type-post","status-publish","format-standard","has-post-thumbnail","hentry","category-kibris"],"yoast_head":"<!-- This site is optimized with the Yoast SEO plugin v27.5 - https:\/\/yoast.com\/product\/yoast-seo-wordpress\/ -->\n<title>SANAY\u0130Y\u0130 SAVA\u015e ALANINA \u00c7EV\u0130RD\u0130LER: MERM\u0130LER HAVADA U\u00c7U\u015eTU! -<\/title>\n<meta name=\"robots\" content=\"index, follow, max-snippet:-1, max-image-preview:large, max-video-preview:-1\" \/>\n<link rel=\"canonical\" href=\"https:\/\/kibrisdakik.com\/?p=111398\" \/>\n<meta property=\"og:locale\" content=\"tr_TR\" \/>\n<meta property=\"og:type\" content=\"article\" \/>\n<meta property=\"og:title\" content=\"SANAY\u0130Y\u0130 SAVA\u015e ALANINA \u00c7EV\u0130RD\u0130LER: MERM\u0130LER HAVADA U\u00c7U\u015eTU! -\" \/>\n<meta property=\"og:description\" content=\"(28.04.2026&#8230;MHA&#8230;) Sanayi b\u00f6lgesinde \u00e7\u0131kan kavgada mermiler havada u\u00e7u\u015ftu Gazima\u011fusa B\u00fcy\u00fck Sanayi B\u00f6lgesi\u2019nde, d\u00fcn gece 22.30\u2019da \u00e7\u0131kan kavgada, tabancas\u0131na sar\u0131lan bir \u015fah\u0131s, kar\u015f\u0131 gruba mermi ya\u011fd\u0131rd\u0131. Konu \u015fah\u0131s olay yerinden ka\u00e7arken, olayla ba\u011flant\u0131l\u0131 \u00c7.Y., G.\u00d6., \u00d6.\u00d6., E.K. isimli zanl\u0131lar mahkemeye \u00e7\u0131kar\u0131larak tutukland\u0131. Mahkemeye olayla ilgili bulgular\u0131 polis memuru Muhammet G\u00f6zta\u015f aktard\u0131. G\u00f6zta\u015f, d\u00fcn gece saat 22.30\" \/>\n<meta property=\"og:url\" content=\"https:\/\/kibrisdakik.com\/?p=111398\" \/>\n<meta property=\"article:published_time\" content=\"2026-04-28T10:04:14+00:00\" \/>\n<meta property=\"og:image\" content=\"https:\/\/mhahabercom.teimg.com\/crop\/1280x720\/mhahaber-com\/uploads\/2026\/04\/mha-sari-beyaz-5010.png\" \/>\n<meta name=\"author\" content=\"admin\" \/>\n<meta name=\"twitter:card\" content=\"summary_large_image\" \/>\n<meta name=\"twitter:label1\" content=\"Yazan:\" \/>\n\t<meta name=\"twitter:data1\" content=\"admin\" \/>\n\t<meta name=\"twitter:label2\" content=\"Tahmini okuma s\u00fcresi\" \/>\n\t<meta name=\"twitter:data2\" content=\"1 dakika\" \/>\n<script type=\"application\/ld+json\" class=\"yoast-schema-graph\">{\"@context\":\"https:\\\/\\\/schema.org\",\"@graph\":[{\"@type\":\"Article\",\"@id\":\"https:\\\/\\\/kibrisdakik.com\\\/?p=111398#article\",\"isPartOf\":{\"@id\":\"https:\\\/\\\/kibrisdakik.com\\\/?p=111398\"},\"author\":{\"name\":\"admin\",\"@id\":\"https:\\\/\\\/kibrisdakik.com\\\/#\\\/schema\\\/person\\\/9cd9d437bbb44f72b73ba127e06d8e79\"},\"headline\":\"SANAY\u0130Y\u0130 SAVA\u015e ALANINA \u00c7EV\u0130RD\u0130LER: MERM\u0130LER HAVADA U\u00c7U\u015eTU!\",\"datePublished\":\"2026-04-28T10:04:14+00:00\",\"mainEntityOfPage\":{\"@id\":\"https:\\\/\\\/kibrisdakik.com\\\/?p=111398\"},\"wordCount\":217,\"commentCount\":0,\"image\":{\"@id\":\"https:\\\/\\\/kibrisdakik.com\\\/?p=111398#primaryimage\"},\"thumbnailUrl\":\"https:\\\/\\\/kibrisdakik.com\\\/wp-content\\\/uploads\\\/2026\\\/04\\\/mha-sari-beyaz-5010.png\",\"articleSection\":[\"K\u0131br\u0131s\"],\"inLanguage\":\"tr\",\"potentialAction\":[{\"@type\":\"CommentAction\",\"name\":\"Comment\",\"target\":[\"https:\\\/\\\/kibrisdakik.com\\\/?p=111398#respond\"]}]},{\"@type\":\"WebPage\",\"@id\":\"https:\\\/\\\/kibrisdakik.com\\\/?p=111398\",\"url\":\"https:\\\/\\\/kibrisdakik.com\\\/?p=111398\",\"name\":\"SANAY\u0130Y\u0130 SAVA\u015e ALANINA \u00c7EV\u0130RD\u0130LER: MERM\u0130LER HAVADA U\u00c7U\u015eTU! -\",\"isPartOf\":{\"@id\":\"https:\\\/\\\/kibrisdakik.com\\\/#website\"},\"primaryImageOfPage\":{\"@id\":\"https:\\\/\\\/kibrisdakik.com\\\/?p=111398#primaryimage\"},\"image\":{\"@id\":\"https:\\\/\\\/kibrisdakik.com\\\/?p=111398#primaryimage\"},\"thumbnailUrl\":\"https:\\\/\\\/kibrisdakik.com\\\/wp-content\\\/uploads\\\/2026\\\/04\\\/mha-sari-beyaz-5010.png\",\"datePublished\":\"2026-04-28T10:04:14+00:00\",\"author\":{\"@id\":\"https:\\\/\\\/kibrisdakik.com\\\/#\\\/schema\\\/person\\\/9cd9d437bbb44f72b73ba127e06d8e79\"},\"breadcrumb\":{\"@id\":\"https:\\\/\\\/kibrisdakik.com\\\/?p=111398#breadcrumb\"},\"inLanguage\":\"tr\",\"potentialAction\":[{\"@type\":\"ReadAction\",\"target\":[\"https:\\\/\\\/kibrisdakik.com\\\/?p=111398\"]}]},{\"@type\":\"ImageObject\",\"inLanguage\":\"tr\",\"@id\":\"https:\\\/\\\/kibrisdakik.com\\\/?p=111398#primaryimage\",\"url\":\"https:\\\/\\\/kibrisdakik.com\\\/wp-content\\\/uploads\\\/2026\\\/04\\\/mha-sari-beyaz-5010.png\",\"contentUrl\":\"https:\\\/\\\/kibrisdakik.com\\\/wp-content\\\/uploads\\\/2026\\\/04\\\/mha-sari-beyaz-5010.png\",\"width\":1280,\"height\":720},{\"@type\":\"BreadcrumbList\",\"@id\":\"https:\\\/\\\/kibrisdakik.com\\\/?p=111398#breadcrumb\",\"itemListElement\":[{\"@type\":\"ListItem\",\"position\":1,\"name\":\"Home\",\"item\":\"https:\\\/\\\/kibrisdakik.com\\\/\"},{\"@type\":\"ListItem\",\"position\":2,\"name\":\"SANAY\u0130Y\u0130 SAVA\u015e ALANINA \u00c7EV\u0130RD\u0130LER: MERM\u0130LER HAVADA U\u00c7U\u015eTU!\"}]},{\"@type\":\"WebSite\",\"@id\":\"https:\\\/\\\/kibrisdakik.com\\\/#website\",\"url\":\"https:\\\/\\\/kibrisdakik.com\\\/\",\"name\":\"\",\"description\":\"Tam vaktinde haber\",\"potentialAction\":[{\"@type\":\"SearchAction\",\"target\":{\"@type\":\"EntryPoint\",\"urlTemplate\":\"https:\\\/\\\/kibrisdakik.com\\\/?s={search_term_string}\"},\"query-input\":{\"@type\":\"PropertyValueSpecification\",\"valueRequired\":true,\"valueName\":\"search_term_string\"}}],\"inLanguage\":\"tr\"},{\"@type\":\"Person\",\"@id\":\"https:\\\/\\\/kibrisdakik.com\\\/#\\\/schema\\\/person\\\/9cd9d437bbb44f72b73ba127e06d8e79\",\"name\":\"admin\",\"image\":{\"@type\":\"ImageObject\",\"inLanguage\":\"tr\",\"@id\":\"https:\\\/\\\/secure.gravatar.com\\\/avatar\\\/ccc17943b9d660506c869530f897617f7cb1c21a4bf30023f252596d83e1f007?s=96&d=mm&r=g\",\"url\":\"https:\\\/\\\/secure.gravatar.com\\\/avatar\\\/ccc17943b9d660506c869530f897617f7cb1c21a4bf30023f252596d83e1f007?s=96&d=mm&r=g\",\"contentUrl\":\"https:\\\/\\\/secure.gravatar.com\\\/avatar\\\/ccc17943b9d660506c869530f897617f7cb1c21a4bf30023f252596d83e1f007?s=96&d=mm&r=g\",\"caption\":\"admin\"},\"sameAs\":[\"https:\\\/\\\/kibrisdakik.com\"],\"url\":\"https:\\\/\\\/kibrisdakik.com\\\/?author=1\"}]}<\/script>\n<!-- \/ Yoast SEO plugin. -->","yoast_head_json":{"title":"SANAY\u0130Y\u0130 SAVA\u015e ALANINA \u00c7EV\u0130RD\u0130LER: MERM\u0130LER HAVADA U\u00c7U\u015eTU! -","robots":{"index":"index","follow":"follow","max-snippet":"max-snippet:-1","max-image-preview":"max-image-preview:large","max-video-preview":"max-video-preview:-1"},"canonical":"https:\/\/kibrisdakik.com\/?p=111398","og_locale":"tr_TR","og_type":"article","og_title":"SANAY\u0130Y\u0130 SAVA\u015e ALANINA \u00c7EV\u0130RD\u0130LER: MERM\u0130LER HAVADA U\u00c7U\u015eTU! -","og_description":"(28.04.2026&#8230;MHA&#8230;) Sanayi b\u00f6lgesinde \u00e7\u0131kan kavgada mermiler havada u\u00e7u\u015ftu Gazima\u011fusa B\u00fcy\u00fck Sanayi B\u00f6lgesi\u2019nde, d\u00fcn gece 22.30\u2019da \u00e7\u0131kan kavgada, tabancas\u0131na sar\u0131lan bir \u015fah\u0131s, kar\u015f\u0131 gruba mermi ya\u011fd\u0131rd\u0131. Konu \u015fah\u0131s olay yerinden ka\u00e7arken, olayla ba\u011flant\u0131l\u0131 \u00c7.Y., G.\u00d6., \u00d6.\u00d6., E.K. isimli zanl\u0131lar mahkemeye \u00e7\u0131kar\u0131larak tutukland\u0131. Mahkemeye olayla ilgili bulgular\u0131 polis memuru Muhammet G\u00f6zta\u015f aktard\u0131. G\u00f6zta\u015f, d\u00fcn gece saat 22.30","og_url":"https:\/\/kibrisdakik.com\/?p=111398","article_published_time":"2026-04-28T10:04:14+00:00","og_image":[{"url":"https:\/\/mhahabercom.teimg.com\/crop\/1280x720\/mhahaber-com\/uploads\/2026\/04\/mha-sari-beyaz-5010.png","type":"","width":"","height":""}],"author":"admin","twitter_card":"summary_large_image","twitter_misc":{"Yazan:":"admin","Tahmini okuma s\u00fcresi":"1 dakika"},"schema":{"@context":"https:\/\/schema.org","@graph":[{"@type":"Article","@id":"https:\/\/kibrisdakik.com\/?p=111398#article","isPartOf":{"@id":"https:\/\/kibrisdakik.com\/?p=111398"},"author":{"name":"admin","@id":"https:\/\/kibrisdakik.com\/#\/schema\/person\/9cd9d437bbb44f72b73ba127e06d8e79"},"headline":"SANAY\u0130Y\u0130 SAVA\u015e ALANINA \u00c7EV\u0130RD\u0130LER: MERM\u0130LER HAVADA U\u00c7U\u015eTU!","datePublished":"2026-04-28T10:04:14+00:00","mainEntityOfPage":{"@id":"https:\/\/kibrisdakik.com\/?p=111398"},"wordCount":217,"commentCount":0,"image":{"@id":"https:\/\/kibrisdakik.com\/?p=111398#primaryimage"},"thumbnailUrl":"https:\/\/kibrisdakik.com\/wp-content\/uploads\/2026\/04\/mha-sari-beyaz-5010.png","articleSection":["K\u0131br\u0131s"],"inLanguage":"tr","potentialAction":[{"@type":"CommentAction","name":"Comment","target":["https:\/\/kibrisdakik.com\/?p=111398#respond"]}]},{"@type":"WebPage","@id":"https:\/\/kibrisdakik.com\/?p=111398","url":"https:\/\/kibrisdakik.com\/?p=111398","name":"SANAY\u0130Y\u0130 SAVA\u015e ALANINA \u00c7EV\u0130RD\u0130LER: MERM\u0130LER HAVADA U\u00c7U\u015eTU! -","isPartOf":{"@id":"https:\/\/kibrisdakik.com\/#website"},"primaryImageOfPage":{"@id":"https:\/\/kibrisdakik.com\/?p=111398#primaryimage"},"image":{"@id":"https:\/\/kibrisdakik.com\/?p=111398#primaryimage"},"thumbnailUrl":"https:\/\/kibrisdakik.com\/wp-content\/uploads\/2026\/04\/mha-sari-beyaz-5010.png","datePublished":"2026-04-28T10:04:14+00:00","author":{"@id":"https:\/\/kibrisdakik.com\/#\/schema\/person\/9cd9d437bbb44f72b73ba127e06d8e79"},"breadcrumb":{"@id":"https:\/\/kibrisdakik.com\/?p=111398#breadcrumb"},"inLanguage":"tr","potentialAction":[{"@type":"ReadAction","target":["https:\/\/kibrisdakik.com\/?p=111398"]}]},{"@type":"ImageObject","inLanguage":"tr","@id":"https:\/\/kibrisdakik.com\/?p=111398#primaryimage","url":"https:\/\/kibrisdakik.com\/wp-content\/uploads\/2026\/04\/mha-sari-beyaz-5010.png","contentUrl":"https:\/\/kibrisdakik.com\/wp-content\/uploads\/2026\/04\/mha-sari-beyaz-5010.png","width":1280,"height":720},{"@type":"BreadcrumbList","@id":"https:\/\/kibrisdakik.com\/?p=111398#breadcrumb","itemListElement":[{"@type":"ListItem","position":1,"name":"Home","item":"https:\/\/kibrisdakik.com\/"},{"@type":"ListItem","position":2,"name":"SANAY\u0130Y\u0130 SAVA\u015e ALANINA \u00c7EV\u0130RD\u0130LER: MERM\u0130LER HAVADA U\u00c7U\u015eTU!"}]},{"@type":"WebSite","@id":"https:\/\/kibrisdakik.com\/#website","url":"https:\/\/kibrisdakik.com\/","name":"","description":"Tam vaktinde haber","potentialAction":[{"@type":"SearchAction","target":{"@type":"EntryPoint","urlTemplate":"https:\/\/kibrisdakik.com\/?s={search_term_string}"},"query-input":{"@type":"PropertyValueSpecification","valueRequired":true,"valueName":"search_term_string"}}],"inLanguage":"tr"},{"@type":"Person","@id":"https:\/\/kibrisdakik.com\/#\/schema\/person\/9cd9d437bbb44f72b73ba127e06d8e79","name":"admin","image":{"@type":"ImageObject","inLanguage":"tr","@id":"https:\/\/secure.gravatar.com\/avatar\/ccc17943b9d660506c869530f897617f7cb1c21a4bf30023f252596d83e1f007?s=96&d=mm&r=g","url":"https:\/\/secure.gravatar.com\/avatar\/ccc17943b9d660506c869530f897617f7cb1c21a4bf30023f252596d83e1f007?s=96&d=mm&r=g","contentUrl":"https:\/\/secure.gravatar.com\/avatar\/ccc17943b9d660506c869530f897617f7cb1c21a4bf30023f252596d83e1f007?s=96&d=mm&r=g","caption":"admin"},"sameAs":["https:\/\/kibrisdakik.com"],"url":"https:\/\/kibrisdakik.com\/?author=1"}]}},"_links":{"self":[{"href":"https:\/\/kibrisdakik.com\/index.php?rest_route=\/wp\/v2\/posts\/111398","targetHints":{"allow":["GET"]}}],"collection":[{"href":"https:\/\/kibrisdakik.com\/index.php?rest_route=\/wp\/v2\/posts"}],"about":[{"href":"https:\/\/kibrisdakik.com\/index.php?rest_route=\/wp\/v2\/types\/post"}],"author":[{"embeddable":true,"href":"https:\/\/kibrisdakik.com\/index.php?rest_route=\/wp\/v2\/users\/1"}],"replies":[{"embeddable":true,"href":"https:\/\/kibrisdakik.com\/index.php?rest_route=%2Fwp%2Fv2%2Fcomments&post=111398"}],"version-history":[{"count":0,"href":"https:\/\/kibrisdakik.com\/index.php?rest_route=\/wp\/v2\/posts\/111398\/revisions"}],"wp:featuredmedia":[{"embeddable":true,"href":"https:\/\/kibrisdakik.com\/index.php?rest_route=\/wp\/v2\/media\/111399"}],"wp:attachment":[{"href":"https:\/\/kibrisdakik.com\/index.php?rest_route=%2Fwp%2Fv2%2Fmedia&parent=111398"}],"wp:term":[{"taxonomy":"category","embeddable":true,"href":"https:\/\/kibrisdakik.com\/index.php?rest_route=%2Fwp%2Fv2%2Fcategories&post=111398"},{"taxonomy":"post_tag","embeddable":true,"href":"https:\/\/kibrisdakik.com\/index.php?rest_route=%2Fwp%2Fv2%2Ftags&post=111398"}],"curies":[{"name":"wp","href":"https:\/\/api.w.org\/{rel}","templated":true}]}}