{"id":111410,"date":"2026-04-28T14:43:12","date_gmt":"2026-04-28T11:43:12","guid":{"rendered":"https:\/\/kibrisdakik.com\/?p=111410"},"modified":"2026-04-28T14:43:12","modified_gmt":"2026-04-28T11:43:12","slug":"tufan-erhurman-cozum-iradesiyle-hareket-ediyoruz","status":"publish","type":"post","link":"https:\/\/kibrisdakik.com\/?p=111410","title":{"rendered":"TUFAN ERH\u00dcRMAN: \u00c7\u00d6Z\u00dcM \u0130RADES\u0130YLE HAREKET ED\u0130YORUZ"},"content":{"rendered":"<p><\/p>\n<div data-text-id=\"200890\" property=\"articleBody\">\n<p>Cumhurba\u015fkan\u0131 Tufan Erh\u00fcrman, &#8220;Halk\u0131m\u0131z\u0131n \u00e7\u00f6z\u00fcm iradesi \u00e7er\u00e7evesinde, sab\u0131rla, so\u011fukkanl\u0131l\u0131kla, ciddiyetle ve kararl\u0131l\u0131kla var\u0131z ve buraday\u0131z.&#8221; ifadelerini kulland\u0131.<\/p>\n<p>Erh\u00fcrman, yapt\u0131\u011f\u0131 yaz\u0131l\u0131 a\u00e7\u0131klamada, K\u0131br\u0131s Rum liderli\u011finden neredeyse her g\u00fcn yeni bir anla\u015fma haberi ve K\u0131br\u0131s sorununa ili\u015fkin yeni bir a\u00e7\u0131klama geldi\u011fini kaydederek, \u201cFransa ile askeri i\u015f birli\u011fi konusunda yeni anla\u015fma\u201d ve \u201cBirle\u015fmi\u015f Milletler Genel Sekreteri Antonio Guterres\u2019in G\u00fcney\u2019deki se\u00e7imler ve d\u00f6nem ba\u015fkanl\u0131\u011f\u0131n\u0131n ard\u0131ndan almas\u0131 beklenen yeni inisiyatif konusunda \u2018s\u00fcre\u00e7 halihaz\u0131rda ba\u015flad\u0131\u2019&#8221; a\u00e7\u0131klamalar\u0131na dikkat \u00e7ekti.<\/p>\n<p>Avrupa Komisyonu Ba\u015fkan\u0131 Ursula von der Leyen\u2019in son g\u00fcnlerde \u201cK\u0131br\u0131s sorununun b\u00f6lgesel istikrar ve refahla do\u011frudan ba\u011flant\u0131l\u0131 oldu\u011fu\u201d y\u00f6n\u00fcndeki de\u011ferlendirmesine de i\u015faret ederek, bu de\u011ferlendirmeye tamamen kat\u0131ld\u0131\u011f\u0131n\u0131 belirten Erh\u00fcrman, a\u00e7\u0131klamas\u0131nda \u015fu ifadeleri kulland\u0131:<\/p>\n<p>\u201cAma ayn\u0131 Sn. Von der Leyen, \u2018Avrupa&#8217;n\u0131n, Rus, T\u00fcrk ve \u00c7in etkisine b\u0131rak\u0131lmamas\u0131 gerekti\u011finden ve K\u0131br\u0131sl\u0131 T\u00fcrkler hi\u00e7 buralarda yokmu\u015f gibi ele al\u0131nan enerji ile ilgili (Great Sea Interconnector) projeden de s\u00f6z etti. Daha \u00f6nceki \u2018K\u0131br\u0131s&#8217;ta Bizans kiliseleri g\u00f6lgesinde inovasyon\u2019 a\u00e7\u0131klamalar\u0131na ve \u2018delikten bakt\u0131rma rit\u00fceli\u2019ne ek olarak. Her s\u00f6ylenene, her a\u00e7\u0131klamaya yan\u0131t yeti\u015ftirme y\u00fck\u00fcml\u00fcl\u00fc\u011f\u00fcm\u00fcz yok elbette. Ama a\u00e7\u0131klamalar art arda gelince naif bir soru ve ayn\u0131 naiflikte bir \u00e7a\u011fr\u0131 gerekiyor sanki.<\/p>\n<p>Soru \u015fu: K\u0131br\u0131sl\u0131 T\u00fcrkler yok say\u0131larak bu adada \u00e7\u00f6z\u00fcm olabilece\u011fini d\u00fc\u015f\u00fcnen var m\u0131 ger\u00e7ekten? \u00c7a\u011fr\u0131 da \u015fu: K\u0131br\u0131s&#8217;ta \u00e7\u00f6z\u00fcm\u00fc istedi\u011fini s\u00f6yleyen herkese, b\u00fct\u00fcn bunlar\u0131n \u00e7\u00f6z\u00fcme ger\u00e7ekten yard\u0131mc\u0131 olup olmad\u0131\u011f\u0131n\u0131 bir kez daha de\u011ferlendirme \u00e7a\u011fr\u0131s\u0131 yap\u0131yorum na\u00e7izane. Biz mi? Halk\u0131m\u0131z\u0131n \u00e7\u00f6z\u00fcm iradesi \u00e7er\u00e7evesinde, sab\u0131rla, so\u011fukkanl\u0131l\u0131kla, ciddiyetle ve kararl\u0131l\u0131kla var\u0131z ve buraday\u0131z.&#8221;<\/p>\n<\/p><\/div>\n","protected":false},"excerpt":{"rendered":"<p>Cumhurba\u015fkan\u0131 Tufan Erh\u00fcrman, &#8220;Halk\u0131m\u0131z\u0131n \u00e7\u00f6z\u00fcm iradesi \u00e7er\u00e7evesinde, sab\u0131rla, so\u011fukkanl\u0131l\u0131kla, ciddiyetle ve kararl\u0131l\u0131kla var\u0131z ve buraday\u0131z.&#8221; ifadelerini kulland\u0131. Erh\u00fcrman, yapt\u0131\u011f\u0131 yaz\u0131l\u0131 a\u00e7\u0131klamada, K\u0131br\u0131s Rum liderli\u011finden neredeyse her g\u00fcn yeni bir anla\u015fma haberi ve K\u0131br\u0131s sorununa ili\u015fkin yeni bir a\u00e7\u0131klama geldi\u011fini kaydederek, \u201cFransa ile askeri i\u015f birli\u011fi konusunda yeni anla\u015fma\u201d ve \u201cBirle\u015fmi\u015f Milletler Genel Sekreteri Antonio Guterres\u2019in<\/p>\n","protected":false},"author":1,"featured_media":111411,"comment_status":"open","ping_status":"open","sticky":false,"template":"","format":"standard","meta":{"footnotes":""},"categories":[81],"tags":[],"class_list":["post-111410","post","type-post","status-publish","format-standard","has-post-thumbnail","hentry","category-kibris"],"yoast_head":"<!-- This site is optimized with the Yoast SEO plugin v27.5 - https:\/\/yoast.com\/product\/yoast-seo-wordpress\/ -->\n<title>TUFAN ERH\u00dcRMAN: \u00c7\u00d6Z\u00dcM \u0130RADES\u0130YLE HAREKET ED\u0130YORUZ -<\/title>\n<meta name=\"robots\" content=\"index, follow, max-snippet:-1, max-image-preview:large, max-video-preview:-1\" \/>\n<link rel=\"canonical\" href=\"https:\/\/kibrisdakik.com\/?p=111410\" \/>\n<meta property=\"og:locale\" content=\"tr_TR\" \/>\n<meta property=\"og:type\" content=\"article\" \/>\n<meta property=\"og:title\" content=\"TUFAN ERH\u00dcRMAN: \u00c7\u00d6Z\u00dcM \u0130RADES\u0130YLE HAREKET ED\u0130YORUZ -\" \/>\n<meta property=\"og:description\" content=\"Cumhurba\u015fkan\u0131 Tufan Erh\u00fcrman, &#8220;Halk\u0131m\u0131z\u0131n \u00e7\u00f6z\u00fcm iradesi \u00e7er\u00e7evesinde, sab\u0131rla, so\u011fukkanl\u0131l\u0131kla, ciddiyetle ve kararl\u0131l\u0131kla var\u0131z ve buraday\u0131z.&#8221; ifadelerini kulland\u0131. Erh\u00fcrman, yapt\u0131\u011f\u0131 yaz\u0131l\u0131 a\u00e7\u0131klamada, K\u0131br\u0131s Rum liderli\u011finden neredeyse her g\u00fcn yeni bir anla\u015fma haberi ve K\u0131br\u0131s sorununa ili\u015fkin yeni bir a\u00e7\u0131klama geldi\u011fini kaydederek, \u201cFransa ile askeri i\u015f birli\u011fi konusunda yeni anla\u015fma\u201d ve \u201cBirle\u015fmi\u015f Milletler Genel Sekreteri Antonio Guterres\u2019in\" \/>\n<meta property=\"og:url\" content=\"https:\/\/kibrisdakik.com\/?p=111410\" \/>\n<meta property=\"article:published_time\" content=\"2026-04-28T11:43:12+00:00\" \/>\n<meta property=\"og:image\" content=\"https:\/\/mhahabercom.teimg.com\/crop\/1280x720\/mhahaber-com\/uploads\/2026\/04\/mha-sari-beyaz-5015.png\" \/>\n<meta name=\"author\" content=\"admin\" \/>\n<meta name=\"twitter:card\" content=\"summary_large_image\" \/>\n<meta name=\"twitter:label1\" content=\"Yazan:\" \/>\n\t<meta name=\"twitter:data1\" content=\"admin\" \/>\n\t<meta name=\"twitter:label2\" content=\"Tahmini okuma s\u00fcresi\" \/>\n\t<meta name=\"twitter:data2\" content=\"2 dakika\" \/>\n<script type=\"application\/ld+json\" class=\"yoast-schema-graph\">{\"@context\":\"https:\\\/\\\/schema.org\",\"@graph\":[{\"@type\":\"Article\",\"@id\":\"https:\\\/\\\/kibrisdakik.com\\\/?p=111410#article\",\"isPartOf\":{\"@id\":\"https:\\\/\\\/kibrisdakik.com\\\/?p=111410\"},\"author\":{\"name\":\"admin\",\"@id\":\"https:\\\/\\\/kibrisdakik.com\\\/#\\\/schema\\\/person\\\/9cd9d437bbb44f72b73ba127e06d8e79\"},\"headline\":\"TUFAN ERH\u00dcRMAN: \u00c7\u00d6Z\u00dcM \u0130RADES\u0130YLE HAREKET ED\u0130YORUZ\",\"datePublished\":\"2026-04-28T11:43:12+00:00\",\"mainEntityOfPage\":{\"@id\":\"https:\\\/\\\/kibrisdakik.com\\\/?p=111410\"},\"wordCount\":369,\"commentCount\":0,\"image\":{\"@id\":\"https:\\\/\\\/kibrisdakik.com\\\/?p=111410#primaryimage\"},\"thumbnailUrl\":\"https:\\\/\\\/kibrisdakik.com\\\/wp-content\\\/uploads\\\/2026\\\/04\\\/mha-sari-beyaz-5015.png\",\"articleSection\":[\"K\u0131br\u0131s\"],\"inLanguage\":\"tr\",\"potentialAction\":[{\"@type\":\"CommentAction\",\"name\":\"Comment\",\"target\":[\"https:\\\/\\\/kibrisdakik.com\\\/?p=111410#respond\"]}]},{\"@type\":\"WebPage\",\"@id\":\"https:\\\/\\\/kibrisdakik.com\\\/?p=111410\",\"url\":\"https:\\\/\\\/kibrisdakik.com\\\/?p=111410\",\"name\":\"TUFAN ERH\u00dcRMAN: \u00c7\u00d6Z\u00dcM \u0130RADES\u0130YLE HAREKET ED\u0130YORUZ -\",\"isPartOf\":{\"@id\":\"https:\\\/\\\/kibrisdakik.com\\\/#website\"},\"primaryImageOfPage\":{\"@id\":\"https:\\\/\\\/kibrisdakik.com\\\/?p=111410#primaryimage\"},\"image\":{\"@id\":\"https:\\\/\\\/kibrisdakik.com\\\/?p=111410#primaryimage\"},\"thumbnailUrl\":\"https:\\\/\\\/kibrisdakik.com\\\/wp-content\\\/uploads\\\/2026\\\/04\\\/mha-sari-beyaz-5015.png\",\"datePublished\":\"2026-04-28T11:43:12+00:00\",\"author\":{\"@id\":\"https:\\\/\\\/kibrisdakik.com\\\/#\\\/schema\\\/person\\\/9cd9d437bbb44f72b73ba127e06d8e79\"},\"breadcrumb\":{\"@id\":\"https:\\\/\\\/kibrisdakik.com\\\/?p=111410#breadcrumb\"},\"inLanguage\":\"tr\",\"potentialAction\":[{\"@type\":\"ReadAction\",\"target\":[\"https:\\\/\\\/kibrisdakik.com\\\/?p=111410\"]}]},{\"@type\":\"ImageObject\",\"inLanguage\":\"tr\",\"@id\":\"https:\\\/\\\/kibrisdakik.com\\\/?p=111410#primaryimage\",\"url\":\"https:\\\/\\\/kibrisdakik.com\\\/wp-content\\\/uploads\\\/2026\\\/04\\\/mha-sari-beyaz-5015.png\",\"contentUrl\":\"https:\\\/\\\/kibrisdakik.com\\\/wp-content\\\/uploads\\\/2026\\\/04\\\/mha-sari-beyaz-5015.png\",\"width\":1280,\"height\":720},{\"@type\":\"BreadcrumbList\",\"@id\":\"https:\\\/\\\/kibrisdakik.com\\\/?p=111410#breadcrumb\",\"itemListElement\":[{\"@type\":\"ListItem\",\"position\":1,\"name\":\"Home\",\"item\":\"https:\\\/\\\/kibrisdakik.com\\\/\"},{\"@type\":\"ListItem\",\"position\":2,\"name\":\"TUFAN ERH\u00dcRMAN: \u00c7\u00d6Z\u00dcM \u0130RADES\u0130YLE HAREKET ED\u0130YORUZ\"}]},{\"@type\":\"WebSite\",\"@id\":\"https:\\\/\\\/kibrisdakik.com\\\/#website\",\"url\":\"https:\\\/\\\/kibrisdakik.com\\\/\",\"name\":\"\",\"description\":\"Tam vaktinde haber\",\"potentialAction\":[{\"@type\":\"SearchAction\",\"target\":{\"@type\":\"EntryPoint\",\"urlTemplate\":\"https:\\\/\\\/kibrisdakik.com\\\/?s={search_term_string}\"},\"query-input\":{\"@type\":\"PropertyValueSpecification\",\"valueRequired\":true,\"valueName\":\"search_term_string\"}}],\"inLanguage\":\"tr\"},{\"@type\":\"Person\",\"@id\":\"https:\\\/\\\/kibrisdakik.com\\\/#\\\/schema\\\/person\\\/9cd9d437bbb44f72b73ba127e06d8e79\",\"name\":\"admin\",\"image\":{\"@type\":\"ImageObject\",\"inLanguage\":\"tr\",\"@id\":\"https:\\\/\\\/secure.gravatar.com\\\/avatar\\\/ccc17943b9d660506c869530f897617f7cb1c21a4bf30023f252596d83e1f007?s=96&d=mm&r=g\",\"url\":\"https:\\\/\\\/secure.gravatar.com\\\/avatar\\\/ccc17943b9d660506c869530f897617f7cb1c21a4bf30023f252596d83e1f007?s=96&d=mm&r=g\",\"contentUrl\":\"https:\\\/\\\/secure.gravatar.com\\\/avatar\\\/ccc17943b9d660506c869530f897617f7cb1c21a4bf30023f252596d83e1f007?s=96&d=mm&r=g\",\"caption\":\"admin\"},\"sameAs\":[\"https:\\\/\\\/kibrisdakik.com\"],\"url\":\"https:\\\/\\\/kibrisdakik.com\\\/?author=1\"}]}<\/script>\n<!-- \/ Yoast SEO plugin. -->","yoast_head_json":{"title":"TUFAN ERH\u00dcRMAN: \u00c7\u00d6Z\u00dcM \u0130RADES\u0130YLE HAREKET ED\u0130YORUZ -","robots":{"index":"index","follow":"follow","max-snippet":"max-snippet:-1","max-image-preview":"max-image-preview:large","max-video-preview":"max-video-preview:-1"},"canonical":"https:\/\/kibrisdakik.com\/?p=111410","og_locale":"tr_TR","og_type":"article","og_title":"TUFAN ERH\u00dcRMAN: \u00c7\u00d6Z\u00dcM \u0130RADES\u0130YLE HAREKET ED\u0130YORUZ -","og_description":"Cumhurba\u015fkan\u0131 Tufan Erh\u00fcrman, &#8220;Halk\u0131m\u0131z\u0131n \u00e7\u00f6z\u00fcm iradesi \u00e7er\u00e7evesinde, sab\u0131rla, so\u011fukkanl\u0131l\u0131kla, ciddiyetle ve kararl\u0131l\u0131kla var\u0131z ve buraday\u0131z.&#8221; ifadelerini kulland\u0131. Erh\u00fcrman, yapt\u0131\u011f\u0131 yaz\u0131l\u0131 a\u00e7\u0131klamada, K\u0131br\u0131s Rum liderli\u011finden neredeyse her g\u00fcn yeni bir anla\u015fma haberi ve K\u0131br\u0131s sorununa ili\u015fkin yeni bir a\u00e7\u0131klama geldi\u011fini kaydederek, \u201cFransa ile askeri i\u015f birli\u011fi konusunda yeni anla\u015fma\u201d ve \u201cBirle\u015fmi\u015f Milletler Genel Sekreteri Antonio Guterres\u2019in","og_url":"https:\/\/kibrisdakik.com\/?p=111410","article_published_time":"2026-04-28T11:43:12+00:00","og_image":[{"url":"https:\/\/mhahabercom.teimg.com\/crop\/1280x720\/mhahaber-com\/uploads\/2026\/04\/mha-sari-beyaz-5015.png","type":"","width":"","height":""}],"author":"admin","twitter_card":"summary_large_image","twitter_misc":{"Yazan:":"admin","Tahmini okuma s\u00fcresi":"2 dakika"},"schema":{"@context":"https:\/\/schema.org","@graph":[{"@type":"Article","@id":"https:\/\/kibrisdakik.com\/?p=111410#article","isPartOf":{"@id":"https:\/\/kibrisdakik.com\/?p=111410"},"author":{"name":"admin","@id":"https:\/\/kibrisdakik.com\/#\/schema\/person\/9cd9d437bbb44f72b73ba127e06d8e79"},"headline":"TUFAN ERH\u00dcRMAN: \u00c7\u00d6Z\u00dcM \u0130RADES\u0130YLE HAREKET ED\u0130YORUZ","datePublished":"2026-04-28T11:43:12+00:00","mainEntityOfPage":{"@id":"https:\/\/kibrisdakik.com\/?p=111410"},"wordCount":369,"commentCount":0,"image":{"@id":"https:\/\/kibrisdakik.com\/?p=111410#primaryimage"},"thumbnailUrl":"https:\/\/kibrisdakik.com\/wp-content\/uploads\/2026\/04\/mha-sari-beyaz-5015.png","articleSection":["K\u0131br\u0131s"],"inLanguage":"tr","potentialAction":[{"@type":"CommentAction","name":"Comment","target":["https:\/\/kibrisdakik.com\/?p=111410#respond"]}]},{"@type":"WebPage","@id":"https:\/\/kibrisdakik.com\/?p=111410","url":"https:\/\/kibrisdakik.com\/?p=111410","name":"TUFAN ERH\u00dcRMAN: \u00c7\u00d6Z\u00dcM \u0130RADES\u0130YLE HAREKET ED\u0130YORUZ -","isPartOf":{"@id":"https:\/\/kibrisdakik.com\/#website"},"primaryImageOfPage":{"@id":"https:\/\/kibrisdakik.com\/?p=111410#primaryimage"},"image":{"@id":"https:\/\/kibrisdakik.com\/?p=111410#primaryimage"},"thumbnailUrl":"https:\/\/kibrisdakik.com\/wp-content\/uploads\/2026\/04\/mha-sari-beyaz-5015.png","datePublished":"2026-04-28T11:43:12+00:00","author":{"@id":"https:\/\/kibrisdakik.com\/#\/schema\/person\/9cd9d437bbb44f72b73ba127e06d8e79"},"breadcrumb":{"@id":"https:\/\/kibrisdakik.com\/?p=111410#breadcrumb"},"inLanguage":"tr","potentialAction":[{"@type":"ReadAction","target":["https:\/\/kibrisdakik.com\/?p=111410"]}]},{"@type":"ImageObject","inLanguage":"tr","@id":"https:\/\/kibrisdakik.com\/?p=111410#primaryimage","url":"https:\/\/kibrisdakik.com\/wp-content\/uploads\/2026\/04\/mha-sari-beyaz-5015.png","contentUrl":"https:\/\/kibrisdakik.com\/wp-content\/uploads\/2026\/04\/mha-sari-beyaz-5015.png","width":1280,"height":720},{"@type":"BreadcrumbList","@id":"https:\/\/kibrisdakik.com\/?p=111410#breadcrumb","itemListElement":[{"@type":"ListItem","position":1,"name":"Home","item":"https:\/\/kibrisdakik.com\/"},{"@type":"ListItem","position":2,"name":"TUFAN ERH\u00dcRMAN: \u00c7\u00d6Z\u00dcM \u0130RADES\u0130YLE HAREKET ED\u0130YORUZ"}]},{"@type":"WebSite","@id":"https:\/\/kibrisdakik.com\/#website","url":"https:\/\/kibrisdakik.com\/","name":"","description":"Tam vaktinde haber","potentialAction":[{"@type":"SearchAction","target":{"@type":"EntryPoint","urlTemplate":"https:\/\/kibrisdakik.com\/?s={search_term_string}"},"query-input":{"@type":"PropertyValueSpecification","valueRequired":true,"valueName":"search_term_string"}}],"inLanguage":"tr"},{"@type":"Person","@id":"https:\/\/kibrisdakik.com\/#\/schema\/person\/9cd9d437bbb44f72b73ba127e06d8e79","name":"admin","image":{"@type":"ImageObject","inLanguage":"tr","@id":"https:\/\/secure.gravatar.com\/avatar\/ccc17943b9d660506c869530f897617f7cb1c21a4bf30023f252596d83e1f007?s=96&d=mm&r=g","url":"https:\/\/secure.gravatar.com\/avatar\/ccc17943b9d660506c869530f897617f7cb1c21a4bf30023f252596d83e1f007?s=96&d=mm&r=g","contentUrl":"https:\/\/secure.gravatar.com\/avatar\/ccc17943b9d660506c869530f897617f7cb1c21a4bf30023f252596d83e1f007?s=96&d=mm&r=g","caption":"admin"},"sameAs":["https:\/\/kibrisdakik.com"],"url":"https:\/\/kibrisdakik.com\/?author=1"}]}},"_links":{"self":[{"href":"https:\/\/kibrisdakik.com\/index.php?rest_route=\/wp\/v2\/posts\/111410","targetHints":{"allow":["GET"]}}],"collection":[{"href":"https:\/\/kibrisdakik.com\/index.php?rest_route=\/wp\/v2\/posts"}],"about":[{"href":"https:\/\/kibrisdakik.com\/index.php?rest_route=\/wp\/v2\/types\/post"}],"author":[{"embeddable":true,"href":"https:\/\/kibrisdakik.com\/index.php?rest_route=\/wp\/v2\/users\/1"}],"replies":[{"embeddable":true,"href":"https:\/\/kibrisdakik.com\/index.php?rest_route=%2Fwp%2Fv2%2Fcomments&post=111410"}],"version-history":[{"count":0,"href":"https:\/\/kibrisdakik.com\/index.php?rest_route=\/wp\/v2\/posts\/111410\/revisions"}],"wp:featuredmedia":[{"embeddable":true,"href":"https:\/\/kibrisdakik.com\/index.php?rest_route=\/wp\/v2\/media\/111411"}],"wp:attachment":[{"href":"https:\/\/kibrisdakik.com\/index.php?rest_route=%2Fwp%2Fv2%2Fmedia&parent=111410"}],"wp:term":[{"taxonomy":"category","embeddable":true,"href":"https:\/\/kibrisdakik.com\/index.php?rest_route=%2Fwp%2Fv2%2Fcategories&post=111410"},{"taxonomy":"post_tag","embeddable":true,"href":"https:\/\/kibrisdakik.com\/index.php?rest_route=%2Fwp%2Fv2%2Ftags&post=111410"}],"curies":[{"name":"wp","href":"https:\/\/api.w.org\/{rel}","templated":true}]}}