{"id":111412,"date":"2026-04-28T15:59:16","date_gmt":"2026-04-28T12:59:16","guid":{"rendered":"https:\/\/kibrisdakik.com\/?p=111412"},"modified":"2026-04-28T15:59:16","modified_gmt":"2026-04-28T12:59:16","slug":"turkgef-heyetinden-disisleri-bakani-ertugrulogluna-ziyaret","status":"publish","type":"post","link":"https:\/\/kibrisdakik.com\/?p=111412","title":{"rendered":"T\u00dcRKGEF HEYET\u0130NDEN DI\u015e\u0130\u015eLER\u0130 BAKANI ERTU\u011eRULO\u011eLU\u2019NA Z\u0130YARET"},"content":{"rendered":"<p><\/p>\n<div data-text-id=\"200891\" property=\"articleBody\">\n<p>D\u0131\u015fi\u015fleri Bakan\u0131 Tahsin Ertu\u011frulo\u011flu, T\u00fcrkiye Gen\u00e7lik ve E\u011fitim Federasyonu (T\u00dcRKGEF) Ba\u015fkan\u0131 Ahmet Bayduz ve berberindeki heyeti kabul etti.<\/p>\n<p>D\u0131\u015fi\u015fleri Bakanl\u0131\u011f\u0131\u2019ndan verilen bilgiye g\u00f6re, kabulde, Ahmet Bayduz, T\u00fcrkiye Gen\u00e7lik ve E\u011fitim Federasyonu\u2019nun vizyon ve s\u00fcrd\u00fcrd\u00fc\u011f\u00fc projeler hakk\u0131nda Bakan Ertu\u011frulo\u011flu\u2019na bilgi verdi.<\/p>\n<\/p><\/div>\n","protected":false},"excerpt":{"rendered":"<p>D\u0131\u015fi\u015fleri Bakan\u0131 Tahsin Ertu\u011frulo\u011flu, T\u00fcrkiye Gen\u00e7lik ve E\u011fitim Federasyonu (T\u00dcRKGEF) Ba\u015fkan\u0131 Ahmet Bayduz ve berberindeki heyeti kabul etti. D\u0131\u015fi\u015fleri Bakanl\u0131\u011f\u0131\u2019ndan verilen bilgiye g\u00f6re, kabulde, Ahmet Bayduz, T\u00fcrkiye Gen\u00e7lik ve E\u011fitim Federasyonu\u2019nun vizyon ve s\u00fcrd\u00fcrd\u00fc\u011f\u00fc projeler hakk\u0131nda Bakan Ertu\u011frulo\u011flu\u2019na bilgi verdi.<\/p>\n","protected":false},"author":1,"featured_media":111413,"comment_status":"open","ping_status":"open","sticky":false,"template":"","format":"standard","meta":{"footnotes":""},"categories":[81],"tags":[],"class_list":["post-111412","post","type-post","status-publish","format-standard","has-post-thumbnail","hentry","category-kibris"],"yoast_head":"<!-- This site is optimized with the Yoast SEO plugin v27.5 - https:\/\/yoast.com\/product\/yoast-seo-wordpress\/ -->\n<title>T\u00dcRKGEF HEYET\u0130NDEN DI\u015e\u0130\u015eLER\u0130 BAKANI ERTU\u011eRULO\u011eLU\u2019NA Z\u0130YARET -<\/title>\n<meta name=\"robots\" content=\"index, follow, max-snippet:-1, max-image-preview:large, max-video-preview:-1\" \/>\n<link rel=\"canonical\" href=\"https:\/\/kibrisdakik.com\/?p=111412\" \/>\n<meta property=\"og:locale\" content=\"tr_TR\" \/>\n<meta property=\"og:type\" content=\"article\" \/>\n<meta property=\"og:title\" content=\"T\u00dcRKGEF HEYET\u0130NDEN DI\u015e\u0130\u015eLER\u0130 BAKANI ERTU\u011eRULO\u011eLU\u2019NA Z\u0130YARET -\" \/>\n<meta property=\"og:description\" content=\"D\u0131\u015fi\u015fleri Bakan\u0131 Tahsin Ertu\u011frulo\u011flu, T\u00fcrkiye Gen\u00e7lik ve E\u011fitim Federasyonu (T\u00dcRKGEF) Ba\u015fkan\u0131 Ahmet Bayduz ve berberindeki heyeti kabul etti. D\u0131\u015fi\u015fleri Bakanl\u0131\u011f\u0131\u2019ndan verilen bilgiye g\u00f6re, kabulde, Ahmet Bayduz, T\u00fcrkiye Gen\u00e7lik ve E\u011fitim Federasyonu\u2019nun vizyon ve s\u00fcrd\u00fcrd\u00fc\u011f\u00fc projeler hakk\u0131nda Bakan Ertu\u011frulo\u011flu\u2019na bilgi verdi.\" \/>\n<meta property=\"og:url\" content=\"https:\/\/kibrisdakik.com\/?p=111412\" \/>\n<meta property=\"article:published_time\" content=\"2026-04-28T12:59:16+00:00\" \/>\n<meta property=\"og:image\" content=\"https:\/\/mhahabercom.teimg.com\/crop\/1280x720\/mhahaber-com\/uploads\/2026\/04\/mha-sari-beyaz-kurtarildi-32.png\" \/>\n<meta name=\"author\" content=\"admin\" \/>\n<meta name=\"twitter:card\" content=\"summary_large_image\" \/>\n<meta name=\"twitter:label1\" content=\"Yazan:\" \/>\n\t<meta name=\"twitter:data1\" content=\"admin\" \/>\n<script type=\"application\/ld+json\" class=\"yoast-schema-graph\">{\"@context\":\"https:\\\/\\\/schema.org\",\"@graph\":[{\"@type\":\"Article\",\"@id\":\"https:\\\/\\\/kibrisdakik.com\\\/?p=111412#article\",\"isPartOf\":{\"@id\":\"https:\\\/\\\/kibrisdakik.com\\\/?p=111412\"},\"author\":{\"name\":\"admin\",\"@id\":\"https:\\\/\\\/kibrisdakik.com\\\/#\\\/schema\\\/person\\\/9cd9d437bbb44f72b73ba127e06d8e79\"},\"headline\":\"T\u00dcRKGEF HEYET\u0130NDEN DI\u015e\u0130\u015eLER\u0130 BAKANI ERTU\u011eRULO\u011eLU\u2019NA Z\u0130YARET\",\"datePublished\":\"2026-04-28T12:59:16+00:00\",\"mainEntityOfPage\":{\"@id\":\"https:\\\/\\\/kibrisdakik.com\\\/?p=111412\"},\"wordCount\":76,\"commentCount\":0,\"image\":{\"@id\":\"https:\\\/\\\/kibrisdakik.com\\\/?p=111412#primaryimage\"},\"thumbnailUrl\":\"https:\\\/\\\/kibrisdakik.com\\\/wp-content\\\/uploads\\\/2026\\\/04\\\/mha-sari-beyaz-kurtarildi-32.png\",\"articleSection\":[\"K\u0131br\u0131s\"],\"inLanguage\":\"tr\",\"potentialAction\":[{\"@type\":\"CommentAction\",\"name\":\"Comment\",\"target\":[\"https:\\\/\\\/kibrisdakik.com\\\/?p=111412#respond\"]}]},{\"@type\":\"WebPage\",\"@id\":\"https:\\\/\\\/kibrisdakik.com\\\/?p=111412\",\"url\":\"https:\\\/\\\/kibrisdakik.com\\\/?p=111412\",\"name\":\"T\u00dcRKGEF HEYET\u0130NDEN DI\u015e\u0130\u015eLER\u0130 BAKANI ERTU\u011eRULO\u011eLU\u2019NA Z\u0130YARET -\",\"isPartOf\":{\"@id\":\"https:\\\/\\\/kibrisdakik.com\\\/#website\"},\"primaryImageOfPage\":{\"@id\":\"https:\\\/\\\/kibrisdakik.com\\\/?p=111412#primaryimage\"},\"image\":{\"@id\":\"https:\\\/\\\/kibrisdakik.com\\\/?p=111412#primaryimage\"},\"thumbnailUrl\":\"https:\\\/\\\/kibrisdakik.com\\\/wp-content\\\/uploads\\\/2026\\\/04\\\/mha-sari-beyaz-kurtarildi-32.png\",\"datePublished\":\"2026-04-28T12:59:16+00:00\",\"author\":{\"@id\":\"https:\\\/\\\/kibrisdakik.com\\\/#\\\/schema\\\/person\\\/9cd9d437bbb44f72b73ba127e06d8e79\"},\"breadcrumb\":{\"@id\":\"https:\\\/\\\/kibrisdakik.com\\\/?p=111412#breadcrumb\"},\"inLanguage\":\"tr\",\"potentialAction\":[{\"@type\":\"ReadAction\",\"target\":[\"https:\\\/\\\/kibrisdakik.com\\\/?p=111412\"]}]},{\"@type\":\"ImageObject\",\"inLanguage\":\"tr\",\"@id\":\"https:\\\/\\\/kibrisdakik.com\\\/?p=111412#primaryimage\",\"url\":\"https:\\\/\\\/kibrisdakik.com\\\/wp-content\\\/uploads\\\/2026\\\/04\\\/mha-sari-beyaz-kurtarildi-32.png\",\"contentUrl\":\"https:\\\/\\\/kibrisdakik.com\\\/wp-content\\\/uploads\\\/2026\\\/04\\\/mha-sari-beyaz-kurtarildi-32.png\",\"width\":1280,\"height\":720},{\"@type\":\"BreadcrumbList\",\"@id\":\"https:\\\/\\\/kibrisdakik.com\\\/?p=111412#breadcrumb\",\"itemListElement\":[{\"@type\":\"ListItem\",\"position\":1,\"name\":\"Home\",\"item\":\"https:\\\/\\\/kibrisdakik.com\\\/\"},{\"@type\":\"ListItem\",\"position\":2,\"name\":\"T\u00dcRKGEF HEYET\u0130NDEN DI\u015e\u0130\u015eLER\u0130 BAKANI ERTU\u011eRULO\u011eLU\u2019NA Z\u0130YARET\"}]},{\"@type\":\"WebSite\",\"@id\":\"https:\\\/\\\/kibrisdakik.com\\\/#website\",\"url\":\"https:\\\/\\\/kibrisdakik.com\\\/\",\"name\":\"\",\"description\":\"Tam vaktinde haber\",\"potentialAction\":[{\"@type\":\"SearchAction\",\"target\":{\"@type\":\"EntryPoint\",\"urlTemplate\":\"https:\\\/\\\/kibrisdakik.com\\\/?s={search_term_string}\"},\"query-input\":{\"@type\":\"PropertyValueSpecification\",\"valueRequired\":true,\"valueName\":\"search_term_string\"}}],\"inLanguage\":\"tr\"},{\"@type\":\"Person\",\"@id\":\"https:\\\/\\\/kibrisdakik.com\\\/#\\\/schema\\\/person\\\/9cd9d437bbb44f72b73ba127e06d8e79\",\"name\":\"admin\",\"image\":{\"@type\":\"ImageObject\",\"inLanguage\":\"tr\",\"@id\":\"https:\\\/\\\/secure.gravatar.com\\\/avatar\\\/ccc17943b9d660506c869530f897617f7cb1c21a4bf30023f252596d83e1f007?s=96&d=mm&r=g\",\"url\":\"https:\\\/\\\/secure.gravatar.com\\\/avatar\\\/ccc17943b9d660506c869530f897617f7cb1c21a4bf30023f252596d83e1f007?s=96&d=mm&r=g\",\"contentUrl\":\"https:\\\/\\\/secure.gravatar.com\\\/avatar\\\/ccc17943b9d660506c869530f897617f7cb1c21a4bf30023f252596d83e1f007?s=96&d=mm&r=g\",\"caption\":\"admin\"},\"sameAs\":[\"https:\\\/\\\/kibrisdakik.com\"],\"url\":\"https:\\\/\\\/kibrisdakik.com\\\/?author=1\"}]}<\/script>\n<!-- \/ Yoast SEO plugin. -->","yoast_head_json":{"title":"T\u00dcRKGEF HEYET\u0130NDEN DI\u015e\u0130\u015eLER\u0130 BAKANI ERTU\u011eRULO\u011eLU\u2019NA Z\u0130YARET -","robots":{"index":"index","follow":"follow","max-snippet":"max-snippet:-1","max-image-preview":"max-image-preview:large","max-video-preview":"max-video-preview:-1"},"canonical":"https:\/\/kibrisdakik.com\/?p=111412","og_locale":"tr_TR","og_type":"article","og_title":"T\u00dcRKGEF HEYET\u0130NDEN DI\u015e\u0130\u015eLER\u0130 BAKANI ERTU\u011eRULO\u011eLU\u2019NA Z\u0130YARET -","og_description":"D\u0131\u015fi\u015fleri Bakan\u0131 Tahsin Ertu\u011frulo\u011flu, T\u00fcrkiye Gen\u00e7lik ve E\u011fitim Federasyonu (T\u00dcRKGEF) Ba\u015fkan\u0131 Ahmet Bayduz ve berberindeki heyeti kabul etti. D\u0131\u015fi\u015fleri Bakanl\u0131\u011f\u0131\u2019ndan verilen bilgiye g\u00f6re, kabulde, Ahmet Bayduz, T\u00fcrkiye Gen\u00e7lik ve E\u011fitim Federasyonu\u2019nun vizyon ve s\u00fcrd\u00fcrd\u00fc\u011f\u00fc projeler hakk\u0131nda Bakan Ertu\u011frulo\u011flu\u2019na bilgi verdi.","og_url":"https:\/\/kibrisdakik.com\/?p=111412","article_published_time":"2026-04-28T12:59:16+00:00","og_image":[{"url":"https:\/\/mhahabercom.teimg.com\/crop\/1280x720\/mhahaber-com\/uploads\/2026\/04\/mha-sari-beyaz-kurtarildi-32.png","type":"","width":"","height":""}],"author":"admin","twitter_card":"summary_large_image","twitter_misc":{"Yazan:":"admin"},"schema":{"@context":"https:\/\/schema.org","@graph":[{"@type":"Article","@id":"https:\/\/kibrisdakik.com\/?p=111412#article","isPartOf":{"@id":"https:\/\/kibrisdakik.com\/?p=111412"},"author":{"name":"admin","@id":"https:\/\/kibrisdakik.com\/#\/schema\/person\/9cd9d437bbb44f72b73ba127e06d8e79"},"headline":"T\u00dcRKGEF HEYET\u0130NDEN DI\u015e\u0130\u015eLER\u0130 BAKANI ERTU\u011eRULO\u011eLU\u2019NA Z\u0130YARET","datePublished":"2026-04-28T12:59:16+00:00","mainEntityOfPage":{"@id":"https:\/\/kibrisdakik.com\/?p=111412"},"wordCount":76,"commentCount":0,"image":{"@id":"https:\/\/kibrisdakik.com\/?p=111412#primaryimage"},"thumbnailUrl":"https:\/\/kibrisdakik.com\/wp-content\/uploads\/2026\/04\/mha-sari-beyaz-kurtarildi-32.png","articleSection":["K\u0131br\u0131s"],"inLanguage":"tr","potentialAction":[{"@type":"CommentAction","name":"Comment","target":["https:\/\/kibrisdakik.com\/?p=111412#respond"]}]},{"@type":"WebPage","@id":"https:\/\/kibrisdakik.com\/?p=111412","url":"https:\/\/kibrisdakik.com\/?p=111412","name":"T\u00dcRKGEF HEYET\u0130NDEN DI\u015e\u0130\u015eLER\u0130 BAKANI ERTU\u011eRULO\u011eLU\u2019NA Z\u0130YARET -","isPartOf":{"@id":"https:\/\/kibrisdakik.com\/#website"},"primaryImageOfPage":{"@id":"https:\/\/kibrisdakik.com\/?p=111412#primaryimage"},"image":{"@id":"https:\/\/kibrisdakik.com\/?p=111412#primaryimage"},"thumbnailUrl":"https:\/\/kibrisdakik.com\/wp-content\/uploads\/2026\/04\/mha-sari-beyaz-kurtarildi-32.png","datePublished":"2026-04-28T12:59:16+00:00","author":{"@id":"https:\/\/kibrisdakik.com\/#\/schema\/person\/9cd9d437bbb44f72b73ba127e06d8e79"},"breadcrumb":{"@id":"https:\/\/kibrisdakik.com\/?p=111412#breadcrumb"},"inLanguage":"tr","potentialAction":[{"@type":"ReadAction","target":["https:\/\/kibrisdakik.com\/?p=111412"]}]},{"@type":"ImageObject","inLanguage":"tr","@id":"https:\/\/kibrisdakik.com\/?p=111412#primaryimage","url":"https:\/\/kibrisdakik.com\/wp-content\/uploads\/2026\/04\/mha-sari-beyaz-kurtarildi-32.png","contentUrl":"https:\/\/kibrisdakik.com\/wp-content\/uploads\/2026\/04\/mha-sari-beyaz-kurtarildi-32.png","width":1280,"height":720},{"@type":"BreadcrumbList","@id":"https:\/\/kibrisdakik.com\/?p=111412#breadcrumb","itemListElement":[{"@type":"ListItem","position":1,"name":"Home","item":"https:\/\/kibrisdakik.com\/"},{"@type":"ListItem","position":2,"name":"T\u00dcRKGEF HEYET\u0130NDEN DI\u015e\u0130\u015eLER\u0130 BAKANI ERTU\u011eRULO\u011eLU\u2019NA Z\u0130YARET"}]},{"@type":"WebSite","@id":"https:\/\/kibrisdakik.com\/#website","url":"https:\/\/kibrisdakik.com\/","name":"","description":"Tam vaktinde haber","potentialAction":[{"@type":"SearchAction","target":{"@type":"EntryPoint","urlTemplate":"https:\/\/kibrisdakik.com\/?s={search_term_string}"},"query-input":{"@type":"PropertyValueSpecification","valueRequired":true,"valueName":"search_term_string"}}],"inLanguage":"tr"},{"@type":"Person","@id":"https:\/\/kibrisdakik.com\/#\/schema\/person\/9cd9d437bbb44f72b73ba127e06d8e79","name":"admin","image":{"@type":"ImageObject","inLanguage":"tr","@id":"https:\/\/secure.gravatar.com\/avatar\/ccc17943b9d660506c869530f897617f7cb1c21a4bf30023f252596d83e1f007?s=96&d=mm&r=g","url":"https:\/\/secure.gravatar.com\/avatar\/ccc17943b9d660506c869530f897617f7cb1c21a4bf30023f252596d83e1f007?s=96&d=mm&r=g","contentUrl":"https:\/\/secure.gravatar.com\/avatar\/ccc17943b9d660506c869530f897617f7cb1c21a4bf30023f252596d83e1f007?s=96&d=mm&r=g","caption":"admin"},"sameAs":["https:\/\/kibrisdakik.com"],"url":"https:\/\/kibrisdakik.com\/?author=1"}]}},"_links":{"self":[{"href":"https:\/\/kibrisdakik.com\/index.php?rest_route=\/wp\/v2\/posts\/111412","targetHints":{"allow":["GET"]}}],"collection":[{"href":"https:\/\/kibrisdakik.com\/index.php?rest_route=\/wp\/v2\/posts"}],"about":[{"href":"https:\/\/kibrisdakik.com\/index.php?rest_route=\/wp\/v2\/types\/post"}],"author":[{"embeddable":true,"href":"https:\/\/kibrisdakik.com\/index.php?rest_route=\/wp\/v2\/users\/1"}],"replies":[{"embeddable":true,"href":"https:\/\/kibrisdakik.com\/index.php?rest_route=%2Fwp%2Fv2%2Fcomments&post=111412"}],"version-history":[{"count":0,"href":"https:\/\/kibrisdakik.com\/index.php?rest_route=\/wp\/v2\/posts\/111412\/revisions"}],"wp:featuredmedia":[{"embeddable":true,"href":"https:\/\/kibrisdakik.com\/index.php?rest_route=\/wp\/v2\/media\/111413"}],"wp:attachment":[{"href":"https:\/\/kibrisdakik.com\/index.php?rest_route=%2Fwp%2Fv2%2Fmedia&parent=111412"}],"wp:term":[{"taxonomy":"category","embeddable":true,"href":"https:\/\/kibrisdakik.com\/index.php?rest_route=%2Fwp%2Fv2%2Fcategories&post=111412"},{"taxonomy":"post_tag","embeddable":true,"href":"https:\/\/kibrisdakik.com\/index.php?rest_route=%2Fwp%2Fv2%2Ftags&post=111412"}],"curies":[{"name":"wp","href":"https:\/\/api.w.org\/{rel}","templated":true}]}}