{"id":111422,"date":"2026-04-28T19:07:38","date_gmt":"2026-04-28T16:07:38","guid":{"rendered":"https:\/\/kibrisdakik.com\/?p=111422"},"modified":"2026-04-28T19:07:38","modified_gmt":"2026-04-28T16:07:38","slug":"insaat-ve-yatirim-dunyasi-kuzey-kibrista-bulustu","status":"publish","type":"post","link":"https:\/\/kibrisdakik.com\/?p=111422","title":{"rendered":"\u0130N\u015eAAT VE YATIRIM D\u00dcNYASI KUZEY KIBRIS\u2019TA BULU\u015eTU"},"content":{"rendered":"<p><\/p>\n<div data-text-id=\"200902\" property=\"articleBody\">\n<p>Kuzey K\u0131br\u0131s, uluslararas\u0131 yat\u0131r\u0131m ve gayrimenkul d\u00fcnyas\u0131n\u0131 ilk kez ayn\u0131 \u00e7at\u0131 alt\u0131nda bulu\u015fturan Global Congress 2026\u2019ya ev sahipli\u011fi yap\u0131yor. Farkl\u0131 \u00fclkelerden sekt\u00f6r temsilcilerinin kat\u0131l\u0131m\u0131yla ba\u015flayan kongre, in\u015faat ve yat\u0131r\u0131m alan\u0131nda yeni i\u015f birliklerinin geli\u015ftirilmesini hedefliyor.<\/p>\n<p>K\u0131br\u0131s T\u00fcrk \u0130n\u015faat M\u00fcteahhitleri Birli\u011fi (KT\u0130MB) Ba\u015fkan\u0131 Cafer G\u00fcrcafer, a\u00e7\u0131l\u0131\u015fta yapt\u0131\u011f\u0131 konu\u015fmada organizasyonun klasik bir tan\u0131t\u0131m etkinli\u011fi olmad\u0131\u011f\u0131n\u0131 belirterek, do\u011frudan sonu\u00e7 \u00fcretmeye odakland\u0131klar\u0131n\u0131 ifade etti. Siyasi kat\u0131l\u0131m\u0131n \u00f6zellikle tercih edilmedi\u011fini vurgulayan G\u00fcrcafer, ama\u00e7lar\u0131n\u0131n reklamdan uzak, somut i\u015f birlikleri kurulmas\u0131n\u0131 sa\u011flayan bir platform olu\u015fturmak oldu\u011funu kaydetti.<\/p>\n<p>Global Congress 2026\u2019n\u0131n bir \u201ck\u00f6pr\u00fc\u201d niteli\u011fi ta\u015f\u0131d\u0131\u011f\u0131n\u0131 dile getiren G\u00fcrcafer, organizasyonun uluslararas\u0131 boyutunun ilerleyen s\u00fcre\u00e7te daha da geni\u015fletilece\u011fini belirtti. Bu kapsamda Rusya\u2019da daha geni\u015f kat\u0131l\u0131ml\u0131 benzer bir etkinlik d\u00fczenlemeyi hedeflediklerini a\u00e7\u0131klad\u0131.<\/p>\n<p>Kuzey K\u0131br\u0131s\u2019taki m\u00fcteahhit firmalar\u0131n mevcut zorluklara ra\u011fmen kurumsal ve stratejik a\u00e7\u0131dan g\u00fc\u00e7lendi\u011fine dikkat \u00e7eken G\u00fcrcafer, finansman s\u0131k\u0131nt\u0131lar\u0131 ve \u00fclke ko\u015fullar\u0131na ba\u011fl\u0131 engellerin sekt\u00f6r\u00fc daha diren\u00e7li hale getirdi\u011fini s\u00f6yledi.<\/p>\n<p>Kongrede Rusya ba\u015fta olmak \u00fczere farkl\u0131 \u00fclkelerden yat\u0131r\u0131mc\u0131lar\u0131n yer ald\u0131\u011f\u0131n\u0131 belirten G\u00fcrcafer, kurulan temaslar\u0131n kal\u0131c\u0131 i\u015f birliklerine d\u00f6n\u00fc\u015fmesi i\u00e7in \u00e7al\u0131\u015fmalar\u0131n s\u00fcrd\u00fc\u011f\u00fcn\u00fc ifade etti. (MHA)<br \/>&#13;\n <\/p>\n<\/p><\/div>\n","protected":false},"excerpt":{"rendered":"<p>Kuzey K\u0131br\u0131s, uluslararas\u0131 yat\u0131r\u0131m ve gayrimenkul d\u00fcnyas\u0131n\u0131 ilk kez ayn\u0131 \u00e7at\u0131 alt\u0131nda bulu\u015fturan Global Congress 2026\u2019ya ev sahipli\u011fi yap\u0131yor. Farkl\u0131 \u00fclkelerden sekt\u00f6r temsilcilerinin kat\u0131l\u0131m\u0131yla ba\u015flayan kongre, in\u015faat ve yat\u0131r\u0131m alan\u0131nda yeni i\u015f birliklerinin geli\u015ftirilmesini hedefliyor. K\u0131br\u0131s T\u00fcrk \u0130n\u015faat M\u00fcteahhitleri Birli\u011fi (KT\u0130MB) Ba\u015fkan\u0131 Cafer G\u00fcrcafer, a\u00e7\u0131l\u0131\u015fta yapt\u0131\u011f\u0131 konu\u015fmada organizasyonun klasik bir tan\u0131t\u0131m etkinli\u011fi olmad\u0131\u011f\u0131n\u0131 belirterek, do\u011frudan<\/p>\n","protected":false},"author":1,"featured_media":111423,"comment_status":"open","ping_status":"open","sticky":false,"template":"","format":"standard","meta":{"footnotes":""},"categories":[81],"tags":[],"class_list":["post-111422","post","type-post","status-publish","format-standard","has-post-thumbnail","hentry","category-kibris"],"yoast_head":"<!-- This site is optimized with the Yoast SEO plugin v27.5 - https:\/\/yoast.com\/product\/yoast-seo-wordpress\/ -->\n<title>\u0130N\u015eAAT VE YATIRIM D\u00dcNYASI KUZEY KIBRIS\u2019TA BULU\u015eTU -<\/title>\n<meta name=\"robots\" content=\"index, follow, max-snippet:-1, max-image-preview:large, max-video-preview:-1\" \/>\n<link rel=\"canonical\" href=\"https:\/\/kibrisdakik.com\/?p=111422\" \/>\n<meta property=\"og:locale\" content=\"tr_TR\" \/>\n<meta property=\"og:type\" content=\"article\" \/>\n<meta property=\"og:title\" content=\"\u0130N\u015eAAT VE YATIRIM D\u00dcNYASI KUZEY KIBRIS\u2019TA BULU\u015eTU -\" \/>\n<meta property=\"og:description\" content=\"Kuzey K\u0131br\u0131s, uluslararas\u0131 yat\u0131r\u0131m ve gayrimenkul d\u00fcnyas\u0131n\u0131 ilk kez ayn\u0131 \u00e7at\u0131 alt\u0131nda bulu\u015fturan Global Congress 2026\u2019ya ev sahipli\u011fi yap\u0131yor. Farkl\u0131 \u00fclkelerden sekt\u00f6r temsilcilerinin kat\u0131l\u0131m\u0131yla ba\u015flayan kongre, in\u015faat ve yat\u0131r\u0131m alan\u0131nda yeni i\u015f birliklerinin geli\u015ftirilmesini hedefliyor. K\u0131br\u0131s T\u00fcrk \u0130n\u015faat M\u00fcteahhitleri Birli\u011fi (KT\u0130MB) Ba\u015fkan\u0131 Cafer G\u00fcrcafer, a\u00e7\u0131l\u0131\u015fta yapt\u0131\u011f\u0131 konu\u015fmada organizasyonun klasik bir tan\u0131t\u0131m etkinli\u011fi olmad\u0131\u011f\u0131n\u0131 belirterek, do\u011frudan\" \/>\n<meta property=\"og:url\" content=\"https:\/\/kibrisdakik.com\/?p=111422\" \/>\n<meta property=\"article:published_time\" content=\"2026-04-28T16:07:38+00:00\" \/>\n<meta property=\"og:image\" content=\"https:\/\/mhahabercom.teimg.com\/crop\/1280x720\/mhahaber-com\/uploads\/2026\/04\/mha-sari-beyaz-5017.png\" \/>\n<meta name=\"author\" content=\"admin\" \/>\n<meta name=\"twitter:card\" content=\"summary_large_image\" \/>\n<meta name=\"twitter:label1\" content=\"Yazan:\" \/>\n\t<meta name=\"twitter:data1\" content=\"admin\" \/>\n\t<meta name=\"twitter:label2\" content=\"Tahmini okuma s\u00fcresi\" \/>\n\t<meta name=\"twitter:data2\" content=\"1 dakika\" \/>\n<script type=\"application\/ld+json\" class=\"yoast-schema-graph\">{\"@context\":\"https:\\\/\\\/schema.org\",\"@graph\":[{\"@type\":\"Article\",\"@id\":\"https:\\\/\\\/kibrisdakik.com\\\/?p=111422#article\",\"isPartOf\":{\"@id\":\"https:\\\/\\\/kibrisdakik.com\\\/?p=111422\"},\"author\":{\"name\":\"admin\",\"@id\":\"https:\\\/\\\/kibrisdakik.com\\\/#\\\/schema\\\/person\\\/9cd9d437bbb44f72b73ba127e06d8e79\"},\"headline\":\"\u0130N\u015eAAT VE YATIRIM D\u00dcNYASI KUZEY KIBRIS\u2019TA BULU\u015eTU\",\"datePublished\":\"2026-04-28T16:07:38+00:00\",\"mainEntityOfPage\":{\"@id\":\"https:\\\/\\\/kibrisdakik.com\\\/?p=111422\"},\"wordCount\":276,\"commentCount\":0,\"image\":{\"@id\":\"https:\\\/\\\/kibrisdakik.com\\\/?p=111422#primaryimage\"},\"thumbnailUrl\":\"https:\\\/\\\/kibrisdakik.com\\\/wp-content\\\/uploads\\\/2026\\\/04\\\/mha-sari-beyaz-5017.png\",\"articleSection\":[\"K\u0131br\u0131s\"],\"inLanguage\":\"tr\",\"potentialAction\":[{\"@type\":\"CommentAction\",\"name\":\"Comment\",\"target\":[\"https:\\\/\\\/kibrisdakik.com\\\/?p=111422#respond\"]}]},{\"@type\":\"WebPage\",\"@id\":\"https:\\\/\\\/kibrisdakik.com\\\/?p=111422\",\"url\":\"https:\\\/\\\/kibrisdakik.com\\\/?p=111422\",\"name\":\"\u0130N\u015eAAT VE YATIRIM D\u00dcNYASI KUZEY KIBRIS\u2019TA BULU\u015eTU -\",\"isPartOf\":{\"@id\":\"https:\\\/\\\/kibrisdakik.com\\\/#website\"},\"primaryImageOfPage\":{\"@id\":\"https:\\\/\\\/kibrisdakik.com\\\/?p=111422#primaryimage\"},\"image\":{\"@id\":\"https:\\\/\\\/kibrisdakik.com\\\/?p=111422#primaryimage\"},\"thumbnailUrl\":\"https:\\\/\\\/kibrisdakik.com\\\/wp-content\\\/uploads\\\/2026\\\/04\\\/mha-sari-beyaz-5017.png\",\"datePublished\":\"2026-04-28T16:07:38+00:00\",\"author\":{\"@id\":\"https:\\\/\\\/kibrisdakik.com\\\/#\\\/schema\\\/person\\\/9cd9d437bbb44f72b73ba127e06d8e79\"},\"breadcrumb\":{\"@id\":\"https:\\\/\\\/kibrisdakik.com\\\/?p=111422#breadcrumb\"},\"inLanguage\":\"tr\",\"potentialAction\":[{\"@type\":\"ReadAction\",\"target\":[\"https:\\\/\\\/kibrisdakik.com\\\/?p=111422\"]}]},{\"@type\":\"ImageObject\",\"inLanguage\":\"tr\",\"@id\":\"https:\\\/\\\/kibrisdakik.com\\\/?p=111422#primaryimage\",\"url\":\"https:\\\/\\\/kibrisdakik.com\\\/wp-content\\\/uploads\\\/2026\\\/04\\\/mha-sari-beyaz-5017.png\",\"contentUrl\":\"https:\\\/\\\/kibrisdakik.com\\\/wp-content\\\/uploads\\\/2026\\\/04\\\/mha-sari-beyaz-5017.png\",\"width\":1280,\"height\":720},{\"@type\":\"BreadcrumbList\",\"@id\":\"https:\\\/\\\/kibrisdakik.com\\\/?p=111422#breadcrumb\",\"itemListElement\":[{\"@type\":\"ListItem\",\"position\":1,\"name\":\"Home\",\"item\":\"https:\\\/\\\/kibrisdakik.com\\\/\"},{\"@type\":\"ListItem\",\"position\":2,\"name\":\"\u0130N\u015eAAT VE YATIRIM D\u00dcNYASI KUZEY KIBRIS\u2019TA BULU\u015eTU\"}]},{\"@type\":\"WebSite\",\"@id\":\"https:\\\/\\\/kibrisdakik.com\\\/#website\",\"url\":\"https:\\\/\\\/kibrisdakik.com\\\/\",\"name\":\"\",\"description\":\"Tam vaktinde haber\",\"potentialAction\":[{\"@type\":\"SearchAction\",\"target\":{\"@type\":\"EntryPoint\",\"urlTemplate\":\"https:\\\/\\\/kibrisdakik.com\\\/?s={search_term_string}\"},\"query-input\":{\"@type\":\"PropertyValueSpecification\",\"valueRequired\":true,\"valueName\":\"search_term_string\"}}],\"inLanguage\":\"tr\"},{\"@type\":\"Person\",\"@id\":\"https:\\\/\\\/kibrisdakik.com\\\/#\\\/schema\\\/person\\\/9cd9d437bbb44f72b73ba127e06d8e79\",\"name\":\"admin\",\"image\":{\"@type\":\"ImageObject\",\"inLanguage\":\"tr\",\"@id\":\"https:\\\/\\\/secure.gravatar.com\\\/avatar\\\/ccc17943b9d660506c869530f897617f7cb1c21a4bf30023f252596d83e1f007?s=96&d=mm&r=g\",\"url\":\"https:\\\/\\\/secure.gravatar.com\\\/avatar\\\/ccc17943b9d660506c869530f897617f7cb1c21a4bf30023f252596d83e1f007?s=96&d=mm&r=g\",\"contentUrl\":\"https:\\\/\\\/secure.gravatar.com\\\/avatar\\\/ccc17943b9d660506c869530f897617f7cb1c21a4bf30023f252596d83e1f007?s=96&d=mm&r=g\",\"caption\":\"admin\"},\"sameAs\":[\"https:\\\/\\\/kibrisdakik.com\"],\"url\":\"https:\\\/\\\/kibrisdakik.com\\\/?author=1\"}]}<\/script>\n<!-- \/ Yoast SEO plugin. -->","yoast_head_json":{"title":"\u0130N\u015eAAT VE YATIRIM D\u00dcNYASI KUZEY KIBRIS\u2019TA BULU\u015eTU -","robots":{"index":"index","follow":"follow","max-snippet":"max-snippet:-1","max-image-preview":"max-image-preview:large","max-video-preview":"max-video-preview:-1"},"canonical":"https:\/\/kibrisdakik.com\/?p=111422","og_locale":"tr_TR","og_type":"article","og_title":"\u0130N\u015eAAT VE YATIRIM D\u00dcNYASI KUZEY KIBRIS\u2019TA BULU\u015eTU -","og_description":"Kuzey K\u0131br\u0131s, uluslararas\u0131 yat\u0131r\u0131m ve gayrimenkul d\u00fcnyas\u0131n\u0131 ilk kez ayn\u0131 \u00e7at\u0131 alt\u0131nda bulu\u015fturan Global Congress 2026\u2019ya ev sahipli\u011fi yap\u0131yor. Farkl\u0131 \u00fclkelerden sekt\u00f6r temsilcilerinin kat\u0131l\u0131m\u0131yla ba\u015flayan kongre, in\u015faat ve yat\u0131r\u0131m alan\u0131nda yeni i\u015f birliklerinin geli\u015ftirilmesini hedefliyor. K\u0131br\u0131s T\u00fcrk \u0130n\u015faat M\u00fcteahhitleri Birli\u011fi (KT\u0130MB) Ba\u015fkan\u0131 Cafer G\u00fcrcafer, a\u00e7\u0131l\u0131\u015fta yapt\u0131\u011f\u0131 konu\u015fmada organizasyonun klasik bir tan\u0131t\u0131m etkinli\u011fi olmad\u0131\u011f\u0131n\u0131 belirterek, do\u011frudan","og_url":"https:\/\/kibrisdakik.com\/?p=111422","article_published_time":"2026-04-28T16:07:38+00:00","og_image":[{"url":"https:\/\/mhahabercom.teimg.com\/crop\/1280x720\/mhahaber-com\/uploads\/2026\/04\/mha-sari-beyaz-5017.png","type":"","width":"","height":""}],"author":"admin","twitter_card":"summary_large_image","twitter_misc":{"Yazan:":"admin","Tahmini okuma s\u00fcresi":"1 dakika"},"schema":{"@context":"https:\/\/schema.org","@graph":[{"@type":"Article","@id":"https:\/\/kibrisdakik.com\/?p=111422#article","isPartOf":{"@id":"https:\/\/kibrisdakik.com\/?p=111422"},"author":{"name":"admin","@id":"https:\/\/kibrisdakik.com\/#\/schema\/person\/9cd9d437bbb44f72b73ba127e06d8e79"},"headline":"\u0130N\u015eAAT VE YATIRIM D\u00dcNYASI KUZEY KIBRIS\u2019TA BULU\u015eTU","datePublished":"2026-04-28T16:07:38+00:00","mainEntityOfPage":{"@id":"https:\/\/kibrisdakik.com\/?p=111422"},"wordCount":276,"commentCount":0,"image":{"@id":"https:\/\/kibrisdakik.com\/?p=111422#primaryimage"},"thumbnailUrl":"https:\/\/kibrisdakik.com\/wp-content\/uploads\/2026\/04\/mha-sari-beyaz-5017.png","articleSection":["K\u0131br\u0131s"],"inLanguage":"tr","potentialAction":[{"@type":"CommentAction","name":"Comment","target":["https:\/\/kibrisdakik.com\/?p=111422#respond"]}]},{"@type":"WebPage","@id":"https:\/\/kibrisdakik.com\/?p=111422","url":"https:\/\/kibrisdakik.com\/?p=111422","name":"\u0130N\u015eAAT VE YATIRIM D\u00dcNYASI KUZEY KIBRIS\u2019TA BULU\u015eTU -","isPartOf":{"@id":"https:\/\/kibrisdakik.com\/#website"},"primaryImageOfPage":{"@id":"https:\/\/kibrisdakik.com\/?p=111422#primaryimage"},"image":{"@id":"https:\/\/kibrisdakik.com\/?p=111422#primaryimage"},"thumbnailUrl":"https:\/\/kibrisdakik.com\/wp-content\/uploads\/2026\/04\/mha-sari-beyaz-5017.png","datePublished":"2026-04-28T16:07:38+00:00","author":{"@id":"https:\/\/kibrisdakik.com\/#\/schema\/person\/9cd9d437bbb44f72b73ba127e06d8e79"},"breadcrumb":{"@id":"https:\/\/kibrisdakik.com\/?p=111422#breadcrumb"},"inLanguage":"tr","potentialAction":[{"@type":"ReadAction","target":["https:\/\/kibrisdakik.com\/?p=111422"]}]},{"@type":"ImageObject","inLanguage":"tr","@id":"https:\/\/kibrisdakik.com\/?p=111422#primaryimage","url":"https:\/\/kibrisdakik.com\/wp-content\/uploads\/2026\/04\/mha-sari-beyaz-5017.png","contentUrl":"https:\/\/kibrisdakik.com\/wp-content\/uploads\/2026\/04\/mha-sari-beyaz-5017.png","width":1280,"height":720},{"@type":"BreadcrumbList","@id":"https:\/\/kibrisdakik.com\/?p=111422#breadcrumb","itemListElement":[{"@type":"ListItem","position":1,"name":"Home","item":"https:\/\/kibrisdakik.com\/"},{"@type":"ListItem","position":2,"name":"\u0130N\u015eAAT VE YATIRIM D\u00dcNYASI KUZEY KIBRIS\u2019TA BULU\u015eTU"}]},{"@type":"WebSite","@id":"https:\/\/kibrisdakik.com\/#website","url":"https:\/\/kibrisdakik.com\/","name":"","description":"Tam vaktinde haber","potentialAction":[{"@type":"SearchAction","target":{"@type":"EntryPoint","urlTemplate":"https:\/\/kibrisdakik.com\/?s={search_term_string}"},"query-input":{"@type":"PropertyValueSpecification","valueRequired":true,"valueName":"search_term_string"}}],"inLanguage":"tr"},{"@type":"Person","@id":"https:\/\/kibrisdakik.com\/#\/schema\/person\/9cd9d437bbb44f72b73ba127e06d8e79","name":"admin","image":{"@type":"ImageObject","inLanguage":"tr","@id":"https:\/\/secure.gravatar.com\/avatar\/ccc17943b9d660506c869530f897617f7cb1c21a4bf30023f252596d83e1f007?s=96&d=mm&r=g","url":"https:\/\/secure.gravatar.com\/avatar\/ccc17943b9d660506c869530f897617f7cb1c21a4bf30023f252596d83e1f007?s=96&d=mm&r=g","contentUrl":"https:\/\/secure.gravatar.com\/avatar\/ccc17943b9d660506c869530f897617f7cb1c21a4bf30023f252596d83e1f007?s=96&d=mm&r=g","caption":"admin"},"sameAs":["https:\/\/kibrisdakik.com"],"url":"https:\/\/kibrisdakik.com\/?author=1"}]}},"_links":{"self":[{"href":"https:\/\/kibrisdakik.com\/index.php?rest_route=\/wp\/v2\/posts\/111422","targetHints":{"allow":["GET"]}}],"collection":[{"href":"https:\/\/kibrisdakik.com\/index.php?rest_route=\/wp\/v2\/posts"}],"about":[{"href":"https:\/\/kibrisdakik.com\/index.php?rest_route=\/wp\/v2\/types\/post"}],"author":[{"embeddable":true,"href":"https:\/\/kibrisdakik.com\/index.php?rest_route=\/wp\/v2\/users\/1"}],"replies":[{"embeddable":true,"href":"https:\/\/kibrisdakik.com\/index.php?rest_route=%2Fwp%2Fv2%2Fcomments&post=111422"}],"version-history":[{"count":0,"href":"https:\/\/kibrisdakik.com\/index.php?rest_route=\/wp\/v2\/posts\/111422\/revisions"}],"wp:featuredmedia":[{"embeddable":true,"href":"https:\/\/kibrisdakik.com\/index.php?rest_route=\/wp\/v2\/media\/111423"}],"wp:attachment":[{"href":"https:\/\/kibrisdakik.com\/index.php?rest_route=%2Fwp%2Fv2%2Fmedia&parent=111422"}],"wp:term":[{"taxonomy":"category","embeddable":true,"href":"https:\/\/kibrisdakik.com\/index.php?rest_route=%2Fwp%2Fv2%2Fcategories&post=111422"},{"taxonomy":"post_tag","embeddable":true,"href":"https:\/\/kibrisdakik.com\/index.php?rest_route=%2Fwp%2Fv2%2Ftags&post=111422"}],"curies":[{"name":"wp","href":"https:\/\/api.w.org\/{rel}","templated":true}]}}