{"id":111432,"date":"2026-04-29T10:23:14","date_gmt":"2026-04-29T07:23:14","guid":{"rendered":"https:\/\/kibrisdakik.com\/?p=111432"},"modified":"2026-04-29T10:23:14","modified_gmt":"2026-04-29T07:23:14","slug":"bellapais-ilkbahar-muzik-festivalinde-yarin-aksam-italyan-sarkilari-konseri-yer-alacak","status":"publish","type":"post","link":"https:\/\/kibrisdakik.com\/?p=111432","title":{"rendered":"BELLAPA\u0130S \u0130LKBAHAR M\u00dcZ\u0130K FEST\u0130VAL\u0130&#039;NDE YARIN AK\u015eAM \u0130TALYAN \u015eARKILARI KONSER\u0130 YER ALACAK"},"content":{"rendered":"<p><\/p>\n<div data-text-id=\"200914\" property=\"articleBody\">\n<p>Bellapais \u0130lkbahar M\u00fczik Festivali \u00e7er\u00e7evesinde yar\u0131n ak\u015fam \u0130talyan \u015fark\u0131lar\u0131 konseri d\u00fczenlenecek.<\/p>\n<p>Verilen bilgiye g\u00f6re, Patricia Freres (soprano), Oksana Donika (mezzo-soprano), Umut Cem Erten (tenor), Sabina Vodopianova (violin), Susanna Orchan (\u00e7ello) ve Elena Stern\u2019in (piano) yer alacaklar\u0131 konser saat 20.00&#8217;de ba\u015flayacak.<\/p>\n<p>Konserin 600 TL&#8217;den biletli olaca\u011f\u0131 duyurulan a\u00e7\u0131klamada, Lefko\u015fa Deniz Plaza, Girne Deniz Plaza, Bellapais Bilet Ofisi ve konser giri\u015finden veya \u00e7evrimi\u00e7i olarak Gi\u015fekibris.com ve Kibrisbiletcim.com \u00fczerinden bilet sat\u0131laca\u011f\u0131 kaydedildi.<\/p>\n<p>Kuzey K\u0131br\u0131s M\u00fczik Derne\u011fi&#8217;nin, Ba\u015fbakan Yard\u0131mc\u0131l\u0131\u011f\u0131, Turizm, K\u00fclt\u00fcr, Gen\u00e7lik ve \u00c7evre Bakanl\u0131\u011f\u0131, Deniz Plaza, Bellapais Gardens ve Kybele katk\u0131lar\u0131yla bu y\u0131l 21\u2019incisi d\u00fczenledi\u011fi festival kapsam\u0131nda, 2 May\u0131s Cumartesi ak\u015fam\u0131 ise T\u00fcrkiye Polifonik Korolar Derne\u011fi\u2019nin Gen\u00e7lik ve B\u00fcy\u00fckler Korolar\u0131\u2019n\u0131n konseri yer alacak.<\/p>\n<\/p><\/div>\n","protected":false},"excerpt":{"rendered":"<p>Bellapais \u0130lkbahar M\u00fczik Festivali \u00e7er\u00e7evesinde yar\u0131n ak\u015fam \u0130talyan \u015fark\u0131lar\u0131 konseri d\u00fczenlenecek. Verilen bilgiye g\u00f6re, Patricia Freres (soprano), Oksana Donika (mezzo-soprano), Umut Cem Erten (tenor), Sabina Vodopianova (violin), Susanna Orchan (\u00e7ello) ve Elena Stern\u2019in (piano) yer alacaklar\u0131 konser saat 20.00&#8217;de ba\u015flayacak. Konserin 600 TL&#8217;den biletli olaca\u011f\u0131 duyurulan a\u00e7\u0131klamada, Lefko\u015fa Deniz Plaza, Girne Deniz Plaza, Bellapais Bilet<\/p>\n","protected":false},"author":1,"featured_media":111433,"comment_status":"open","ping_status":"open","sticky":false,"template":"","format":"standard","meta":{"footnotes":""},"categories":[81],"tags":[],"class_list":["post-111432","post","type-post","status-publish","format-standard","has-post-thumbnail","hentry","category-kibris"],"yoast_head":"<!-- This site is optimized with the Yoast SEO plugin v27.5 - https:\/\/yoast.com\/product\/yoast-seo-wordpress\/ -->\n<title>BELLAPA\u0130S \u0130LKBAHAR M\u00dcZ\u0130K FEST\u0130VAL\u0130&#039;NDE YARIN AK\u015eAM \u0130TALYAN \u015eARKILARI KONSER\u0130 YER ALACAK -<\/title>\n<meta name=\"robots\" content=\"index, follow, max-snippet:-1, max-image-preview:large, max-video-preview:-1\" \/>\n<link rel=\"canonical\" href=\"https:\/\/kibrisdakik.com\/?p=111432\" \/>\n<meta property=\"og:locale\" content=\"tr_TR\" \/>\n<meta property=\"og:type\" content=\"article\" \/>\n<meta property=\"og:title\" content=\"BELLAPA\u0130S \u0130LKBAHAR M\u00dcZ\u0130K FEST\u0130VAL\u0130&#039;NDE YARIN AK\u015eAM \u0130TALYAN \u015eARKILARI KONSER\u0130 YER ALACAK -\" \/>\n<meta property=\"og:description\" content=\"Bellapais \u0130lkbahar M\u00fczik Festivali \u00e7er\u00e7evesinde yar\u0131n ak\u015fam \u0130talyan \u015fark\u0131lar\u0131 konseri d\u00fczenlenecek. Verilen bilgiye g\u00f6re, Patricia Freres (soprano), Oksana Donika (mezzo-soprano), Umut Cem Erten (tenor), Sabina Vodopianova (violin), Susanna Orchan (\u00e7ello) ve Elena Stern\u2019in (piano) yer alacaklar\u0131 konser saat 20.00&#8217;de ba\u015flayacak. Konserin 600 TL&#8217;den biletli olaca\u011f\u0131 duyurulan a\u00e7\u0131klamada, Lefko\u015fa Deniz Plaza, Girne Deniz Plaza, Bellapais Bilet\" \/>\n<meta property=\"og:url\" content=\"https:\/\/kibrisdakik.com\/?p=111432\" \/>\n<meta property=\"article:published_time\" content=\"2026-04-29T07:23:14+00:00\" \/>\n<meta property=\"og:image\" content=\"https:\/\/mhahabercom.teimg.com\/crop\/1280x720\/mhahaber-com\/uploads\/2026\/04\/m-h-a-m-h-a-393.png\" \/>\n<meta name=\"author\" content=\"admin\" \/>\n<meta name=\"twitter:card\" content=\"summary_large_image\" \/>\n<meta name=\"twitter:label1\" content=\"Yazan:\" \/>\n\t<meta name=\"twitter:data1\" content=\"admin\" \/>\n\t<meta name=\"twitter:label2\" content=\"Tahmini okuma s\u00fcresi\" \/>\n\t<meta name=\"twitter:data2\" content=\"1 dakika\" \/>\n<script type=\"application\/ld+json\" class=\"yoast-schema-graph\">{\"@context\":\"https:\\\/\\\/schema.org\",\"@graph\":[{\"@type\":\"Article\",\"@id\":\"https:\\\/\\\/kibrisdakik.com\\\/?p=111432#article\",\"isPartOf\":{\"@id\":\"https:\\\/\\\/kibrisdakik.com\\\/?p=111432\"},\"author\":{\"name\":\"admin\",\"@id\":\"https:\\\/\\\/kibrisdakik.com\\\/#\\\/schema\\\/person\\\/9cd9d437bbb44f72b73ba127e06d8e79\"},\"headline\":\"BELLAPA\u0130S \u0130LKBAHAR M\u00dcZ\u0130K FEST\u0130VAL\u0130&#039;NDE YARIN AK\u015eAM \u0130TALYAN \u015eARKILARI KONSER\u0130 YER ALACAK\",\"datePublished\":\"2026-04-29T07:23:14+00:00\",\"mainEntityOfPage\":{\"@id\":\"https:\\\/\\\/kibrisdakik.com\\\/?p=111432\"},\"wordCount\":168,\"commentCount\":0,\"image\":{\"@id\":\"https:\\\/\\\/kibrisdakik.com\\\/?p=111432#primaryimage\"},\"thumbnailUrl\":\"https:\\\/\\\/kibrisdakik.com\\\/wp-content\\\/uploads\\\/2026\\\/04\\\/m-h-a-m-h-a-393.png\",\"articleSection\":[\"K\u0131br\u0131s\"],\"inLanguage\":\"tr\",\"potentialAction\":[{\"@type\":\"CommentAction\",\"name\":\"Comment\",\"target\":[\"https:\\\/\\\/kibrisdakik.com\\\/?p=111432#respond\"]}]},{\"@type\":\"WebPage\",\"@id\":\"https:\\\/\\\/kibrisdakik.com\\\/?p=111432\",\"url\":\"https:\\\/\\\/kibrisdakik.com\\\/?p=111432\",\"name\":\"BELLAPA\u0130S \u0130LKBAHAR M\u00dcZ\u0130K FEST\u0130VAL\u0130&#039;NDE YARIN AK\u015eAM \u0130TALYAN \u015eARKILARI KONSER\u0130 YER ALACAK -\",\"isPartOf\":{\"@id\":\"https:\\\/\\\/kibrisdakik.com\\\/#website\"},\"primaryImageOfPage\":{\"@id\":\"https:\\\/\\\/kibrisdakik.com\\\/?p=111432#primaryimage\"},\"image\":{\"@id\":\"https:\\\/\\\/kibrisdakik.com\\\/?p=111432#primaryimage\"},\"thumbnailUrl\":\"https:\\\/\\\/kibrisdakik.com\\\/wp-content\\\/uploads\\\/2026\\\/04\\\/m-h-a-m-h-a-393.png\",\"datePublished\":\"2026-04-29T07:23:14+00:00\",\"author\":{\"@id\":\"https:\\\/\\\/kibrisdakik.com\\\/#\\\/schema\\\/person\\\/9cd9d437bbb44f72b73ba127e06d8e79\"},\"breadcrumb\":{\"@id\":\"https:\\\/\\\/kibrisdakik.com\\\/?p=111432#breadcrumb\"},\"inLanguage\":\"tr\",\"potentialAction\":[{\"@type\":\"ReadAction\",\"target\":[\"https:\\\/\\\/kibrisdakik.com\\\/?p=111432\"]}]},{\"@type\":\"ImageObject\",\"inLanguage\":\"tr\",\"@id\":\"https:\\\/\\\/kibrisdakik.com\\\/?p=111432#primaryimage\",\"url\":\"https:\\\/\\\/kibrisdakik.com\\\/wp-content\\\/uploads\\\/2026\\\/04\\\/m-h-a-m-h-a-393.png\",\"contentUrl\":\"https:\\\/\\\/kibrisdakik.com\\\/wp-content\\\/uploads\\\/2026\\\/04\\\/m-h-a-m-h-a-393.png\",\"width\":1280,\"height\":720},{\"@type\":\"BreadcrumbList\",\"@id\":\"https:\\\/\\\/kibrisdakik.com\\\/?p=111432#breadcrumb\",\"itemListElement\":[{\"@type\":\"ListItem\",\"position\":1,\"name\":\"Home\",\"item\":\"https:\\\/\\\/kibrisdakik.com\\\/\"},{\"@type\":\"ListItem\",\"position\":2,\"name\":\"BELLAPA\u0130S \u0130LKBAHAR M\u00dcZ\u0130K FEST\u0130VAL\u0130&#039;NDE YARIN AK\u015eAM \u0130TALYAN \u015eARKILARI KONSER\u0130 YER ALACAK\"}]},{\"@type\":\"WebSite\",\"@id\":\"https:\\\/\\\/kibrisdakik.com\\\/#website\",\"url\":\"https:\\\/\\\/kibrisdakik.com\\\/\",\"name\":\"\",\"description\":\"Tam vaktinde haber\",\"potentialAction\":[{\"@type\":\"SearchAction\",\"target\":{\"@type\":\"EntryPoint\",\"urlTemplate\":\"https:\\\/\\\/kibrisdakik.com\\\/?s={search_term_string}\"},\"query-input\":{\"@type\":\"PropertyValueSpecification\",\"valueRequired\":true,\"valueName\":\"search_term_string\"}}],\"inLanguage\":\"tr\"},{\"@type\":\"Person\",\"@id\":\"https:\\\/\\\/kibrisdakik.com\\\/#\\\/schema\\\/person\\\/9cd9d437bbb44f72b73ba127e06d8e79\",\"name\":\"admin\",\"image\":{\"@type\":\"ImageObject\",\"inLanguage\":\"tr\",\"@id\":\"https:\\\/\\\/secure.gravatar.com\\\/avatar\\\/ccc17943b9d660506c869530f897617f7cb1c21a4bf30023f252596d83e1f007?s=96&d=mm&r=g\",\"url\":\"https:\\\/\\\/secure.gravatar.com\\\/avatar\\\/ccc17943b9d660506c869530f897617f7cb1c21a4bf30023f252596d83e1f007?s=96&d=mm&r=g\",\"contentUrl\":\"https:\\\/\\\/secure.gravatar.com\\\/avatar\\\/ccc17943b9d660506c869530f897617f7cb1c21a4bf30023f252596d83e1f007?s=96&d=mm&r=g\",\"caption\":\"admin\"},\"sameAs\":[\"https:\\\/\\\/kibrisdakik.com\"],\"url\":\"https:\\\/\\\/kibrisdakik.com\\\/?author=1\"}]}<\/script>\n<!-- \/ Yoast SEO plugin. -->","yoast_head_json":{"title":"BELLAPA\u0130S \u0130LKBAHAR M\u00dcZ\u0130K FEST\u0130VAL\u0130&#039;NDE YARIN AK\u015eAM \u0130TALYAN \u015eARKILARI KONSER\u0130 YER ALACAK -","robots":{"index":"index","follow":"follow","max-snippet":"max-snippet:-1","max-image-preview":"max-image-preview:large","max-video-preview":"max-video-preview:-1"},"canonical":"https:\/\/kibrisdakik.com\/?p=111432","og_locale":"tr_TR","og_type":"article","og_title":"BELLAPA\u0130S \u0130LKBAHAR M\u00dcZ\u0130K FEST\u0130VAL\u0130&#039;NDE YARIN AK\u015eAM \u0130TALYAN \u015eARKILARI KONSER\u0130 YER ALACAK -","og_description":"Bellapais \u0130lkbahar M\u00fczik Festivali \u00e7er\u00e7evesinde yar\u0131n ak\u015fam \u0130talyan \u015fark\u0131lar\u0131 konseri d\u00fczenlenecek. Verilen bilgiye g\u00f6re, Patricia Freres (soprano), Oksana Donika (mezzo-soprano), Umut Cem Erten (tenor), Sabina Vodopianova (violin), Susanna Orchan (\u00e7ello) ve Elena Stern\u2019in (piano) yer alacaklar\u0131 konser saat 20.00&#8217;de ba\u015flayacak. Konserin 600 TL&#8217;den biletli olaca\u011f\u0131 duyurulan a\u00e7\u0131klamada, Lefko\u015fa Deniz Plaza, Girne Deniz Plaza, Bellapais Bilet","og_url":"https:\/\/kibrisdakik.com\/?p=111432","article_published_time":"2026-04-29T07:23:14+00:00","og_image":[{"url":"https:\/\/mhahabercom.teimg.com\/crop\/1280x720\/mhahaber-com\/uploads\/2026\/04\/m-h-a-m-h-a-393.png","type":"","width":"","height":""}],"author":"admin","twitter_card":"summary_large_image","twitter_misc":{"Yazan:":"admin","Tahmini okuma s\u00fcresi":"1 dakika"},"schema":{"@context":"https:\/\/schema.org","@graph":[{"@type":"Article","@id":"https:\/\/kibrisdakik.com\/?p=111432#article","isPartOf":{"@id":"https:\/\/kibrisdakik.com\/?p=111432"},"author":{"name":"admin","@id":"https:\/\/kibrisdakik.com\/#\/schema\/person\/9cd9d437bbb44f72b73ba127e06d8e79"},"headline":"BELLAPA\u0130S \u0130LKBAHAR M\u00dcZ\u0130K FEST\u0130VAL\u0130&#039;NDE YARIN AK\u015eAM \u0130TALYAN \u015eARKILARI KONSER\u0130 YER ALACAK","datePublished":"2026-04-29T07:23:14+00:00","mainEntityOfPage":{"@id":"https:\/\/kibrisdakik.com\/?p=111432"},"wordCount":168,"commentCount":0,"image":{"@id":"https:\/\/kibrisdakik.com\/?p=111432#primaryimage"},"thumbnailUrl":"https:\/\/kibrisdakik.com\/wp-content\/uploads\/2026\/04\/m-h-a-m-h-a-393.png","articleSection":["K\u0131br\u0131s"],"inLanguage":"tr","potentialAction":[{"@type":"CommentAction","name":"Comment","target":["https:\/\/kibrisdakik.com\/?p=111432#respond"]}]},{"@type":"WebPage","@id":"https:\/\/kibrisdakik.com\/?p=111432","url":"https:\/\/kibrisdakik.com\/?p=111432","name":"BELLAPA\u0130S \u0130LKBAHAR M\u00dcZ\u0130K FEST\u0130VAL\u0130&#039;NDE YARIN AK\u015eAM \u0130TALYAN \u015eARKILARI KONSER\u0130 YER ALACAK -","isPartOf":{"@id":"https:\/\/kibrisdakik.com\/#website"},"primaryImageOfPage":{"@id":"https:\/\/kibrisdakik.com\/?p=111432#primaryimage"},"image":{"@id":"https:\/\/kibrisdakik.com\/?p=111432#primaryimage"},"thumbnailUrl":"https:\/\/kibrisdakik.com\/wp-content\/uploads\/2026\/04\/m-h-a-m-h-a-393.png","datePublished":"2026-04-29T07:23:14+00:00","author":{"@id":"https:\/\/kibrisdakik.com\/#\/schema\/person\/9cd9d437bbb44f72b73ba127e06d8e79"},"breadcrumb":{"@id":"https:\/\/kibrisdakik.com\/?p=111432#breadcrumb"},"inLanguage":"tr","potentialAction":[{"@type":"ReadAction","target":["https:\/\/kibrisdakik.com\/?p=111432"]}]},{"@type":"ImageObject","inLanguage":"tr","@id":"https:\/\/kibrisdakik.com\/?p=111432#primaryimage","url":"https:\/\/kibrisdakik.com\/wp-content\/uploads\/2026\/04\/m-h-a-m-h-a-393.png","contentUrl":"https:\/\/kibrisdakik.com\/wp-content\/uploads\/2026\/04\/m-h-a-m-h-a-393.png","width":1280,"height":720},{"@type":"BreadcrumbList","@id":"https:\/\/kibrisdakik.com\/?p=111432#breadcrumb","itemListElement":[{"@type":"ListItem","position":1,"name":"Home","item":"https:\/\/kibrisdakik.com\/"},{"@type":"ListItem","position":2,"name":"BELLAPA\u0130S \u0130LKBAHAR M\u00dcZ\u0130K FEST\u0130VAL\u0130&#039;NDE YARIN AK\u015eAM \u0130TALYAN \u015eARKILARI KONSER\u0130 YER ALACAK"}]},{"@type":"WebSite","@id":"https:\/\/kibrisdakik.com\/#website","url":"https:\/\/kibrisdakik.com\/","name":"","description":"Tam vaktinde haber","potentialAction":[{"@type":"SearchAction","target":{"@type":"EntryPoint","urlTemplate":"https:\/\/kibrisdakik.com\/?s={search_term_string}"},"query-input":{"@type":"PropertyValueSpecification","valueRequired":true,"valueName":"search_term_string"}}],"inLanguage":"tr"},{"@type":"Person","@id":"https:\/\/kibrisdakik.com\/#\/schema\/person\/9cd9d437bbb44f72b73ba127e06d8e79","name":"admin","image":{"@type":"ImageObject","inLanguage":"tr","@id":"https:\/\/secure.gravatar.com\/avatar\/ccc17943b9d660506c869530f897617f7cb1c21a4bf30023f252596d83e1f007?s=96&d=mm&r=g","url":"https:\/\/secure.gravatar.com\/avatar\/ccc17943b9d660506c869530f897617f7cb1c21a4bf30023f252596d83e1f007?s=96&d=mm&r=g","contentUrl":"https:\/\/secure.gravatar.com\/avatar\/ccc17943b9d660506c869530f897617f7cb1c21a4bf30023f252596d83e1f007?s=96&d=mm&r=g","caption":"admin"},"sameAs":["https:\/\/kibrisdakik.com"],"url":"https:\/\/kibrisdakik.com\/?author=1"}]}},"_links":{"self":[{"href":"https:\/\/kibrisdakik.com\/index.php?rest_route=\/wp\/v2\/posts\/111432","targetHints":{"allow":["GET"]}}],"collection":[{"href":"https:\/\/kibrisdakik.com\/index.php?rest_route=\/wp\/v2\/posts"}],"about":[{"href":"https:\/\/kibrisdakik.com\/index.php?rest_route=\/wp\/v2\/types\/post"}],"author":[{"embeddable":true,"href":"https:\/\/kibrisdakik.com\/index.php?rest_route=\/wp\/v2\/users\/1"}],"replies":[{"embeddable":true,"href":"https:\/\/kibrisdakik.com\/index.php?rest_route=%2Fwp%2Fv2%2Fcomments&post=111432"}],"version-history":[{"count":0,"href":"https:\/\/kibrisdakik.com\/index.php?rest_route=\/wp\/v2\/posts\/111432\/revisions"}],"wp:featuredmedia":[{"embeddable":true,"href":"https:\/\/kibrisdakik.com\/index.php?rest_route=\/wp\/v2\/media\/111433"}],"wp:attachment":[{"href":"https:\/\/kibrisdakik.com\/index.php?rest_route=%2Fwp%2Fv2%2Fmedia&parent=111432"}],"wp:term":[{"taxonomy":"category","embeddable":true,"href":"https:\/\/kibrisdakik.com\/index.php?rest_route=%2Fwp%2Fv2%2Fcategories&post=111432"},{"taxonomy":"post_tag","embeddable":true,"href":"https:\/\/kibrisdakik.com\/index.php?rest_route=%2Fwp%2Fv2%2Ftags&post=111432"}],"curies":[{"name":"wp","href":"https:\/\/api.w.org\/{rel}","templated":true}]}}