{"id":111446,"date":"2026-04-29T12:14:26","date_gmt":"2026-04-29T09:14:26","guid":{"rendered":"https:\/\/kibrisdakik.com\/?p=111446"},"modified":"2026-04-29T12:14:26","modified_gmt":"2026-04-29T09:14:26","slug":"metehan-ve-alaykoyde-yarin-elektrik-kesintisi-yapilacak","status":"publish","type":"post","link":"https:\/\/kibrisdakik.com\/?p=111446","title":{"rendered":"METEHAN VE ALAYK\u00d6Y&#039;DE YARIN ELEKTR\u0130K KES\u0130NT\u0130S\u0130 YAPILACAK"},"content":{"rendered":"<p><\/p>\n<div data-text-id=\"200929\" property=\"articleBody\">\n<p>K\u0131br\u0131s T\u00fcrk Elektrik Kurumu (K\u0131b-Tek), yar\u0131n Metehan ve Alayk\u00f6y&#8217;de elektrik kesintisi yap\u0131laca\u011f\u0131n\u0131 duyurdu.<\/p>\n<p>K\u0131b-Tek\u2019ten yap\u0131lan a\u00e7\u0131klamaya g\u00f6re, orta gerilim hatt\u0131nda yap\u0131lacak y\u00fck art\u0131r\u0131m\u0131 projesi \u00e7al\u0131\u015fmas\u0131 kapsam\u0131nda 09.00 ile 12.00 saatleri aras\u0131nda Metehan S\u0131n\u0131r Kap\u0131s\u0131 B\u00f6lgesi, Sivil Savunma, Rauf Raif Denkta\u015f Lisesi ve 10.B\u00f6l\u00fck civar\u0131nda enerji kesintisi yap\u0131lacak.<\/p>\n<p>\u00d6te yandan orta gerilim hatt\u0131nda yap\u0131lacak proje \u00e7al\u0131\u015fmas\u0131 nedeniyle, Alayk\u00f6y\u2019\u00fcn b\u00fcy\u00fck bir b\u00f6l\u00fcm\u00fc ile k\u00f6y i\u00e7i, Alayk\u00f6y a\u011f\u0131llar b\u00f6lgesi ve \u00e7evresine 09.00 ile 11.00 saatleri aras\u0131nda elektrik enerjisi verilemeyecek.<\/p>\n<\/p><\/div>\n","protected":false},"excerpt":{"rendered":"<p>K\u0131br\u0131s T\u00fcrk Elektrik Kurumu (K\u0131b-Tek), yar\u0131n Metehan ve Alayk\u00f6y&#8217;de elektrik kesintisi yap\u0131laca\u011f\u0131n\u0131 duyurdu. K\u0131b-Tek\u2019ten yap\u0131lan a\u00e7\u0131klamaya g\u00f6re, orta gerilim hatt\u0131nda yap\u0131lacak y\u00fck art\u0131r\u0131m\u0131 projesi \u00e7al\u0131\u015fmas\u0131 kapsam\u0131nda 09.00 ile 12.00 saatleri aras\u0131nda Metehan S\u0131n\u0131r Kap\u0131s\u0131 B\u00f6lgesi, Sivil Savunma, Rauf Raif Denkta\u015f Lisesi ve 10.B\u00f6l\u00fck civar\u0131nda enerji kesintisi yap\u0131lacak. \u00d6te yandan orta gerilim hatt\u0131nda yap\u0131lacak proje \u00e7al\u0131\u015fmas\u0131<\/p>\n","protected":false},"author":1,"featured_media":96336,"comment_status":"open","ping_status":"open","sticky":false,"template":"","format":"standard","meta":{"footnotes":""},"categories":[81],"tags":[],"class_list":["post-111446","post","type-post","status-publish","format-standard","has-post-thumbnail","hentry","category-kibris"],"yoast_head":"<!-- This site is optimized with the Yoast SEO plugin v27.5 - https:\/\/yoast.com\/product\/yoast-seo-wordpress\/ -->\n<title>METEHAN VE ALAYK\u00d6Y&#039;DE YARIN ELEKTR\u0130K KES\u0130NT\u0130S\u0130 YAPILACAK -<\/title>\n<meta name=\"robots\" content=\"index, follow, max-snippet:-1, max-image-preview:large, max-video-preview:-1\" \/>\n<link rel=\"canonical\" href=\"https:\/\/kibrisdakik.com\/?p=111446\" \/>\n<meta property=\"og:locale\" content=\"tr_TR\" \/>\n<meta property=\"og:type\" content=\"article\" \/>\n<meta property=\"og:title\" content=\"METEHAN VE ALAYK\u00d6Y&#039;DE YARIN ELEKTR\u0130K KES\u0130NT\u0130S\u0130 YAPILACAK -\" \/>\n<meta property=\"og:description\" content=\"K\u0131br\u0131s T\u00fcrk Elektrik Kurumu (K\u0131b-Tek), yar\u0131n Metehan ve Alayk\u00f6y&#8217;de elektrik kesintisi yap\u0131laca\u011f\u0131n\u0131 duyurdu. K\u0131b-Tek\u2019ten yap\u0131lan a\u00e7\u0131klamaya g\u00f6re, orta gerilim hatt\u0131nda yap\u0131lacak y\u00fck art\u0131r\u0131m\u0131 projesi \u00e7al\u0131\u015fmas\u0131 kapsam\u0131nda 09.00 ile 12.00 saatleri aras\u0131nda Metehan S\u0131n\u0131r Kap\u0131s\u0131 B\u00f6lgesi, Sivil Savunma, Rauf Raif Denkta\u015f Lisesi ve 10.B\u00f6l\u00fck civar\u0131nda enerji kesintisi yap\u0131lacak. \u00d6te yandan orta gerilim hatt\u0131nda yap\u0131lacak proje \u00e7al\u0131\u015fmas\u0131\" \/>\n<meta property=\"og:url\" content=\"https:\/\/kibrisdakik.com\/?p=111446\" \/>\n<meta property=\"article:published_time\" content=\"2026-04-29T09:14:26+00:00\" \/>\n<meta property=\"og:image\" content=\"https:\/\/mhahabercom.teimg.com\/crop\/1280x720\/mhahaber-com\/uploads\/2025\/07\/mansetler\/elektrik-1.png\" \/>\n<meta name=\"author\" content=\"admin\" \/>\n<meta name=\"twitter:card\" content=\"summary_large_image\" \/>\n<meta name=\"twitter:label1\" content=\"Yazan:\" \/>\n\t<meta name=\"twitter:data1\" content=\"admin\" \/>\n\t<meta name=\"twitter:label2\" content=\"Tahmini okuma s\u00fcresi\" \/>\n\t<meta name=\"twitter:data2\" content=\"1 dakika\" \/>\n<script type=\"application\/ld+json\" class=\"yoast-schema-graph\">{\"@context\":\"https:\\\/\\\/schema.org\",\"@graph\":[{\"@type\":\"Article\",\"@id\":\"https:\\\/\\\/kibrisdakik.com\\\/?p=111446#article\",\"isPartOf\":{\"@id\":\"https:\\\/\\\/kibrisdakik.com\\\/?p=111446\"},\"author\":{\"name\":\"admin\",\"@id\":\"https:\\\/\\\/kibrisdakik.com\\\/#\\\/schema\\\/person\\\/9cd9d437bbb44f72b73ba127e06d8e79\"},\"headline\":\"METEHAN VE ALAYK\u00d6Y&#039;DE YARIN ELEKTR\u0130K KES\u0130NT\u0130S\u0130 YAPILACAK\",\"datePublished\":\"2026-04-29T09:14:26+00:00\",\"mainEntityOfPage\":{\"@id\":\"https:\\\/\\\/kibrisdakik.com\\\/?p=111446\"},\"wordCount\":128,\"commentCount\":0,\"image\":{\"@id\":\"https:\\\/\\\/kibrisdakik.com\\\/?p=111446#primaryimage\"},\"thumbnailUrl\":\"https:\\\/\\\/kibrisdakik.com\\\/wp-content\\\/uploads\\\/2025\\\/10\\\/elektrik-1.png\",\"articleSection\":[\"K\u0131br\u0131s\"],\"inLanguage\":\"tr\",\"potentialAction\":[{\"@type\":\"CommentAction\",\"name\":\"Comment\",\"target\":[\"https:\\\/\\\/kibrisdakik.com\\\/?p=111446#respond\"]}]},{\"@type\":\"WebPage\",\"@id\":\"https:\\\/\\\/kibrisdakik.com\\\/?p=111446\",\"url\":\"https:\\\/\\\/kibrisdakik.com\\\/?p=111446\",\"name\":\"METEHAN VE ALAYK\u00d6Y&#039;DE YARIN ELEKTR\u0130K KES\u0130NT\u0130S\u0130 YAPILACAK -\",\"isPartOf\":{\"@id\":\"https:\\\/\\\/kibrisdakik.com\\\/#website\"},\"primaryImageOfPage\":{\"@id\":\"https:\\\/\\\/kibrisdakik.com\\\/?p=111446#primaryimage\"},\"image\":{\"@id\":\"https:\\\/\\\/kibrisdakik.com\\\/?p=111446#primaryimage\"},\"thumbnailUrl\":\"https:\\\/\\\/kibrisdakik.com\\\/wp-content\\\/uploads\\\/2025\\\/10\\\/elektrik-1.png\",\"datePublished\":\"2026-04-29T09:14:26+00:00\",\"author\":{\"@id\":\"https:\\\/\\\/kibrisdakik.com\\\/#\\\/schema\\\/person\\\/9cd9d437bbb44f72b73ba127e06d8e79\"},\"breadcrumb\":{\"@id\":\"https:\\\/\\\/kibrisdakik.com\\\/?p=111446#breadcrumb\"},\"inLanguage\":\"tr\",\"potentialAction\":[{\"@type\":\"ReadAction\",\"target\":[\"https:\\\/\\\/kibrisdakik.com\\\/?p=111446\"]}]},{\"@type\":\"ImageObject\",\"inLanguage\":\"tr\",\"@id\":\"https:\\\/\\\/kibrisdakik.com\\\/?p=111446#primaryimage\",\"url\":\"https:\\\/\\\/kibrisdakik.com\\\/wp-content\\\/uploads\\\/2025\\\/10\\\/elektrik-1.png\",\"contentUrl\":\"https:\\\/\\\/kibrisdakik.com\\\/wp-content\\\/uploads\\\/2025\\\/10\\\/elektrik-1.png\",\"width\":1280,\"height\":720},{\"@type\":\"BreadcrumbList\",\"@id\":\"https:\\\/\\\/kibrisdakik.com\\\/?p=111446#breadcrumb\",\"itemListElement\":[{\"@type\":\"ListItem\",\"position\":1,\"name\":\"Home\",\"item\":\"https:\\\/\\\/kibrisdakik.com\\\/\"},{\"@type\":\"ListItem\",\"position\":2,\"name\":\"METEHAN VE ALAYK\u00d6Y&#039;DE YARIN ELEKTR\u0130K KES\u0130NT\u0130S\u0130 YAPILACAK\"}]},{\"@type\":\"WebSite\",\"@id\":\"https:\\\/\\\/kibrisdakik.com\\\/#website\",\"url\":\"https:\\\/\\\/kibrisdakik.com\\\/\",\"name\":\"\",\"description\":\"Tam vaktinde haber\",\"potentialAction\":[{\"@type\":\"SearchAction\",\"target\":{\"@type\":\"EntryPoint\",\"urlTemplate\":\"https:\\\/\\\/kibrisdakik.com\\\/?s={search_term_string}\"},\"query-input\":{\"@type\":\"PropertyValueSpecification\",\"valueRequired\":true,\"valueName\":\"search_term_string\"}}],\"inLanguage\":\"tr\"},{\"@type\":\"Person\",\"@id\":\"https:\\\/\\\/kibrisdakik.com\\\/#\\\/schema\\\/person\\\/9cd9d437bbb44f72b73ba127e06d8e79\",\"name\":\"admin\",\"image\":{\"@type\":\"ImageObject\",\"inLanguage\":\"tr\",\"@id\":\"https:\\\/\\\/secure.gravatar.com\\\/avatar\\\/ccc17943b9d660506c869530f897617f7cb1c21a4bf30023f252596d83e1f007?s=96&d=mm&r=g\",\"url\":\"https:\\\/\\\/secure.gravatar.com\\\/avatar\\\/ccc17943b9d660506c869530f897617f7cb1c21a4bf30023f252596d83e1f007?s=96&d=mm&r=g\",\"contentUrl\":\"https:\\\/\\\/secure.gravatar.com\\\/avatar\\\/ccc17943b9d660506c869530f897617f7cb1c21a4bf30023f252596d83e1f007?s=96&d=mm&r=g\",\"caption\":\"admin\"},\"sameAs\":[\"https:\\\/\\\/kibrisdakik.com\"],\"url\":\"https:\\\/\\\/kibrisdakik.com\\\/?author=1\"}]}<\/script>\n<!-- \/ Yoast SEO plugin. -->","yoast_head_json":{"title":"METEHAN VE ALAYK\u00d6Y&#039;DE YARIN ELEKTR\u0130K KES\u0130NT\u0130S\u0130 YAPILACAK -","robots":{"index":"index","follow":"follow","max-snippet":"max-snippet:-1","max-image-preview":"max-image-preview:large","max-video-preview":"max-video-preview:-1"},"canonical":"https:\/\/kibrisdakik.com\/?p=111446","og_locale":"tr_TR","og_type":"article","og_title":"METEHAN VE ALAYK\u00d6Y&#039;DE YARIN ELEKTR\u0130K KES\u0130NT\u0130S\u0130 YAPILACAK -","og_description":"K\u0131br\u0131s T\u00fcrk Elektrik Kurumu (K\u0131b-Tek), yar\u0131n Metehan ve Alayk\u00f6y&#8217;de elektrik kesintisi yap\u0131laca\u011f\u0131n\u0131 duyurdu. K\u0131b-Tek\u2019ten yap\u0131lan a\u00e7\u0131klamaya g\u00f6re, orta gerilim hatt\u0131nda yap\u0131lacak y\u00fck art\u0131r\u0131m\u0131 projesi \u00e7al\u0131\u015fmas\u0131 kapsam\u0131nda 09.00 ile 12.00 saatleri aras\u0131nda Metehan S\u0131n\u0131r Kap\u0131s\u0131 B\u00f6lgesi, Sivil Savunma, Rauf Raif Denkta\u015f Lisesi ve 10.B\u00f6l\u00fck civar\u0131nda enerji kesintisi yap\u0131lacak. \u00d6te yandan orta gerilim hatt\u0131nda yap\u0131lacak proje \u00e7al\u0131\u015fmas\u0131","og_url":"https:\/\/kibrisdakik.com\/?p=111446","article_published_time":"2026-04-29T09:14:26+00:00","og_image":[{"url":"https:\/\/mhahabercom.teimg.com\/crop\/1280x720\/mhahaber-com\/uploads\/2025\/07\/mansetler\/elektrik-1.png","type":"","width":"","height":""}],"author":"admin","twitter_card":"summary_large_image","twitter_misc":{"Yazan:":"admin","Tahmini okuma s\u00fcresi":"1 dakika"},"schema":{"@context":"https:\/\/schema.org","@graph":[{"@type":"Article","@id":"https:\/\/kibrisdakik.com\/?p=111446#article","isPartOf":{"@id":"https:\/\/kibrisdakik.com\/?p=111446"},"author":{"name":"admin","@id":"https:\/\/kibrisdakik.com\/#\/schema\/person\/9cd9d437bbb44f72b73ba127e06d8e79"},"headline":"METEHAN VE ALAYK\u00d6Y&#039;DE YARIN ELEKTR\u0130K KES\u0130NT\u0130S\u0130 YAPILACAK","datePublished":"2026-04-29T09:14:26+00:00","mainEntityOfPage":{"@id":"https:\/\/kibrisdakik.com\/?p=111446"},"wordCount":128,"commentCount":0,"image":{"@id":"https:\/\/kibrisdakik.com\/?p=111446#primaryimage"},"thumbnailUrl":"https:\/\/kibrisdakik.com\/wp-content\/uploads\/2025\/10\/elektrik-1.png","articleSection":["K\u0131br\u0131s"],"inLanguage":"tr","potentialAction":[{"@type":"CommentAction","name":"Comment","target":["https:\/\/kibrisdakik.com\/?p=111446#respond"]}]},{"@type":"WebPage","@id":"https:\/\/kibrisdakik.com\/?p=111446","url":"https:\/\/kibrisdakik.com\/?p=111446","name":"METEHAN VE ALAYK\u00d6Y&#039;DE YARIN ELEKTR\u0130K KES\u0130NT\u0130S\u0130 YAPILACAK -","isPartOf":{"@id":"https:\/\/kibrisdakik.com\/#website"},"primaryImageOfPage":{"@id":"https:\/\/kibrisdakik.com\/?p=111446#primaryimage"},"image":{"@id":"https:\/\/kibrisdakik.com\/?p=111446#primaryimage"},"thumbnailUrl":"https:\/\/kibrisdakik.com\/wp-content\/uploads\/2025\/10\/elektrik-1.png","datePublished":"2026-04-29T09:14:26+00:00","author":{"@id":"https:\/\/kibrisdakik.com\/#\/schema\/person\/9cd9d437bbb44f72b73ba127e06d8e79"},"breadcrumb":{"@id":"https:\/\/kibrisdakik.com\/?p=111446#breadcrumb"},"inLanguage":"tr","potentialAction":[{"@type":"ReadAction","target":["https:\/\/kibrisdakik.com\/?p=111446"]}]},{"@type":"ImageObject","inLanguage":"tr","@id":"https:\/\/kibrisdakik.com\/?p=111446#primaryimage","url":"https:\/\/kibrisdakik.com\/wp-content\/uploads\/2025\/10\/elektrik-1.png","contentUrl":"https:\/\/kibrisdakik.com\/wp-content\/uploads\/2025\/10\/elektrik-1.png","width":1280,"height":720},{"@type":"BreadcrumbList","@id":"https:\/\/kibrisdakik.com\/?p=111446#breadcrumb","itemListElement":[{"@type":"ListItem","position":1,"name":"Home","item":"https:\/\/kibrisdakik.com\/"},{"@type":"ListItem","position":2,"name":"METEHAN VE ALAYK\u00d6Y&#039;DE YARIN ELEKTR\u0130K KES\u0130NT\u0130S\u0130 YAPILACAK"}]},{"@type":"WebSite","@id":"https:\/\/kibrisdakik.com\/#website","url":"https:\/\/kibrisdakik.com\/","name":"","description":"Tam vaktinde haber","potentialAction":[{"@type":"SearchAction","target":{"@type":"EntryPoint","urlTemplate":"https:\/\/kibrisdakik.com\/?s={search_term_string}"},"query-input":{"@type":"PropertyValueSpecification","valueRequired":true,"valueName":"search_term_string"}}],"inLanguage":"tr"},{"@type":"Person","@id":"https:\/\/kibrisdakik.com\/#\/schema\/person\/9cd9d437bbb44f72b73ba127e06d8e79","name":"admin","image":{"@type":"ImageObject","inLanguage":"tr","@id":"https:\/\/secure.gravatar.com\/avatar\/ccc17943b9d660506c869530f897617f7cb1c21a4bf30023f252596d83e1f007?s=96&d=mm&r=g","url":"https:\/\/secure.gravatar.com\/avatar\/ccc17943b9d660506c869530f897617f7cb1c21a4bf30023f252596d83e1f007?s=96&d=mm&r=g","contentUrl":"https:\/\/secure.gravatar.com\/avatar\/ccc17943b9d660506c869530f897617f7cb1c21a4bf30023f252596d83e1f007?s=96&d=mm&r=g","caption":"admin"},"sameAs":["https:\/\/kibrisdakik.com"],"url":"https:\/\/kibrisdakik.com\/?author=1"}]}},"_links":{"self":[{"href":"https:\/\/kibrisdakik.com\/index.php?rest_route=\/wp\/v2\/posts\/111446","targetHints":{"allow":["GET"]}}],"collection":[{"href":"https:\/\/kibrisdakik.com\/index.php?rest_route=\/wp\/v2\/posts"}],"about":[{"href":"https:\/\/kibrisdakik.com\/index.php?rest_route=\/wp\/v2\/types\/post"}],"author":[{"embeddable":true,"href":"https:\/\/kibrisdakik.com\/index.php?rest_route=\/wp\/v2\/users\/1"}],"replies":[{"embeddable":true,"href":"https:\/\/kibrisdakik.com\/index.php?rest_route=%2Fwp%2Fv2%2Fcomments&post=111446"}],"version-history":[{"count":0,"href":"https:\/\/kibrisdakik.com\/index.php?rest_route=\/wp\/v2\/posts\/111446\/revisions"}],"wp:featuredmedia":[{"embeddable":true,"href":"https:\/\/kibrisdakik.com\/index.php?rest_route=\/wp\/v2\/media\/96336"}],"wp:attachment":[{"href":"https:\/\/kibrisdakik.com\/index.php?rest_route=%2Fwp%2Fv2%2Fmedia&parent=111446"}],"wp:term":[{"taxonomy":"category","embeddable":true,"href":"https:\/\/kibrisdakik.com\/index.php?rest_route=%2Fwp%2Fv2%2Fcategories&post=111446"},{"taxonomy":"post_tag","embeddable":true,"href":"https:\/\/kibrisdakik.com\/index.php?rest_route=%2Fwp%2Fv2%2Ftags&post=111446"}],"curies":[{"name":"wp","href":"https:\/\/api.w.org\/{rel}","templated":true}]}}