{"id":111469,"date":"2026-04-29T14:49:17","date_gmt":"2026-04-29T11:49:17","guid":{"rendered":"https:\/\/kibrisdakik.com\/?p=111469"},"modified":"2026-04-29T14:49:17","modified_gmt":"2026-04-29T11:49:17","slug":"sadikoglu-iskele-icin-en-guzelini-yapmaya-deger","status":"publish","type":"post","link":"https:\/\/kibrisdakik.com\/?p=111469","title":{"rendered":"SADIKO\u011eLU: \u201c\u0130SKELE \u0130\u00c7\u0130N EN G\u00dcZEL\u0130N\u0130 YAPMAYA DE\u011eER\u201d"},"content":{"rendered":"<p><\/p>\n<div data-text-id=\"200952\" property=\"articleBody\">\n<p>\u0130skele Belediye Ba\u015fkan\u0131 Hasan Sad\u0131ko\u011flu, kat\u0131ld\u0131\u011f\u0131 BRT canl\u0131 yay\u0131n\u0131nda \u00c7ilem Da\u011f\u0131stanl\u0131\u2019n\u0131n sorular\u0131n\u0131 yan\u0131tlad\u0131.  G\u00f6reve geldi\u011fi 2014 y\u0131l\u0131ndan bu yana g\u00f6rev heyecan\u0131n\u0131n hi\u00e7bir zaman azalmad\u0131\u011f\u0131n\u0131 aksine her ge\u00e7en g\u00fcn artt\u0131\u011f\u0131n\u0131 s\u00f6yleyen Ba\u015fkan Sad\u0131ko\u011flu, \u0130skele i\u00e7in hep daha g\u00fczelini hep daha iyisini yapmak i\u00e7in \u00e7abalad\u0131\u011f\u0131n\u0131 ifade etti. Sad\u0131ko\u011flu yay\u0131nda, \u0130skele Belediyesi\u2019nin \u00e7al\u0131\u015fmalar\u0131, projeleri ve g\u00fcndeme dair \u00f6nemli konular\u0131 da de\u011ferlendirdi.<\/p>\n<p><strong>Sad\u0131ko\u011flu: \u201c\u0130skele i\u00e7in en g\u00fczelini yapmaya de\u011fer\u201d<\/strong><\/p>\n<p>\u0130skele Belediye Ba\u015fkan\u0131 Hasan Sad\u0131ko\u011flu, kat\u0131ld\u0131\u011f\u0131 BRT canl\u0131 yay\u0131nda Yerel Y\u00f6netimler Program\u0131\u2019nda \u00f6nemli a\u00e7\u0131klamalarda bulundu, \u0130skele Belediyesi\u2019nin \u00e7al\u0131\u015fmalar\u0131, devam eden ve yeni ba\u015flayacak projeleri hakk\u0131nda konu\u015ftu.  Programda \u0130skele\u2019ye olan sevgisini ve hassasiyetini bir kez daha hat\u0131rlatan \u0130skele Belediye Ba\u015fkan\u0131, g\u00f6reve geldi\u011fi 2014\u2019ten bu yana kendisinde de\u011fi\u015fen tek bir \u015feyin, heyecan oldu\u011funu s\u00f6yledi, \u0130skele\u2019ye hizmet heyecan\u0131n\u0131n daha da artt\u0131\u011f\u0131n\u0131 vurgulad\u0131.  \u0130skele ve 21 k\u00f6y\u00fc i\u00e7in hep daha g\u00fczelini hep daha iyisini yapmak i\u00e7in \u00e7abalad\u0131\u011f\u0131n\u0131 da belirten Ba\u015fkan Sad\u0131ko\u011flu, \u00f6zelde \u0130skele, genelde \u00fclke i\u00e7in en g\u00fczelini yapmaya de\u011fer oldu\u011funun alt\u0131n\u0131 \u00e7izdi.<\/p>\n<p><strong>Sad\u0131ko\u011flu: \u201c\u0130skele\u2019mize de\u011fer\u201d<\/strong><\/p>\n<p>\u0130skele ve k\u00f6ylerinde devam eden asfaltlama \u00e7al\u0131\u015fmalar\u0131 hakk\u0131nda da konu\u015fan Ba\u015fkan Sad\u0131ko\u011flu, g\u00f6reve geldikleri ilk g\u00fcnden bu yana halka en iyi hizmeti vermek i\u00e7in \u00e7al\u0131\u015ft\u0131klar\u0131n\u0131 s\u00f6yledi. Asfaltlama ihalesinin sonu\u00e7lanmas\u0131yla \u00e7al\u0131\u015fmalar\u0131n h\u0131zl\u0131 bir \u015fekilde ba\u015flad\u0131\u011f\u0131n\u0131 belirten Ba\u015fkan Sad\u0131ko\u011flu,\u0130skele ve k\u00f6ylerinde zamanla y\u0131pranan yollara m\u00fcdahale ettiklerini, \u0130skele ve k\u00f6ylerinde asfalts\u0131z asfalts\u0131z yol kalmay\u0131ncaya kadar \u00e7al\u0131\u015facaklar\u0131n\u0131 s\u00f6yledi.<\/p>\n<p><strong>Sad\u0131ko\u011flu: \u201cBiz birlikte \u00e7ok g\u00fczeliz\u201d<\/strong><\/p>\n<p>\u0130skele\u2019nin her \u015feyi ile bir b\u00fct\u00fcn oldu\u011funu kat\u0131ld\u0131\u011f\u0131 her platformda dile getiren Ba\u015fkan Sad\u0131ko\u011flu bu s\u00f6z\u00fcn\u00fc hat\u0131rlatt\u0131 ve \u2018biz birlikte g\u00fczeliz\u2019 dedi. \u0130skele Belediyesi s\u0131n\u0131rlar\u0131ndaki okullara, devlet dairelerine, kurum ve kurulu\u015flara, spor kul\u00fcplerine, kad\u0131n derneklerine ayr\u0131m yapmaks\u0131z\u0131n yetebildikleri kadar herkesin yan\u0131nda olmaya \u00e7al\u0131\u015ft\u0131klar\u0131n\u0131 da ifade eden Sad\u0131ko\u011flu, \u0130skele Belediyesi olarak maddi ve manevi olarak katk\u0131lar\u0131n\u0131n devam edece\u011fini belirtti. Gen\u00e7lere ve \u00e7ocuklara verdikleri \u00f6zel \u00f6nemden dolay\u0131, \u0130skele\u2019de sporun geli\u015fmesine de desteklerinin s\u00fcrece\u011fini s\u00f6yledi.<\/p>\n<p><strong>Sad\u0131ko\u011flu: \u201cKad\u0131nlar\u0131m\u0131z ba\u015f tac\u0131d\u0131r\u201d<\/strong><\/p>\n<p>K\u0131sa bir s\u00fcre sonra a\u00e7\u0131l\u0131\u015f\u0131 yap\u0131lacak \u0130GEM ile ilgili de konu\u015fan \u0130skele Belediye Ba\u015fkan\u0131, Gen\u00e7lik Merkezi i\u00e7inde kad\u0131nlar i\u00e7in de projelerinin oldu\u011funu s\u00f6yledi. \u0130skele ve bir\u00e7ok k\u00f6y\u00fcnde var olan kad\u0131n kurslar\u0131n\u0131n her zaman destek\u00e7isi olduklar\u0131n\u0131 hat\u0131rlatan Ba\u015fkan Sad\u0131ko\u011flu, \u201ckad\u0131nlar\u0131m\u0131z ba\u015f tac\u0131d\u0131r, bizlerdeki yeri her zaman \u00f6zeldir\u201d dedi.<\/p>\n<p><strong>Sad\u0131ko\u011flu: \u201c\u015eehit \u0130lker Karter Caddesi\u2019nin \u00e7ehresi de\u011fi\u015fecek\u201d<\/strong><\/p>\n<p>Programda izleyici sorular\u0131n\u0131 da yan\u0131tlayan Ba\u015fkan Sad\u0131ko\u011flu, \u015eehit \u0130lker Karter Caddesi ile ilgili soruya m\u00fcjdeli yan\u0131t verdi. \u015eehit \u0130lker Karter caddesi i\u00e7in haz\u0131rlanan b\u00fcy\u00fck bir proje oldu\u011funu s\u00f6yleyen Ba\u015fkan Sad\u0131ko\u011flu, s\u00f6z konusu caddenin \u00e7ehresinin de\u011fi\u015fece\u011fini belirtti.  Kald\u0131r\u0131m, bisiklet ve y\u00fcr\u00fcy\u00fc\u015f yollar\u0131n\u0131n olaca\u011f\u0131n\u0131, oturma gruplar\u0131n yer alaca\u011f\u0131n\u0131 belirten Ba\u015fkan Sad\u0131ko\u011flu, projenin en ge\u00e7 2027 y\u0131l\u0131 ba\u015f\u0131nda ba\u015flayaca\u011f\u0131n\u0131 s\u00f6zlerine ekledi.<\/p>\n<p><strong>Sad\u0131ko\u011flu: \u201c\u0130skele Belediyesi Halk Plaj\u0131, \u00e7ekim g\u00fcc\u00fc oldu\u201d<\/strong><\/p>\n<p>\u0130skele Belediye Ba\u015fkan\u0131 Hasan Sad\u0131ko\u011flu, \u0130skele\u2019yi \u00e7ekim merkezi haline getirmeyi ba\u015faran \u0130skele Belediyesi Halk Plaj\u0131 ile ilgili de konu\u015ftu.  Her mevsim, yerli ve yabanc\u0131 \u00e7ok say\u0131da ki\u015fiyi burada a\u011f\u0131rlad\u0131klar\u0131n\u0131, onlar\u0131n memnuniyeti i\u00e7in de plajda her ge\u00e7en g\u00fcn yenilikler yapt\u0131klar\u0131n\u0131 ifade eden Ba\u015fkan Sad\u0131ko\u011flu, plaj\u0131n \u0130skele\u2019ye kazand\u0131r\u0131lmas\u0131nda eme\u011fi olan eski belediye ba\u015fkan\u0131 Halil \u0130brahim Orun\u2019a, kendisinin de o d\u00f6nem asba\u015fkan oldu\u011funu hat\u0131rlatarak d\u00f6nemin meclis \u00fcyelerine, eme\u011fi ge\u00e7en herkese te\u015fekk\u00fcr etti.  B\u00f6lgedeki yat\u0131r\u0131mlar\u0131n artmas\u0131n\u0131n en \u00f6nemli nedeninin \u0130skele Belediyesi Halk Plaj\u0131 oldu\u011funu belirten Ba\u015fkan Sad\u0131ko\u011flu, fiziksel anlamda yap\u0131lan projelerin yan\u0131 s\u0131ra \u0130skele insan\u0131n\u0131n s\u0131cak, cana yak\u0131n tav\u0131rlar\u0131n\u0131n da bu geli\u015fmeye katk\u0131s\u0131 oldu\u011funu belirtti.  \u0130skele Belediyesi Halk Plaj\u0131\u2019na 2010-2015 y\u0131llar\u0131nda gelenlerin \u0130skele\u2019ye yerle\u015fmeyi tercih ettiklerini de s\u00f6yleyen Ba\u015fkan Sad\u0131ko\u011flu, onlar sayesinde k\u00fclt\u00fcr \u00e7e\u015fitlili\u011finin artt\u0131\u011f\u0131na, \u0130skele Belediyesi\u2019nin etkinliklerine de ciddi katk\u0131lar yapt\u0131klar\u0131n\u0131 belirtti.<\/p>\n<p><strong>Sad\u0131ko\u011flu: \u201cYang\u0131na kar\u015f\u0131 haz\u0131rl\u0131kl\u0131y\u0131z\u201d<\/strong><\/p>\n<p>Ge\u00e7ti\u011fimiz g\u00fcnlerde ger\u00e7ekle\u015fen \u0130skele \u0130l\u00e7e Emniyet Kurulu toplant\u0131s\u0131ndan da bahseden \u0130skele Belediye Ba\u015fkan\u0131 Hasan Sad\u0131ko\u011flu, 70\u2019e yak\u0131n milletin var oldu\u011fu \u0130skele\u2019nin kozmopolitan bir il\u00e7e durumuna geldi\u011fini s\u00f6yledi ve belediyede \u00e7al\u0131\u015fan her bir personelin g\u00fcvenlik ve \u00e7evresel konularda mesai g\u00f6zetmeksizin \u00e7al\u0131\u015ft\u0131\u011f\u0131n\u0131 s\u00f6yledi. Zamanla birtak\u0131m sorunlar \u00e7\u0131kabildi\u011fini de belirten Ba\u015fkan Sad\u0131ko\u011flu, bu sorunlar\u0131 a\u015fmay\u0131 da ba\u015fard\u0131klar\u0131n\u0131 vurgulad\u0131. \u0130tfaiye ve sivil savunma ile s\u00fcrekli isti\u015fare i\u00e7erisinde olduklar\u0131n\u0131 s\u00f6yleyen Ba\u015fkan Sad\u0131ko\u011flu, belediyenin g\u00f6rev ay\u0131rmadan, \u00fczerine d\u00fc\u015fs\u00fcn ya da d\u00fc\u015fmesin \u00e7al\u0131\u015ft\u0131\u011f\u0131n\u0131, \u00f6zelde \u0130skele\u2019yi genelde ise \u00fclkeyi sevdikleri i\u00e7in kendilerini sorumlu g\u00f6rd\u00fcklerini belirtti. Ara\u00e7 filolar\u0131n\u0131 da su tankerlerini de olas\u0131 yang\u0131nlara etkin m\u00fcdahale i\u00e7in yenilediklerini a\u00e7\u0131klayan Sad\u0131ko\u011flu, \u0130skele\u2019nin yang\u0131na kar\u015f\u0131 haz\u0131rl\u0131kl\u0131 oldu\u011funu vurgulad\u0131. \u0130l\u00e7e emniyet kurulu toplant\u0131s\u0131nda yap\u0131lan fizibilite \u00e7al\u0131\u015fmalar\u0131 neticesinde son 10 y\u0131lda \u0130skele B\u00f6lgesi\u2019nde \u00e7\u0131kan yang\u0131nlar\u0131n nedenlerinin tespit edildi\u011fini, bu do\u011frultuda tedbir ald\u0131klar\u0131n\u0131 ve ilgili mercilerle de bulunu payla\u015ft\u0131klar\u0131n\u0131 s\u00f6yledi.<\/p>\n<\/p><\/div>\n","protected":false},"excerpt":{"rendered":"<p>\u0130skele Belediye Ba\u015fkan\u0131 Hasan Sad\u0131ko\u011flu, kat\u0131ld\u0131\u011f\u0131 BRT canl\u0131 yay\u0131n\u0131nda \u00c7ilem Da\u011f\u0131stanl\u0131\u2019n\u0131n sorular\u0131n\u0131 yan\u0131tlad\u0131. G\u00f6reve geldi\u011fi 2014 y\u0131l\u0131ndan bu yana g\u00f6rev heyecan\u0131n\u0131n hi\u00e7bir zaman azalmad\u0131\u011f\u0131n\u0131 aksine her ge\u00e7en g\u00fcn artt\u0131\u011f\u0131n\u0131 s\u00f6yleyen Ba\u015fkan Sad\u0131ko\u011flu, \u0130skele i\u00e7in hep daha g\u00fczelini hep daha iyisini yapmak i\u00e7in \u00e7abalad\u0131\u011f\u0131n\u0131 ifade etti. Sad\u0131ko\u011flu yay\u0131nda, \u0130skele Belediyesi\u2019nin \u00e7al\u0131\u015fmalar\u0131, projeleri ve g\u00fcndeme dair \u00f6nemli<\/p>\n","protected":false},"author":1,"featured_media":111470,"comment_status":"open","ping_status":"open","sticky":false,"template":"","format":"standard","meta":{"footnotes":""},"categories":[81],"tags":[],"class_list":["post-111469","post","type-post","status-publish","format-standard","has-post-thumbnail","hentry","category-kibris"],"yoast_head":"<!-- This site is optimized with the Yoast SEO plugin v27.5 - https:\/\/yoast.com\/product\/yoast-seo-wordpress\/ -->\n<title>SADIKO\u011eLU: \u201c\u0130SKELE \u0130\u00c7\u0130N EN G\u00dcZEL\u0130N\u0130 YAPMAYA DE\u011eER\u201d -<\/title>\n<meta name=\"robots\" content=\"index, follow, max-snippet:-1, max-image-preview:large, max-video-preview:-1\" \/>\n<link rel=\"canonical\" href=\"https:\/\/kibrisdakik.com\/?p=111469\" \/>\n<meta property=\"og:locale\" content=\"tr_TR\" \/>\n<meta property=\"og:type\" content=\"article\" \/>\n<meta property=\"og:title\" content=\"SADIKO\u011eLU: \u201c\u0130SKELE \u0130\u00c7\u0130N EN G\u00dcZEL\u0130N\u0130 YAPMAYA DE\u011eER\u201d -\" \/>\n<meta property=\"og:description\" content=\"\u0130skele Belediye Ba\u015fkan\u0131 Hasan Sad\u0131ko\u011flu, kat\u0131ld\u0131\u011f\u0131 BRT canl\u0131 yay\u0131n\u0131nda \u00c7ilem Da\u011f\u0131stanl\u0131\u2019n\u0131n sorular\u0131n\u0131 yan\u0131tlad\u0131. G\u00f6reve geldi\u011fi 2014 y\u0131l\u0131ndan bu yana g\u00f6rev heyecan\u0131n\u0131n hi\u00e7bir zaman azalmad\u0131\u011f\u0131n\u0131 aksine her ge\u00e7en g\u00fcn artt\u0131\u011f\u0131n\u0131 s\u00f6yleyen Ba\u015fkan Sad\u0131ko\u011flu, \u0130skele i\u00e7in hep daha g\u00fczelini hep daha iyisini yapmak i\u00e7in \u00e7abalad\u0131\u011f\u0131n\u0131 ifade etti. Sad\u0131ko\u011flu yay\u0131nda, \u0130skele Belediyesi\u2019nin \u00e7al\u0131\u015fmalar\u0131, projeleri ve g\u00fcndeme dair \u00f6nemli\" \/>\n<meta property=\"og:url\" content=\"https:\/\/kibrisdakik.com\/?p=111469\" \/>\n<meta property=\"article:published_time\" content=\"2026-04-29T11:49:17+00:00\" \/>\n<meta property=\"og:image\" content=\"https:\/\/mhahabercom.teimg.com\/crop\/1280x720\/mhahaber-com\/uploads\/2026\/04\/mha-sari-beyaz-5034.png\" \/>\n<meta name=\"author\" content=\"admin\" \/>\n<meta name=\"twitter:card\" content=\"summary_large_image\" \/>\n<meta name=\"twitter:label1\" content=\"Yazan:\" \/>\n\t<meta name=\"twitter:data1\" content=\"admin\" \/>\n\t<meta name=\"twitter:label2\" content=\"Tahmini okuma s\u00fcresi\" \/>\n\t<meta name=\"twitter:data2\" content=\"5 dakika\" \/>\n<script type=\"application\/ld+json\" class=\"yoast-schema-graph\">{\"@context\":\"https:\\\/\\\/schema.org\",\"@graph\":[{\"@type\":\"Article\",\"@id\":\"https:\\\/\\\/kibrisdakik.com\\\/?p=111469#article\",\"isPartOf\":{\"@id\":\"https:\\\/\\\/kibrisdakik.com\\\/?p=111469\"},\"author\":{\"name\":\"admin\",\"@id\":\"https:\\\/\\\/kibrisdakik.com\\\/#\\\/schema\\\/person\\\/9cd9d437bbb44f72b73ba127e06d8e79\"},\"headline\":\"SADIKO\u011eLU: \u201c\u0130SKELE \u0130\u00c7\u0130N EN G\u00dcZEL\u0130N\u0130 YAPMAYA DE\u011eER\u201d\",\"datePublished\":\"2026-04-29T11:49:17+00:00\",\"mainEntityOfPage\":{\"@id\":\"https:\\\/\\\/kibrisdakik.com\\\/?p=111469\"},\"wordCount\":1095,\"commentCount\":0,\"image\":{\"@id\":\"https:\\\/\\\/kibrisdakik.com\\\/?p=111469#primaryimage\"},\"thumbnailUrl\":\"https:\\\/\\\/kibrisdakik.com\\\/wp-content\\\/uploads\\\/2026\\\/04\\\/mha-sari-beyaz-5034.png\",\"articleSection\":[\"K\u0131br\u0131s\"],\"inLanguage\":\"tr\",\"potentialAction\":[{\"@type\":\"CommentAction\",\"name\":\"Comment\",\"target\":[\"https:\\\/\\\/kibrisdakik.com\\\/?p=111469#respond\"]}]},{\"@type\":\"WebPage\",\"@id\":\"https:\\\/\\\/kibrisdakik.com\\\/?p=111469\",\"url\":\"https:\\\/\\\/kibrisdakik.com\\\/?p=111469\",\"name\":\"SADIKO\u011eLU: \u201c\u0130SKELE \u0130\u00c7\u0130N EN G\u00dcZEL\u0130N\u0130 YAPMAYA DE\u011eER\u201d -\",\"isPartOf\":{\"@id\":\"https:\\\/\\\/kibrisdakik.com\\\/#website\"},\"primaryImageOfPage\":{\"@id\":\"https:\\\/\\\/kibrisdakik.com\\\/?p=111469#primaryimage\"},\"image\":{\"@id\":\"https:\\\/\\\/kibrisdakik.com\\\/?p=111469#primaryimage\"},\"thumbnailUrl\":\"https:\\\/\\\/kibrisdakik.com\\\/wp-content\\\/uploads\\\/2026\\\/04\\\/mha-sari-beyaz-5034.png\",\"datePublished\":\"2026-04-29T11:49:17+00:00\",\"author\":{\"@id\":\"https:\\\/\\\/kibrisdakik.com\\\/#\\\/schema\\\/person\\\/9cd9d437bbb44f72b73ba127e06d8e79\"},\"breadcrumb\":{\"@id\":\"https:\\\/\\\/kibrisdakik.com\\\/?p=111469#breadcrumb\"},\"inLanguage\":\"tr\",\"potentialAction\":[{\"@type\":\"ReadAction\",\"target\":[\"https:\\\/\\\/kibrisdakik.com\\\/?p=111469\"]}]},{\"@type\":\"ImageObject\",\"inLanguage\":\"tr\",\"@id\":\"https:\\\/\\\/kibrisdakik.com\\\/?p=111469#primaryimage\",\"url\":\"https:\\\/\\\/kibrisdakik.com\\\/wp-content\\\/uploads\\\/2026\\\/04\\\/mha-sari-beyaz-5034.png\",\"contentUrl\":\"https:\\\/\\\/kibrisdakik.com\\\/wp-content\\\/uploads\\\/2026\\\/04\\\/mha-sari-beyaz-5034.png\",\"width\":1280,\"height\":720},{\"@type\":\"BreadcrumbList\",\"@id\":\"https:\\\/\\\/kibrisdakik.com\\\/?p=111469#breadcrumb\",\"itemListElement\":[{\"@type\":\"ListItem\",\"position\":1,\"name\":\"Home\",\"item\":\"https:\\\/\\\/kibrisdakik.com\\\/\"},{\"@type\":\"ListItem\",\"position\":2,\"name\":\"SADIKO\u011eLU: \u201c\u0130SKELE \u0130\u00c7\u0130N EN G\u00dcZEL\u0130N\u0130 YAPMAYA DE\u011eER\u201d\"}]},{\"@type\":\"WebSite\",\"@id\":\"https:\\\/\\\/kibrisdakik.com\\\/#website\",\"url\":\"https:\\\/\\\/kibrisdakik.com\\\/\",\"name\":\"\",\"description\":\"Tam vaktinde haber\",\"potentialAction\":[{\"@type\":\"SearchAction\",\"target\":{\"@type\":\"EntryPoint\",\"urlTemplate\":\"https:\\\/\\\/kibrisdakik.com\\\/?s={search_term_string}\"},\"query-input\":{\"@type\":\"PropertyValueSpecification\",\"valueRequired\":true,\"valueName\":\"search_term_string\"}}],\"inLanguage\":\"tr\"},{\"@type\":\"Person\",\"@id\":\"https:\\\/\\\/kibrisdakik.com\\\/#\\\/schema\\\/person\\\/9cd9d437bbb44f72b73ba127e06d8e79\",\"name\":\"admin\",\"image\":{\"@type\":\"ImageObject\",\"inLanguage\":\"tr\",\"@id\":\"https:\\\/\\\/secure.gravatar.com\\\/avatar\\\/ccc17943b9d660506c869530f897617f7cb1c21a4bf30023f252596d83e1f007?s=96&d=mm&r=g\",\"url\":\"https:\\\/\\\/secure.gravatar.com\\\/avatar\\\/ccc17943b9d660506c869530f897617f7cb1c21a4bf30023f252596d83e1f007?s=96&d=mm&r=g\",\"contentUrl\":\"https:\\\/\\\/secure.gravatar.com\\\/avatar\\\/ccc17943b9d660506c869530f897617f7cb1c21a4bf30023f252596d83e1f007?s=96&d=mm&r=g\",\"caption\":\"admin\"},\"sameAs\":[\"https:\\\/\\\/kibrisdakik.com\"],\"url\":\"https:\\\/\\\/kibrisdakik.com\\\/?author=1\"}]}<\/script>\n<!-- \/ Yoast SEO plugin. -->","yoast_head_json":{"title":"SADIKO\u011eLU: \u201c\u0130SKELE \u0130\u00c7\u0130N EN G\u00dcZEL\u0130N\u0130 YAPMAYA DE\u011eER\u201d -","robots":{"index":"index","follow":"follow","max-snippet":"max-snippet:-1","max-image-preview":"max-image-preview:large","max-video-preview":"max-video-preview:-1"},"canonical":"https:\/\/kibrisdakik.com\/?p=111469","og_locale":"tr_TR","og_type":"article","og_title":"SADIKO\u011eLU: \u201c\u0130SKELE \u0130\u00c7\u0130N EN G\u00dcZEL\u0130N\u0130 YAPMAYA DE\u011eER\u201d -","og_description":"\u0130skele Belediye Ba\u015fkan\u0131 Hasan Sad\u0131ko\u011flu, kat\u0131ld\u0131\u011f\u0131 BRT canl\u0131 yay\u0131n\u0131nda \u00c7ilem Da\u011f\u0131stanl\u0131\u2019n\u0131n sorular\u0131n\u0131 yan\u0131tlad\u0131. G\u00f6reve geldi\u011fi 2014 y\u0131l\u0131ndan bu yana g\u00f6rev heyecan\u0131n\u0131n hi\u00e7bir zaman azalmad\u0131\u011f\u0131n\u0131 aksine her ge\u00e7en g\u00fcn artt\u0131\u011f\u0131n\u0131 s\u00f6yleyen Ba\u015fkan Sad\u0131ko\u011flu, \u0130skele i\u00e7in hep daha g\u00fczelini hep daha iyisini yapmak i\u00e7in \u00e7abalad\u0131\u011f\u0131n\u0131 ifade etti. Sad\u0131ko\u011flu yay\u0131nda, \u0130skele Belediyesi\u2019nin \u00e7al\u0131\u015fmalar\u0131, projeleri ve g\u00fcndeme dair \u00f6nemli","og_url":"https:\/\/kibrisdakik.com\/?p=111469","article_published_time":"2026-04-29T11:49:17+00:00","og_image":[{"url":"https:\/\/mhahabercom.teimg.com\/crop\/1280x720\/mhahaber-com\/uploads\/2026\/04\/mha-sari-beyaz-5034.png","type":"","width":"","height":""}],"author":"admin","twitter_card":"summary_large_image","twitter_misc":{"Yazan:":"admin","Tahmini okuma s\u00fcresi":"5 dakika"},"schema":{"@context":"https:\/\/schema.org","@graph":[{"@type":"Article","@id":"https:\/\/kibrisdakik.com\/?p=111469#article","isPartOf":{"@id":"https:\/\/kibrisdakik.com\/?p=111469"},"author":{"name":"admin","@id":"https:\/\/kibrisdakik.com\/#\/schema\/person\/9cd9d437bbb44f72b73ba127e06d8e79"},"headline":"SADIKO\u011eLU: \u201c\u0130SKELE \u0130\u00c7\u0130N EN G\u00dcZEL\u0130N\u0130 YAPMAYA DE\u011eER\u201d","datePublished":"2026-04-29T11:49:17+00:00","mainEntityOfPage":{"@id":"https:\/\/kibrisdakik.com\/?p=111469"},"wordCount":1095,"commentCount":0,"image":{"@id":"https:\/\/kibrisdakik.com\/?p=111469#primaryimage"},"thumbnailUrl":"https:\/\/kibrisdakik.com\/wp-content\/uploads\/2026\/04\/mha-sari-beyaz-5034.png","articleSection":["K\u0131br\u0131s"],"inLanguage":"tr","potentialAction":[{"@type":"CommentAction","name":"Comment","target":["https:\/\/kibrisdakik.com\/?p=111469#respond"]}]},{"@type":"WebPage","@id":"https:\/\/kibrisdakik.com\/?p=111469","url":"https:\/\/kibrisdakik.com\/?p=111469","name":"SADIKO\u011eLU: \u201c\u0130SKELE \u0130\u00c7\u0130N EN G\u00dcZEL\u0130N\u0130 YAPMAYA DE\u011eER\u201d -","isPartOf":{"@id":"https:\/\/kibrisdakik.com\/#website"},"primaryImageOfPage":{"@id":"https:\/\/kibrisdakik.com\/?p=111469#primaryimage"},"image":{"@id":"https:\/\/kibrisdakik.com\/?p=111469#primaryimage"},"thumbnailUrl":"https:\/\/kibrisdakik.com\/wp-content\/uploads\/2026\/04\/mha-sari-beyaz-5034.png","datePublished":"2026-04-29T11:49:17+00:00","author":{"@id":"https:\/\/kibrisdakik.com\/#\/schema\/person\/9cd9d437bbb44f72b73ba127e06d8e79"},"breadcrumb":{"@id":"https:\/\/kibrisdakik.com\/?p=111469#breadcrumb"},"inLanguage":"tr","potentialAction":[{"@type":"ReadAction","target":["https:\/\/kibrisdakik.com\/?p=111469"]}]},{"@type":"ImageObject","inLanguage":"tr","@id":"https:\/\/kibrisdakik.com\/?p=111469#primaryimage","url":"https:\/\/kibrisdakik.com\/wp-content\/uploads\/2026\/04\/mha-sari-beyaz-5034.png","contentUrl":"https:\/\/kibrisdakik.com\/wp-content\/uploads\/2026\/04\/mha-sari-beyaz-5034.png","width":1280,"height":720},{"@type":"BreadcrumbList","@id":"https:\/\/kibrisdakik.com\/?p=111469#breadcrumb","itemListElement":[{"@type":"ListItem","position":1,"name":"Home","item":"https:\/\/kibrisdakik.com\/"},{"@type":"ListItem","position":2,"name":"SADIKO\u011eLU: \u201c\u0130SKELE \u0130\u00c7\u0130N EN G\u00dcZEL\u0130N\u0130 YAPMAYA DE\u011eER\u201d"}]},{"@type":"WebSite","@id":"https:\/\/kibrisdakik.com\/#website","url":"https:\/\/kibrisdakik.com\/","name":"","description":"Tam vaktinde haber","potentialAction":[{"@type":"SearchAction","target":{"@type":"EntryPoint","urlTemplate":"https:\/\/kibrisdakik.com\/?s={search_term_string}"},"query-input":{"@type":"PropertyValueSpecification","valueRequired":true,"valueName":"search_term_string"}}],"inLanguage":"tr"},{"@type":"Person","@id":"https:\/\/kibrisdakik.com\/#\/schema\/person\/9cd9d437bbb44f72b73ba127e06d8e79","name":"admin","image":{"@type":"ImageObject","inLanguage":"tr","@id":"https:\/\/secure.gravatar.com\/avatar\/ccc17943b9d660506c869530f897617f7cb1c21a4bf30023f252596d83e1f007?s=96&d=mm&r=g","url":"https:\/\/secure.gravatar.com\/avatar\/ccc17943b9d660506c869530f897617f7cb1c21a4bf30023f252596d83e1f007?s=96&d=mm&r=g","contentUrl":"https:\/\/secure.gravatar.com\/avatar\/ccc17943b9d660506c869530f897617f7cb1c21a4bf30023f252596d83e1f007?s=96&d=mm&r=g","caption":"admin"},"sameAs":["https:\/\/kibrisdakik.com"],"url":"https:\/\/kibrisdakik.com\/?author=1"}]}},"_links":{"self":[{"href":"https:\/\/kibrisdakik.com\/index.php?rest_route=\/wp\/v2\/posts\/111469","targetHints":{"allow":["GET"]}}],"collection":[{"href":"https:\/\/kibrisdakik.com\/index.php?rest_route=\/wp\/v2\/posts"}],"about":[{"href":"https:\/\/kibrisdakik.com\/index.php?rest_route=\/wp\/v2\/types\/post"}],"author":[{"embeddable":true,"href":"https:\/\/kibrisdakik.com\/index.php?rest_route=\/wp\/v2\/users\/1"}],"replies":[{"embeddable":true,"href":"https:\/\/kibrisdakik.com\/index.php?rest_route=%2Fwp%2Fv2%2Fcomments&post=111469"}],"version-history":[{"count":0,"href":"https:\/\/kibrisdakik.com\/index.php?rest_route=\/wp\/v2\/posts\/111469\/revisions"}],"wp:featuredmedia":[{"embeddable":true,"href":"https:\/\/kibrisdakik.com\/index.php?rest_route=\/wp\/v2\/media\/111470"}],"wp:attachment":[{"href":"https:\/\/kibrisdakik.com\/index.php?rest_route=%2Fwp%2Fv2%2Fmedia&parent=111469"}],"wp:term":[{"taxonomy":"category","embeddable":true,"href":"https:\/\/kibrisdakik.com\/index.php?rest_route=%2Fwp%2Fv2%2Fcategories&post=111469"},{"taxonomy":"post_tag","embeddable":true,"href":"https:\/\/kibrisdakik.com\/index.php?rest_route=%2Fwp%2Fv2%2Ftags&post=111469"}],"curies":[{"name":"wp","href":"https:\/\/api.w.org\/{rel}","templated":true}]}}