{"id":111471,"date":"2026-04-29T15:07:14","date_gmt":"2026-04-29T12:07:14","guid":{"rendered":"https:\/\/kibrisdakik.com\/?p=111471"},"modified":"2026-04-29T15:07:14","modified_gmt":"2026-04-29T12:07:14","slug":"koral-bozkurt-fide-kursatin-iddialarini-reddetti","status":"publish","type":"post","link":"https:\/\/kibrisdakik.com\/?p=111471","title":{"rendered":"KORAL BOZKURT, F\u0130DE K\u00dcR\u015eAT\u2019IN \u0130DD\u0130ALARINI REDDETT\u0130"},"content":{"rendered":"<p><\/p>\n<div data-text-id=\"200954\" property=\"articleBody\">\n<p>NorthernLand Group Y\u00f6netim Kurulu Ba\u015fkan\u0131 Koral Bozkurt, kamuoyunda tart\u0131\u015fma yaratan a\u00e7\u0131klamalara ili\u015fkin yaz\u0131l\u0131 bir a\u00e7\u0131klama yapt\u0131:<\/p>\n<p>\u201cMeclis K\u00fcrs\u00fcs\u00fc, Bilgi Sahibi Olunmadan \u0130nsanlar\u0131n ve Kurumlar\u0131n Hedef G\u00f6sterilece\u011fi Yer De\u011fildir<\/p>\n<p>Cumhuriyet\u00e7i T\u00fcrk Partisi \u0130skele Milletvekili Say\u0131n Fide K\u00fcr\u015fat\u2019\u0131n, Meclis k\u00fcrs\u00fcs\u00fcnde Pera Mackenzie i\u015fletmemize ili\u015fkin olarak kulland\u0131\u011f\u0131 \u201cpe\u015fke\u015f \u00e7ekiliyor\u201d ifadesini b\u00fcy\u00fck bir \u00fcz\u00fcnt\u00fc ve esefle kar\u015f\u0131l\u0131yor; bu a\u00e7\u0131klamay\u0131 \u015fiddetle k\u0131n\u0131yoruz.<\/p>\n<p>Kamuoyunun do\u011fru bilgilendirilmesi ad\u0131na a\u00e7\u0131k\u00e7a belirtmek isteriz ki; Pera Mackenzie, 2022 y\u0131l\u0131nda \u0130skele Belediyesi taraf\u0131ndan ihaleye \u00e7\u0131kar\u0131lm\u0131\u015f, \u015firketimiz s\u00f6z konusu ihale \u015fartlar\u0131 kapsam\u0131nda ihaleyi kazanm\u0131\u015ft\u0131r. Bug\u00fcn i\u015fletme, \u0130skele Belediyesi ile yap\u0131lan resmi s\u00f6zle\u015fme kapsam\u0131nda, tamamen yasal zeminde ve \u015feffaf ticari ko\u015fullar \u00e7er\u00e7evesinde faaliyet g\u00f6stermektedir.<\/p>\n<p>\u00dclkedeki benzer turizm alanlar\u0131n\u0131n kira ko\u015fullar\u0131 m\u00b2 baz\u0131nda de\u011ferlendirildi\u011finde; Pera Mackenzie i\u00e7in \u015firketimizin \u00f6dedi\u011fi bedelin standartlar\u0131n \u00fczerinde oldu\u011fu a\u00e7\u0131kt\u0131r. Ayr\u0131ca son \u00fc\u00e7 y\u0131lda belediyeye toplam 22.378.589,83 TL, yaln\u0131zca 2025 y\u0131l\u0131 i\u00e7erisinde ise 10.700.559,17 TL \u00f6deme yap\u0131lm\u0131\u015ft\u0131r. Resmi s\u00f6zle\u015fmeye dayal\u0131 ve t\u00fcm mali y\u00fck\u00fcml\u00fcl\u00fcklerini yerine getiren bir yat\u0131r\u0131m i\u00e7in \u201cpe\u015fke\u015f\u201d ifadesinin kullan\u0131lmas\u0131; en hafif tabirle ger\u00e7eklerden kopuk, mesnetsiz ve kabul edilemez bir ithamd\u0131r.<\/p>\n<p>Dolay\u0131s\u0131yla ortada kamu zarar\u0131na sebep olan, gizli y\u00fcr\u00fct\u00fclen ya da kar\u015f\u0131l\u0131ks\u0131z devredilmi\u015f herhangi bir s\u00fcre\u00e7 bulunmamaktad\u0131r. Aksine bu i\u015fletme modeli; belediyeye d\u00fczenli gelir sa\u011flayan, b\u00f6lge ekonomisine katk\u0131 sunan, istihdam yaratan ve turizme de\u011fer katan yasal bir yat\u0131r\u0131m s\u00fcrecidir.<\/p>\n<p>\u201cPe\u015fke\u015f\u201d kelimesi; bir kamu mal\u0131n\u0131n, hakk\u0131n ya da de\u011ferin usuls\u00fcz, haks\u0131z veya \u00e7\u0131kar ili\u015fkisiyle bir ki\u015fi ya da kuruma devredildi\u011fi y\u00f6n\u00fcnde a\u011f\u0131r bir anlam ta\u015f\u0131maktad\u0131r. Bu nedenle Say\u0131n Fide K\u00fcr\u015fat\u2019\u0131n hi\u00e7bir somut belgeye, veriye ya da hukuki dayana\u011fa ba\u015fvurmadan Meclis k\u00fcrs\u00fcs\u00fcnde bu ifadeyi kullanmas\u0131, vahim bir sorumsuzluktur.<\/p>\n<p>Say\u0131n Fide K\u00fcr\u015fat\u2019\u0131n, milletvekili oldu\u011fu b\u00f6lgeyle ilgili b\u00f6ylesine a\u011f\u0131r bir ithamda bulunmadan \u00f6nce; ihale ko\u015fullar\u0131n\u0131, m\u00b2 baz\u0131nda \u00f6denen bedeli, belediyeye sa\u011flanan geliri ve yat\u0131r\u0131m\u0131n b\u00f6lge ekonomisine katk\u0131s\u0131n\u0131 ara\u015ft\u0131rarak konu\u015fmas\u0131 gerekirdi. Temsil etti\u011fi b\u00f6lge hakk\u0131nda bilgi sahibi olmadan yap\u0131lan bu a\u00e7\u0131klama, siyasi sorumlulukla ba\u011fda\u015fmamaktad\u0131r.<\/p>\n<p>Bu a\u00e7\u0131klama; konuya dair bilgi eksikli\u011fini, ara\u015ft\u0131rma zahmetine dahi girilmedi\u011fini ve kamuoyu \u00f6n\u00fcnde mesnetsiz iddia \u00fcretmenin nas\u0131l bir cehalet \u00f6rne\u011fine d\u00f6n\u00fc\u015febilece\u011fini a\u00e7\u0131k\u00e7a g\u00f6stermektedir. Do\u011frulu\u011fu ara\u015ft\u0131r\u0131lmadan ortaya at\u0131lan bu t\u00fcr iddialar\u0131n, sokak a\u011fz\u0131n\u0131 ve mahalle dedikodusunu and\u0131ran bir \u00fcslupla dile getirilmesi; Meclis k\u00fcrs\u00fcs\u00fcn\u00fcn ciddiyetiyle ba\u011fda\u015fmamaktad\u0131r.<\/p>\n<p>Bug\u00fcn Pera Mackenzie\u2019de ortaya \u00e7\u0131kan de\u011fer, yaln\u0131zca bir i\u015fletmenin ticari faaliyeti de\u011fildir. Bu de\u011fer; \u00e7al\u0131\u015fanlar\u0131m\u0131z\u0131n eme\u011fi, b\u00f6lge esnaf\u0131n\u0131n katk\u0131s\u0131, tedarik\u00e7ilerimizin deste\u011fi, belediyeye sa\u011flanan d\u00fczenli gelir, yerel ekonominin canl\u0131l\u0131\u011f\u0131 ve turizmin geli\u015fimiyle b\u00fcy\u00fcyen ortak bir kazan\u0131md\u0131r.<\/p>\n<p>Bizler, bug\u00fcne kadar oldu\u011fu gibi bundan sonra da faaliyetlerimizi yasal zeminde, \u015feffafl\u0131k ilkesiyle ve kamu yarar\u0131n\u0131 g\u00f6zeten bir anlay\u0131\u015fla s\u00fcrd\u00fcrmeye devam edece\u011fiz.<\/p>\n<p>Ancak bilinmelidir ki; \u015firketimizin, markalar\u0131m\u0131z\u0131n ve \u00e7al\u0131\u015fma arkada\u015flar\u0131m\u0131z\u0131n itibar\u0131n\u0131 hedef alan as\u0131ls\u0131z, mesnetsiz ve maksatl\u0131 iddialar kar\u015f\u0131s\u0131nda sessiz kalmayaca\u011f\u0131z. Kamuoyunu yan\u0131ltan, ger\u00e7ekleri \u00e7arp\u0131tan ve yat\u0131r\u0131mc\u0131y\u0131 haks\u0131z \u015fekilde t\u00f6hmet alt\u0131nda b\u0131rakan bu a\u00e7\u0131klamay\u0131 bir kez daha k\u0131n\u0131yor; t\u00fcm hukuki ve kurumsal haklar\u0131m\u0131z\u0131 sakl\u0131 tuttu\u011fumuzu kamuoyuna sayg\u0131yla duyuruyoruz.<\/p>\n<p>Yerli yat\u0131r\u0131mc\u0131y\u0131 hedef g\u00f6stererek bu \u00fclkeye hizmet edilmez.<\/p>\n<p>\u0130stihdam sa\u011flayan, belediyeye d\u00fczenli gelir kazand\u0131ran, vergi \u00f6deyen ve turizme de\u011fer katan yat\u0131r\u0131mlar\u0131 itibars\u0131zla\u015ft\u0131rmak; ne kamu yarar\u0131na ne de \u00fclke ekonomisine hizmet eder.<\/p>\n<p>Koral Bozkurt<br \/>&#13;<br \/>\nNorthernLand Group<br \/>&#13;<br \/>\nY\u00f6netim Kurulu Ba\u015fkan\u0131\u201d<\/p>\n<\/p><\/div>\n","protected":false},"excerpt":{"rendered":"<p>NorthernLand Group Y\u00f6netim Kurulu Ba\u015fkan\u0131 Koral Bozkurt, kamuoyunda tart\u0131\u015fma yaratan a\u00e7\u0131klamalara ili\u015fkin yaz\u0131l\u0131 bir a\u00e7\u0131klama yapt\u0131: \u201cMeclis K\u00fcrs\u00fcs\u00fc, Bilgi Sahibi Olunmadan \u0130nsanlar\u0131n ve Kurumlar\u0131n Hedef G\u00f6sterilece\u011fi Yer De\u011fildir Cumhuriyet\u00e7i T\u00fcrk Partisi \u0130skele Milletvekili Say\u0131n Fide K\u00fcr\u015fat\u2019\u0131n, Meclis k\u00fcrs\u00fcs\u00fcnde Pera Mackenzie i\u015fletmemize ili\u015fkin olarak kulland\u0131\u011f\u0131 \u201cpe\u015fke\u015f \u00e7ekiliyor\u201d ifadesini b\u00fcy\u00fck bir \u00fcz\u00fcnt\u00fc ve esefle kar\u015f\u0131l\u0131yor; bu a\u00e7\u0131klamay\u0131<\/p>\n","protected":false},"author":1,"featured_media":111472,"comment_status":"open","ping_status":"open","sticky":false,"template":"","format":"standard","meta":{"footnotes":""},"categories":[81],"tags":[],"class_list":["post-111471","post","type-post","status-publish","format-standard","has-post-thumbnail","hentry","category-kibris"],"yoast_head":"<!-- This site is optimized with the Yoast SEO plugin v27.5 - https:\/\/yoast.com\/product\/yoast-seo-wordpress\/ -->\n<title>KORAL BOZKURT, F\u0130DE K\u00dcR\u015eAT\u2019IN \u0130DD\u0130ALARINI REDDETT\u0130 -<\/title>\n<meta name=\"robots\" content=\"index, follow, max-snippet:-1, max-image-preview:large, max-video-preview:-1\" \/>\n<link rel=\"canonical\" href=\"https:\/\/kibrisdakik.com\/?p=111471\" \/>\n<meta property=\"og:locale\" content=\"tr_TR\" \/>\n<meta property=\"og:type\" content=\"article\" \/>\n<meta property=\"og:title\" content=\"KORAL BOZKURT, F\u0130DE K\u00dcR\u015eAT\u2019IN \u0130DD\u0130ALARINI REDDETT\u0130 -\" \/>\n<meta property=\"og:description\" content=\"NorthernLand Group Y\u00f6netim Kurulu Ba\u015fkan\u0131 Koral Bozkurt, kamuoyunda tart\u0131\u015fma yaratan a\u00e7\u0131klamalara ili\u015fkin yaz\u0131l\u0131 bir a\u00e7\u0131klama yapt\u0131: \u201cMeclis K\u00fcrs\u00fcs\u00fc, Bilgi Sahibi Olunmadan \u0130nsanlar\u0131n ve Kurumlar\u0131n Hedef G\u00f6sterilece\u011fi Yer De\u011fildir Cumhuriyet\u00e7i T\u00fcrk Partisi \u0130skele Milletvekili Say\u0131n Fide K\u00fcr\u015fat\u2019\u0131n, Meclis k\u00fcrs\u00fcs\u00fcnde Pera Mackenzie i\u015fletmemize ili\u015fkin olarak kulland\u0131\u011f\u0131 \u201cpe\u015fke\u015f \u00e7ekiliyor\u201d ifadesini b\u00fcy\u00fck bir \u00fcz\u00fcnt\u00fc ve esefle kar\u015f\u0131l\u0131yor; bu a\u00e7\u0131klamay\u0131\" \/>\n<meta property=\"og:url\" content=\"https:\/\/kibrisdakik.com\/?p=111471\" \/>\n<meta property=\"article:published_time\" content=\"2026-04-29T12:07:14+00:00\" \/>\n<meta property=\"og:image\" content=\"https:\/\/mhahabercom.teimg.com\/crop\/1280x720\/mhahaber-com\/uploads\/2026\/04\/mha-sari-beyaz-5035.png\" \/>\n<meta name=\"author\" content=\"admin\" \/>\n<meta name=\"twitter:card\" content=\"summary_large_image\" \/>\n<meta name=\"twitter:label1\" content=\"Yazan:\" \/>\n\t<meta name=\"twitter:data1\" content=\"admin\" \/>\n\t<meta name=\"twitter:label2\" content=\"Tahmini okuma s\u00fcresi\" \/>\n\t<meta name=\"twitter:data2\" content=\"4 dakika\" \/>\n<script type=\"application\/ld+json\" class=\"yoast-schema-graph\">{\"@context\":\"https:\\\/\\\/schema.org\",\"@graph\":[{\"@type\":\"Article\",\"@id\":\"https:\\\/\\\/kibrisdakik.com\\\/?p=111471#article\",\"isPartOf\":{\"@id\":\"https:\\\/\\\/kibrisdakik.com\\\/?p=111471\"},\"author\":{\"name\":\"admin\",\"@id\":\"https:\\\/\\\/kibrisdakik.com\\\/#\\\/schema\\\/person\\\/9cd9d437bbb44f72b73ba127e06d8e79\"},\"headline\":\"KORAL BOZKURT, F\u0130DE K\u00dcR\u015eAT\u2019IN \u0130DD\u0130ALARINI REDDETT\u0130\",\"datePublished\":\"2026-04-29T12:07:14+00:00\",\"mainEntityOfPage\":{\"@id\":\"https:\\\/\\\/kibrisdakik.com\\\/?p=111471\"},\"wordCount\":759,\"commentCount\":0,\"image\":{\"@id\":\"https:\\\/\\\/kibrisdakik.com\\\/?p=111471#primaryimage\"},\"thumbnailUrl\":\"https:\\\/\\\/kibrisdakik.com\\\/wp-content\\\/uploads\\\/2026\\\/04\\\/mha-sari-beyaz-5035.png\",\"articleSection\":[\"K\u0131br\u0131s\"],\"inLanguage\":\"tr\",\"potentialAction\":[{\"@type\":\"CommentAction\",\"name\":\"Comment\",\"target\":[\"https:\\\/\\\/kibrisdakik.com\\\/?p=111471#respond\"]}]},{\"@type\":\"WebPage\",\"@id\":\"https:\\\/\\\/kibrisdakik.com\\\/?p=111471\",\"url\":\"https:\\\/\\\/kibrisdakik.com\\\/?p=111471\",\"name\":\"KORAL BOZKURT, F\u0130DE K\u00dcR\u015eAT\u2019IN \u0130DD\u0130ALARINI REDDETT\u0130 -\",\"isPartOf\":{\"@id\":\"https:\\\/\\\/kibrisdakik.com\\\/#website\"},\"primaryImageOfPage\":{\"@id\":\"https:\\\/\\\/kibrisdakik.com\\\/?p=111471#primaryimage\"},\"image\":{\"@id\":\"https:\\\/\\\/kibrisdakik.com\\\/?p=111471#primaryimage\"},\"thumbnailUrl\":\"https:\\\/\\\/kibrisdakik.com\\\/wp-content\\\/uploads\\\/2026\\\/04\\\/mha-sari-beyaz-5035.png\",\"datePublished\":\"2026-04-29T12:07:14+00:00\",\"author\":{\"@id\":\"https:\\\/\\\/kibrisdakik.com\\\/#\\\/schema\\\/person\\\/9cd9d437bbb44f72b73ba127e06d8e79\"},\"breadcrumb\":{\"@id\":\"https:\\\/\\\/kibrisdakik.com\\\/?p=111471#breadcrumb\"},\"inLanguage\":\"tr\",\"potentialAction\":[{\"@type\":\"ReadAction\",\"target\":[\"https:\\\/\\\/kibrisdakik.com\\\/?p=111471\"]}]},{\"@type\":\"ImageObject\",\"inLanguage\":\"tr\",\"@id\":\"https:\\\/\\\/kibrisdakik.com\\\/?p=111471#primaryimage\",\"url\":\"https:\\\/\\\/kibrisdakik.com\\\/wp-content\\\/uploads\\\/2026\\\/04\\\/mha-sari-beyaz-5035.png\",\"contentUrl\":\"https:\\\/\\\/kibrisdakik.com\\\/wp-content\\\/uploads\\\/2026\\\/04\\\/mha-sari-beyaz-5035.png\",\"width\":1280,\"height\":720},{\"@type\":\"BreadcrumbList\",\"@id\":\"https:\\\/\\\/kibrisdakik.com\\\/?p=111471#breadcrumb\",\"itemListElement\":[{\"@type\":\"ListItem\",\"position\":1,\"name\":\"Home\",\"item\":\"https:\\\/\\\/kibrisdakik.com\\\/\"},{\"@type\":\"ListItem\",\"position\":2,\"name\":\"KORAL BOZKURT, F\u0130DE K\u00dcR\u015eAT\u2019IN \u0130DD\u0130ALARINI REDDETT\u0130\"}]},{\"@type\":\"WebSite\",\"@id\":\"https:\\\/\\\/kibrisdakik.com\\\/#website\",\"url\":\"https:\\\/\\\/kibrisdakik.com\\\/\",\"name\":\"\",\"description\":\"Tam vaktinde haber\",\"potentialAction\":[{\"@type\":\"SearchAction\",\"target\":{\"@type\":\"EntryPoint\",\"urlTemplate\":\"https:\\\/\\\/kibrisdakik.com\\\/?s={search_term_string}\"},\"query-input\":{\"@type\":\"PropertyValueSpecification\",\"valueRequired\":true,\"valueName\":\"search_term_string\"}}],\"inLanguage\":\"tr\"},{\"@type\":\"Person\",\"@id\":\"https:\\\/\\\/kibrisdakik.com\\\/#\\\/schema\\\/person\\\/9cd9d437bbb44f72b73ba127e06d8e79\",\"name\":\"admin\",\"image\":{\"@type\":\"ImageObject\",\"inLanguage\":\"tr\",\"@id\":\"https:\\\/\\\/secure.gravatar.com\\\/avatar\\\/ccc17943b9d660506c869530f897617f7cb1c21a4bf30023f252596d83e1f007?s=96&d=mm&r=g\",\"url\":\"https:\\\/\\\/secure.gravatar.com\\\/avatar\\\/ccc17943b9d660506c869530f897617f7cb1c21a4bf30023f252596d83e1f007?s=96&d=mm&r=g\",\"contentUrl\":\"https:\\\/\\\/secure.gravatar.com\\\/avatar\\\/ccc17943b9d660506c869530f897617f7cb1c21a4bf30023f252596d83e1f007?s=96&d=mm&r=g\",\"caption\":\"admin\"},\"sameAs\":[\"https:\\\/\\\/kibrisdakik.com\"],\"url\":\"https:\\\/\\\/kibrisdakik.com\\\/?author=1\"}]}<\/script>\n<!-- \/ Yoast SEO plugin. -->","yoast_head_json":{"title":"KORAL BOZKURT, F\u0130DE K\u00dcR\u015eAT\u2019IN \u0130DD\u0130ALARINI REDDETT\u0130 -","robots":{"index":"index","follow":"follow","max-snippet":"max-snippet:-1","max-image-preview":"max-image-preview:large","max-video-preview":"max-video-preview:-1"},"canonical":"https:\/\/kibrisdakik.com\/?p=111471","og_locale":"tr_TR","og_type":"article","og_title":"KORAL BOZKURT, F\u0130DE K\u00dcR\u015eAT\u2019IN \u0130DD\u0130ALARINI REDDETT\u0130 -","og_description":"NorthernLand Group Y\u00f6netim Kurulu Ba\u015fkan\u0131 Koral Bozkurt, kamuoyunda tart\u0131\u015fma yaratan a\u00e7\u0131klamalara ili\u015fkin yaz\u0131l\u0131 bir a\u00e7\u0131klama yapt\u0131: \u201cMeclis K\u00fcrs\u00fcs\u00fc, Bilgi Sahibi Olunmadan \u0130nsanlar\u0131n ve Kurumlar\u0131n Hedef G\u00f6sterilece\u011fi Yer De\u011fildir Cumhuriyet\u00e7i T\u00fcrk Partisi \u0130skele Milletvekili Say\u0131n Fide K\u00fcr\u015fat\u2019\u0131n, Meclis k\u00fcrs\u00fcs\u00fcnde Pera Mackenzie i\u015fletmemize ili\u015fkin olarak kulland\u0131\u011f\u0131 \u201cpe\u015fke\u015f \u00e7ekiliyor\u201d ifadesini b\u00fcy\u00fck bir \u00fcz\u00fcnt\u00fc ve esefle kar\u015f\u0131l\u0131yor; bu a\u00e7\u0131klamay\u0131","og_url":"https:\/\/kibrisdakik.com\/?p=111471","article_published_time":"2026-04-29T12:07:14+00:00","og_image":[{"url":"https:\/\/mhahabercom.teimg.com\/crop\/1280x720\/mhahaber-com\/uploads\/2026\/04\/mha-sari-beyaz-5035.png","type":"","width":"","height":""}],"author":"admin","twitter_card":"summary_large_image","twitter_misc":{"Yazan:":"admin","Tahmini okuma s\u00fcresi":"4 dakika"},"schema":{"@context":"https:\/\/schema.org","@graph":[{"@type":"Article","@id":"https:\/\/kibrisdakik.com\/?p=111471#article","isPartOf":{"@id":"https:\/\/kibrisdakik.com\/?p=111471"},"author":{"name":"admin","@id":"https:\/\/kibrisdakik.com\/#\/schema\/person\/9cd9d437bbb44f72b73ba127e06d8e79"},"headline":"KORAL BOZKURT, F\u0130DE K\u00dcR\u015eAT\u2019IN \u0130DD\u0130ALARINI REDDETT\u0130","datePublished":"2026-04-29T12:07:14+00:00","mainEntityOfPage":{"@id":"https:\/\/kibrisdakik.com\/?p=111471"},"wordCount":759,"commentCount":0,"image":{"@id":"https:\/\/kibrisdakik.com\/?p=111471#primaryimage"},"thumbnailUrl":"https:\/\/kibrisdakik.com\/wp-content\/uploads\/2026\/04\/mha-sari-beyaz-5035.png","articleSection":["K\u0131br\u0131s"],"inLanguage":"tr","potentialAction":[{"@type":"CommentAction","name":"Comment","target":["https:\/\/kibrisdakik.com\/?p=111471#respond"]}]},{"@type":"WebPage","@id":"https:\/\/kibrisdakik.com\/?p=111471","url":"https:\/\/kibrisdakik.com\/?p=111471","name":"KORAL BOZKURT, F\u0130DE K\u00dcR\u015eAT\u2019IN \u0130DD\u0130ALARINI REDDETT\u0130 -","isPartOf":{"@id":"https:\/\/kibrisdakik.com\/#website"},"primaryImageOfPage":{"@id":"https:\/\/kibrisdakik.com\/?p=111471#primaryimage"},"image":{"@id":"https:\/\/kibrisdakik.com\/?p=111471#primaryimage"},"thumbnailUrl":"https:\/\/kibrisdakik.com\/wp-content\/uploads\/2026\/04\/mha-sari-beyaz-5035.png","datePublished":"2026-04-29T12:07:14+00:00","author":{"@id":"https:\/\/kibrisdakik.com\/#\/schema\/person\/9cd9d437bbb44f72b73ba127e06d8e79"},"breadcrumb":{"@id":"https:\/\/kibrisdakik.com\/?p=111471#breadcrumb"},"inLanguage":"tr","potentialAction":[{"@type":"ReadAction","target":["https:\/\/kibrisdakik.com\/?p=111471"]}]},{"@type":"ImageObject","inLanguage":"tr","@id":"https:\/\/kibrisdakik.com\/?p=111471#primaryimage","url":"https:\/\/kibrisdakik.com\/wp-content\/uploads\/2026\/04\/mha-sari-beyaz-5035.png","contentUrl":"https:\/\/kibrisdakik.com\/wp-content\/uploads\/2026\/04\/mha-sari-beyaz-5035.png","width":1280,"height":720},{"@type":"BreadcrumbList","@id":"https:\/\/kibrisdakik.com\/?p=111471#breadcrumb","itemListElement":[{"@type":"ListItem","position":1,"name":"Home","item":"https:\/\/kibrisdakik.com\/"},{"@type":"ListItem","position":2,"name":"KORAL BOZKURT, F\u0130DE K\u00dcR\u015eAT\u2019IN \u0130DD\u0130ALARINI REDDETT\u0130"}]},{"@type":"WebSite","@id":"https:\/\/kibrisdakik.com\/#website","url":"https:\/\/kibrisdakik.com\/","name":"","description":"Tam vaktinde haber","potentialAction":[{"@type":"SearchAction","target":{"@type":"EntryPoint","urlTemplate":"https:\/\/kibrisdakik.com\/?s={search_term_string}"},"query-input":{"@type":"PropertyValueSpecification","valueRequired":true,"valueName":"search_term_string"}}],"inLanguage":"tr"},{"@type":"Person","@id":"https:\/\/kibrisdakik.com\/#\/schema\/person\/9cd9d437bbb44f72b73ba127e06d8e79","name":"admin","image":{"@type":"ImageObject","inLanguage":"tr","@id":"https:\/\/secure.gravatar.com\/avatar\/ccc17943b9d660506c869530f897617f7cb1c21a4bf30023f252596d83e1f007?s=96&d=mm&r=g","url":"https:\/\/secure.gravatar.com\/avatar\/ccc17943b9d660506c869530f897617f7cb1c21a4bf30023f252596d83e1f007?s=96&d=mm&r=g","contentUrl":"https:\/\/secure.gravatar.com\/avatar\/ccc17943b9d660506c869530f897617f7cb1c21a4bf30023f252596d83e1f007?s=96&d=mm&r=g","caption":"admin"},"sameAs":["https:\/\/kibrisdakik.com"],"url":"https:\/\/kibrisdakik.com\/?author=1"}]}},"_links":{"self":[{"href":"https:\/\/kibrisdakik.com\/index.php?rest_route=\/wp\/v2\/posts\/111471","targetHints":{"allow":["GET"]}}],"collection":[{"href":"https:\/\/kibrisdakik.com\/index.php?rest_route=\/wp\/v2\/posts"}],"about":[{"href":"https:\/\/kibrisdakik.com\/index.php?rest_route=\/wp\/v2\/types\/post"}],"author":[{"embeddable":true,"href":"https:\/\/kibrisdakik.com\/index.php?rest_route=\/wp\/v2\/users\/1"}],"replies":[{"embeddable":true,"href":"https:\/\/kibrisdakik.com\/index.php?rest_route=%2Fwp%2Fv2%2Fcomments&post=111471"}],"version-history":[{"count":0,"href":"https:\/\/kibrisdakik.com\/index.php?rest_route=\/wp\/v2\/posts\/111471\/revisions"}],"wp:featuredmedia":[{"embeddable":true,"href":"https:\/\/kibrisdakik.com\/index.php?rest_route=\/wp\/v2\/media\/111472"}],"wp:attachment":[{"href":"https:\/\/kibrisdakik.com\/index.php?rest_route=%2Fwp%2Fv2%2Fmedia&parent=111471"}],"wp:term":[{"taxonomy":"category","embeddable":true,"href":"https:\/\/kibrisdakik.com\/index.php?rest_route=%2Fwp%2Fv2%2Fcategories&post=111471"},{"taxonomy":"post_tag","embeddable":true,"href":"https:\/\/kibrisdakik.com\/index.php?rest_route=%2Fwp%2Fv2%2Ftags&post=111471"}],"curies":[{"name":"wp","href":"https:\/\/api.w.org\/{rel}","templated":true}]}}