{"id":111477,"date":"2026-04-29T15:31:28","date_gmt":"2026-04-29T12:31:28","guid":{"rendered":"https:\/\/kibrisdakik.com\/?p=111477"},"modified":"2026-04-29T15:31:28","modified_gmt":"2026-04-29T12:31:28","slug":"baraka-1-mayista-caglayan-parkinda-bulusuyor","status":"publish","type":"post","link":"https:\/\/kibrisdakik.com\/?p=111477","title":{"rendered":"BARAKA 1 MAYIS\u2019TA \u00c7A\u011eLAYAN PARKI\u2019NDA BULU\u015eUYOR"},"content":{"rendered":"<p><\/p>\n<div data-text-id=\"200959\" property=\"articleBody\">\n<p>Baraka K\u00fclt\u00fcr Merkezi, 1 May\u0131s Cuma g\u00fcn\u00fc saat 17.30\u2019da \u00c7a\u011flayan Park\u0131\u2019nda bulu\u015fma \u00e7a\u011fr\u0131s\u0131 yaparak, \u201cGelin, ger\u00e7ek kazan\u0131m\u0131n m\u00fccadeleden ge\u00e7ti\u011fini bir kez daha sokakta hayk\u0131ral\u0131m.\u201d dedi.<\/p>\n<p>Baraka K\u00fclt\u00fcr Merkezi ad\u0131na Mustafa Batak yapt\u0131\u011f\u0131 yaz\u0131l\u0131 a\u00e7\u0131klamada, 1 May\u0131s\u2019\u0131n, i\u015f\u00e7ilerin, emek\u00e7ilerin ve ezilen t\u00fcm kesimlerin \u00f6rg\u00fctl\u00fc emek, hak ve \u00f6zg\u00fcrl\u00fcklerini ifade etti\u011fi, sokakta isyan\u0131n\u0131 hayk\u0131rd\u0131\u011f\u0131 g\u00fcn oldu\u011funu ifade etti.<\/p>\n<p>&#8220;Ada yar\u0131s\u0131nda&#8221; ekonomik y\u0131k\u0131m olu\u015ftu\u011funu, s\u00f6m\u00fcr\u00fc d\u00fczeni yarat\u0131ld\u0131\u011f\u0131n\u0131, \u00e7\u00fcr\u00fcme ve krizlerin faturas\u0131n\u0131n emek\u00e7ilere kesildi\u011fini savunan Batak, bir yandan kamu emek\u00e7ilerinin kazan\u0131lm\u0131\u015f haklar\u0131na g\u00f6z dikildi\u011fini, di\u011fer yandan \u00f6zel sekt\u00f6r emek\u00e7ilerinin \u00f6rg\u00fcts\u00fczl\u00fck, g\u00fcvencesizlik ve yoksulluk k\u0131skac\u0131na mahkum edildi\u011fini ileri s\u00fcrd\u00fc. Batak, e\u011fitimden sa\u011fl\u0131\u011fa, ula\u015f\u0131mdan bar\u0131nma ve do\u011faya kadar kamusal alanlar\u0131n bir\u00e7o\u011funun rant\u0131n, talan\u0131n ve piyasac\u0131 akl\u0131n insaf\u0131na b\u0131rak\u0131ld\u0131\u011f\u0131n\u0131 iddia etti.<\/p>\n<p>Ya\u015fananlara kar\u015f\u0131 halk ve emek\u00e7ilerin boyun e\u011fmedi\u011fini kaydeden Batak, laik ya\u015fama sahip \u00e7\u0131k\u0131ld\u0131\u011f\u0131n\u0131, Ektam direni\u015finde emek\u00e7ilerin \u00f6rg\u00fctlenerek kazand\u0131\u011f\u0131n\u0131, dayat\u0131lan yasalara kar\u015f\u0131 h\u00fck\u00fcmete geri ad\u0131m att\u0131r\u0131ld\u0131\u011f\u0131n\u0131 ifade etti. Batak, kazan\u0131m\u0131n m\u00fccadeleden do\u011fdu\u011funun alt\u0131n\u0131 \u00e7izdi.<\/p>\n<p>Baraka K\u00fclt\u00fcr Merkezi\u2019nin bu y\u0131l ki pankart\u0131n\u0131n, \u201cSanat ve Bilimin I\u015f\u0131\u011f\u0131nda Eme\u011fin Kurtulu\u015fu Devrimin Y\u00fcr\u00fcy\u00fc\u015f\u00fcd\u00fcr 1 May\u0131s\u201d oldu\u011funu ifade eden Batak, \u00c7a\u011flayan Park\u0131\u2019ndaki Baraka kortejinde bulu\u015fma \u00e7a\u011fr\u0131s\u0131 yaparak, Ku\u011fulu Park\u2019a ve oradan ara b\u00f6lgeye y\u00fcr\u00fcyeceklerini belirtti.<\/p>\n<\/p><\/div>\n","protected":false},"excerpt":{"rendered":"<p>Baraka K\u00fclt\u00fcr Merkezi, 1 May\u0131s Cuma g\u00fcn\u00fc saat 17.30\u2019da \u00c7a\u011flayan Park\u0131\u2019nda bulu\u015fma \u00e7a\u011fr\u0131s\u0131 yaparak, \u201cGelin, ger\u00e7ek kazan\u0131m\u0131n m\u00fccadeleden ge\u00e7ti\u011fini bir kez daha sokakta hayk\u0131ral\u0131m.\u201d dedi. Baraka K\u00fclt\u00fcr Merkezi ad\u0131na Mustafa Batak yapt\u0131\u011f\u0131 yaz\u0131l\u0131 a\u00e7\u0131klamada, 1 May\u0131s\u2019\u0131n, i\u015f\u00e7ilerin, emek\u00e7ilerin ve ezilen t\u00fcm kesimlerin \u00f6rg\u00fctl\u00fc emek, hak ve \u00f6zg\u00fcrl\u00fcklerini ifade etti\u011fi, sokakta isyan\u0131n\u0131 hayk\u0131rd\u0131\u011f\u0131 g\u00fcn oldu\u011funu ifade<\/p>\n","protected":false},"author":1,"featured_media":111478,"comment_status":"open","ping_status":"open","sticky":false,"template":"","format":"standard","meta":{"footnotes":""},"categories":[81],"tags":[],"class_list":["post-111477","post","type-post","status-publish","format-standard","has-post-thumbnail","hentry","category-kibris"],"yoast_head":"<!-- This site is optimized with the Yoast SEO plugin v27.5 - https:\/\/yoast.com\/product\/yoast-seo-wordpress\/ -->\n<title>BARAKA 1 MAYIS\u2019TA \u00c7A\u011eLAYAN PARKI\u2019NDA BULU\u015eUYOR -<\/title>\n<meta name=\"robots\" content=\"index, follow, max-snippet:-1, max-image-preview:large, max-video-preview:-1\" \/>\n<link rel=\"canonical\" href=\"https:\/\/kibrisdakik.com\/?p=111477\" \/>\n<meta property=\"og:locale\" content=\"tr_TR\" \/>\n<meta property=\"og:type\" content=\"article\" \/>\n<meta property=\"og:title\" content=\"BARAKA 1 MAYIS\u2019TA \u00c7A\u011eLAYAN PARKI\u2019NDA BULU\u015eUYOR -\" \/>\n<meta property=\"og:description\" content=\"Baraka K\u00fclt\u00fcr Merkezi, 1 May\u0131s Cuma g\u00fcn\u00fc saat 17.30\u2019da \u00c7a\u011flayan Park\u0131\u2019nda bulu\u015fma \u00e7a\u011fr\u0131s\u0131 yaparak, \u201cGelin, ger\u00e7ek kazan\u0131m\u0131n m\u00fccadeleden ge\u00e7ti\u011fini bir kez daha sokakta hayk\u0131ral\u0131m.\u201d dedi. Baraka K\u00fclt\u00fcr Merkezi ad\u0131na Mustafa Batak yapt\u0131\u011f\u0131 yaz\u0131l\u0131 a\u00e7\u0131klamada, 1 May\u0131s\u2019\u0131n, i\u015f\u00e7ilerin, emek\u00e7ilerin ve ezilen t\u00fcm kesimlerin \u00f6rg\u00fctl\u00fc emek, hak ve \u00f6zg\u00fcrl\u00fcklerini ifade etti\u011fi, sokakta isyan\u0131n\u0131 hayk\u0131rd\u0131\u011f\u0131 g\u00fcn oldu\u011funu ifade\" \/>\n<meta property=\"og:url\" content=\"https:\/\/kibrisdakik.com\/?p=111477\" \/>\n<meta property=\"article:published_time\" content=\"2026-04-29T12:31:28+00:00\" \/>\n<meta property=\"og:image\" content=\"https:\/\/mhahabercom.teimg.com\/crop\/1280x720\/mhahaber-com\/uploads\/2026\/04\/mha-sari-beyaz-5038.png\" \/>\n<meta name=\"author\" content=\"admin\" \/>\n<meta name=\"twitter:card\" content=\"summary_large_image\" \/>\n<meta name=\"twitter:label1\" content=\"Yazan:\" \/>\n\t<meta name=\"twitter:data1\" content=\"admin\" \/>\n\t<meta name=\"twitter:label2\" content=\"Tahmini okuma s\u00fcresi\" \/>\n\t<meta name=\"twitter:data2\" content=\"2 dakika\" \/>\n<script type=\"application\/ld+json\" class=\"yoast-schema-graph\">{\"@context\":\"https:\\\/\\\/schema.org\",\"@graph\":[{\"@type\":\"Article\",\"@id\":\"https:\\\/\\\/kibrisdakik.com\\\/?p=111477#article\",\"isPartOf\":{\"@id\":\"https:\\\/\\\/kibrisdakik.com\\\/?p=111477\"},\"author\":{\"name\":\"admin\",\"@id\":\"https:\\\/\\\/kibrisdakik.com\\\/#\\\/schema\\\/person\\\/9cd9d437bbb44f72b73ba127e06d8e79\"},\"headline\":\"BARAKA 1 MAYIS\u2019TA \u00c7A\u011eLAYAN PARKI\u2019NDA BULU\u015eUYOR\",\"datePublished\":\"2026-04-29T12:31:28+00:00\",\"mainEntityOfPage\":{\"@id\":\"https:\\\/\\\/kibrisdakik.com\\\/?p=111477\"},\"wordCount\":321,\"commentCount\":0,\"image\":{\"@id\":\"https:\\\/\\\/kibrisdakik.com\\\/?p=111477#primaryimage\"},\"thumbnailUrl\":\"https:\\\/\\\/kibrisdakik.com\\\/wp-content\\\/uploads\\\/2026\\\/04\\\/mha-sari-beyaz-5038.png\",\"articleSection\":[\"K\u0131br\u0131s\"],\"inLanguage\":\"tr\",\"potentialAction\":[{\"@type\":\"CommentAction\",\"name\":\"Comment\",\"target\":[\"https:\\\/\\\/kibrisdakik.com\\\/?p=111477#respond\"]}]},{\"@type\":\"WebPage\",\"@id\":\"https:\\\/\\\/kibrisdakik.com\\\/?p=111477\",\"url\":\"https:\\\/\\\/kibrisdakik.com\\\/?p=111477\",\"name\":\"BARAKA 1 MAYIS\u2019TA \u00c7A\u011eLAYAN PARKI\u2019NDA BULU\u015eUYOR -\",\"isPartOf\":{\"@id\":\"https:\\\/\\\/kibrisdakik.com\\\/#website\"},\"primaryImageOfPage\":{\"@id\":\"https:\\\/\\\/kibrisdakik.com\\\/?p=111477#primaryimage\"},\"image\":{\"@id\":\"https:\\\/\\\/kibrisdakik.com\\\/?p=111477#primaryimage\"},\"thumbnailUrl\":\"https:\\\/\\\/kibrisdakik.com\\\/wp-content\\\/uploads\\\/2026\\\/04\\\/mha-sari-beyaz-5038.png\",\"datePublished\":\"2026-04-29T12:31:28+00:00\",\"author\":{\"@id\":\"https:\\\/\\\/kibrisdakik.com\\\/#\\\/schema\\\/person\\\/9cd9d437bbb44f72b73ba127e06d8e79\"},\"breadcrumb\":{\"@id\":\"https:\\\/\\\/kibrisdakik.com\\\/?p=111477#breadcrumb\"},\"inLanguage\":\"tr\",\"potentialAction\":[{\"@type\":\"ReadAction\",\"target\":[\"https:\\\/\\\/kibrisdakik.com\\\/?p=111477\"]}]},{\"@type\":\"ImageObject\",\"inLanguage\":\"tr\",\"@id\":\"https:\\\/\\\/kibrisdakik.com\\\/?p=111477#primaryimage\",\"url\":\"https:\\\/\\\/kibrisdakik.com\\\/wp-content\\\/uploads\\\/2026\\\/04\\\/mha-sari-beyaz-5038.png\",\"contentUrl\":\"https:\\\/\\\/kibrisdakik.com\\\/wp-content\\\/uploads\\\/2026\\\/04\\\/mha-sari-beyaz-5038.png\",\"width\":1280,\"height\":720},{\"@type\":\"BreadcrumbList\",\"@id\":\"https:\\\/\\\/kibrisdakik.com\\\/?p=111477#breadcrumb\",\"itemListElement\":[{\"@type\":\"ListItem\",\"position\":1,\"name\":\"Home\",\"item\":\"https:\\\/\\\/kibrisdakik.com\\\/\"},{\"@type\":\"ListItem\",\"position\":2,\"name\":\"BARAKA 1 MAYIS\u2019TA \u00c7A\u011eLAYAN PARKI\u2019NDA BULU\u015eUYOR\"}]},{\"@type\":\"WebSite\",\"@id\":\"https:\\\/\\\/kibrisdakik.com\\\/#website\",\"url\":\"https:\\\/\\\/kibrisdakik.com\\\/\",\"name\":\"\",\"description\":\"Tam vaktinde haber\",\"potentialAction\":[{\"@type\":\"SearchAction\",\"target\":{\"@type\":\"EntryPoint\",\"urlTemplate\":\"https:\\\/\\\/kibrisdakik.com\\\/?s={search_term_string}\"},\"query-input\":{\"@type\":\"PropertyValueSpecification\",\"valueRequired\":true,\"valueName\":\"search_term_string\"}}],\"inLanguage\":\"tr\"},{\"@type\":\"Person\",\"@id\":\"https:\\\/\\\/kibrisdakik.com\\\/#\\\/schema\\\/person\\\/9cd9d437bbb44f72b73ba127e06d8e79\",\"name\":\"admin\",\"image\":{\"@type\":\"ImageObject\",\"inLanguage\":\"tr\",\"@id\":\"https:\\\/\\\/secure.gravatar.com\\\/avatar\\\/ccc17943b9d660506c869530f897617f7cb1c21a4bf30023f252596d83e1f007?s=96&d=mm&r=g\",\"url\":\"https:\\\/\\\/secure.gravatar.com\\\/avatar\\\/ccc17943b9d660506c869530f897617f7cb1c21a4bf30023f252596d83e1f007?s=96&d=mm&r=g\",\"contentUrl\":\"https:\\\/\\\/secure.gravatar.com\\\/avatar\\\/ccc17943b9d660506c869530f897617f7cb1c21a4bf30023f252596d83e1f007?s=96&d=mm&r=g\",\"caption\":\"admin\"},\"sameAs\":[\"https:\\\/\\\/kibrisdakik.com\"],\"url\":\"https:\\\/\\\/kibrisdakik.com\\\/?author=1\"}]}<\/script>\n<!-- \/ Yoast SEO plugin. -->","yoast_head_json":{"title":"BARAKA 1 MAYIS\u2019TA \u00c7A\u011eLAYAN PARKI\u2019NDA BULU\u015eUYOR -","robots":{"index":"index","follow":"follow","max-snippet":"max-snippet:-1","max-image-preview":"max-image-preview:large","max-video-preview":"max-video-preview:-1"},"canonical":"https:\/\/kibrisdakik.com\/?p=111477","og_locale":"tr_TR","og_type":"article","og_title":"BARAKA 1 MAYIS\u2019TA \u00c7A\u011eLAYAN PARKI\u2019NDA BULU\u015eUYOR -","og_description":"Baraka K\u00fclt\u00fcr Merkezi, 1 May\u0131s Cuma g\u00fcn\u00fc saat 17.30\u2019da \u00c7a\u011flayan Park\u0131\u2019nda bulu\u015fma \u00e7a\u011fr\u0131s\u0131 yaparak, \u201cGelin, ger\u00e7ek kazan\u0131m\u0131n m\u00fccadeleden ge\u00e7ti\u011fini bir kez daha sokakta hayk\u0131ral\u0131m.\u201d dedi. Baraka K\u00fclt\u00fcr Merkezi ad\u0131na Mustafa Batak yapt\u0131\u011f\u0131 yaz\u0131l\u0131 a\u00e7\u0131klamada, 1 May\u0131s\u2019\u0131n, i\u015f\u00e7ilerin, emek\u00e7ilerin ve ezilen t\u00fcm kesimlerin \u00f6rg\u00fctl\u00fc emek, hak ve \u00f6zg\u00fcrl\u00fcklerini ifade etti\u011fi, sokakta isyan\u0131n\u0131 hayk\u0131rd\u0131\u011f\u0131 g\u00fcn oldu\u011funu ifade","og_url":"https:\/\/kibrisdakik.com\/?p=111477","article_published_time":"2026-04-29T12:31:28+00:00","og_image":[{"url":"https:\/\/mhahabercom.teimg.com\/crop\/1280x720\/mhahaber-com\/uploads\/2026\/04\/mha-sari-beyaz-5038.png","type":"","width":"","height":""}],"author":"admin","twitter_card":"summary_large_image","twitter_misc":{"Yazan:":"admin","Tahmini okuma s\u00fcresi":"2 dakika"},"schema":{"@context":"https:\/\/schema.org","@graph":[{"@type":"Article","@id":"https:\/\/kibrisdakik.com\/?p=111477#article","isPartOf":{"@id":"https:\/\/kibrisdakik.com\/?p=111477"},"author":{"name":"admin","@id":"https:\/\/kibrisdakik.com\/#\/schema\/person\/9cd9d437bbb44f72b73ba127e06d8e79"},"headline":"BARAKA 1 MAYIS\u2019TA \u00c7A\u011eLAYAN PARKI\u2019NDA BULU\u015eUYOR","datePublished":"2026-04-29T12:31:28+00:00","mainEntityOfPage":{"@id":"https:\/\/kibrisdakik.com\/?p=111477"},"wordCount":321,"commentCount":0,"image":{"@id":"https:\/\/kibrisdakik.com\/?p=111477#primaryimage"},"thumbnailUrl":"https:\/\/kibrisdakik.com\/wp-content\/uploads\/2026\/04\/mha-sari-beyaz-5038.png","articleSection":["K\u0131br\u0131s"],"inLanguage":"tr","potentialAction":[{"@type":"CommentAction","name":"Comment","target":["https:\/\/kibrisdakik.com\/?p=111477#respond"]}]},{"@type":"WebPage","@id":"https:\/\/kibrisdakik.com\/?p=111477","url":"https:\/\/kibrisdakik.com\/?p=111477","name":"BARAKA 1 MAYIS\u2019TA \u00c7A\u011eLAYAN PARKI\u2019NDA BULU\u015eUYOR -","isPartOf":{"@id":"https:\/\/kibrisdakik.com\/#website"},"primaryImageOfPage":{"@id":"https:\/\/kibrisdakik.com\/?p=111477#primaryimage"},"image":{"@id":"https:\/\/kibrisdakik.com\/?p=111477#primaryimage"},"thumbnailUrl":"https:\/\/kibrisdakik.com\/wp-content\/uploads\/2026\/04\/mha-sari-beyaz-5038.png","datePublished":"2026-04-29T12:31:28+00:00","author":{"@id":"https:\/\/kibrisdakik.com\/#\/schema\/person\/9cd9d437bbb44f72b73ba127e06d8e79"},"breadcrumb":{"@id":"https:\/\/kibrisdakik.com\/?p=111477#breadcrumb"},"inLanguage":"tr","potentialAction":[{"@type":"ReadAction","target":["https:\/\/kibrisdakik.com\/?p=111477"]}]},{"@type":"ImageObject","inLanguage":"tr","@id":"https:\/\/kibrisdakik.com\/?p=111477#primaryimage","url":"https:\/\/kibrisdakik.com\/wp-content\/uploads\/2026\/04\/mha-sari-beyaz-5038.png","contentUrl":"https:\/\/kibrisdakik.com\/wp-content\/uploads\/2026\/04\/mha-sari-beyaz-5038.png","width":1280,"height":720},{"@type":"BreadcrumbList","@id":"https:\/\/kibrisdakik.com\/?p=111477#breadcrumb","itemListElement":[{"@type":"ListItem","position":1,"name":"Home","item":"https:\/\/kibrisdakik.com\/"},{"@type":"ListItem","position":2,"name":"BARAKA 1 MAYIS\u2019TA \u00c7A\u011eLAYAN PARKI\u2019NDA BULU\u015eUYOR"}]},{"@type":"WebSite","@id":"https:\/\/kibrisdakik.com\/#website","url":"https:\/\/kibrisdakik.com\/","name":"","description":"Tam vaktinde haber","potentialAction":[{"@type":"SearchAction","target":{"@type":"EntryPoint","urlTemplate":"https:\/\/kibrisdakik.com\/?s={search_term_string}"},"query-input":{"@type":"PropertyValueSpecification","valueRequired":true,"valueName":"search_term_string"}}],"inLanguage":"tr"},{"@type":"Person","@id":"https:\/\/kibrisdakik.com\/#\/schema\/person\/9cd9d437bbb44f72b73ba127e06d8e79","name":"admin","image":{"@type":"ImageObject","inLanguage":"tr","@id":"https:\/\/secure.gravatar.com\/avatar\/ccc17943b9d660506c869530f897617f7cb1c21a4bf30023f252596d83e1f007?s=96&d=mm&r=g","url":"https:\/\/secure.gravatar.com\/avatar\/ccc17943b9d660506c869530f897617f7cb1c21a4bf30023f252596d83e1f007?s=96&d=mm&r=g","contentUrl":"https:\/\/secure.gravatar.com\/avatar\/ccc17943b9d660506c869530f897617f7cb1c21a4bf30023f252596d83e1f007?s=96&d=mm&r=g","caption":"admin"},"sameAs":["https:\/\/kibrisdakik.com"],"url":"https:\/\/kibrisdakik.com\/?author=1"}]}},"_links":{"self":[{"href":"https:\/\/kibrisdakik.com\/index.php?rest_route=\/wp\/v2\/posts\/111477","targetHints":{"allow":["GET"]}}],"collection":[{"href":"https:\/\/kibrisdakik.com\/index.php?rest_route=\/wp\/v2\/posts"}],"about":[{"href":"https:\/\/kibrisdakik.com\/index.php?rest_route=\/wp\/v2\/types\/post"}],"author":[{"embeddable":true,"href":"https:\/\/kibrisdakik.com\/index.php?rest_route=\/wp\/v2\/users\/1"}],"replies":[{"embeddable":true,"href":"https:\/\/kibrisdakik.com\/index.php?rest_route=%2Fwp%2Fv2%2Fcomments&post=111477"}],"version-history":[{"count":0,"href":"https:\/\/kibrisdakik.com\/index.php?rest_route=\/wp\/v2\/posts\/111477\/revisions"}],"wp:featuredmedia":[{"embeddable":true,"href":"https:\/\/kibrisdakik.com\/index.php?rest_route=\/wp\/v2\/media\/111478"}],"wp:attachment":[{"href":"https:\/\/kibrisdakik.com\/index.php?rest_route=%2Fwp%2Fv2%2Fmedia&parent=111477"}],"wp:term":[{"taxonomy":"category","embeddable":true,"href":"https:\/\/kibrisdakik.com\/index.php?rest_route=%2Fwp%2Fv2%2Fcategories&post=111477"},{"taxonomy":"post_tag","embeddable":true,"href":"https:\/\/kibrisdakik.com\/index.php?rest_route=%2Fwp%2Fv2%2Ftags&post=111477"}],"curies":[{"name":"wp","href":"https:\/\/api.w.org\/{rel}","templated":true}]}}