{"id":111481,"date":"2026-04-29T15:47:17","date_gmt":"2026-04-29T12:47:17","guid":{"rendered":"https:\/\/kibrisdakik.com\/?p=111481"},"modified":"2026-04-29T15:47:17","modified_gmt":"2026-04-29T12:47:17","slug":"23-nisan-coskusu-mecliste-ziya-ozturkler-ogrencileri-agirladi","status":"publish","type":"post","link":"https:\/\/kibrisdakik.com\/?p=111481","title":{"rendered":"23 N\u0130SAN CO\u015eKUSU MECL\u0130S\u2019TE: Z\u0130YA \u00d6ZT\u00dcRKLER \u00d6\u011eRENC\u0130LER\u0130 A\u011eIRLADI"},"content":{"rendered":"<p><\/p>\n<div data-text-id=\"200962\" property=\"articleBody\">\n<p>Cumhuriyet Meclisi Ba\u015fkan\u0131 Ziya \u00d6zt\u00fcrkler, 23 Nisan \u0130lkokulu \u00f6\u011frencilerini, okul y\u00f6netimini ve \u00f6\u011fretmenlerini kabul etti.<\/p>\n<p>Meclis\u2019ten verilen bilgiye g\u00f6re, program kapsam\u0131nda \u00f6\u011frenciler ilk olarak Meclis Genel Kurulu\u2019nu gezdi. Cumhuriyet Meclisi Kararlar ve Tutanaklar M\u00fcd\u00fcr\u00fc Pembe Unan Ers\u00f6z, \u00f6\u011frencilere Meclis\u2019in i\u015fleyi\u015fi hakk\u0131nda bilgi verdi. \u00d6\u011frenciler ard\u0131ndan Konferans Salonu\u2019na ge\u00e7ti ve okul bando tak\u0131m\u0131 mini bir konser verdi.<\/p>\n<p>Konserin ard\u0131ndan konu\u015fma yapan Meclis Ba\u015fkan\u0131 Ziya \u00d6zt\u00fcrkler, \u00f6\u011frencileri ve \u00f6\u011fretmenleri Meclis\u2019te a\u011f\u0131rlamaktan duydu\u011fu memnuniyeti dile getirerek, 23 Nisan etkinliklerinde g\u00f6sterdikleri performansla gurur duydu\u011funu ifade etti.<\/p>\n<p>&#13;<br \/>\n23 Nisan\u2019\u0131n anlam\u0131na dikkat \u00e7eken \u00d6zt\u00fcrkler, Mustafa Kemal Atat\u00fcrk\u2019\u00fcn 1920\u2019de T\u00fcrkiye B\u00fcy\u00fck Millet Meclisi\u2019ni a\u00e7mas\u0131n\u0131n ba\u011f\u0131ms\u0131zl\u0131k ve \u00f6zg\u00fcrl\u00fck yolunda at\u0131lan en \u00f6nemli ad\u0131mlardan biri oldu\u011funu vurgulad\u0131.<\/p>\n<p>\u00d6zt\u00fcrkler, Cumhuriyet Meclisi\u2019nin, K\u0131br\u0131s T\u00fcrk halk\u0131n\u0131n oylar\u0131yla se\u00e7ilen milletvekillerinin g\u00f6rev yapt\u0131\u011f\u0131, halk\u0131n iradesinin ve temsiliyetinin hayat buldu\u011fu yer oldu\u011funu kaydetti.<\/p>\n<p>\u00d6zt\u00fcrkler, \u00f6\u011frencilerin Meclis\u2019i ziyaretinin halk\u0131n iradesine sahip \u00e7\u0131kmak anlam\u0131 ta\u015f\u0131d\u0131\u011f\u0131n\u0131 belirtti.<\/p>\n<p>Meclis\u2019in ge\u00e7mi\u015fte oldu\u011fu gibi bug\u00fcn de \u00fclkenin gelece\u011fi i\u00e7in yasalar\u0131n yap\u0131ld\u0131\u011f\u0131 yer oldu\u011funa dikkat \u00e7eken \u00d6zt\u00fcrkler, \u201cBug\u00fcn bizler buraday\u0131z ama yar\u0131n bu \u00fclkeyi y\u00f6netecek olan sizlersiniz\u201d ifadelerini kulland\u0131.<\/p>\n<p>\u00c7ocuklara \u201cBu \u00fclkeyi y\u00f6netmeye haz\u0131r m\u0131s\u0131n\u0131z? Bayraklar\u0131m\u0131za sahip \u00e7\u0131kmaya haz\u0131r m\u0131s\u0131n\u0131z?\u201d sorular\u0131n\u0131 y\u00f6nelten \u00d6zt\u00fcrkler\u2019e, \u00f6\u011frenciler hep birlikte \u201cEvet\u201d yan\u0131t\u0131 verdi.<\/p>\n<p>Ellerinde tuttuklar\u0131 Kuzey K\u0131br\u0131s T\u00fcrk Cumhuriyeti ve T\u00fcrkiye Cumhuriyeti bayraklar\u0131na sahip \u00e7\u0131karak gelece\u011fi ya\u015fayacaklar\u0131n\u0131 ifade eden \u00d6zt\u00fcrkler, \u201cZaman ge\u00e7er ama bir \u00fclkenin en b\u00fcy\u00fck yat\u0131r\u0131m\u0131 \u00e7ocuklar\u0131na ve gen\u00e7lerine yapt\u0131\u011f\u0131 yat\u0131r\u0131md\u0131r\u201d dedi.<\/p>\n<p>\u00d6zt\u00fcrkler, \u00f6\u011frencilerin \u00f6\u011fretmenlerinden alacaklar\u0131 nitelikli e\u011fitim ve insani de\u011ferlerle K\u0131br\u0131s T\u00fcrk halk\u0131na, k\u00fclt\u00fcr\u00fcne, milli de\u011ferlerine ve maneviyat\u0131na sahip \u00e7\u0131kacaklar\u0131n\u0131 belirtti.<\/p>\n<p>Program sonunda \u00f6\u011fretmenlere ve okul m\u00fcd\u00fcr\u00fcne te\u015fekk\u00fcr eden \u00d6zt\u00fcrkler, \u201c\u00c7ocuklarla bulu\u015ftu\u011fumuz g\u00fcnler Meclis\u2019te ge\u00e7irdi\u011fimiz en g\u00fczel g\u00fcnler oluyor\u201d ifadelerini kulland\u0131.<\/p>\n<p>Konu\u015fmalar\u0131n ard\u0131ndan toplu foto\u011fraf \u00e7ekimi yap\u0131ld\u0131.<\/p>\n<\/p><\/div>\n","protected":false},"excerpt":{"rendered":"<p>Cumhuriyet Meclisi Ba\u015fkan\u0131 Ziya \u00d6zt\u00fcrkler, 23 Nisan \u0130lkokulu \u00f6\u011frencilerini, okul y\u00f6netimini ve \u00f6\u011fretmenlerini kabul etti. Meclis\u2019ten verilen bilgiye g\u00f6re, program kapsam\u0131nda \u00f6\u011frenciler ilk olarak Meclis Genel Kurulu\u2019nu gezdi. Cumhuriyet Meclisi Kararlar ve Tutanaklar M\u00fcd\u00fcr\u00fc Pembe Unan Ers\u00f6z, \u00f6\u011frencilere Meclis\u2019in i\u015fleyi\u015fi hakk\u0131nda bilgi verdi. \u00d6\u011frenciler ard\u0131ndan Konferans Salonu\u2019na ge\u00e7ti ve okul bando tak\u0131m\u0131 mini bir konser<\/p>\n","protected":false},"author":1,"featured_media":111482,"comment_status":"open","ping_status":"open","sticky":false,"template":"","format":"standard","meta":{"footnotes":""},"categories":[81],"tags":[],"class_list":["post-111481","post","type-post","status-publish","format-standard","has-post-thumbnail","hentry","category-kibris"],"yoast_head":"<!-- This site is optimized with the Yoast SEO plugin v27.5 - https:\/\/yoast.com\/product\/yoast-seo-wordpress\/ -->\n<title>23 N\u0130SAN CO\u015eKUSU MECL\u0130S\u2019TE: Z\u0130YA \u00d6ZT\u00dcRKLER \u00d6\u011eRENC\u0130LER\u0130 A\u011eIRLADI -<\/title>\n<meta name=\"robots\" content=\"index, follow, max-snippet:-1, max-image-preview:large, max-video-preview:-1\" \/>\n<link rel=\"canonical\" href=\"https:\/\/kibrisdakik.com\/?p=111481\" \/>\n<meta property=\"og:locale\" content=\"tr_TR\" \/>\n<meta property=\"og:type\" content=\"article\" \/>\n<meta property=\"og:title\" content=\"23 N\u0130SAN CO\u015eKUSU MECL\u0130S\u2019TE: Z\u0130YA \u00d6ZT\u00dcRKLER \u00d6\u011eRENC\u0130LER\u0130 A\u011eIRLADI -\" \/>\n<meta property=\"og:description\" content=\"Cumhuriyet Meclisi Ba\u015fkan\u0131 Ziya \u00d6zt\u00fcrkler, 23 Nisan \u0130lkokulu \u00f6\u011frencilerini, okul y\u00f6netimini ve \u00f6\u011fretmenlerini kabul etti. Meclis\u2019ten verilen bilgiye g\u00f6re, program kapsam\u0131nda \u00f6\u011frenciler ilk olarak Meclis Genel Kurulu\u2019nu gezdi. Cumhuriyet Meclisi Kararlar ve Tutanaklar M\u00fcd\u00fcr\u00fc Pembe Unan Ers\u00f6z, \u00f6\u011frencilere Meclis\u2019in i\u015fleyi\u015fi hakk\u0131nda bilgi verdi. \u00d6\u011frenciler ard\u0131ndan Konferans Salonu\u2019na ge\u00e7ti ve okul bando tak\u0131m\u0131 mini bir konser\" \/>\n<meta property=\"og:url\" content=\"https:\/\/kibrisdakik.com\/?p=111481\" \/>\n<meta property=\"article:published_time\" content=\"2026-04-29T12:47:17+00:00\" \/>\n<meta property=\"og:image\" content=\"https:\/\/mhahabercom.teimg.com\/crop\/1280x720\/mhahaber-com\/uploads\/2026\/04\/mha-sari-beyaz-5040.png\" \/>\n<meta name=\"author\" content=\"admin\" \/>\n<meta name=\"twitter:card\" content=\"summary_large_image\" \/>\n<meta name=\"twitter:label1\" content=\"Yazan:\" \/>\n\t<meta name=\"twitter:data1\" content=\"admin\" \/>\n\t<meta name=\"twitter:label2\" content=\"Tahmini okuma s\u00fcresi\" \/>\n\t<meta name=\"twitter:data2\" content=\"2 dakika\" \/>\n<script type=\"application\/ld+json\" class=\"yoast-schema-graph\">{\"@context\":\"https:\\\/\\\/schema.org\",\"@graph\":[{\"@type\":\"Article\",\"@id\":\"https:\\\/\\\/kibrisdakik.com\\\/?p=111481#article\",\"isPartOf\":{\"@id\":\"https:\\\/\\\/kibrisdakik.com\\\/?p=111481\"},\"author\":{\"name\":\"admin\",\"@id\":\"https:\\\/\\\/kibrisdakik.com\\\/#\\\/schema\\\/person\\\/9cd9d437bbb44f72b73ba127e06d8e79\"},\"headline\":\"23 N\u0130SAN CO\u015eKUSU MECL\u0130S\u2019TE: Z\u0130YA \u00d6ZT\u00dcRKLER \u00d6\u011eRENC\u0130LER\u0130 A\u011eIRLADI\",\"datePublished\":\"2026-04-29T12:47:17+00:00\",\"mainEntityOfPage\":{\"@id\":\"https:\\\/\\\/kibrisdakik.com\\\/?p=111481\"},\"wordCount\":423,\"commentCount\":0,\"image\":{\"@id\":\"https:\\\/\\\/kibrisdakik.com\\\/?p=111481#primaryimage\"},\"thumbnailUrl\":\"https:\\\/\\\/kibrisdakik.com\\\/wp-content\\\/uploads\\\/2026\\\/04\\\/mha-sari-beyaz-5040.png\",\"articleSection\":[\"K\u0131br\u0131s\"],\"inLanguage\":\"tr\",\"potentialAction\":[{\"@type\":\"CommentAction\",\"name\":\"Comment\",\"target\":[\"https:\\\/\\\/kibrisdakik.com\\\/?p=111481#respond\"]}]},{\"@type\":\"WebPage\",\"@id\":\"https:\\\/\\\/kibrisdakik.com\\\/?p=111481\",\"url\":\"https:\\\/\\\/kibrisdakik.com\\\/?p=111481\",\"name\":\"23 N\u0130SAN CO\u015eKUSU MECL\u0130S\u2019TE: Z\u0130YA \u00d6ZT\u00dcRKLER \u00d6\u011eRENC\u0130LER\u0130 A\u011eIRLADI -\",\"isPartOf\":{\"@id\":\"https:\\\/\\\/kibrisdakik.com\\\/#website\"},\"primaryImageOfPage\":{\"@id\":\"https:\\\/\\\/kibrisdakik.com\\\/?p=111481#primaryimage\"},\"image\":{\"@id\":\"https:\\\/\\\/kibrisdakik.com\\\/?p=111481#primaryimage\"},\"thumbnailUrl\":\"https:\\\/\\\/kibrisdakik.com\\\/wp-content\\\/uploads\\\/2026\\\/04\\\/mha-sari-beyaz-5040.png\",\"datePublished\":\"2026-04-29T12:47:17+00:00\",\"author\":{\"@id\":\"https:\\\/\\\/kibrisdakik.com\\\/#\\\/schema\\\/person\\\/9cd9d437bbb44f72b73ba127e06d8e79\"},\"breadcrumb\":{\"@id\":\"https:\\\/\\\/kibrisdakik.com\\\/?p=111481#breadcrumb\"},\"inLanguage\":\"tr\",\"potentialAction\":[{\"@type\":\"ReadAction\",\"target\":[\"https:\\\/\\\/kibrisdakik.com\\\/?p=111481\"]}]},{\"@type\":\"ImageObject\",\"inLanguage\":\"tr\",\"@id\":\"https:\\\/\\\/kibrisdakik.com\\\/?p=111481#primaryimage\",\"url\":\"https:\\\/\\\/kibrisdakik.com\\\/wp-content\\\/uploads\\\/2026\\\/04\\\/mha-sari-beyaz-5040.png\",\"contentUrl\":\"https:\\\/\\\/kibrisdakik.com\\\/wp-content\\\/uploads\\\/2026\\\/04\\\/mha-sari-beyaz-5040.png\",\"width\":1280,\"height\":720},{\"@type\":\"BreadcrumbList\",\"@id\":\"https:\\\/\\\/kibrisdakik.com\\\/?p=111481#breadcrumb\",\"itemListElement\":[{\"@type\":\"ListItem\",\"position\":1,\"name\":\"Home\",\"item\":\"https:\\\/\\\/kibrisdakik.com\\\/\"},{\"@type\":\"ListItem\",\"position\":2,\"name\":\"23 N\u0130SAN CO\u015eKUSU MECL\u0130S\u2019TE: Z\u0130YA \u00d6ZT\u00dcRKLER \u00d6\u011eRENC\u0130LER\u0130 A\u011eIRLADI\"}]},{\"@type\":\"WebSite\",\"@id\":\"https:\\\/\\\/kibrisdakik.com\\\/#website\",\"url\":\"https:\\\/\\\/kibrisdakik.com\\\/\",\"name\":\"\",\"description\":\"Tam vaktinde haber\",\"potentialAction\":[{\"@type\":\"SearchAction\",\"target\":{\"@type\":\"EntryPoint\",\"urlTemplate\":\"https:\\\/\\\/kibrisdakik.com\\\/?s={search_term_string}\"},\"query-input\":{\"@type\":\"PropertyValueSpecification\",\"valueRequired\":true,\"valueName\":\"search_term_string\"}}],\"inLanguage\":\"tr\"},{\"@type\":\"Person\",\"@id\":\"https:\\\/\\\/kibrisdakik.com\\\/#\\\/schema\\\/person\\\/9cd9d437bbb44f72b73ba127e06d8e79\",\"name\":\"admin\",\"image\":{\"@type\":\"ImageObject\",\"inLanguage\":\"tr\",\"@id\":\"https:\\\/\\\/secure.gravatar.com\\\/avatar\\\/ccc17943b9d660506c869530f897617f7cb1c21a4bf30023f252596d83e1f007?s=96&d=mm&r=g\",\"url\":\"https:\\\/\\\/secure.gravatar.com\\\/avatar\\\/ccc17943b9d660506c869530f897617f7cb1c21a4bf30023f252596d83e1f007?s=96&d=mm&r=g\",\"contentUrl\":\"https:\\\/\\\/secure.gravatar.com\\\/avatar\\\/ccc17943b9d660506c869530f897617f7cb1c21a4bf30023f252596d83e1f007?s=96&d=mm&r=g\",\"caption\":\"admin\"},\"sameAs\":[\"https:\\\/\\\/kibrisdakik.com\"],\"url\":\"https:\\\/\\\/kibrisdakik.com\\\/?author=1\"}]}<\/script>\n<!-- \/ Yoast SEO plugin. -->","yoast_head_json":{"title":"23 N\u0130SAN CO\u015eKUSU MECL\u0130S\u2019TE: Z\u0130YA \u00d6ZT\u00dcRKLER \u00d6\u011eRENC\u0130LER\u0130 A\u011eIRLADI -","robots":{"index":"index","follow":"follow","max-snippet":"max-snippet:-1","max-image-preview":"max-image-preview:large","max-video-preview":"max-video-preview:-1"},"canonical":"https:\/\/kibrisdakik.com\/?p=111481","og_locale":"tr_TR","og_type":"article","og_title":"23 N\u0130SAN CO\u015eKUSU MECL\u0130S\u2019TE: Z\u0130YA \u00d6ZT\u00dcRKLER \u00d6\u011eRENC\u0130LER\u0130 A\u011eIRLADI -","og_description":"Cumhuriyet Meclisi Ba\u015fkan\u0131 Ziya \u00d6zt\u00fcrkler, 23 Nisan \u0130lkokulu \u00f6\u011frencilerini, okul y\u00f6netimini ve \u00f6\u011fretmenlerini kabul etti. Meclis\u2019ten verilen bilgiye g\u00f6re, program kapsam\u0131nda \u00f6\u011frenciler ilk olarak Meclis Genel Kurulu\u2019nu gezdi. Cumhuriyet Meclisi Kararlar ve Tutanaklar M\u00fcd\u00fcr\u00fc Pembe Unan Ers\u00f6z, \u00f6\u011frencilere Meclis\u2019in i\u015fleyi\u015fi hakk\u0131nda bilgi verdi. \u00d6\u011frenciler ard\u0131ndan Konferans Salonu\u2019na ge\u00e7ti ve okul bando tak\u0131m\u0131 mini bir konser","og_url":"https:\/\/kibrisdakik.com\/?p=111481","article_published_time":"2026-04-29T12:47:17+00:00","og_image":[{"url":"https:\/\/mhahabercom.teimg.com\/crop\/1280x720\/mhahaber-com\/uploads\/2026\/04\/mha-sari-beyaz-5040.png","type":"","width":"","height":""}],"author":"admin","twitter_card":"summary_large_image","twitter_misc":{"Yazan:":"admin","Tahmini okuma s\u00fcresi":"2 dakika"},"schema":{"@context":"https:\/\/schema.org","@graph":[{"@type":"Article","@id":"https:\/\/kibrisdakik.com\/?p=111481#article","isPartOf":{"@id":"https:\/\/kibrisdakik.com\/?p=111481"},"author":{"name":"admin","@id":"https:\/\/kibrisdakik.com\/#\/schema\/person\/9cd9d437bbb44f72b73ba127e06d8e79"},"headline":"23 N\u0130SAN CO\u015eKUSU MECL\u0130S\u2019TE: Z\u0130YA \u00d6ZT\u00dcRKLER \u00d6\u011eRENC\u0130LER\u0130 A\u011eIRLADI","datePublished":"2026-04-29T12:47:17+00:00","mainEntityOfPage":{"@id":"https:\/\/kibrisdakik.com\/?p=111481"},"wordCount":423,"commentCount":0,"image":{"@id":"https:\/\/kibrisdakik.com\/?p=111481#primaryimage"},"thumbnailUrl":"https:\/\/kibrisdakik.com\/wp-content\/uploads\/2026\/04\/mha-sari-beyaz-5040.png","articleSection":["K\u0131br\u0131s"],"inLanguage":"tr","potentialAction":[{"@type":"CommentAction","name":"Comment","target":["https:\/\/kibrisdakik.com\/?p=111481#respond"]}]},{"@type":"WebPage","@id":"https:\/\/kibrisdakik.com\/?p=111481","url":"https:\/\/kibrisdakik.com\/?p=111481","name":"23 N\u0130SAN CO\u015eKUSU MECL\u0130S\u2019TE: Z\u0130YA \u00d6ZT\u00dcRKLER \u00d6\u011eRENC\u0130LER\u0130 A\u011eIRLADI -","isPartOf":{"@id":"https:\/\/kibrisdakik.com\/#website"},"primaryImageOfPage":{"@id":"https:\/\/kibrisdakik.com\/?p=111481#primaryimage"},"image":{"@id":"https:\/\/kibrisdakik.com\/?p=111481#primaryimage"},"thumbnailUrl":"https:\/\/kibrisdakik.com\/wp-content\/uploads\/2026\/04\/mha-sari-beyaz-5040.png","datePublished":"2026-04-29T12:47:17+00:00","author":{"@id":"https:\/\/kibrisdakik.com\/#\/schema\/person\/9cd9d437bbb44f72b73ba127e06d8e79"},"breadcrumb":{"@id":"https:\/\/kibrisdakik.com\/?p=111481#breadcrumb"},"inLanguage":"tr","potentialAction":[{"@type":"ReadAction","target":["https:\/\/kibrisdakik.com\/?p=111481"]}]},{"@type":"ImageObject","inLanguage":"tr","@id":"https:\/\/kibrisdakik.com\/?p=111481#primaryimage","url":"https:\/\/kibrisdakik.com\/wp-content\/uploads\/2026\/04\/mha-sari-beyaz-5040.png","contentUrl":"https:\/\/kibrisdakik.com\/wp-content\/uploads\/2026\/04\/mha-sari-beyaz-5040.png","width":1280,"height":720},{"@type":"BreadcrumbList","@id":"https:\/\/kibrisdakik.com\/?p=111481#breadcrumb","itemListElement":[{"@type":"ListItem","position":1,"name":"Home","item":"https:\/\/kibrisdakik.com\/"},{"@type":"ListItem","position":2,"name":"23 N\u0130SAN CO\u015eKUSU MECL\u0130S\u2019TE: Z\u0130YA \u00d6ZT\u00dcRKLER \u00d6\u011eRENC\u0130LER\u0130 A\u011eIRLADI"}]},{"@type":"WebSite","@id":"https:\/\/kibrisdakik.com\/#website","url":"https:\/\/kibrisdakik.com\/","name":"","description":"Tam vaktinde haber","potentialAction":[{"@type":"SearchAction","target":{"@type":"EntryPoint","urlTemplate":"https:\/\/kibrisdakik.com\/?s={search_term_string}"},"query-input":{"@type":"PropertyValueSpecification","valueRequired":true,"valueName":"search_term_string"}}],"inLanguage":"tr"},{"@type":"Person","@id":"https:\/\/kibrisdakik.com\/#\/schema\/person\/9cd9d437bbb44f72b73ba127e06d8e79","name":"admin","image":{"@type":"ImageObject","inLanguage":"tr","@id":"https:\/\/secure.gravatar.com\/avatar\/ccc17943b9d660506c869530f897617f7cb1c21a4bf30023f252596d83e1f007?s=96&d=mm&r=g","url":"https:\/\/secure.gravatar.com\/avatar\/ccc17943b9d660506c869530f897617f7cb1c21a4bf30023f252596d83e1f007?s=96&d=mm&r=g","contentUrl":"https:\/\/secure.gravatar.com\/avatar\/ccc17943b9d660506c869530f897617f7cb1c21a4bf30023f252596d83e1f007?s=96&d=mm&r=g","caption":"admin"},"sameAs":["https:\/\/kibrisdakik.com"],"url":"https:\/\/kibrisdakik.com\/?author=1"}]}},"_links":{"self":[{"href":"https:\/\/kibrisdakik.com\/index.php?rest_route=\/wp\/v2\/posts\/111481","targetHints":{"allow":["GET"]}}],"collection":[{"href":"https:\/\/kibrisdakik.com\/index.php?rest_route=\/wp\/v2\/posts"}],"about":[{"href":"https:\/\/kibrisdakik.com\/index.php?rest_route=\/wp\/v2\/types\/post"}],"author":[{"embeddable":true,"href":"https:\/\/kibrisdakik.com\/index.php?rest_route=\/wp\/v2\/users\/1"}],"replies":[{"embeddable":true,"href":"https:\/\/kibrisdakik.com\/index.php?rest_route=%2Fwp%2Fv2%2Fcomments&post=111481"}],"version-history":[{"count":0,"href":"https:\/\/kibrisdakik.com\/index.php?rest_route=\/wp\/v2\/posts\/111481\/revisions"}],"wp:featuredmedia":[{"embeddable":true,"href":"https:\/\/kibrisdakik.com\/index.php?rest_route=\/wp\/v2\/media\/111482"}],"wp:attachment":[{"href":"https:\/\/kibrisdakik.com\/index.php?rest_route=%2Fwp%2Fv2%2Fmedia&parent=111481"}],"wp:term":[{"taxonomy":"category","embeddable":true,"href":"https:\/\/kibrisdakik.com\/index.php?rest_route=%2Fwp%2Fv2%2Fcategories&post=111481"},{"taxonomy":"post_tag","embeddable":true,"href":"https:\/\/kibrisdakik.com\/index.php?rest_route=%2Fwp%2Fv2%2Ftags&post=111481"}],"curies":[{"name":"wp","href":"https:\/\/api.w.org\/{rel}","templated":true}]}}