{"id":111493,"date":"2026-04-29T16:35:58","date_gmt":"2026-04-29T13:35:58","guid":{"rendered":"https:\/\/kibrisdakik.com\/?p=111493"},"modified":"2026-04-29T16:35:58","modified_gmt":"2026-04-29T13:35:58","slug":"tornavida-ile-raflara-saldirdi-ickileri-tek-tek-parcaladi","status":"publish","type":"post","link":"https:\/\/kibrisdakik.com\/?p=111493","title":{"rendered":"TORNAV\u0130DA \u0130LE RAFLARA SALDIRDI, \u0130\u00c7K\u0130LER\u0130 TEK TEK PAR\u00c7ALADI"},"content":{"rendered":"<p><\/p>\n<p>Girne\u2019de d\u00fcn ya\u015fanan olay kamuoyunda b\u00fcy\u00fck \u015fa\u015fk\u0131nl\u0131k yaratt\u0131. Faaliyette olan bir off licence i\u015f yerine giren zanl\u0131 M.A.D., yan\u0131nda ta\u015f\u0131d\u0131\u011f\u0131 40 santimetrelik tornavida ile raflardaki alkoll\u00fc i\u00e7eceklere sald\u0131rd\u0131.<br \/>\n\u0130ddiaya g\u00f6re zanl\u0131, \u201c\u0130slama ayk\u0131r\u0131\u201d diyerek i\u015f yerinde sat\u0131\u015fta bulunan \u00e7ok say\u0131da i\u00e7ki \u015fi\u015fesini k\u0131rarak b\u00fcy\u00fck maddi zarara yol a\u00e7t\u0131. Olay s\u0131ras\u0131nda i\u015f yerinde panik ya\u015fan\u0131rken, \u00e7evrede bulunanlar durumu polise bildirdi.<\/p>\n<p>14 Bin 400 TL\u2019lik hasar<br \/>\nPolis taraf\u0131ndan mahkemede aktar\u0131lan bilgilere g\u00f6re, zanl\u0131 stantta bulunan toplam de\u011feri 14 bin 400 TL olan alkoll\u00fc i\u00e7eceklere zarar verdi.<br \/>\nCam \u015fi\u015felerin par\u00e7alanmas\u0131yla i\u015f yerinde ciddi tahribat olu\u015furken, olay k\u0131sa s\u00fcrede polis ekiplerine intikal etti. Zanl\u0131, olay yerinde makul g\u00fc\u00e7 kullan\u0131larak etkisiz hale getirilip tutukland\u0131.<\/p>\n<div id=\"ad_121\" data-channel=\"121\" data-advert=\"temedya\" data-rotation=\"120\" class=\"mb-3 text-center\"><\/div>\n<div id=\"ad_121_mobile\" data-channel=\"121\" data-advert=\"temedya\" data-rotation=\"120\" class=\"mb-3 text-center\"><\/div>\n<p>\u00dc\u00e7 Ayr\u0131 Su\u00e7tan Tutukland\u0131<br \/>\nGirne Adli \u015eube\u2019de g\u00f6revli polis memuru Teyfik Emin Eserg\u00fcl, zanl\u0131n\u0131n Kasti Hasar, Tecav\u00fczkar Alet Ta\u015f\u0131ma ve \u0130kamet \u0130zinsiz Bulunma su\u00e7lar\u0131ndan tutukland\u0131\u011f\u0131n\u0131 mahkemeye aktard\u0131.<br \/>\nPolis, zanl\u0131n\u0131n elinde bulunan 40 santimetrelik tornavidan\u0131n olayda kullan\u0131ld\u0131\u011f\u0131n\u0131 ve bunun ciddi bir tehdit unsuru olu\u015fturdu\u011funu belirtti.<\/p>\n<p>\u00dclkede Ka\u00e7ak Oldu\u011fu Ortaya \u00c7\u0131kt\u0131<br \/>\nSoru\u015fturma kapsam\u0131nda yap\u0131lan muhaceret kontrol\u00fcnde M.A.D.\u2019nin 30 Eyl\u00fcl 2025 tarihinden bu yana \u00fclkede ikamet izinsiz bulundu\u011fu tespit edildi.<br \/>\nPolis, zanl\u0131n\u0131n uzun s\u00fcredir \u00fclkede ka\u00e7ak durumda oldu\u011funu belirterek bu durumun da soru\u015fturman\u0131n \u00f6nemli bir par\u00e7as\u0131 oldu\u011funu vurgulad\u0131.<\/p>\n<p>Girne Kaza Mahkemesi Yarg\u0131\u00e7 Mine G. Serden, zanl\u0131n\u0131n ak\u0131l sa\u011fl\u0131\u011f\u0131n\u0131n de\u011ferlendirilmesi amac\u0131yla Bar\u0131\u015f Ruh ve Sinir Hastal\u0131klar\u0131 Hastanesi\u2019nde kontrolden ge\u00e7irilmesine emir verdi. Mahkeme ayr\u0131ca soru\u015fturman\u0131n selameti a\u00e7\u0131s\u0131ndan zanl\u0131n\u0131n 1 g\u00fcn s\u00fcreyle tutuklu kalmas\u0131na karar verdi.<\/p>\n<\/p>\n<div class=\"article-source py-3 small \">\n                <\/div>\n","protected":false},"excerpt":{"rendered":"<p>Girne\u2019de d\u00fcn ya\u015fanan olay kamuoyunda b\u00fcy\u00fck \u015fa\u015fk\u0131nl\u0131k yaratt\u0131. Faaliyette olan bir off licence i\u015f yerine giren zanl\u0131 M.A.D., yan\u0131nda ta\u015f\u0131d\u0131\u011f\u0131 40 santimetrelik tornavida ile raflardaki alkoll\u00fc i\u00e7eceklere sald\u0131rd\u0131. \u0130ddiaya g\u00f6re zanl\u0131, \u201c\u0130slama ayk\u0131r\u0131\u201d diyerek i\u015f yerinde sat\u0131\u015fta bulunan \u00e7ok say\u0131da i\u00e7ki \u015fi\u015fesini k\u0131rarak b\u00fcy\u00fck maddi zarara yol a\u00e7t\u0131. Olay s\u0131ras\u0131nda i\u015f yerinde panik ya\u015fan\u0131rken, \u00e7evrede<\/p>\n","protected":false},"author":1,"featured_media":111494,"comment_status":"open","ping_status":"open","sticky":false,"template":"","format":"standard","meta":{"footnotes":""},"categories":[81],"tags":[],"class_list":["post-111493","post","type-post","status-publish","format-standard","has-post-thumbnail","hentry","category-kibris"],"yoast_head":"<!-- This site is optimized with the Yoast SEO plugin v27.5 - https:\/\/yoast.com\/product\/yoast-seo-wordpress\/ -->\n<title>TORNAV\u0130DA \u0130LE RAFLARA SALDIRDI, \u0130\u00c7K\u0130LER\u0130 TEK TEK PAR\u00c7ALADI -<\/title>\n<meta name=\"robots\" content=\"index, follow, max-snippet:-1, max-image-preview:large, max-video-preview:-1\" \/>\n<link rel=\"canonical\" href=\"https:\/\/kibrisdakik.com\/?p=111493\" \/>\n<meta property=\"og:locale\" content=\"tr_TR\" \/>\n<meta property=\"og:type\" content=\"article\" \/>\n<meta property=\"og:title\" content=\"TORNAV\u0130DA \u0130LE RAFLARA SALDIRDI, \u0130\u00c7K\u0130LER\u0130 TEK TEK PAR\u00c7ALADI -\" \/>\n<meta property=\"og:description\" content=\"Girne\u2019de d\u00fcn ya\u015fanan olay kamuoyunda b\u00fcy\u00fck \u015fa\u015fk\u0131nl\u0131k yaratt\u0131. Faaliyette olan bir off licence i\u015f yerine giren zanl\u0131 M.A.D., yan\u0131nda ta\u015f\u0131d\u0131\u011f\u0131 40 santimetrelik tornavida ile raflardaki alkoll\u00fc i\u00e7eceklere sald\u0131rd\u0131. \u0130ddiaya g\u00f6re zanl\u0131, \u201c\u0130slama ayk\u0131r\u0131\u201d diyerek i\u015f yerinde sat\u0131\u015fta bulunan \u00e7ok say\u0131da i\u00e7ki \u015fi\u015fesini k\u0131rarak b\u00fcy\u00fck maddi zarara yol a\u00e7t\u0131. Olay s\u0131ras\u0131nda i\u015f yerinde panik ya\u015fan\u0131rken, \u00e7evrede\" \/>\n<meta property=\"og:url\" content=\"https:\/\/kibrisdakik.com\/?p=111493\" \/>\n<meta property=\"article:published_time\" content=\"2026-04-29T13:35:58+00:00\" \/>\n<meta property=\"og:image\" content=\"https:\/\/mhahabercom.teimg.com\/crop\/1280x720\/mhahaber-com\/uploads\/2026\/04\/mha-sari-beyaz-5045.png\" \/>\n<meta name=\"author\" content=\"admin\" \/>\n<meta name=\"twitter:card\" content=\"summary_large_image\" \/>\n<meta name=\"twitter:label1\" content=\"Yazan:\" \/>\n\t<meta name=\"twitter:data1\" content=\"admin\" \/>\n\t<meta name=\"twitter:label2\" content=\"Tahmini okuma s\u00fcresi\" \/>\n\t<meta name=\"twitter:data2\" content=\"2 dakika\" \/>\n<script type=\"application\/ld+json\" class=\"yoast-schema-graph\">{\"@context\":\"https:\\\/\\\/schema.org\",\"@graph\":[{\"@type\":\"Article\",\"@id\":\"https:\\\/\\\/kibrisdakik.com\\\/?p=111493#article\",\"isPartOf\":{\"@id\":\"https:\\\/\\\/kibrisdakik.com\\\/?p=111493\"},\"author\":{\"name\":\"admin\",\"@id\":\"https:\\\/\\\/kibrisdakik.com\\\/#\\\/schema\\\/person\\\/9cd9d437bbb44f72b73ba127e06d8e79\"},\"headline\":\"TORNAV\u0130DA \u0130LE RAFLARA SALDIRDI, \u0130\u00c7K\u0130LER\u0130 TEK TEK PAR\u00c7ALADI\",\"datePublished\":\"2026-04-29T13:35:58+00:00\",\"mainEntityOfPage\":{\"@id\":\"https:\\\/\\\/kibrisdakik.com\\\/?p=111493\"},\"wordCount\":330,\"commentCount\":0,\"image\":{\"@id\":\"https:\\\/\\\/kibrisdakik.com\\\/?p=111493#primaryimage\"},\"thumbnailUrl\":\"https:\\\/\\\/kibrisdakik.com\\\/wp-content\\\/uploads\\\/2026\\\/04\\\/mha-sari-beyaz-5045.png\",\"articleSection\":[\"K\u0131br\u0131s\"],\"inLanguage\":\"tr\",\"potentialAction\":[{\"@type\":\"CommentAction\",\"name\":\"Comment\",\"target\":[\"https:\\\/\\\/kibrisdakik.com\\\/?p=111493#respond\"]}]},{\"@type\":\"WebPage\",\"@id\":\"https:\\\/\\\/kibrisdakik.com\\\/?p=111493\",\"url\":\"https:\\\/\\\/kibrisdakik.com\\\/?p=111493\",\"name\":\"TORNAV\u0130DA \u0130LE RAFLARA SALDIRDI, \u0130\u00c7K\u0130LER\u0130 TEK TEK PAR\u00c7ALADI -\",\"isPartOf\":{\"@id\":\"https:\\\/\\\/kibrisdakik.com\\\/#website\"},\"primaryImageOfPage\":{\"@id\":\"https:\\\/\\\/kibrisdakik.com\\\/?p=111493#primaryimage\"},\"image\":{\"@id\":\"https:\\\/\\\/kibrisdakik.com\\\/?p=111493#primaryimage\"},\"thumbnailUrl\":\"https:\\\/\\\/kibrisdakik.com\\\/wp-content\\\/uploads\\\/2026\\\/04\\\/mha-sari-beyaz-5045.png\",\"datePublished\":\"2026-04-29T13:35:58+00:00\",\"author\":{\"@id\":\"https:\\\/\\\/kibrisdakik.com\\\/#\\\/schema\\\/person\\\/9cd9d437bbb44f72b73ba127e06d8e79\"},\"breadcrumb\":{\"@id\":\"https:\\\/\\\/kibrisdakik.com\\\/?p=111493#breadcrumb\"},\"inLanguage\":\"tr\",\"potentialAction\":[{\"@type\":\"ReadAction\",\"target\":[\"https:\\\/\\\/kibrisdakik.com\\\/?p=111493\"]}]},{\"@type\":\"ImageObject\",\"inLanguage\":\"tr\",\"@id\":\"https:\\\/\\\/kibrisdakik.com\\\/?p=111493#primaryimage\",\"url\":\"https:\\\/\\\/kibrisdakik.com\\\/wp-content\\\/uploads\\\/2026\\\/04\\\/mha-sari-beyaz-5045.png\",\"contentUrl\":\"https:\\\/\\\/kibrisdakik.com\\\/wp-content\\\/uploads\\\/2026\\\/04\\\/mha-sari-beyaz-5045.png\",\"width\":1280,\"height\":720},{\"@type\":\"BreadcrumbList\",\"@id\":\"https:\\\/\\\/kibrisdakik.com\\\/?p=111493#breadcrumb\",\"itemListElement\":[{\"@type\":\"ListItem\",\"position\":1,\"name\":\"Home\",\"item\":\"https:\\\/\\\/kibrisdakik.com\\\/\"},{\"@type\":\"ListItem\",\"position\":2,\"name\":\"TORNAV\u0130DA \u0130LE RAFLARA SALDIRDI, \u0130\u00c7K\u0130LER\u0130 TEK TEK PAR\u00c7ALADI\"}]},{\"@type\":\"WebSite\",\"@id\":\"https:\\\/\\\/kibrisdakik.com\\\/#website\",\"url\":\"https:\\\/\\\/kibrisdakik.com\\\/\",\"name\":\"\",\"description\":\"Tam vaktinde haber\",\"potentialAction\":[{\"@type\":\"SearchAction\",\"target\":{\"@type\":\"EntryPoint\",\"urlTemplate\":\"https:\\\/\\\/kibrisdakik.com\\\/?s={search_term_string}\"},\"query-input\":{\"@type\":\"PropertyValueSpecification\",\"valueRequired\":true,\"valueName\":\"search_term_string\"}}],\"inLanguage\":\"tr\"},{\"@type\":\"Person\",\"@id\":\"https:\\\/\\\/kibrisdakik.com\\\/#\\\/schema\\\/person\\\/9cd9d437bbb44f72b73ba127e06d8e79\",\"name\":\"admin\",\"image\":{\"@type\":\"ImageObject\",\"inLanguage\":\"tr\",\"@id\":\"https:\\\/\\\/secure.gravatar.com\\\/avatar\\\/ccc17943b9d660506c869530f897617f7cb1c21a4bf30023f252596d83e1f007?s=96&d=mm&r=g\",\"url\":\"https:\\\/\\\/secure.gravatar.com\\\/avatar\\\/ccc17943b9d660506c869530f897617f7cb1c21a4bf30023f252596d83e1f007?s=96&d=mm&r=g\",\"contentUrl\":\"https:\\\/\\\/secure.gravatar.com\\\/avatar\\\/ccc17943b9d660506c869530f897617f7cb1c21a4bf30023f252596d83e1f007?s=96&d=mm&r=g\",\"caption\":\"admin\"},\"sameAs\":[\"https:\\\/\\\/kibrisdakik.com\"],\"url\":\"https:\\\/\\\/kibrisdakik.com\\\/?author=1\"}]}<\/script>\n<!-- \/ Yoast SEO plugin. -->","yoast_head_json":{"title":"TORNAV\u0130DA \u0130LE RAFLARA SALDIRDI, \u0130\u00c7K\u0130LER\u0130 TEK TEK PAR\u00c7ALADI -","robots":{"index":"index","follow":"follow","max-snippet":"max-snippet:-1","max-image-preview":"max-image-preview:large","max-video-preview":"max-video-preview:-1"},"canonical":"https:\/\/kibrisdakik.com\/?p=111493","og_locale":"tr_TR","og_type":"article","og_title":"TORNAV\u0130DA \u0130LE RAFLARA SALDIRDI, \u0130\u00c7K\u0130LER\u0130 TEK TEK PAR\u00c7ALADI -","og_description":"Girne\u2019de d\u00fcn ya\u015fanan olay kamuoyunda b\u00fcy\u00fck \u015fa\u015fk\u0131nl\u0131k yaratt\u0131. Faaliyette olan bir off licence i\u015f yerine giren zanl\u0131 M.A.D., yan\u0131nda ta\u015f\u0131d\u0131\u011f\u0131 40 santimetrelik tornavida ile raflardaki alkoll\u00fc i\u00e7eceklere sald\u0131rd\u0131. \u0130ddiaya g\u00f6re zanl\u0131, \u201c\u0130slama ayk\u0131r\u0131\u201d diyerek i\u015f yerinde sat\u0131\u015fta bulunan \u00e7ok say\u0131da i\u00e7ki \u015fi\u015fesini k\u0131rarak b\u00fcy\u00fck maddi zarara yol a\u00e7t\u0131. Olay s\u0131ras\u0131nda i\u015f yerinde panik ya\u015fan\u0131rken, \u00e7evrede","og_url":"https:\/\/kibrisdakik.com\/?p=111493","article_published_time":"2026-04-29T13:35:58+00:00","og_image":[{"url":"https:\/\/mhahabercom.teimg.com\/crop\/1280x720\/mhahaber-com\/uploads\/2026\/04\/mha-sari-beyaz-5045.png","type":"","width":"","height":""}],"author":"admin","twitter_card":"summary_large_image","twitter_misc":{"Yazan:":"admin","Tahmini okuma s\u00fcresi":"2 dakika"},"schema":{"@context":"https:\/\/schema.org","@graph":[{"@type":"Article","@id":"https:\/\/kibrisdakik.com\/?p=111493#article","isPartOf":{"@id":"https:\/\/kibrisdakik.com\/?p=111493"},"author":{"name":"admin","@id":"https:\/\/kibrisdakik.com\/#\/schema\/person\/9cd9d437bbb44f72b73ba127e06d8e79"},"headline":"TORNAV\u0130DA \u0130LE RAFLARA SALDIRDI, \u0130\u00c7K\u0130LER\u0130 TEK TEK PAR\u00c7ALADI","datePublished":"2026-04-29T13:35:58+00:00","mainEntityOfPage":{"@id":"https:\/\/kibrisdakik.com\/?p=111493"},"wordCount":330,"commentCount":0,"image":{"@id":"https:\/\/kibrisdakik.com\/?p=111493#primaryimage"},"thumbnailUrl":"https:\/\/kibrisdakik.com\/wp-content\/uploads\/2026\/04\/mha-sari-beyaz-5045.png","articleSection":["K\u0131br\u0131s"],"inLanguage":"tr","potentialAction":[{"@type":"CommentAction","name":"Comment","target":["https:\/\/kibrisdakik.com\/?p=111493#respond"]}]},{"@type":"WebPage","@id":"https:\/\/kibrisdakik.com\/?p=111493","url":"https:\/\/kibrisdakik.com\/?p=111493","name":"TORNAV\u0130DA \u0130LE RAFLARA SALDIRDI, \u0130\u00c7K\u0130LER\u0130 TEK TEK PAR\u00c7ALADI -","isPartOf":{"@id":"https:\/\/kibrisdakik.com\/#website"},"primaryImageOfPage":{"@id":"https:\/\/kibrisdakik.com\/?p=111493#primaryimage"},"image":{"@id":"https:\/\/kibrisdakik.com\/?p=111493#primaryimage"},"thumbnailUrl":"https:\/\/kibrisdakik.com\/wp-content\/uploads\/2026\/04\/mha-sari-beyaz-5045.png","datePublished":"2026-04-29T13:35:58+00:00","author":{"@id":"https:\/\/kibrisdakik.com\/#\/schema\/person\/9cd9d437bbb44f72b73ba127e06d8e79"},"breadcrumb":{"@id":"https:\/\/kibrisdakik.com\/?p=111493#breadcrumb"},"inLanguage":"tr","potentialAction":[{"@type":"ReadAction","target":["https:\/\/kibrisdakik.com\/?p=111493"]}]},{"@type":"ImageObject","inLanguage":"tr","@id":"https:\/\/kibrisdakik.com\/?p=111493#primaryimage","url":"https:\/\/kibrisdakik.com\/wp-content\/uploads\/2026\/04\/mha-sari-beyaz-5045.png","contentUrl":"https:\/\/kibrisdakik.com\/wp-content\/uploads\/2026\/04\/mha-sari-beyaz-5045.png","width":1280,"height":720},{"@type":"BreadcrumbList","@id":"https:\/\/kibrisdakik.com\/?p=111493#breadcrumb","itemListElement":[{"@type":"ListItem","position":1,"name":"Home","item":"https:\/\/kibrisdakik.com\/"},{"@type":"ListItem","position":2,"name":"TORNAV\u0130DA \u0130LE RAFLARA SALDIRDI, \u0130\u00c7K\u0130LER\u0130 TEK TEK PAR\u00c7ALADI"}]},{"@type":"WebSite","@id":"https:\/\/kibrisdakik.com\/#website","url":"https:\/\/kibrisdakik.com\/","name":"","description":"Tam vaktinde haber","potentialAction":[{"@type":"SearchAction","target":{"@type":"EntryPoint","urlTemplate":"https:\/\/kibrisdakik.com\/?s={search_term_string}"},"query-input":{"@type":"PropertyValueSpecification","valueRequired":true,"valueName":"search_term_string"}}],"inLanguage":"tr"},{"@type":"Person","@id":"https:\/\/kibrisdakik.com\/#\/schema\/person\/9cd9d437bbb44f72b73ba127e06d8e79","name":"admin","image":{"@type":"ImageObject","inLanguage":"tr","@id":"https:\/\/secure.gravatar.com\/avatar\/ccc17943b9d660506c869530f897617f7cb1c21a4bf30023f252596d83e1f007?s=96&d=mm&r=g","url":"https:\/\/secure.gravatar.com\/avatar\/ccc17943b9d660506c869530f897617f7cb1c21a4bf30023f252596d83e1f007?s=96&d=mm&r=g","contentUrl":"https:\/\/secure.gravatar.com\/avatar\/ccc17943b9d660506c869530f897617f7cb1c21a4bf30023f252596d83e1f007?s=96&d=mm&r=g","caption":"admin"},"sameAs":["https:\/\/kibrisdakik.com"],"url":"https:\/\/kibrisdakik.com\/?author=1"}]}},"_links":{"self":[{"href":"https:\/\/kibrisdakik.com\/index.php?rest_route=\/wp\/v2\/posts\/111493","targetHints":{"allow":["GET"]}}],"collection":[{"href":"https:\/\/kibrisdakik.com\/index.php?rest_route=\/wp\/v2\/posts"}],"about":[{"href":"https:\/\/kibrisdakik.com\/index.php?rest_route=\/wp\/v2\/types\/post"}],"author":[{"embeddable":true,"href":"https:\/\/kibrisdakik.com\/index.php?rest_route=\/wp\/v2\/users\/1"}],"replies":[{"embeddable":true,"href":"https:\/\/kibrisdakik.com\/index.php?rest_route=%2Fwp%2Fv2%2Fcomments&post=111493"}],"version-history":[{"count":0,"href":"https:\/\/kibrisdakik.com\/index.php?rest_route=\/wp\/v2\/posts\/111493\/revisions"}],"wp:featuredmedia":[{"embeddable":true,"href":"https:\/\/kibrisdakik.com\/index.php?rest_route=\/wp\/v2\/media\/111494"}],"wp:attachment":[{"href":"https:\/\/kibrisdakik.com\/index.php?rest_route=%2Fwp%2Fv2%2Fmedia&parent=111493"}],"wp:term":[{"taxonomy":"category","embeddable":true,"href":"https:\/\/kibrisdakik.com\/index.php?rest_route=%2Fwp%2Fv2%2Fcategories&post=111493"},{"taxonomy":"post_tag","embeddable":true,"href":"https:\/\/kibrisdakik.com\/index.php?rest_route=%2Fwp%2Fv2%2Ftags&post=111493"}],"curies":[{"name":"wp","href":"https:\/\/api.w.org\/{rel}","templated":true}]}}