{"id":111497,"date":"2026-04-29T16:46:17","date_gmt":"2026-04-29T13:46:17","guid":{"rendered":"https:\/\/kibrisdakik.com\/?p=111497"},"modified":"2026-04-29T16:46:17","modified_gmt":"2026-04-29T13:46:17","slug":"hasipoglundan-isverenlere-cagri","status":"publish","type":"post","link":"https:\/\/kibrisdakik.com\/?p=111497","title":{"rendered":"HAS\u0130PO\u011eLU\u2019NDAN \u0130\u015eVERENLERE \u00c7A\u011eRI"},"content":{"rendered":"<p><\/p>\n<p>\u00c7al\u0131\u015fma ve Sosyal G\u00fcvenlik Bakan\u0131 O\u011fuzhan Hasipo\u011flu, 1 May\u0131s Emek ve Dayan\u0131\u015fma G\u00fcn\u00fc nedeniyle t\u00fcm i\u015fverenlere \u00e7a\u011fr\u0131da bulunarak, acil ve zorunlu hizmetler d\u0131\u015f\u0131nda kalan i\u015f yerlerinin, 1 May\u0131s g\u00fcn\u00fc g\u00f6n\u00fcll\u00fcl\u00fck esas\u0131yla faaliyetlerine ara vermelerini, \u00e7al\u0131\u015fanlar\u0131na bu g\u00fcn\u00fc ger\u00e7ek anlam\u0131yla bayram olarak ya\u015fatmalar\u0131n\u0131 istedi.<\/p>\n<p>Bakan Hasipo\u011flu yay\u0131mlad\u0131\u011f\u0131 mesajda, 1 May\u0131s\u2019\u0131n, yaln\u0131zca takvimde yer alan bir g\u00fcn de\u011fil, eme\u011fin, al\u0131n terinin, \u00fcretimin ve toplumsal dayan\u0131\u015fman\u0131n simgesi oldu\u011funu ifade ederek, bu anlaml\u0131 g\u00fcn\u00fcn, \u00fclkenin kalk\u0131nmas\u0131na katk\u0131 koyan her emek\u00e7inin onurland\u0131r\u0131ld\u0131\u011f\u0131 \u00f6zel bir g\u00fcn oldu\u011funu kaydetti.<\/p>\n<div id=\"ad_121\" data-channel=\"121\" data-advert=\"temedya\" data-rotation=\"120\" class=\"mb-3 text-center\"><\/div>\n<div id=\"ad_121_mobile\" data-channel=\"121\" data-advert=\"temedya\" data-rotation=\"120\" class=\"mb-3 text-center\"><\/div>\n<p>-\u201cEme\u011fe sayg\u0131y\u0131 yaln\u0131z s\u00f6zle de\u011fil, uygulamayla da g\u00f6stermek m\u00fcmk\u00fcnd\u00fcr\u201d<\/p>\n<p>Bu \u00e7er\u00e7evede, acil ve zorunlu hizmetler d\u0131\u015f\u0131nda kalan i\u015f yerlerinin, 1 May\u0131s g\u00fcn\u00fc g\u00f6n\u00fcll\u00fcl\u00fck esas\u0131yla faaliyetlerine ara vermelerini, \u00e7al\u0131\u015fanlar\u0131na bu g\u00fcn\u00fc ger\u00e7ek anlam\u0131yla bayram olarak ya\u015fatmalar\u0131n\u0131 isteyen Hasipo\u011flu, \u201c\u00c7\u00fcnk\u00fc inan\u0131yoruz ki, y\u0131lda bir g\u00fcn eme\u011fe sayg\u0131y\u0131 yaln\u0131z s\u00f6zle de\u011fil, uygulamayla da g\u00f6stermek m\u00fcmk\u00fcnd\u00fcr.\u201d dedi.<\/p>\n<p>Hasipo\u011flu, \u201cBir g\u00fcnl\u00fc\u011f\u00fcne kepenklerin eme\u011fe sayg\u0131 i\u00e7in kapanmas\u0131, \u00fcretimin de\u011ferini azaltmaz, aksine eme\u011fin de\u011ferini y\u00fcceltir. Bu yakla\u015f\u0131m, \u00e7al\u0131\u015fan ile i\u015fveren aras\u0131ndaki aidiyet duygusunu g\u00fc\u00e7lendirecek sosyal dayan\u0131\u015fmay\u0131 b\u00fcy\u00fctecek ve 1 May\u0131s\u2019\u0131n ruhuna anlam katacakt\u0131r.\u201d ifadelerini kulland\u0131.<\/p>\n<p>\u0130\u015fverenlerin bug\u00fcne kadar \u00e7al\u0131\u015fma hayat\u0131na ve toplumsal sorumlulu\u011fa g\u00f6sterdi\u011fi duyarl\u0131l\u0131\u011f\u0131 bildiklerini ifade eden Hasipo\u011flu, ayn\u0131 hassasiyetin 1 May\u0131s\u2019ta da g\u00f6n\u00fcll\u00fc bir destekle ortaya konulaca\u011f\u0131na inan\u00e7 belirtti.<\/p>\n<p>-\u201c\u00c7al\u0131\u015fanlara yasal olarak \u00fccretlerinin iki kat\u0131 \u00f6denmesi, ilgili yasal mevzuat gere\u011fi zorunludur\u201d<\/p>\n<p>\u00d6te yandan \u0130\u015f Yasas\u0131\u2019n\u0131n 40\u2019\u0131nc\u0131 maddesine g\u00f6re, resmi tatil ve anma g\u00fcnlerinde \u00e7al\u0131\u015fanlar\u0131n tatil yapma hakk\u0131 oldu\u011funa dikkat \u00e7eken Hasipo\u011flu, \u015f\u00f6yle devam etti:<\/p>\n<p>\u201cE\u011fer 1 May\u0131s ve di\u011fer resmi tatil g\u00fcnlerinde \u00e7al\u0131\u015f\u0131l\u0131yorsa, \u00e7al\u0131\u015fanlara yasal olarak \u00fccretlerinin iki kat\u0131 \u00f6denmesi, ilgili yasal mevzuat gere\u011fi zorunludur. Bu \u00e7er\u00e7evede, bu uygulamalar\u0131 yerinde g\u00f6rmek ve takip etmek i\u00e7in 1 May\u0131s\u2019ta sahada olaca\u011f\u0131z.\u201d<\/p>\n<p>\u0130\u015fverenlerin, \u00e7al\u0131\u015fan haklar\u0131na sayg\u0131 g\u00f6stererek, yasal y\u00fck\u00fcml\u00fcl\u00fcklerini eksiksiz yerine getirip, sorumlu bir yakla\u015f\u0131m sergileyece\u011fine inan\u00e7 belirten Hasipo\u011flu, \u201c\u0130\u015fverenlerimizin bug\u00fcne kadar \u00e7al\u0131\u015fma hayat\u0131na ve toplumsal sorumlulu\u011fa g\u00f6sterdi\u011fi duyarl\u0131l\u0131\u011f\u0131 biliyoruz. Ayn\u0131 hassasiyetin 1 May\u0131s\u2019ta da g\u00f6n\u00fcll\u00fc bir destekle ortaya konulaca\u011f\u0131na inan\u0131yorum.\u201d dedi.<\/p>\n<p>-\u201cGelin bu y\u0131l 1 May\u0131s\u2019\u0131 yaln\u0131zca kutlanan de\u011fil, hissedilen bir g\u00fcn yapal\u0131m\u201d<\/p>\n<p>\u201cGelin bu y\u0131l 1 May\u0131s\u2019\u0131 yaln\u0131zca kutlanan de\u011fil, hissedilen bir g\u00fcn yapal\u0131m. Gelin eme\u011fe bir g\u00fcnl\u00fc\u011f\u00fcne birlikte sayg\u0131 duru\u015funda bulunal\u0131m.\u201d \u00e7a\u011fr\u0131s\u0131 yapan Hasipo\u011flu, bu \u00e7a\u011fr\u0131n\u0131n; \u00fcretime kar\u015f\u0131 de\u011fil, eme\u011fin k\u0131ymetine verilen de\u011ferin ortak ifadesi oldu\u011funu vurgulad\u0131.<\/p>\n<p>Bakan Hasipo\u011flu, t\u00fcm i\u015fverenleri, bu anlaml\u0131 g\u00fcnde g\u00f6n\u00fcll\u00fc dayan\u0131\u015fmaya katk\u0131 koymaya davet etti.<\/p>\n<\/p>\n<div class=\"article-source py-3 small \">\n                <\/div>\n","protected":false},"excerpt":{"rendered":"<p>\u00c7al\u0131\u015fma ve Sosyal G\u00fcvenlik Bakan\u0131 O\u011fuzhan Hasipo\u011flu, 1 May\u0131s Emek ve Dayan\u0131\u015fma G\u00fcn\u00fc nedeniyle t\u00fcm i\u015fverenlere \u00e7a\u011fr\u0131da bulunarak, acil ve zorunlu hizmetler d\u0131\u015f\u0131nda kalan i\u015f yerlerinin, 1 May\u0131s g\u00fcn\u00fc g\u00f6n\u00fcll\u00fcl\u00fck esas\u0131yla faaliyetlerine ara vermelerini, \u00e7al\u0131\u015fanlar\u0131na bu g\u00fcn\u00fc ger\u00e7ek anlam\u0131yla bayram olarak ya\u015fatmalar\u0131n\u0131 istedi. Bakan Hasipo\u011flu yay\u0131mlad\u0131\u011f\u0131 mesajda, 1 May\u0131s\u2019\u0131n, yaln\u0131zca takvimde yer alan bir g\u00fcn<\/p>\n","protected":false},"author":1,"featured_media":111498,"comment_status":"open","ping_status":"open","sticky":false,"template":"","format":"standard","meta":{"footnotes":""},"categories":[81],"tags":[],"class_list":["post-111497","post","type-post","status-publish","format-standard","has-post-thumbnail","hentry","category-kibris"],"yoast_head":"<!-- This site is optimized with the Yoast SEO plugin v27.5 - https:\/\/yoast.com\/product\/yoast-seo-wordpress\/ -->\n<title>HAS\u0130PO\u011eLU\u2019NDAN \u0130\u015eVERENLERE \u00c7A\u011eRI -<\/title>\n<meta name=\"robots\" content=\"index, follow, max-snippet:-1, max-image-preview:large, max-video-preview:-1\" \/>\n<link rel=\"canonical\" href=\"https:\/\/kibrisdakik.com\/?p=111497\" \/>\n<meta property=\"og:locale\" content=\"tr_TR\" \/>\n<meta property=\"og:type\" content=\"article\" \/>\n<meta property=\"og:title\" content=\"HAS\u0130PO\u011eLU\u2019NDAN \u0130\u015eVERENLERE \u00c7A\u011eRI -\" \/>\n<meta property=\"og:description\" content=\"\u00c7al\u0131\u015fma ve Sosyal G\u00fcvenlik Bakan\u0131 O\u011fuzhan Hasipo\u011flu, 1 May\u0131s Emek ve Dayan\u0131\u015fma G\u00fcn\u00fc nedeniyle t\u00fcm i\u015fverenlere \u00e7a\u011fr\u0131da bulunarak, acil ve zorunlu hizmetler d\u0131\u015f\u0131nda kalan i\u015f yerlerinin, 1 May\u0131s g\u00fcn\u00fc g\u00f6n\u00fcll\u00fcl\u00fck esas\u0131yla faaliyetlerine ara vermelerini, \u00e7al\u0131\u015fanlar\u0131na bu g\u00fcn\u00fc ger\u00e7ek anlam\u0131yla bayram olarak ya\u015fatmalar\u0131n\u0131 istedi. Bakan Hasipo\u011flu yay\u0131mlad\u0131\u011f\u0131 mesajda, 1 May\u0131s\u2019\u0131n, yaln\u0131zca takvimde yer alan bir g\u00fcn\" \/>\n<meta property=\"og:url\" content=\"https:\/\/kibrisdakik.com\/?p=111497\" \/>\n<meta property=\"article:published_time\" content=\"2026-04-29T13:46:17+00:00\" \/>\n<meta property=\"og:image\" content=\"https:\/\/mhahabercom.teimg.com\/crop\/1280x720\/mhahaber-com\/uploads\/2026\/04\/mha-sari-beyaz-5047.png\" \/>\n<meta name=\"author\" content=\"admin\" \/>\n<meta name=\"twitter:card\" content=\"summary_large_image\" \/>\n<meta name=\"twitter:label1\" content=\"Yazan:\" \/>\n\t<meta name=\"twitter:data1\" content=\"admin\" \/>\n\t<meta name=\"twitter:label2\" content=\"Tahmini okuma s\u00fcresi\" \/>\n\t<meta name=\"twitter:data2\" content=\"3 dakika\" \/>\n<script type=\"application\/ld+json\" class=\"yoast-schema-graph\">{\"@context\":\"https:\\\/\\\/schema.org\",\"@graph\":[{\"@type\":\"Article\",\"@id\":\"https:\\\/\\\/kibrisdakik.com\\\/?p=111497#article\",\"isPartOf\":{\"@id\":\"https:\\\/\\\/kibrisdakik.com\\\/?p=111497\"},\"author\":{\"name\":\"admin\",\"@id\":\"https:\\\/\\\/kibrisdakik.com\\\/#\\\/schema\\\/person\\\/9cd9d437bbb44f72b73ba127e06d8e79\"},\"headline\":\"HAS\u0130PO\u011eLU\u2019NDAN \u0130\u015eVERENLERE \u00c7A\u011eRI\",\"datePublished\":\"2026-04-29T13:46:17+00:00\",\"mainEntityOfPage\":{\"@id\":\"https:\\\/\\\/kibrisdakik.com\\\/?p=111497\"},\"wordCount\":565,\"commentCount\":0,\"image\":{\"@id\":\"https:\\\/\\\/kibrisdakik.com\\\/?p=111497#primaryimage\"},\"thumbnailUrl\":\"https:\\\/\\\/kibrisdakik.com\\\/wp-content\\\/uploads\\\/2026\\\/04\\\/mha-sari-beyaz-5047.png\",\"articleSection\":[\"K\u0131br\u0131s\"],\"inLanguage\":\"tr\",\"potentialAction\":[{\"@type\":\"CommentAction\",\"name\":\"Comment\",\"target\":[\"https:\\\/\\\/kibrisdakik.com\\\/?p=111497#respond\"]}]},{\"@type\":\"WebPage\",\"@id\":\"https:\\\/\\\/kibrisdakik.com\\\/?p=111497\",\"url\":\"https:\\\/\\\/kibrisdakik.com\\\/?p=111497\",\"name\":\"HAS\u0130PO\u011eLU\u2019NDAN \u0130\u015eVERENLERE \u00c7A\u011eRI -\",\"isPartOf\":{\"@id\":\"https:\\\/\\\/kibrisdakik.com\\\/#website\"},\"primaryImageOfPage\":{\"@id\":\"https:\\\/\\\/kibrisdakik.com\\\/?p=111497#primaryimage\"},\"image\":{\"@id\":\"https:\\\/\\\/kibrisdakik.com\\\/?p=111497#primaryimage\"},\"thumbnailUrl\":\"https:\\\/\\\/kibrisdakik.com\\\/wp-content\\\/uploads\\\/2026\\\/04\\\/mha-sari-beyaz-5047.png\",\"datePublished\":\"2026-04-29T13:46:17+00:00\",\"author\":{\"@id\":\"https:\\\/\\\/kibrisdakik.com\\\/#\\\/schema\\\/person\\\/9cd9d437bbb44f72b73ba127e06d8e79\"},\"breadcrumb\":{\"@id\":\"https:\\\/\\\/kibrisdakik.com\\\/?p=111497#breadcrumb\"},\"inLanguage\":\"tr\",\"potentialAction\":[{\"@type\":\"ReadAction\",\"target\":[\"https:\\\/\\\/kibrisdakik.com\\\/?p=111497\"]}]},{\"@type\":\"ImageObject\",\"inLanguage\":\"tr\",\"@id\":\"https:\\\/\\\/kibrisdakik.com\\\/?p=111497#primaryimage\",\"url\":\"https:\\\/\\\/kibrisdakik.com\\\/wp-content\\\/uploads\\\/2026\\\/04\\\/mha-sari-beyaz-5047.png\",\"contentUrl\":\"https:\\\/\\\/kibrisdakik.com\\\/wp-content\\\/uploads\\\/2026\\\/04\\\/mha-sari-beyaz-5047.png\",\"width\":1280,\"height\":720},{\"@type\":\"BreadcrumbList\",\"@id\":\"https:\\\/\\\/kibrisdakik.com\\\/?p=111497#breadcrumb\",\"itemListElement\":[{\"@type\":\"ListItem\",\"position\":1,\"name\":\"Home\",\"item\":\"https:\\\/\\\/kibrisdakik.com\\\/\"},{\"@type\":\"ListItem\",\"position\":2,\"name\":\"HAS\u0130PO\u011eLU\u2019NDAN \u0130\u015eVERENLERE \u00c7A\u011eRI\"}]},{\"@type\":\"WebSite\",\"@id\":\"https:\\\/\\\/kibrisdakik.com\\\/#website\",\"url\":\"https:\\\/\\\/kibrisdakik.com\\\/\",\"name\":\"\",\"description\":\"Tam vaktinde haber\",\"potentialAction\":[{\"@type\":\"SearchAction\",\"target\":{\"@type\":\"EntryPoint\",\"urlTemplate\":\"https:\\\/\\\/kibrisdakik.com\\\/?s={search_term_string}\"},\"query-input\":{\"@type\":\"PropertyValueSpecification\",\"valueRequired\":true,\"valueName\":\"search_term_string\"}}],\"inLanguage\":\"tr\"},{\"@type\":\"Person\",\"@id\":\"https:\\\/\\\/kibrisdakik.com\\\/#\\\/schema\\\/person\\\/9cd9d437bbb44f72b73ba127e06d8e79\",\"name\":\"admin\",\"image\":{\"@type\":\"ImageObject\",\"inLanguage\":\"tr\",\"@id\":\"https:\\\/\\\/secure.gravatar.com\\\/avatar\\\/ccc17943b9d660506c869530f897617f7cb1c21a4bf30023f252596d83e1f007?s=96&d=mm&r=g\",\"url\":\"https:\\\/\\\/secure.gravatar.com\\\/avatar\\\/ccc17943b9d660506c869530f897617f7cb1c21a4bf30023f252596d83e1f007?s=96&d=mm&r=g\",\"contentUrl\":\"https:\\\/\\\/secure.gravatar.com\\\/avatar\\\/ccc17943b9d660506c869530f897617f7cb1c21a4bf30023f252596d83e1f007?s=96&d=mm&r=g\",\"caption\":\"admin\"},\"sameAs\":[\"https:\\\/\\\/kibrisdakik.com\"],\"url\":\"https:\\\/\\\/kibrisdakik.com\\\/?author=1\"}]}<\/script>\n<!-- \/ Yoast SEO plugin. -->","yoast_head_json":{"title":"HAS\u0130PO\u011eLU\u2019NDAN \u0130\u015eVERENLERE \u00c7A\u011eRI -","robots":{"index":"index","follow":"follow","max-snippet":"max-snippet:-1","max-image-preview":"max-image-preview:large","max-video-preview":"max-video-preview:-1"},"canonical":"https:\/\/kibrisdakik.com\/?p=111497","og_locale":"tr_TR","og_type":"article","og_title":"HAS\u0130PO\u011eLU\u2019NDAN \u0130\u015eVERENLERE \u00c7A\u011eRI -","og_description":"\u00c7al\u0131\u015fma ve Sosyal G\u00fcvenlik Bakan\u0131 O\u011fuzhan Hasipo\u011flu, 1 May\u0131s Emek ve Dayan\u0131\u015fma G\u00fcn\u00fc nedeniyle t\u00fcm i\u015fverenlere \u00e7a\u011fr\u0131da bulunarak, acil ve zorunlu hizmetler d\u0131\u015f\u0131nda kalan i\u015f yerlerinin, 1 May\u0131s g\u00fcn\u00fc g\u00f6n\u00fcll\u00fcl\u00fck esas\u0131yla faaliyetlerine ara vermelerini, \u00e7al\u0131\u015fanlar\u0131na bu g\u00fcn\u00fc ger\u00e7ek anlam\u0131yla bayram olarak ya\u015fatmalar\u0131n\u0131 istedi. Bakan Hasipo\u011flu yay\u0131mlad\u0131\u011f\u0131 mesajda, 1 May\u0131s\u2019\u0131n, yaln\u0131zca takvimde yer alan bir g\u00fcn","og_url":"https:\/\/kibrisdakik.com\/?p=111497","article_published_time":"2026-04-29T13:46:17+00:00","og_image":[{"url":"https:\/\/mhahabercom.teimg.com\/crop\/1280x720\/mhahaber-com\/uploads\/2026\/04\/mha-sari-beyaz-5047.png","type":"","width":"","height":""}],"author":"admin","twitter_card":"summary_large_image","twitter_misc":{"Yazan:":"admin","Tahmini okuma s\u00fcresi":"3 dakika"},"schema":{"@context":"https:\/\/schema.org","@graph":[{"@type":"Article","@id":"https:\/\/kibrisdakik.com\/?p=111497#article","isPartOf":{"@id":"https:\/\/kibrisdakik.com\/?p=111497"},"author":{"name":"admin","@id":"https:\/\/kibrisdakik.com\/#\/schema\/person\/9cd9d437bbb44f72b73ba127e06d8e79"},"headline":"HAS\u0130PO\u011eLU\u2019NDAN \u0130\u015eVERENLERE \u00c7A\u011eRI","datePublished":"2026-04-29T13:46:17+00:00","mainEntityOfPage":{"@id":"https:\/\/kibrisdakik.com\/?p=111497"},"wordCount":565,"commentCount":0,"image":{"@id":"https:\/\/kibrisdakik.com\/?p=111497#primaryimage"},"thumbnailUrl":"https:\/\/kibrisdakik.com\/wp-content\/uploads\/2026\/04\/mha-sari-beyaz-5047.png","articleSection":["K\u0131br\u0131s"],"inLanguage":"tr","potentialAction":[{"@type":"CommentAction","name":"Comment","target":["https:\/\/kibrisdakik.com\/?p=111497#respond"]}]},{"@type":"WebPage","@id":"https:\/\/kibrisdakik.com\/?p=111497","url":"https:\/\/kibrisdakik.com\/?p=111497","name":"HAS\u0130PO\u011eLU\u2019NDAN \u0130\u015eVERENLERE \u00c7A\u011eRI -","isPartOf":{"@id":"https:\/\/kibrisdakik.com\/#website"},"primaryImageOfPage":{"@id":"https:\/\/kibrisdakik.com\/?p=111497#primaryimage"},"image":{"@id":"https:\/\/kibrisdakik.com\/?p=111497#primaryimage"},"thumbnailUrl":"https:\/\/kibrisdakik.com\/wp-content\/uploads\/2026\/04\/mha-sari-beyaz-5047.png","datePublished":"2026-04-29T13:46:17+00:00","author":{"@id":"https:\/\/kibrisdakik.com\/#\/schema\/person\/9cd9d437bbb44f72b73ba127e06d8e79"},"breadcrumb":{"@id":"https:\/\/kibrisdakik.com\/?p=111497#breadcrumb"},"inLanguage":"tr","potentialAction":[{"@type":"ReadAction","target":["https:\/\/kibrisdakik.com\/?p=111497"]}]},{"@type":"ImageObject","inLanguage":"tr","@id":"https:\/\/kibrisdakik.com\/?p=111497#primaryimage","url":"https:\/\/kibrisdakik.com\/wp-content\/uploads\/2026\/04\/mha-sari-beyaz-5047.png","contentUrl":"https:\/\/kibrisdakik.com\/wp-content\/uploads\/2026\/04\/mha-sari-beyaz-5047.png","width":1280,"height":720},{"@type":"BreadcrumbList","@id":"https:\/\/kibrisdakik.com\/?p=111497#breadcrumb","itemListElement":[{"@type":"ListItem","position":1,"name":"Home","item":"https:\/\/kibrisdakik.com\/"},{"@type":"ListItem","position":2,"name":"HAS\u0130PO\u011eLU\u2019NDAN \u0130\u015eVERENLERE \u00c7A\u011eRI"}]},{"@type":"WebSite","@id":"https:\/\/kibrisdakik.com\/#website","url":"https:\/\/kibrisdakik.com\/","name":"","description":"Tam vaktinde haber","potentialAction":[{"@type":"SearchAction","target":{"@type":"EntryPoint","urlTemplate":"https:\/\/kibrisdakik.com\/?s={search_term_string}"},"query-input":{"@type":"PropertyValueSpecification","valueRequired":true,"valueName":"search_term_string"}}],"inLanguage":"tr"},{"@type":"Person","@id":"https:\/\/kibrisdakik.com\/#\/schema\/person\/9cd9d437bbb44f72b73ba127e06d8e79","name":"admin","image":{"@type":"ImageObject","inLanguage":"tr","@id":"https:\/\/secure.gravatar.com\/avatar\/ccc17943b9d660506c869530f897617f7cb1c21a4bf30023f252596d83e1f007?s=96&d=mm&r=g","url":"https:\/\/secure.gravatar.com\/avatar\/ccc17943b9d660506c869530f897617f7cb1c21a4bf30023f252596d83e1f007?s=96&d=mm&r=g","contentUrl":"https:\/\/secure.gravatar.com\/avatar\/ccc17943b9d660506c869530f897617f7cb1c21a4bf30023f252596d83e1f007?s=96&d=mm&r=g","caption":"admin"},"sameAs":["https:\/\/kibrisdakik.com"],"url":"https:\/\/kibrisdakik.com\/?author=1"}]}},"_links":{"self":[{"href":"https:\/\/kibrisdakik.com\/index.php?rest_route=\/wp\/v2\/posts\/111497","targetHints":{"allow":["GET"]}}],"collection":[{"href":"https:\/\/kibrisdakik.com\/index.php?rest_route=\/wp\/v2\/posts"}],"about":[{"href":"https:\/\/kibrisdakik.com\/index.php?rest_route=\/wp\/v2\/types\/post"}],"author":[{"embeddable":true,"href":"https:\/\/kibrisdakik.com\/index.php?rest_route=\/wp\/v2\/users\/1"}],"replies":[{"embeddable":true,"href":"https:\/\/kibrisdakik.com\/index.php?rest_route=%2Fwp%2Fv2%2Fcomments&post=111497"}],"version-history":[{"count":0,"href":"https:\/\/kibrisdakik.com\/index.php?rest_route=\/wp\/v2\/posts\/111497\/revisions"}],"wp:featuredmedia":[{"embeddable":true,"href":"https:\/\/kibrisdakik.com\/index.php?rest_route=\/wp\/v2\/media\/111498"}],"wp:attachment":[{"href":"https:\/\/kibrisdakik.com\/index.php?rest_route=%2Fwp%2Fv2%2Fmedia&parent=111497"}],"wp:term":[{"taxonomy":"category","embeddable":true,"href":"https:\/\/kibrisdakik.com\/index.php?rest_route=%2Fwp%2Fv2%2Fcategories&post=111497"},{"taxonomy":"post_tag","embeddable":true,"href":"https:\/\/kibrisdakik.com\/index.php?rest_route=%2Fwp%2Fv2%2Ftags&post=111497"}],"curies":[{"name":"wp","href":"https:\/\/api.w.org\/{rel}","templated":true}]}}