{"id":111501,"date":"2026-04-29T17:12:26","date_gmt":"2026-04-29T14:12:26","guid":{"rendered":"https:\/\/kibrisdakik.com\/?p=111501"},"modified":"2026-04-29T17:12:26","modified_gmt":"2026-04-29T14:12:26","slug":"girne-oto-galeri-kundaklama-davasinda-karar","status":"publish","type":"post","link":"https:\/\/kibrisdakik.com\/?p=111501","title":{"rendered":"G\u0130RNE OTO GALER\u0130 KUNDAKLAMA DAVASINDA KARAR"},"content":{"rendered":"<p><\/p>\n<div data-text-id=\"200983\" property=\"articleBody\">\n<p>Mahkeme: \u201cSadece Mala De\u011fil, Toplumda da B\u00fcy\u00fck \u0130nfial Yaratt\u0131lar\u201d<\/p>\n<p>Girne\u2019de Aral\u0131k ay\u0131nda b\u00fcy\u00fck yank\u0131 uyand\u0131ran oto galeri kundaklama davas\u0131nda karar a\u00e7\u0131kland\u0131. Girne\u2019de faaliyet g\u00f6steren Girne Oto Galeri isimli i\u015f yerinde bulunan iki araca yan\u0131c\u0131 madde d\u00f6kerek toplam 4 milyon 717 bin TL\u2019lik zarara neden olan d\u00f6rt san\u0131k hakk\u0131nda Girne Kaza Mahkemesi h\u00fckm\u00fcn\u00fc verdi.<br \/>&#13;<br \/>\nSan\u0131klar M.G., M.T.K., M.E.K. ve S.P. hakk\u0131ndaki dava, Girne Kaza Mahkemesi Yarg\u0131c\u0131 Murat Soyta\u00e7 huzurunda karara ba\u011fland\u0131. Mahkeme, su\u00e7un vahameti, organize \u015fekilde i\u015flenmesi ve maddi menfaat kar\u015f\u0131l\u0131\u011f\u0131nda ger\u00e7ekle\u015ftirilmesini a\u011f\u0131rla\u015ft\u0131r\u0131c\u0131 unsur olarak de\u011ferlendirdi.<\/p>\n<p>Mahkemeden A\u011f\u0131r Ceza: \u0130ki San\u0131\u011fa 18 Ay, \u0130ki San\u0131\u011fa 14 Ay Hapis<br \/>&#13;<br \/>\nYarg\u0131\u00e7 Murat Soyta\u00e7, karar\u0131nda \u00f6zellikle su\u00e7un planl\u0131 ve organize bir \u015fekilde i\u015flendi\u011fine dikkat \u00e7ekti. T\u00fcrkiye\u2019den sadece bu su\u00e7u i\u015flemek amac\u0131yla KKTC\u2019ye geldikleri tespit edilen M.G. ile M.T.K., 18\u2019er ay hapis cezas\u0131na \u00e7arpt\u0131r\u0131ld\u0131.<br \/>&#13;<br \/>\nSan\u0131klara yard\u0131m ettikleri belirlenen M.E.K. ile S.P. ise 14\u2019er ay hapis cezas\u0131na mahkum edildi.<br \/>&#13;<br \/>\nMahkeme, d\u00f6rt san\u0131\u011f\u0131n da Aral\u0131k ay\u0131ndan bu yana Merkezi Cezaevi\u2019nde h\u00fck\u00fcms\u00fcz tutuklu olarak bulunduklar\u0131n\u0131 belirtti.<\/p>\n<p>Yarg\u0131\u00e7 Soyta\u00e7: \u201cBu Su\u00e7 Sadece Mala Kar\u015f\u0131 De\u011fil\u201d<br \/>&#13;<br \/>\nKarar\u0131nda dikkat \u00e7eken de\u011ferlendirmelerde bulunan Yarg\u0131\u00e7 Murat Soyta\u00e7, i\u015flenen su\u00e7un yaln\u0131zca maddi zarar boyutuyla ele al\u0131namayaca\u011f\u0131n\u0131 vurgulad\u0131.<br \/>&#13;<br \/>\nSoyta\u00e7, san\u0131klar\u0131n \u201cKasti Hasar\u201d su\u00e7u kapsam\u0131nda yarg\u0131land\u0131\u011f\u0131n\u0131 ancak olay\u0131n toplum \u00fczerinde ciddi bir korku ve infial yaratt\u0131\u011f\u0131n\u0131 belirterek \u015fu de\u011ferlendirmeyi yapt\u0131:<br \/>&#13;<br \/>\n\u201cBu su\u00e7 sadece mala kar\u015f\u0131 i\u015flenmi\u015f bir su\u00e7 de\u011fildir. Toplumda infial yaratan, son derece a\u011f\u0131r ve organize \u015fiddet i\u00e7eren bir eylemdir.\u201d<br \/>&#13;<br \/>\nMahkeme, kundaklama giri\u015fiminin gece saatlerinde ger\u00e7ekle\u015ftirilmi\u015f olmas\u0131n\u0131n da olas\u0131 daha b\u00fcy\u00fck tehlikeleri beraberinde getirdi\u011fine dikkat \u00e7ekti.<\/p>\n<p>\u201cSu\u00e7 \u0130\u015flemek \u0130\u00e7in \u00dclkeye Geldiler\u201d<br \/>&#13;<br \/>\nKarar\u0131n en dikkat \u00e7eken b\u00f6l\u00fcmlerinden biri ise M.G. ve M.T.K. hakk\u0131nda yap\u0131lan tespit oldu.<br \/>&#13;<br \/>\nYarg\u0131\u00e7 Soyta\u00e7, iki san\u0131\u011f\u0131n yaln\u0131zca bu su\u00e7u ger\u00e7ekle\u015ftirmek amac\u0131yla \u00fclkeye giri\u015f yapt\u0131\u011f\u0131n\u0131 belirterek bunun su\u00e7un tesad\u00fcfi de\u011fil, \u00f6nceden planlanm\u0131\u015f ve organize edilmi\u015f bir sald\u0131r\u0131 oldu\u011funu a\u00e7\u0131k\u00e7a ortaya koydu\u011funu s\u00f6yledi.<br \/>&#13;<br \/>\n\u201cSan\u0131k M.G. ve M.T.K.\u2019nin bu su\u00e7u i\u015flemek i\u00e7in \u00fclkeye gelmesi, eylemin planl\u0131 ve organize i\u015flendi\u011fini g\u00f6stermektedir.\u201d<br \/>&#13;<br \/>\nifadeleri kararda \u00f6ne \u00e7\u0131kan de\u011ferlendirmeler aras\u0131nda yer ald\u0131.<\/p>\n<p>Mahkemeden \u201cC\u00fcretkarca \u0130\u015flenmi\u015f\u201d Tespiti<br \/>&#13;<br \/>\nMahkeme, olay\u0131n i\u015fleni\u015f bi\u00e7iminin de son derece dikkat \u00e7ekici ve a\u011f\u0131rla\u015ft\u0131r\u0131c\u0131 nitelikte oldu\u011funa vurgu yapt\u0131.<br \/>&#13;<br \/>\nSan\u0131klar\u0131n su\u00e7 s\u0131ras\u0131nda maske, eldiven ve kap\u00fc\u015fon kullanarak kimliklerini gizlemeye \u00e7al\u0131\u015ft\u0131klar\u0131, buna ra\u011fmen i\u015flenen eylemi kay\u0131t alt\u0131na almalar\u0131n\u0131n \u201cc\u00fcretkarca\u201d bir davran\u0131\u015f oldu\u011fu belirtildi.<br \/>&#13;<br \/>\nYarg\u0131\u00e7 Soyta\u00e7, bu durumun su\u00e7un bilin\u00e7li \u015fekilde i\u015flendi\u011fini ve faillerin eylemi adeta belgelemek istercesine hareket etti\u011fini ifade etti.<br \/>&#13;<br \/>\nAyr\u0131ca olay\u0131n insanlar\u0131n istirahatte oldu\u011fu gece vakti ger\u00e7ekle\u015ftirilmesi nedeniyle yang\u0131n\u0131n b\u00fcy\u00fcmesi veya can kayb\u0131na yol a\u00e7abilecek daha b\u00fcy\u00fck riskler do\u011fabilece\u011fi de vurguland\u0131.<\/p>\n<p>Ekonomik S\u0131k\u0131nt\u0131lar ve Maddi Menfaat Su\u00e7a S\u00fcr\u00fckledi<br \/>&#13;<br \/>\nKararda san\u0131klar\u0131n sosyal tahkikat raporlar\u0131 da dikkate al\u0131nd\u0131. Mahkeme, san\u0131klar\u0131n ekonomik zorluklar i\u00e7erisinde olduklar\u0131n\u0131 ve maddi menfaat kar\u015f\u0131l\u0131\u011f\u0131nda bu su\u00e7u i\u015flediklerini belirtti.<br \/>&#13;<br \/>\nYarg\u0131\u00e7 Soyta\u00e7, san\u0131klar\u0131n ya\u015flar\u0131n\u0131n da dikkat \u00e7ekici oldu\u011funu ifade ederek \u00fc\u00e7 san\u0131\u011f\u0131n 18, bir san\u0131\u011f\u0131n ise 19 ya\u015f\u0131nda oldu\u011funu s\u00f6yledi.<br \/>&#13;<br \/>\nMahkeme, \u00f6zellikle sosyal destekten yoksun olan gen\u00e7lerin daha b\u00fcy\u00fck ki\u015filer taraf\u0131ndan y\u00f6nlendirilerek su\u00e7un i\u00e7ine \u00e7ekildi\u011fine i\u015faret etti.<br \/>&#13;<br \/>\n\u201cSosyal destekten yoksun san\u0131klar, b\u00fcy\u00fck ki\u015filerin etkisi alt\u0131nda kalarak bu su\u00e7u i\u015flediler.\u201d<br \/>&#13;<br \/>\nde\u011ferlendirmesi kararda \u00f6nemli yer tuttu.<\/p>\n<p>Gen\u00e7 Ya\u015flar\u0131na Ra\u011fmen A\u011f\u0131r Sonu\u00e7<br \/>&#13;<br \/>\nMahkeme, san\u0131klar\u0131n gen\u00e7 ya\u015fta olmalar\u0131n\u0131 hafifletici unsur olarak de\u011ferlendirse de su\u00e7un niteli\u011fi ve kamu d\u00fczenine verdi\u011fi zarar nedeniyle hapis cezas\u0131n\u0131n ka\u00e7\u0131n\u0131lmaz oldu\u011funa h\u00fckmetti.<br \/>&#13;<br \/>\n\u00d6zellikle organize su\u00e7 niteli\u011fi ta\u015f\u0131yan bu t\u00fcr eylemlerde cayd\u0131r\u0131c\u0131l\u0131\u011f\u0131n b\u00fcy\u00fck \u00f6nem ta\u015f\u0131d\u0131\u011f\u0131na vurgu yap\u0131ld\u0131.<\/p>\n<\/p><\/div>\n","protected":false},"excerpt":{"rendered":"<p>Mahkeme: \u201cSadece Mala De\u011fil, Toplumda da B\u00fcy\u00fck \u0130nfial Yaratt\u0131lar\u201d Girne\u2019de Aral\u0131k ay\u0131nda b\u00fcy\u00fck yank\u0131 uyand\u0131ran oto galeri kundaklama davas\u0131nda karar a\u00e7\u0131kland\u0131. Girne\u2019de faaliyet g\u00f6steren Girne Oto Galeri isimli i\u015f yerinde bulunan iki araca yan\u0131c\u0131 madde d\u00f6kerek toplam 4 milyon 717 bin TL\u2019lik zarara neden olan d\u00f6rt san\u0131k hakk\u0131nda Girne Kaza Mahkemesi h\u00fckm\u00fcn\u00fc verdi.&#13; San\u0131klar M.G.,<\/p>\n","protected":false},"author":1,"featured_media":111502,"comment_status":"open","ping_status":"open","sticky":false,"template":"","format":"standard","meta":{"footnotes":""},"categories":[81],"tags":[],"class_list":["post-111501","post","type-post","status-publish","format-standard","has-post-thumbnail","hentry","category-kibris"],"yoast_head":"<!-- This site is optimized with the Yoast SEO plugin v27.5 - https:\/\/yoast.com\/product\/yoast-seo-wordpress\/ -->\n<title>G\u0130RNE OTO GALER\u0130 KUNDAKLAMA DAVASINDA KARAR -<\/title>\n<meta name=\"robots\" content=\"index, follow, max-snippet:-1, max-image-preview:large, max-video-preview:-1\" \/>\n<link rel=\"canonical\" href=\"https:\/\/kibrisdakik.com\/?p=111501\" \/>\n<meta property=\"og:locale\" content=\"tr_TR\" \/>\n<meta property=\"og:type\" content=\"article\" \/>\n<meta property=\"og:title\" content=\"G\u0130RNE OTO GALER\u0130 KUNDAKLAMA DAVASINDA KARAR -\" \/>\n<meta property=\"og:description\" content=\"Mahkeme: \u201cSadece Mala De\u011fil, Toplumda da B\u00fcy\u00fck \u0130nfial Yaratt\u0131lar\u201d Girne\u2019de Aral\u0131k ay\u0131nda b\u00fcy\u00fck yank\u0131 uyand\u0131ran oto galeri kundaklama davas\u0131nda karar a\u00e7\u0131kland\u0131. Girne\u2019de faaliyet g\u00f6steren Girne Oto Galeri isimli i\u015f yerinde bulunan iki araca yan\u0131c\u0131 madde d\u00f6kerek toplam 4 milyon 717 bin TL\u2019lik zarara neden olan d\u00f6rt san\u0131k hakk\u0131nda Girne Kaza Mahkemesi h\u00fckm\u00fcn\u00fc verdi.&#013; San\u0131klar M.G.,\" \/>\n<meta property=\"og:url\" content=\"https:\/\/kibrisdakik.com\/?p=111501\" \/>\n<meta property=\"article:published_time\" content=\"2026-04-29T14:12:26+00:00\" \/>\n<meta property=\"og:image\" content=\"https:\/\/mhahabercom.teimg.com\/crop\/1280x720\/mhahaber-com\/uploads\/2026\/04\/mha-sari-beyaz-5049.png\" \/>\n<meta name=\"author\" content=\"admin\" \/>\n<meta name=\"twitter:card\" content=\"summary_large_image\" \/>\n<meta name=\"twitter:label1\" content=\"Yazan:\" \/>\n\t<meta name=\"twitter:data1\" content=\"admin\" \/>\n\t<meta name=\"twitter:label2\" content=\"Tahmini okuma s\u00fcresi\" \/>\n\t<meta name=\"twitter:data2\" content=\"4 dakika\" \/>\n<script type=\"application\/ld+json\" class=\"yoast-schema-graph\">{\"@context\":\"https:\\\/\\\/schema.org\",\"@graph\":[{\"@type\":\"Article\",\"@id\":\"https:\\\/\\\/kibrisdakik.com\\\/?p=111501#article\",\"isPartOf\":{\"@id\":\"https:\\\/\\\/kibrisdakik.com\\\/?p=111501\"},\"author\":{\"name\":\"admin\",\"@id\":\"https:\\\/\\\/kibrisdakik.com\\\/#\\\/schema\\\/person\\\/9cd9d437bbb44f72b73ba127e06d8e79\"},\"headline\":\"G\u0130RNE OTO GALER\u0130 KUNDAKLAMA DAVASINDA KARAR\",\"datePublished\":\"2026-04-29T14:12:26+00:00\",\"mainEntityOfPage\":{\"@id\":\"https:\\\/\\\/kibrisdakik.com\\\/?p=111501\"},\"wordCount\":785,\"commentCount\":0,\"image\":{\"@id\":\"https:\\\/\\\/kibrisdakik.com\\\/?p=111501#primaryimage\"},\"thumbnailUrl\":\"https:\\\/\\\/kibrisdakik.com\\\/wp-content\\\/uploads\\\/2026\\\/04\\\/mha-sari-beyaz-5049.png\",\"articleSection\":[\"K\u0131br\u0131s\"],\"inLanguage\":\"tr\",\"potentialAction\":[{\"@type\":\"CommentAction\",\"name\":\"Comment\",\"target\":[\"https:\\\/\\\/kibrisdakik.com\\\/?p=111501#respond\"]}]},{\"@type\":\"WebPage\",\"@id\":\"https:\\\/\\\/kibrisdakik.com\\\/?p=111501\",\"url\":\"https:\\\/\\\/kibrisdakik.com\\\/?p=111501\",\"name\":\"G\u0130RNE OTO GALER\u0130 KUNDAKLAMA DAVASINDA KARAR -\",\"isPartOf\":{\"@id\":\"https:\\\/\\\/kibrisdakik.com\\\/#website\"},\"primaryImageOfPage\":{\"@id\":\"https:\\\/\\\/kibrisdakik.com\\\/?p=111501#primaryimage\"},\"image\":{\"@id\":\"https:\\\/\\\/kibrisdakik.com\\\/?p=111501#primaryimage\"},\"thumbnailUrl\":\"https:\\\/\\\/kibrisdakik.com\\\/wp-content\\\/uploads\\\/2026\\\/04\\\/mha-sari-beyaz-5049.png\",\"datePublished\":\"2026-04-29T14:12:26+00:00\",\"author\":{\"@id\":\"https:\\\/\\\/kibrisdakik.com\\\/#\\\/schema\\\/person\\\/9cd9d437bbb44f72b73ba127e06d8e79\"},\"breadcrumb\":{\"@id\":\"https:\\\/\\\/kibrisdakik.com\\\/?p=111501#breadcrumb\"},\"inLanguage\":\"tr\",\"potentialAction\":[{\"@type\":\"ReadAction\",\"target\":[\"https:\\\/\\\/kibrisdakik.com\\\/?p=111501\"]}]},{\"@type\":\"ImageObject\",\"inLanguage\":\"tr\",\"@id\":\"https:\\\/\\\/kibrisdakik.com\\\/?p=111501#primaryimage\",\"url\":\"https:\\\/\\\/kibrisdakik.com\\\/wp-content\\\/uploads\\\/2026\\\/04\\\/mha-sari-beyaz-5049.png\",\"contentUrl\":\"https:\\\/\\\/kibrisdakik.com\\\/wp-content\\\/uploads\\\/2026\\\/04\\\/mha-sari-beyaz-5049.png\",\"width\":1280,\"height\":720},{\"@type\":\"BreadcrumbList\",\"@id\":\"https:\\\/\\\/kibrisdakik.com\\\/?p=111501#breadcrumb\",\"itemListElement\":[{\"@type\":\"ListItem\",\"position\":1,\"name\":\"Home\",\"item\":\"https:\\\/\\\/kibrisdakik.com\\\/\"},{\"@type\":\"ListItem\",\"position\":2,\"name\":\"G\u0130RNE OTO GALER\u0130 KUNDAKLAMA DAVASINDA KARAR\"}]},{\"@type\":\"WebSite\",\"@id\":\"https:\\\/\\\/kibrisdakik.com\\\/#website\",\"url\":\"https:\\\/\\\/kibrisdakik.com\\\/\",\"name\":\"\",\"description\":\"Tam vaktinde haber\",\"potentialAction\":[{\"@type\":\"SearchAction\",\"target\":{\"@type\":\"EntryPoint\",\"urlTemplate\":\"https:\\\/\\\/kibrisdakik.com\\\/?s={search_term_string}\"},\"query-input\":{\"@type\":\"PropertyValueSpecification\",\"valueRequired\":true,\"valueName\":\"search_term_string\"}}],\"inLanguage\":\"tr\"},{\"@type\":\"Person\",\"@id\":\"https:\\\/\\\/kibrisdakik.com\\\/#\\\/schema\\\/person\\\/9cd9d437bbb44f72b73ba127e06d8e79\",\"name\":\"admin\",\"image\":{\"@type\":\"ImageObject\",\"inLanguage\":\"tr\",\"@id\":\"https:\\\/\\\/secure.gravatar.com\\\/avatar\\\/ccc17943b9d660506c869530f897617f7cb1c21a4bf30023f252596d83e1f007?s=96&d=mm&r=g\",\"url\":\"https:\\\/\\\/secure.gravatar.com\\\/avatar\\\/ccc17943b9d660506c869530f897617f7cb1c21a4bf30023f252596d83e1f007?s=96&d=mm&r=g\",\"contentUrl\":\"https:\\\/\\\/secure.gravatar.com\\\/avatar\\\/ccc17943b9d660506c869530f897617f7cb1c21a4bf30023f252596d83e1f007?s=96&d=mm&r=g\",\"caption\":\"admin\"},\"sameAs\":[\"https:\\\/\\\/kibrisdakik.com\"],\"url\":\"https:\\\/\\\/kibrisdakik.com\\\/?author=1\"}]}<\/script>\n<!-- \/ Yoast SEO plugin. -->","yoast_head_json":{"title":"G\u0130RNE OTO GALER\u0130 KUNDAKLAMA DAVASINDA KARAR -","robots":{"index":"index","follow":"follow","max-snippet":"max-snippet:-1","max-image-preview":"max-image-preview:large","max-video-preview":"max-video-preview:-1"},"canonical":"https:\/\/kibrisdakik.com\/?p=111501","og_locale":"tr_TR","og_type":"article","og_title":"G\u0130RNE OTO GALER\u0130 KUNDAKLAMA DAVASINDA KARAR -","og_description":"Mahkeme: \u201cSadece Mala De\u011fil, Toplumda da B\u00fcy\u00fck \u0130nfial Yaratt\u0131lar\u201d Girne\u2019de Aral\u0131k ay\u0131nda b\u00fcy\u00fck yank\u0131 uyand\u0131ran oto galeri kundaklama davas\u0131nda karar a\u00e7\u0131kland\u0131. Girne\u2019de faaliyet g\u00f6steren Girne Oto Galeri isimli i\u015f yerinde bulunan iki araca yan\u0131c\u0131 madde d\u00f6kerek toplam 4 milyon 717 bin TL\u2019lik zarara neden olan d\u00f6rt san\u0131k hakk\u0131nda Girne Kaza Mahkemesi h\u00fckm\u00fcn\u00fc verdi.&#13; San\u0131klar M.G.,","og_url":"https:\/\/kibrisdakik.com\/?p=111501","article_published_time":"2026-04-29T14:12:26+00:00","og_image":[{"url":"https:\/\/mhahabercom.teimg.com\/crop\/1280x720\/mhahaber-com\/uploads\/2026\/04\/mha-sari-beyaz-5049.png","type":"","width":"","height":""}],"author":"admin","twitter_card":"summary_large_image","twitter_misc":{"Yazan:":"admin","Tahmini okuma s\u00fcresi":"4 dakika"},"schema":{"@context":"https:\/\/schema.org","@graph":[{"@type":"Article","@id":"https:\/\/kibrisdakik.com\/?p=111501#article","isPartOf":{"@id":"https:\/\/kibrisdakik.com\/?p=111501"},"author":{"name":"admin","@id":"https:\/\/kibrisdakik.com\/#\/schema\/person\/9cd9d437bbb44f72b73ba127e06d8e79"},"headline":"G\u0130RNE OTO GALER\u0130 KUNDAKLAMA DAVASINDA KARAR","datePublished":"2026-04-29T14:12:26+00:00","mainEntityOfPage":{"@id":"https:\/\/kibrisdakik.com\/?p=111501"},"wordCount":785,"commentCount":0,"image":{"@id":"https:\/\/kibrisdakik.com\/?p=111501#primaryimage"},"thumbnailUrl":"https:\/\/kibrisdakik.com\/wp-content\/uploads\/2026\/04\/mha-sari-beyaz-5049.png","articleSection":["K\u0131br\u0131s"],"inLanguage":"tr","potentialAction":[{"@type":"CommentAction","name":"Comment","target":["https:\/\/kibrisdakik.com\/?p=111501#respond"]}]},{"@type":"WebPage","@id":"https:\/\/kibrisdakik.com\/?p=111501","url":"https:\/\/kibrisdakik.com\/?p=111501","name":"G\u0130RNE OTO GALER\u0130 KUNDAKLAMA DAVASINDA KARAR -","isPartOf":{"@id":"https:\/\/kibrisdakik.com\/#website"},"primaryImageOfPage":{"@id":"https:\/\/kibrisdakik.com\/?p=111501#primaryimage"},"image":{"@id":"https:\/\/kibrisdakik.com\/?p=111501#primaryimage"},"thumbnailUrl":"https:\/\/kibrisdakik.com\/wp-content\/uploads\/2026\/04\/mha-sari-beyaz-5049.png","datePublished":"2026-04-29T14:12:26+00:00","author":{"@id":"https:\/\/kibrisdakik.com\/#\/schema\/person\/9cd9d437bbb44f72b73ba127e06d8e79"},"breadcrumb":{"@id":"https:\/\/kibrisdakik.com\/?p=111501#breadcrumb"},"inLanguage":"tr","potentialAction":[{"@type":"ReadAction","target":["https:\/\/kibrisdakik.com\/?p=111501"]}]},{"@type":"ImageObject","inLanguage":"tr","@id":"https:\/\/kibrisdakik.com\/?p=111501#primaryimage","url":"https:\/\/kibrisdakik.com\/wp-content\/uploads\/2026\/04\/mha-sari-beyaz-5049.png","contentUrl":"https:\/\/kibrisdakik.com\/wp-content\/uploads\/2026\/04\/mha-sari-beyaz-5049.png","width":1280,"height":720},{"@type":"BreadcrumbList","@id":"https:\/\/kibrisdakik.com\/?p=111501#breadcrumb","itemListElement":[{"@type":"ListItem","position":1,"name":"Home","item":"https:\/\/kibrisdakik.com\/"},{"@type":"ListItem","position":2,"name":"G\u0130RNE OTO GALER\u0130 KUNDAKLAMA DAVASINDA KARAR"}]},{"@type":"WebSite","@id":"https:\/\/kibrisdakik.com\/#website","url":"https:\/\/kibrisdakik.com\/","name":"","description":"Tam vaktinde haber","potentialAction":[{"@type":"SearchAction","target":{"@type":"EntryPoint","urlTemplate":"https:\/\/kibrisdakik.com\/?s={search_term_string}"},"query-input":{"@type":"PropertyValueSpecification","valueRequired":true,"valueName":"search_term_string"}}],"inLanguage":"tr"},{"@type":"Person","@id":"https:\/\/kibrisdakik.com\/#\/schema\/person\/9cd9d437bbb44f72b73ba127e06d8e79","name":"admin","image":{"@type":"ImageObject","inLanguage":"tr","@id":"https:\/\/secure.gravatar.com\/avatar\/ccc17943b9d660506c869530f897617f7cb1c21a4bf30023f252596d83e1f007?s=96&d=mm&r=g","url":"https:\/\/secure.gravatar.com\/avatar\/ccc17943b9d660506c869530f897617f7cb1c21a4bf30023f252596d83e1f007?s=96&d=mm&r=g","contentUrl":"https:\/\/secure.gravatar.com\/avatar\/ccc17943b9d660506c869530f897617f7cb1c21a4bf30023f252596d83e1f007?s=96&d=mm&r=g","caption":"admin"},"sameAs":["https:\/\/kibrisdakik.com"],"url":"https:\/\/kibrisdakik.com\/?author=1"}]}},"_links":{"self":[{"href":"https:\/\/kibrisdakik.com\/index.php?rest_route=\/wp\/v2\/posts\/111501","targetHints":{"allow":["GET"]}}],"collection":[{"href":"https:\/\/kibrisdakik.com\/index.php?rest_route=\/wp\/v2\/posts"}],"about":[{"href":"https:\/\/kibrisdakik.com\/index.php?rest_route=\/wp\/v2\/types\/post"}],"author":[{"embeddable":true,"href":"https:\/\/kibrisdakik.com\/index.php?rest_route=\/wp\/v2\/users\/1"}],"replies":[{"embeddable":true,"href":"https:\/\/kibrisdakik.com\/index.php?rest_route=%2Fwp%2Fv2%2Fcomments&post=111501"}],"version-history":[{"count":0,"href":"https:\/\/kibrisdakik.com\/index.php?rest_route=\/wp\/v2\/posts\/111501\/revisions"}],"wp:featuredmedia":[{"embeddable":true,"href":"https:\/\/kibrisdakik.com\/index.php?rest_route=\/wp\/v2\/media\/111502"}],"wp:attachment":[{"href":"https:\/\/kibrisdakik.com\/index.php?rest_route=%2Fwp%2Fv2%2Fmedia&parent=111501"}],"wp:term":[{"taxonomy":"category","embeddable":true,"href":"https:\/\/kibrisdakik.com\/index.php?rest_route=%2Fwp%2Fv2%2Fcategories&post=111501"},{"taxonomy":"post_tag","embeddable":true,"href":"https:\/\/kibrisdakik.com\/index.php?rest_route=%2Fwp%2Fv2%2Ftags&post=111501"}],"curies":[{"name":"wp","href":"https:\/\/api.w.org\/{rel}","templated":true}]}}