{"id":111503,"date":"2026-04-29T17:24:16","date_gmt":"2026-04-29T14:24:16","guid":{"rendered":"https:\/\/kibrisdakik.com\/?p=111503"},"modified":"2026-04-29T17:24:16","modified_gmt":"2026-04-29T14:24:16","slug":"tam-parti-askeri-hamleler-endise-verici","status":"publish","type":"post","link":"https:\/\/kibrisdakik.com\/?p=111503","title":{"rendered":"TAM PART\u0130: ASKER\u0130 HAMLELER END\u0130\u015eE VER\u0130C\u0130"},"content":{"rendered":"<p><\/p>\n<p>Toplumsal Adalet ve M\u00fccadele Partisi (TAM Parti), Fransa ve G\u00fcney K\u0131br\u0131s Rum Y\u00f6netimi\u2019nin adaya Frans\u0131z askerlerinin konu\u015fland\u0131r\u0131lmas\u0131 giri\u015fimlerine kar\u015f\u0131l\u0131k, konuya itiraz\u0131n\u0131, Birle\u015fmi\u015f Milletler Bar\u0131\u015f G\u00fcc\u00fc (UNFICYP) \u00fczerinden Birle\u015fmi\u015f Milletler Sekreteri Antonio Guterres&#8217;e iletilmek \u00fczere yollad\u0131\u011f\u0131 mektupla dile getirdi.<\/p>\n<p>TAM Parti D\u0131\u015f \u0130li\u015fkilerden Sorumlu Genel Ba\u015fkan Yard\u0131mc\u0131s\u0131 Diler Ertu\u011f ve beraberindeki partililer saat 14.30\u2019da Ledra Palas s\u0131n\u0131r kap\u0131s\u0131na giderek mektubu BM yetkilisine teslim etti.<\/p>\n<div id=\"ad_121\" data-channel=\"121\" data-advert=\"temedya\" data-rotation=\"120\" class=\"mb-3 text-center\"><\/div>\n<div id=\"ad_121_mobile\" data-channel=\"121\" data-advert=\"temedya\" data-rotation=\"120\" class=\"mb-3 text-center\"><\/div>\n<p>Burada bas\u0131na a\u00e7\u0131klama da yapan Ertu\u011f, t\u00fcm uluslararas\u0131 toplumu K\u0131br\u0131s T\u00fcrk halk\u0131n\u0131n Ada \u00fczerindeki varl\u0131\u011f\u0131 ve ge\u00e7mi\u015ften gelen do\u011fal haklar\u0131n\u0131 tan\u0131maya \u00e7a\u011f\u0131rd\u0131.<\/p>\n<p>Ertu\u011f, her iki y\u00f6netimin \u201cinsani ama\u00e7lar\u201d \u00f6ne s\u00fcrerek silahlanmaya a\u011f\u0131rl\u0131k vermesini endi\u015fe verici olarak niteleyerek, bunun K\u0131br\u0131s T\u00fcrk ve Rum halklar\u0131 aras\u0131ndaki k\u0131r\u0131lgan ili\u015fkileri daha da istikrars\u0131zla\u015ft\u0131rd\u0131\u011f\u0131n\u0131 ifade etti.<\/p>\n<p>Birle\u015fmi\u015f Milletler Genel Sekreteri Antonio Guterres\u2019e hitaben kaleme al\u0131nan mektup, son d\u00f6nemde Fransa ile G\u00fcney K\u0131br\u0131s y\u00f6netimi aras\u0131ndaki geli\u015fmeleri g\u00fcndeme ta\u015f\u0131d\u0131. TAM Parti taraf\u0131ndan g\u00f6nderilen mektupta, s\u00f6z konusu iki y\u00f6netimin \u201cinsani ama\u00e7lar\u201d gerek\u00e7esiyle att\u0131\u011f\u0131 ad\u0131mlar\u0131n giderek daha endi\u015fe verici bir boyut kazand\u0131\u011f\u0131 ifade edildi.<\/p>\n<p>Mektupta, uluslararas\u0131 topluma K\u0131br\u0131s T\u00fcrk halk\u0131n\u0131n varl\u0131\u011f\u0131n\u0131 ve adan\u0131n tamam\u0131 \u00fczerindeki haklar\u0131n\u0131 tan\u0131ma \u00e7a\u011fr\u0131s\u0131 yap\u0131ld\u0131. Mektupta ayr\u0131ca, K\u0131br\u0131s T\u00fcrk halk\u0131n\u0131n varl\u0131\u011f\u0131 ve refah\u0131n\u0131n tart\u0131\u015fmaya a\u00e7\u0131k olmad\u0131\u011f\u0131na da i\u015faret edildi.<\/p>\n<\/p>\n<div class=\"article-source py-3 small \">\n                <\/div>\n","protected":false},"excerpt":{"rendered":"<p>Toplumsal Adalet ve M\u00fccadele Partisi (TAM Parti), Fransa ve G\u00fcney K\u0131br\u0131s Rum Y\u00f6netimi\u2019nin adaya Frans\u0131z askerlerinin konu\u015fland\u0131r\u0131lmas\u0131 giri\u015fimlerine kar\u015f\u0131l\u0131k, konuya itiraz\u0131n\u0131, Birle\u015fmi\u015f Milletler Bar\u0131\u015f G\u00fcc\u00fc (UNFICYP) \u00fczerinden Birle\u015fmi\u015f Milletler Sekreteri Antonio Guterres&#8217;e iletilmek \u00fczere yollad\u0131\u011f\u0131 mektupla dile getirdi. TAM Parti D\u0131\u015f \u0130li\u015fkilerden Sorumlu Genel Ba\u015fkan Yard\u0131mc\u0131s\u0131 Diler Ertu\u011f ve beraberindeki partililer saat 14.30\u2019da Ledra Palas<\/p>\n","protected":false},"author":1,"featured_media":111504,"comment_status":"open","ping_status":"open","sticky":false,"template":"","format":"standard","meta":{"footnotes":""},"categories":[81],"tags":[],"class_list":["post-111503","post","type-post","status-publish","format-standard","has-post-thumbnail","hentry","category-kibris"],"yoast_head":"<!-- This site is optimized with the Yoast SEO plugin v27.5 - https:\/\/yoast.com\/product\/yoast-seo-wordpress\/ -->\n<title>TAM PART\u0130: ASKER\u0130 HAMLELER END\u0130\u015eE VER\u0130C\u0130 -<\/title>\n<meta name=\"robots\" content=\"index, follow, max-snippet:-1, max-image-preview:large, max-video-preview:-1\" \/>\n<link rel=\"canonical\" href=\"https:\/\/kibrisdakik.com\/?p=111503\" \/>\n<meta property=\"og:locale\" content=\"tr_TR\" \/>\n<meta property=\"og:type\" content=\"article\" \/>\n<meta property=\"og:title\" content=\"TAM PART\u0130: ASKER\u0130 HAMLELER END\u0130\u015eE VER\u0130C\u0130 -\" \/>\n<meta property=\"og:description\" content=\"Toplumsal Adalet ve M\u00fccadele Partisi (TAM Parti), Fransa ve G\u00fcney K\u0131br\u0131s Rum Y\u00f6netimi\u2019nin adaya Frans\u0131z askerlerinin konu\u015fland\u0131r\u0131lmas\u0131 giri\u015fimlerine kar\u015f\u0131l\u0131k, konuya itiraz\u0131n\u0131, Birle\u015fmi\u015f Milletler Bar\u0131\u015f G\u00fcc\u00fc (UNFICYP) \u00fczerinden Birle\u015fmi\u015f Milletler Sekreteri Antonio Guterres&#8217;e iletilmek \u00fczere yollad\u0131\u011f\u0131 mektupla dile getirdi. TAM Parti D\u0131\u015f \u0130li\u015fkilerden Sorumlu Genel Ba\u015fkan Yard\u0131mc\u0131s\u0131 Diler Ertu\u011f ve beraberindeki partililer saat 14.30\u2019da Ledra Palas\" \/>\n<meta property=\"og:url\" content=\"https:\/\/kibrisdakik.com\/?p=111503\" \/>\n<meta property=\"article:published_time\" content=\"2026-04-29T14:24:16+00:00\" \/>\n<meta property=\"og:image\" content=\"https:\/\/mhahabercom.teimg.com\/crop\/1280x720\/mhahaber-com\/uploads\/2026\/04\/mha-sari-beyaz-5051.png\" \/>\n<meta name=\"author\" content=\"admin\" \/>\n<meta name=\"twitter:card\" content=\"summary_large_image\" \/>\n<meta name=\"twitter:label1\" content=\"Yazan:\" \/>\n\t<meta name=\"twitter:data1\" content=\"admin\" \/>\n\t<meta name=\"twitter:label2\" content=\"Tahmini okuma s\u00fcresi\" \/>\n\t<meta name=\"twitter:data2\" content=\"1 dakika\" \/>\n<script type=\"application\/ld+json\" class=\"yoast-schema-graph\">{\"@context\":\"https:\\\/\\\/schema.org\",\"@graph\":[{\"@type\":\"Article\",\"@id\":\"https:\\\/\\\/kibrisdakik.com\\\/?p=111503#article\",\"isPartOf\":{\"@id\":\"https:\\\/\\\/kibrisdakik.com\\\/?p=111503\"},\"author\":{\"name\":\"admin\",\"@id\":\"https:\\\/\\\/kibrisdakik.com\\\/#\\\/schema\\\/person\\\/9cd9d437bbb44f72b73ba127e06d8e79\"},\"headline\":\"TAM PART\u0130: ASKER\u0130 HAMLELER END\u0130\u015eE VER\u0130C\u0130\",\"datePublished\":\"2026-04-29T14:24:16+00:00\",\"mainEntityOfPage\":{\"@id\":\"https:\\\/\\\/kibrisdakik.com\\\/?p=111503\"},\"wordCount\":296,\"commentCount\":0,\"image\":{\"@id\":\"https:\\\/\\\/kibrisdakik.com\\\/?p=111503#primaryimage\"},\"thumbnailUrl\":\"https:\\\/\\\/kibrisdakik.com\\\/wp-content\\\/uploads\\\/2026\\\/04\\\/mha-sari-beyaz-5051.png\",\"articleSection\":[\"K\u0131br\u0131s\"],\"inLanguage\":\"tr\",\"potentialAction\":[{\"@type\":\"CommentAction\",\"name\":\"Comment\",\"target\":[\"https:\\\/\\\/kibrisdakik.com\\\/?p=111503#respond\"]}]},{\"@type\":\"WebPage\",\"@id\":\"https:\\\/\\\/kibrisdakik.com\\\/?p=111503\",\"url\":\"https:\\\/\\\/kibrisdakik.com\\\/?p=111503\",\"name\":\"TAM PART\u0130: ASKER\u0130 HAMLELER END\u0130\u015eE VER\u0130C\u0130 -\",\"isPartOf\":{\"@id\":\"https:\\\/\\\/kibrisdakik.com\\\/#website\"},\"primaryImageOfPage\":{\"@id\":\"https:\\\/\\\/kibrisdakik.com\\\/?p=111503#primaryimage\"},\"image\":{\"@id\":\"https:\\\/\\\/kibrisdakik.com\\\/?p=111503#primaryimage\"},\"thumbnailUrl\":\"https:\\\/\\\/kibrisdakik.com\\\/wp-content\\\/uploads\\\/2026\\\/04\\\/mha-sari-beyaz-5051.png\",\"datePublished\":\"2026-04-29T14:24:16+00:00\",\"author\":{\"@id\":\"https:\\\/\\\/kibrisdakik.com\\\/#\\\/schema\\\/person\\\/9cd9d437bbb44f72b73ba127e06d8e79\"},\"breadcrumb\":{\"@id\":\"https:\\\/\\\/kibrisdakik.com\\\/?p=111503#breadcrumb\"},\"inLanguage\":\"tr\",\"potentialAction\":[{\"@type\":\"ReadAction\",\"target\":[\"https:\\\/\\\/kibrisdakik.com\\\/?p=111503\"]}]},{\"@type\":\"ImageObject\",\"inLanguage\":\"tr\",\"@id\":\"https:\\\/\\\/kibrisdakik.com\\\/?p=111503#primaryimage\",\"url\":\"https:\\\/\\\/kibrisdakik.com\\\/wp-content\\\/uploads\\\/2026\\\/04\\\/mha-sari-beyaz-5051.png\",\"contentUrl\":\"https:\\\/\\\/kibrisdakik.com\\\/wp-content\\\/uploads\\\/2026\\\/04\\\/mha-sari-beyaz-5051.png\",\"width\":1280,\"height\":720},{\"@type\":\"BreadcrumbList\",\"@id\":\"https:\\\/\\\/kibrisdakik.com\\\/?p=111503#breadcrumb\",\"itemListElement\":[{\"@type\":\"ListItem\",\"position\":1,\"name\":\"Home\",\"item\":\"https:\\\/\\\/kibrisdakik.com\\\/\"},{\"@type\":\"ListItem\",\"position\":2,\"name\":\"TAM PART\u0130: ASKER\u0130 HAMLELER END\u0130\u015eE VER\u0130C\u0130\"}]},{\"@type\":\"WebSite\",\"@id\":\"https:\\\/\\\/kibrisdakik.com\\\/#website\",\"url\":\"https:\\\/\\\/kibrisdakik.com\\\/\",\"name\":\"\",\"description\":\"Tam vaktinde haber\",\"potentialAction\":[{\"@type\":\"SearchAction\",\"target\":{\"@type\":\"EntryPoint\",\"urlTemplate\":\"https:\\\/\\\/kibrisdakik.com\\\/?s={search_term_string}\"},\"query-input\":{\"@type\":\"PropertyValueSpecification\",\"valueRequired\":true,\"valueName\":\"search_term_string\"}}],\"inLanguage\":\"tr\"},{\"@type\":\"Person\",\"@id\":\"https:\\\/\\\/kibrisdakik.com\\\/#\\\/schema\\\/person\\\/9cd9d437bbb44f72b73ba127e06d8e79\",\"name\":\"admin\",\"image\":{\"@type\":\"ImageObject\",\"inLanguage\":\"tr\",\"@id\":\"https:\\\/\\\/secure.gravatar.com\\\/avatar\\\/ccc17943b9d660506c869530f897617f7cb1c21a4bf30023f252596d83e1f007?s=96&d=mm&r=g\",\"url\":\"https:\\\/\\\/secure.gravatar.com\\\/avatar\\\/ccc17943b9d660506c869530f897617f7cb1c21a4bf30023f252596d83e1f007?s=96&d=mm&r=g\",\"contentUrl\":\"https:\\\/\\\/secure.gravatar.com\\\/avatar\\\/ccc17943b9d660506c869530f897617f7cb1c21a4bf30023f252596d83e1f007?s=96&d=mm&r=g\",\"caption\":\"admin\"},\"sameAs\":[\"https:\\\/\\\/kibrisdakik.com\"],\"url\":\"https:\\\/\\\/kibrisdakik.com\\\/?author=1\"}]}<\/script>\n<!-- \/ Yoast SEO plugin. -->","yoast_head_json":{"title":"TAM PART\u0130: ASKER\u0130 HAMLELER END\u0130\u015eE VER\u0130C\u0130 -","robots":{"index":"index","follow":"follow","max-snippet":"max-snippet:-1","max-image-preview":"max-image-preview:large","max-video-preview":"max-video-preview:-1"},"canonical":"https:\/\/kibrisdakik.com\/?p=111503","og_locale":"tr_TR","og_type":"article","og_title":"TAM PART\u0130: ASKER\u0130 HAMLELER END\u0130\u015eE VER\u0130C\u0130 -","og_description":"Toplumsal Adalet ve M\u00fccadele Partisi (TAM Parti), Fransa ve G\u00fcney K\u0131br\u0131s Rum Y\u00f6netimi\u2019nin adaya Frans\u0131z askerlerinin konu\u015fland\u0131r\u0131lmas\u0131 giri\u015fimlerine kar\u015f\u0131l\u0131k, konuya itiraz\u0131n\u0131, Birle\u015fmi\u015f Milletler Bar\u0131\u015f G\u00fcc\u00fc (UNFICYP) \u00fczerinden Birle\u015fmi\u015f Milletler Sekreteri Antonio Guterres&#8217;e iletilmek \u00fczere yollad\u0131\u011f\u0131 mektupla dile getirdi. TAM Parti D\u0131\u015f \u0130li\u015fkilerden Sorumlu Genel Ba\u015fkan Yard\u0131mc\u0131s\u0131 Diler Ertu\u011f ve beraberindeki partililer saat 14.30\u2019da Ledra Palas","og_url":"https:\/\/kibrisdakik.com\/?p=111503","article_published_time":"2026-04-29T14:24:16+00:00","og_image":[{"url":"https:\/\/mhahabercom.teimg.com\/crop\/1280x720\/mhahaber-com\/uploads\/2026\/04\/mha-sari-beyaz-5051.png","type":"","width":"","height":""}],"author":"admin","twitter_card":"summary_large_image","twitter_misc":{"Yazan:":"admin","Tahmini okuma s\u00fcresi":"1 dakika"},"schema":{"@context":"https:\/\/schema.org","@graph":[{"@type":"Article","@id":"https:\/\/kibrisdakik.com\/?p=111503#article","isPartOf":{"@id":"https:\/\/kibrisdakik.com\/?p=111503"},"author":{"name":"admin","@id":"https:\/\/kibrisdakik.com\/#\/schema\/person\/9cd9d437bbb44f72b73ba127e06d8e79"},"headline":"TAM PART\u0130: ASKER\u0130 HAMLELER END\u0130\u015eE VER\u0130C\u0130","datePublished":"2026-04-29T14:24:16+00:00","mainEntityOfPage":{"@id":"https:\/\/kibrisdakik.com\/?p=111503"},"wordCount":296,"commentCount":0,"image":{"@id":"https:\/\/kibrisdakik.com\/?p=111503#primaryimage"},"thumbnailUrl":"https:\/\/kibrisdakik.com\/wp-content\/uploads\/2026\/04\/mha-sari-beyaz-5051.png","articleSection":["K\u0131br\u0131s"],"inLanguage":"tr","potentialAction":[{"@type":"CommentAction","name":"Comment","target":["https:\/\/kibrisdakik.com\/?p=111503#respond"]}]},{"@type":"WebPage","@id":"https:\/\/kibrisdakik.com\/?p=111503","url":"https:\/\/kibrisdakik.com\/?p=111503","name":"TAM PART\u0130: ASKER\u0130 HAMLELER END\u0130\u015eE VER\u0130C\u0130 -","isPartOf":{"@id":"https:\/\/kibrisdakik.com\/#website"},"primaryImageOfPage":{"@id":"https:\/\/kibrisdakik.com\/?p=111503#primaryimage"},"image":{"@id":"https:\/\/kibrisdakik.com\/?p=111503#primaryimage"},"thumbnailUrl":"https:\/\/kibrisdakik.com\/wp-content\/uploads\/2026\/04\/mha-sari-beyaz-5051.png","datePublished":"2026-04-29T14:24:16+00:00","author":{"@id":"https:\/\/kibrisdakik.com\/#\/schema\/person\/9cd9d437bbb44f72b73ba127e06d8e79"},"breadcrumb":{"@id":"https:\/\/kibrisdakik.com\/?p=111503#breadcrumb"},"inLanguage":"tr","potentialAction":[{"@type":"ReadAction","target":["https:\/\/kibrisdakik.com\/?p=111503"]}]},{"@type":"ImageObject","inLanguage":"tr","@id":"https:\/\/kibrisdakik.com\/?p=111503#primaryimage","url":"https:\/\/kibrisdakik.com\/wp-content\/uploads\/2026\/04\/mha-sari-beyaz-5051.png","contentUrl":"https:\/\/kibrisdakik.com\/wp-content\/uploads\/2026\/04\/mha-sari-beyaz-5051.png","width":1280,"height":720},{"@type":"BreadcrumbList","@id":"https:\/\/kibrisdakik.com\/?p=111503#breadcrumb","itemListElement":[{"@type":"ListItem","position":1,"name":"Home","item":"https:\/\/kibrisdakik.com\/"},{"@type":"ListItem","position":2,"name":"TAM PART\u0130: ASKER\u0130 HAMLELER END\u0130\u015eE VER\u0130C\u0130"}]},{"@type":"WebSite","@id":"https:\/\/kibrisdakik.com\/#website","url":"https:\/\/kibrisdakik.com\/","name":"","description":"Tam vaktinde haber","potentialAction":[{"@type":"SearchAction","target":{"@type":"EntryPoint","urlTemplate":"https:\/\/kibrisdakik.com\/?s={search_term_string}"},"query-input":{"@type":"PropertyValueSpecification","valueRequired":true,"valueName":"search_term_string"}}],"inLanguage":"tr"},{"@type":"Person","@id":"https:\/\/kibrisdakik.com\/#\/schema\/person\/9cd9d437bbb44f72b73ba127e06d8e79","name":"admin","image":{"@type":"ImageObject","inLanguage":"tr","@id":"https:\/\/secure.gravatar.com\/avatar\/ccc17943b9d660506c869530f897617f7cb1c21a4bf30023f252596d83e1f007?s=96&d=mm&r=g","url":"https:\/\/secure.gravatar.com\/avatar\/ccc17943b9d660506c869530f897617f7cb1c21a4bf30023f252596d83e1f007?s=96&d=mm&r=g","contentUrl":"https:\/\/secure.gravatar.com\/avatar\/ccc17943b9d660506c869530f897617f7cb1c21a4bf30023f252596d83e1f007?s=96&d=mm&r=g","caption":"admin"},"sameAs":["https:\/\/kibrisdakik.com"],"url":"https:\/\/kibrisdakik.com\/?author=1"}]}},"_links":{"self":[{"href":"https:\/\/kibrisdakik.com\/index.php?rest_route=\/wp\/v2\/posts\/111503","targetHints":{"allow":["GET"]}}],"collection":[{"href":"https:\/\/kibrisdakik.com\/index.php?rest_route=\/wp\/v2\/posts"}],"about":[{"href":"https:\/\/kibrisdakik.com\/index.php?rest_route=\/wp\/v2\/types\/post"}],"author":[{"embeddable":true,"href":"https:\/\/kibrisdakik.com\/index.php?rest_route=\/wp\/v2\/users\/1"}],"replies":[{"embeddable":true,"href":"https:\/\/kibrisdakik.com\/index.php?rest_route=%2Fwp%2Fv2%2Fcomments&post=111503"}],"version-history":[{"count":0,"href":"https:\/\/kibrisdakik.com\/index.php?rest_route=\/wp\/v2\/posts\/111503\/revisions"}],"wp:featuredmedia":[{"embeddable":true,"href":"https:\/\/kibrisdakik.com\/index.php?rest_route=\/wp\/v2\/media\/111504"}],"wp:attachment":[{"href":"https:\/\/kibrisdakik.com\/index.php?rest_route=%2Fwp%2Fv2%2Fmedia&parent=111503"}],"wp:term":[{"taxonomy":"category","embeddable":true,"href":"https:\/\/kibrisdakik.com\/index.php?rest_route=%2Fwp%2Fv2%2Fcategories&post=111503"},{"taxonomy":"post_tag","embeddable":true,"href":"https:\/\/kibrisdakik.com\/index.php?rest_route=%2Fwp%2Fv2%2Ftags&post=111503"}],"curies":[{"name":"wp","href":"https:\/\/api.w.org\/{rel}","templated":true}]}}