{"id":111505,"date":"2026-04-29T17:34:36","date_gmt":"2026-04-29T14:34:36","guid":{"rendered":"https:\/\/kibrisdakik.com\/?p=111505"},"modified":"2026-04-29T17:34:36","modified_gmt":"2026-04-29T14:34:36","slug":"kibris-ipek-koza-festivali-8-mayista-kapilarini-aciyor","status":"publish","type":"post","link":"https:\/\/kibrisdakik.com\/?p=111505","title":{"rendered":"KIBRIS \u0130PEK KOZA FEST\u0130VAL\u0130 8 MAYIS\u2019TA KAPILARINI A\u00c7IYOR"},"content":{"rendered":"<p><\/p>\n<div data-text-id=\"200987\" property=\"articleBody\">\n<p>21. K\u0131br\u0131s \u0130pek Koza Festivali, Girne Belediyesi, Beylerbeyi Muhtarl\u0131\u011f\u0131 ve Ye\u015fil Bar\u0131\u015f Hareketi i\u015f birli\u011finde 8 May\u0131s Cuma g\u00fcn\u00fc ba\u015flayacak.<\/p>\n<p>Festival Kapsam\u0131nda 3 g\u00fcn boyunca, halk danslar\u0131 g\u00f6sterileri, \u015fiir dinletisi, kitap imza etkinlikleri, m\u00fczik dinletileri ve konserler yer alacak.<\/p>\n<p>Festival 10 May\u0131s Pazar g\u00fcn\u00fc 17:45&#8217;de ba\u015flayacak Hikmet Kurtar\u0131c\u0131o\u011fullar\u0131 Akustik Band konseriyle sona erecek.<\/p>\n<p>Girne Belediyesi Bas\u0131n B\u00fcrosundan verilen bilgiye g\u00f6re bug\u00fcn Bellapais Manast\u0131r\u0131\u2019nda festivalle ilgili bas\u0131n toplant\u0131s\u0131 d\u00fczenlendi.<\/p>\n<p>Bas\u0131n toplant\u0131s\u0131nda Girne Belediye Ba\u015fkan\u0131 Murat \u015eenkul, saat 10.00&#8217;da stantlar\u0131n a\u00e7\u0131l\u0131\u015f\u0131yla ba\u015flayacak etkinli\u011fi bu y\u0131l iki yerine \u00fc\u00e7 g\u00fcn tasarlad\u0131klar\u0131n\u0131 belirtti.<\/p>\n<p>Girne\u2019de K\u0131br\u0131s T\u00fcrk k\u00fclt\u00fcr\u00fcn\u00fc yans\u0131tan ipek koza i\u015fleri, zeytin ve pekmez festivallerinin 20 y\u0131l\u0131 a\u015fk\u0131n s\u00fcredir d\u00fczenlendi\u011fini hat\u0131rlatan \u015eenkul, k\u00fclt\u00fcr\u00fc ya\u015fatmaya y\u00f6nelik bu etkinliklerin kurumsalla\u015farak gelenekselle\u015fmesinin b\u00fcy\u00fck \u00f6nem ta\u015f\u0131d\u0131\u011f\u0131n\u0131 ifade etti.<\/p>\n<p>\u0130pek Koza Festivali\u2019nin, zamanla yok olmaya y\u00fcz tutan ipek b\u00f6cek\u00e7ili\u011fini ya\u015fatmaya ve gelecek nesillere aktarmaya katk\u0131 sa\u011flad\u0131\u011f\u0131n\u0131 dile getiren \u015eenkul, festivalin ilerleyen y\u0131llarda \u00fclke tan\u0131t\u0131m\u0131na ve ekonomisine daha fazla katk\u0131 sunacak \u015fekilde geli\u015fece\u011fine inand\u0131\u011f\u0131n\u0131 s\u00f6yledi. \u015eenkul, ge\u00e7mi\u015fte \u00e7ocukluk d\u00f6neminin bir par\u00e7as\u0131 olan bu gelene\u011fin yeni nesillere aktar\u0131lmas\u0131 gerekti\u011fini dile getirdi.<\/p>\n<p>\u0130pek kozas\u0131n\u0131n, ipek b\u00f6ce\u011fi ve dut a\u011fa\u00e7lar\u0131ndan olu\u015fan bir zincirin par\u00e7as\u0131 oldu\u011funa dikkat \u00e7eken \u015eenkul, ipek b\u00f6cek\u00e7ili\u011finin s\u00fcrd\u00fcr\u00fclebilmesinin dut a\u011fa\u00e7lar\u0131n\u0131n varl\u0131\u011f\u0131na ba\u011fl\u0131 oldu\u011funu ifade etti. \u015eenkul, \u201cDut a\u011fa\u00e7lar\u0131n\u0131n \u00e7o\u011falmas\u0131, daha fazla ye\u015fil alan, daha g\u00f6lgeli ve yaz aylar\u0131nda daha ferah bir K\u0131br\u0131s anlam\u0131na gelir. Bu k\u00fc\u00e7\u00fck canl\u0131lar ekosistemimize b\u00fcy\u00fck katk\u0131 sa\u011flamaktad\u0131r.\u201d dedi.<\/p>\n<p>\u015eenkul, \u00e7ocuklar\u0131 te\u015fvik etmek amac\u0131yla bu y\u0131l da \u00fccretsiz ipek b\u00f6ce\u011fi da\u011f\u0131t\u0131m\u0131 yap\u0131laca\u011f\u0131n\u0131 s\u00f6yledi.<\/p>\n<p>10 May\u0131s Pazar g\u00fcn\u00fcn\u00fcn Anneler G\u00fcn\u00fc oldu\u011funu da hat\u0131rlatan \u015eenkul, t\u00fcm vatanda\u015flar\u0131 anneleriyle birlikte festivale kat\u0131lmaya davet etti.<\/p>\n<p>Festival s\u00fcresince trafik yo\u011funlu\u011funu \u00f6nlemek amac\u0131yla \u00e7e\u015fitli \u00f6nlemler al\u0131naca\u011f\u0131n\u0131 belirten \u015eenkul, Beylerbeyi\u2019ndeki futbol sahas\u0131 ve The English School of Kyrenia otopark\u0131ndan festival alan\u0131na ula\u015f\u0131m sa\u011flanaca\u011f\u0131n\u0131 belirtti.<\/p>\n<p>-Engin<\/p>\n<p>Beylerbeyi Muhtar\u0131 Niyazi Engin, festival alan\u0131na Manast\u0131r \u00f6n\u00fcndeki meydan\u0131n yan\u0131nda i\u00e7 bah\u00e7eyi de dahil ettiklerini belirtti ve t\u00fcm vatanda\u015flar\u0131 festivale davet etti.<\/p>\n<p>-Sahir<\/p>\n<p>Ye\u015fil Bar\u0131\u015f Hareketi Genel Sekreteri Do\u011fan Sahir, festivalin, K\u0131br\u0131s T\u00fcrk k\u00fclt\u00fcr\u00fcn\u00fcn para\u00e7as\u0131 olan ipek koza i\u015f\u00e7ili\u011fi ve ipek b\u00f6ce\u011fi yeti\u015ftiricili\u011fini ya\u015fatmak amac\u0131yla hayata ge\u00e7irildi\u011fini kaydetti.<\/p>\n<p>Festival&#8217;e her y\u0131l eklemeler yapt\u0131klar\u0131n\u0131 belirten Sahir, K\u0131br\u0131s k\u00fclt\u00fcr\u00fcn\u00fcn \u201cDNA kodlar\u0131ndan biri\u201d olarak nitelendirdi\u011fi ipek koza i\u015f\u00e7ili\u011finin s\u00fcrd\u00fcr\u00fclmesi i\u00e7in \u00e7al\u0131\u015ft\u0131klar\u0131n\u0131 kaydetti.<\/p>\n<p>Sahir, K\u0131br\u0131s ipek koza i\u015f\u00e7ili\u011finin UNESCO\u2019ya k\u00fclt\u00fcrel miras olarak kaydedilmesi gerekti\u011fini belirtti.<\/p>\n<p>-Sencer<\/p>\n<p>Girne Belediyesi Meclis \u00dcyesi ve K\u00fclt\u00fcr Sanat Komitesi Ba\u015fkan\u0131 Ziya Egemen Sencer, bu y\u0131lki K\u0131br\u0131s \u0130pek Koza Festivali&#8217;nin bir\u00e7ok farkl\u0131 etkinli\u011fe ev sahipli\u011fi yapaca\u011f\u0131n\u0131 s\u00f6yledi.<\/p>\n<\/p><\/div>\n","protected":false},"excerpt":{"rendered":"<p>21. K\u0131br\u0131s \u0130pek Koza Festivali, Girne Belediyesi, Beylerbeyi Muhtarl\u0131\u011f\u0131 ve Ye\u015fil Bar\u0131\u015f Hareketi i\u015f birli\u011finde 8 May\u0131s Cuma g\u00fcn\u00fc ba\u015flayacak. Festival Kapsam\u0131nda 3 g\u00fcn boyunca, halk danslar\u0131 g\u00f6sterileri, \u015fiir dinletisi, kitap imza etkinlikleri, m\u00fczik dinletileri ve konserler yer alacak. Festival 10 May\u0131s Pazar g\u00fcn\u00fc 17:45&#8217;de ba\u015flayacak Hikmet Kurtar\u0131c\u0131o\u011fullar\u0131 Akustik Band konseriyle sona erecek. Girne Belediyesi<\/p>\n","protected":false},"author":1,"featured_media":111506,"comment_status":"open","ping_status":"open","sticky":false,"template":"","format":"standard","meta":{"footnotes":""},"categories":[81],"tags":[],"class_list":["post-111505","post","type-post","status-publish","format-standard","has-post-thumbnail","hentry","category-kibris"],"yoast_head":"<!-- This site is optimized with the Yoast SEO plugin v27.5 - https:\/\/yoast.com\/product\/yoast-seo-wordpress\/ -->\n<title>KIBRIS \u0130PEK KOZA FEST\u0130VAL\u0130 8 MAYIS\u2019TA KAPILARINI A\u00c7IYOR -<\/title>\n<meta name=\"robots\" content=\"index, follow, max-snippet:-1, max-image-preview:large, max-video-preview:-1\" \/>\n<link rel=\"canonical\" href=\"https:\/\/kibrisdakik.com\/?p=111505\" \/>\n<meta property=\"og:locale\" content=\"tr_TR\" \/>\n<meta property=\"og:type\" content=\"article\" \/>\n<meta property=\"og:title\" content=\"KIBRIS \u0130PEK KOZA FEST\u0130VAL\u0130 8 MAYIS\u2019TA KAPILARINI A\u00c7IYOR -\" \/>\n<meta property=\"og:description\" content=\"21. K\u0131br\u0131s \u0130pek Koza Festivali, Girne Belediyesi, Beylerbeyi Muhtarl\u0131\u011f\u0131 ve Ye\u015fil Bar\u0131\u015f Hareketi i\u015f birli\u011finde 8 May\u0131s Cuma g\u00fcn\u00fc ba\u015flayacak. Festival Kapsam\u0131nda 3 g\u00fcn boyunca, halk danslar\u0131 g\u00f6sterileri, \u015fiir dinletisi, kitap imza etkinlikleri, m\u00fczik dinletileri ve konserler yer alacak. Festival 10 May\u0131s Pazar g\u00fcn\u00fc 17:45&#8217;de ba\u015flayacak Hikmet Kurtar\u0131c\u0131o\u011fullar\u0131 Akustik Band konseriyle sona erecek. Girne Belediyesi\" \/>\n<meta property=\"og:url\" content=\"https:\/\/kibrisdakik.com\/?p=111505\" \/>\n<meta property=\"article:published_time\" content=\"2026-04-29T14:34:36+00:00\" \/>\n<meta property=\"og:image\" content=\"https:\/\/mhahabercom.teimg.com\/crop\/1280x720\/mhahaber-com\/uploads\/2026\/04\/mha-sari-beyaz-5052.png\" \/>\n<meta name=\"author\" content=\"admin\" \/>\n<meta name=\"twitter:card\" content=\"summary_large_image\" \/>\n<meta name=\"twitter:label1\" content=\"Yazan:\" \/>\n\t<meta name=\"twitter:data1\" content=\"admin\" \/>\n\t<meta name=\"twitter:label2\" content=\"Tahmini okuma s\u00fcresi\" \/>\n\t<meta name=\"twitter:data2\" content=\"3 dakika\" \/>\n<script type=\"application\/ld+json\" class=\"yoast-schema-graph\">{\"@context\":\"https:\\\/\\\/schema.org\",\"@graph\":[{\"@type\":\"Article\",\"@id\":\"https:\\\/\\\/kibrisdakik.com\\\/?p=111505#article\",\"isPartOf\":{\"@id\":\"https:\\\/\\\/kibrisdakik.com\\\/?p=111505\"},\"author\":{\"name\":\"admin\",\"@id\":\"https:\\\/\\\/kibrisdakik.com\\\/#\\\/schema\\\/person\\\/9cd9d437bbb44f72b73ba127e06d8e79\"},\"headline\":\"KIBRIS \u0130PEK KOZA FEST\u0130VAL\u0130 8 MAYIS\u2019TA KAPILARINI A\u00c7IYOR\",\"datePublished\":\"2026-04-29T14:34:36+00:00\",\"mainEntityOfPage\":{\"@id\":\"https:\\\/\\\/kibrisdakik.com\\\/?p=111505\"},\"wordCount\":619,\"commentCount\":0,\"image\":{\"@id\":\"https:\\\/\\\/kibrisdakik.com\\\/?p=111505#primaryimage\"},\"thumbnailUrl\":\"https:\\\/\\\/kibrisdakik.com\\\/wp-content\\\/uploads\\\/2026\\\/04\\\/mha-sari-beyaz-5052.png\",\"articleSection\":[\"K\u0131br\u0131s\"],\"inLanguage\":\"tr\",\"potentialAction\":[{\"@type\":\"CommentAction\",\"name\":\"Comment\",\"target\":[\"https:\\\/\\\/kibrisdakik.com\\\/?p=111505#respond\"]}]},{\"@type\":\"WebPage\",\"@id\":\"https:\\\/\\\/kibrisdakik.com\\\/?p=111505\",\"url\":\"https:\\\/\\\/kibrisdakik.com\\\/?p=111505\",\"name\":\"KIBRIS \u0130PEK KOZA FEST\u0130VAL\u0130 8 MAYIS\u2019TA KAPILARINI A\u00c7IYOR -\",\"isPartOf\":{\"@id\":\"https:\\\/\\\/kibrisdakik.com\\\/#website\"},\"primaryImageOfPage\":{\"@id\":\"https:\\\/\\\/kibrisdakik.com\\\/?p=111505#primaryimage\"},\"image\":{\"@id\":\"https:\\\/\\\/kibrisdakik.com\\\/?p=111505#primaryimage\"},\"thumbnailUrl\":\"https:\\\/\\\/kibrisdakik.com\\\/wp-content\\\/uploads\\\/2026\\\/04\\\/mha-sari-beyaz-5052.png\",\"datePublished\":\"2026-04-29T14:34:36+00:00\",\"author\":{\"@id\":\"https:\\\/\\\/kibrisdakik.com\\\/#\\\/schema\\\/person\\\/9cd9d437bbb44f72b73ba127e06d8e79\"},\"breadcrumb\":{\"@id\":\"https:\\\/\\\/kibrisdakik.com\\\/?p=111505#breadcrumb\"},\"inLanguage\":\"tr\",\"potentialAction\":[{\"@type\":\"ReadAction\",\"target\":[\"https:\\\/\\\/kibrisdakik.com\\\/?p=111505\"]}]},{\"@type\":\"ImageObject\",\"inLanguage\":\"tr\",\"@id\":\"https:\\\/\\\/kibrisdakik.com\\\/?p=111505#primaryimage\",\"url\":\"https:\\\/\\\/kibrisdakik.com\\\/wp-content\\\/uploads\\\/2026\\\/04\\\/mha-sari-beyaz-5052.png\",\"contentUrl\":\"https:\\\/\\\/kibrisdakik.com\\\/wp-content\\\/uploads\\\/2026\\\/04\\\/mha-sari-beyaz-5052.png\",\"width\":1280,\"height\":720},{\"@type\":\"BreadcrumbList\",\"@id\":\"https:\\\/\\\/kibrisdakik.com\\\/?p=111505#breadcrumb\",\"itemListElement\":[{\"@type\":\"ListItem\",\"position\":1,\"name\":\"Home\",\"item\":\"https:\\\/\\\/kibrisdakik.com\\\/\"},{\"@type\":\"ListItem\",\"position\":2,\"name\":\"KIBRIS \u0130PEK KOZA FEST\u0130VAL\u0130 8 MAYIS\u2019TA KAPILARINI A\u00c7IYOR\"}]},{\"@type\":\"WebSite\",\"@id\":\"https:\\\/\\\/kibrisdakik.com\\\/#website\",\"url\":\"https:\\\/\\\/kibrisdakik.com\\\/\",\"name\":\"\",\"description\":\"Tam vaktinde haber\",\"potentialAction\":[{\"@type\":\"SearchAction\",\"target\":{\"@type\":\"EntryPoint\",\"urlTemplate\":\"https:\\\/\\\/kibrisdakik.com\\\/?s={search_term_string}\"},\"query-input\":{\"@type\":\"PropertyValueSpecification\",\"valueRequired\":true,\"valueName\":\"search_term_string\"}}],\"inLanguage\":\"tr\"},{\"@type\":\"Person\",\"@id\":\"https:\\\/\\\/kibrisdakik.com\\\/#\\\/schema\\\/person\\\/9cd9d437bbb44f72b73ba127e06d8e79\",\"name\":\"admin\",\"image\":{\"@type\":\"ImageObject\",\"inLanguage\":\"tr\",\"@id\":\"https:\\\/\\\/secure.gravatar.com\\\/avatar\\\/ccc17943b9d660506c869530f897617f7cb1c21a4bf30023f252596d83e1f007?s=96&d=mm&r=g\",\"url\":\"https:\\\/\\\/secure.gravatar.com\\\/avatar\\\/ccc17943b9d660506c869530f897617f7cb1c21a4bf30023f252596d83e1f007?s=96&d=mm&r=g\",\"contentUrl\":\"https:\\\/\\\/secure.gravatar.com\\\/avatar\\\/ccc17943b9d660506c869530f897617f7cb1c21a4bf30023f252596d83e1f007?s=96&d=mm&r=g\",\"caption\":\"admin\"},\"sameAs\":[\"https:\\\/\\\/kibrisdakik.com\"],\"url\":\"https:\\\/\\\/kibrisdakik.com\\\/?author=1\"}]}<\/script>\n<!-- \/ Yoast SEO plugin. -->","yoast_head_json":{"title":"KIBRIS \u0130PEK KOZA FEST\u0130VAL\u0130 8 MAYIS\u2019TA KAPILARINI A\u00c7IYOR -","robots":{"index":"index","follow":"follow","max-snippet":"max-snippet:-1","max-image-preview":"max-image-preview:large","max-video-preview":"max-video-preview:-1"},"canonical":"https:\/\/kibrisdakik.com\/?p=111505","og_locale":"tr_TR","og_type":"article","og_title":"KIBRIS \u0130PEK KOZA FEST\u0130VAL\u0130 8 MAYIS\u2019TA KAPILARINI A\u00c7IYOR -","og_description":"21. K\u0131br\u0131s \u0130pek Koza Festivali, Girne Belediyesi, Beylerbeyi Muhtarl\u0131\u011f\u0131 ve Ye\u015fil Bar\u0131\u015f Hareketi i\u015f birli\u011finde 8 May\u0131s Cuma g\u00fcn\u00fc ba\u015flayacak. Festival Kapsam\u0131nda 3 g\u00fcn boyunca, halk danslar\u0131 g\u00f6sterileri, \u015fiir dinletisi, kitap imza etkinlikleri, m\u00fczik dinletileri ve konserler yer alacak. Festival 10 May\u0131s Pazar g\u00fcn\u00fc 17:45&#8217;de ba\u015flayacak Hikmet Kurtar\u0131c\u0131o\u011fullar\u0131 Akustik Band konseriyle sona erecek. Girne Belediyesi","og_url":"https:\/\/kibrisdakik.com\/?p=111505","article_published_time":"2026-04-29T14:34:36+00:00","og_image":[{"url":"https:\/\/mhahabercom.teimg.com\/crop\/1280x720\/mhahaber-com\/uploads\/2026\/04\/mha-sari-beyaz-5052.png","type":"","width":"","height":""}],"author":"admin","twitter_card":"summary_large_image","twitter_misc":{"Yazan:":"admin","Tahmini okuma s\u00fcresi":"3 dakika"},"schema":{"@context":"https:\/\/schema.org","@graph":[{"@type":"Article","@id":"https:\/\/kibrisdakik.com\/?p=111505#article","isPartOf":{"@id":"https:\/\/kibrisdakik.com\/?p=111505"},"author":{"name":"admin","@id":"https:\/\/kibrisdakik.com\/#\/schema\/person\/9cd9d437bbb44f72b73ba127e06d8e79"},"headline":"KIBRIS \u0130PEK KOZA FEST\u0130VAL\u0130 8 MAYIS\u2019TA KAPILARINI A\u00c7IYOR","datePublished":"2026-04-29T14:34:36+00:00","mainEntityOfPage":{"@id":"https:\/\/kibrisdakik.com\/?p=111505"},"wordCount":619,"commentCount":0,"image":{"@id":"https:\/\/kibrisdakik.com\/?p=111505#primaryimage"},"thumbnailUrl":"https:\/\/kibrisdakik.com\/wp-content\/uploads\/2026\/04\/mha-sari-beyaz-5052.png","articleSection":["K\u0131br\u0131s"],"inLanguage":"tr","potentialAction":[{"@type":"CommentAction","name":"Comment","target":["https:\/\/kibrisdakik.com\/?p=111505#respond"]}]},{"@type":"WebPage","@id":"https:\/\/kibrisdakik.com\/?p=111505","url":"https:\/\/kibrisdakik.com\/?p=111505","name":"KIBRIS \u0130PEK KOZA FEST\u0130VAL\u0130 8 MAYIS\u2019TA KAPILARINI A\u00c7IYOR -","isPartOf":{"@id":"https:\/\/kibrisdakik.com\/#website"},"primaryImageOfPage":{"@id":"https:\/\/kibrisdakik.com\/?p=111505#primaryimage"},"image":{"@id":"https:\/\/kibrisdakik.com\/?p=111505#primaryimage"},"thumbnailUrl":"https:\/\/kibrisdakik.com\/wp-content\/uploads\/2026\/04\/mha-sari-beyaz-5052.png","datePublished":"2026-04-29T14:34:36+00:00","author":{"@id":"https:\/\/kibrisdakik.com\/#\/schema\/person\/9cd9d437bbb44f72b73ba127e06d8e79"},"breadcrumb":{"@id":"https:\/\/kibrisdakik.com\/?p=111505#breadcrumb"},"inLanguage":"tr","potentialAction":[{"@type":"ReadAction","target":["https:\/\/kibrisdakik.com\/?p=111505"]}]},{"@type":"ImageObject","inLanguage":"tr","@id":"https:\/\/kibrisdakik.com\/?p=111505#primaryimage","url":"https:\/\/kibrisdakik.com\/wp-content\/uploads\/2026\/04\/mha-sari-beyaz-5052.png","contentUrl":"https:\/\/kibrisdakik.com\/wp-content\/uploads\/2026\/04\/mha-sari-beyaz-5052.png","width":1280,"height":720},{"@type":"BreadcrumbList","@id":"https:\/\/kibrisdakik.com\/?p=111505#breadcrumb","itemListElement":[{"@type":"ListItem","position":1,"name":"Home","item":"https:\/\/kibrisdakik.com\/"},{"@type":"ListItem","position":2,"name":"KIBRIS \u0130PEK KOZA FEST\u0130VAL\u0130 8 MAYIS\u2019TA KAPILARINI A\u00c7IYOR"}]},{"@type":"WebSite","@id":"https:\/\/kibrisdakik.com\/#website","url":"https:\/\/kibrisdakik.com\/","name":"","description":"Tam vaktinde haber","potentialAction":[{"@type":"SearchAction","target":{"@type":"EntryPoint","urlTemplate":"https:\/\/kibrisdakik.com\/?s={search_term_string}"},"query-input":{"@type":"PropertyValueSpecification","valueRequired":true,"valueName":"search_term_string"}}],"inLanguage":"tr"},{"@type":"Person","@id":"https:\/\/kibrisdakik.com\/#\/schema\/person\/9cd9d437bbb44f72b73ba127e06d8e79","name":"admin","image":{"@type":"ImageObject","inLanguage":"tr","@id":"https:\/\/secure.gravatar.com\/avatar\/ccc17943b9d660506c869530f897617f7cb1c21a4bf30023f252596d83e1f007?s=96&d=mm&r=g","url":"https:\/\/secure.gravatar.com\/avatar\/ccc17943b9d660506c869530f897617f7cb1c21a4bf30023f252596d83e1f007?s=96&d=mm&r=g","contentUrl":"https:\/\/secure.gravatar.com\/avatar\/ccc17943b9d660506c869530f897617f7cb1c21a4bf30023f252596d83e1f007?s=96&d=mm&r=g","caption":"admin"},"sameAs":["https:\/\/kibrisdakik.com"],"url":"https:\/\/kibrisdakik.com\/?author=1"}]}},"_links":{"self":[{"href":"https:\/\/kibrisdakik.com\/index.php?rest_route=\/wp\/v2\/posts\/111505","targetHints":{"allow":["GET"]}}],"collection":[{"href":"https:\/\/kibrisdakik.com\/index.php?rest_route=\/wp\/v2\/posts"}],"about":[{"href":"https:\/\/kibrisdakik.com\/index.php?rest_route=\/wp\/v2\/types\/post"}],"author":[{"embeddable":true,"href":"https:\/\/kibrisdakik.com\/index.php?rest_route=\/wp\/v2\/users\/1"}],"replies":[{"embeddable":true,"href":"https:\/\/kibrisdakik.com\/index.php?rest_route=%2Fwp%2Fv2%2Fcomments&post=111505"}],"version-history":[{"count":0,"href":"https:\/\/kibrisdakik.com\/index.php?rest_route=\/wp\/v2\/posts\/111505\/revisions"}],"wp:featuredmedia":[{"embeddable":true,"href":"https:\/\/kibrisdakik.com\/index.php?rest_route=\/wp\/v2\/media\/111506"}],"wp:attachment":[{"href":"https:\/\/kibrisdakik.com\/index.php?rest_route=%2Fwp%2Fv2%2Fmedia&parent=111505"}],"wp:term":[{"taxonomy":"category","embeddable":true,"href":"https:\/\/kibrisdakik.com\/index.php?rest_route=%2Fwp%2Fv2%2Fcategories&post=111505"},{"taxonomy":"post_tag","embeddable":true,"href":"https:\/\/kibrisdakik.com\/index.php?rest_route=%2Fwp%2Fv2%2Ftags&post=111505"}],"curies":[{"name":"wp","href":"https:\/\/api.w.org\/{rel}","templated":true}]}}