{"id":11153,"date":"2023-07-26T15:59:52","date_gmt":"2023-07-26T15:59:52","guid":{"rendered":"https:\/\/kibrisdakik.com\/index.php\/2023\/07\/26\/cumhurbaskani-tatar-kulturumuzu-gelecek-nesillere-aktarmak-icin-festivaller-onemli\/"},"modified":"2023-07-26T15:59:52","modified_gmt":"2023-07-26T15:59:52","slug":"cumhurbaskani-tatar-kulturumuzu-gelecek-nesillere-aktarmak-icin-festivaller-onemli","status":"publish","type":"post","link":"https:\/\/kibrisdakik.com\/?p=11153","title":{"rendered":"Cumhurba\u015fkan\u0131 Tatar: K\u00fclt\u00fcr\u00fcm\u00fcz\u00fc gelecek nesillere aktarmak i\u00e7in festivaller \u00f6nemli"},"content":{"rendered":"<p><\/p>\n<div>\n<div class=\"mariselle-image-container center\">\n                <img width=\"1600\" height=\"1066\" class=\"lazy-image\" alt=\"\" decoding=\"async\" loading=\"lazy\" sizes=\"auto, (max-width: 1600px) 100vw, 1600px\" src=\"https:\/\/brtk.net\/wp-content\/uploads\/2023\/07\/26\/cumhurbaskani-mehmetcik-bel-1-.jpg?ver=46c715286fefddcd7cc4ce34fd4ec652\" srcset=\"https:\/\/brtk.net\/wp-content\/uploads\/2023\/07\/26\/cumhurbaskani-mehmetcik-bel-1-.jpg?ver=46c715286fefddcd7cc4ce34fd4ec652 1600w, https:\/\/brtk.net\/wp-content\/uploads\/2023\/07\/26\/cumhurbaskani-mehmetcik-bel-1--300x200.jpg?ver=46c715286fefddcd7cc4ce34fd4ec652 300w, https:\/\/brtk.net\/wp-content\/uploads\/2023\/07\/26\/cumhurbaskani-mehmetcik-bel-1--1024x682.jpg?ver=94821aa9b28d8cb2b91061632d0af4a7 1024w, https:\/\/brtk.net\/wp-content\/uploads\/2023\/07\/26\/cumhurbaskani-mehmetcik-bel-1--768x512.jpg?ver=94821aa9b28d8cb2b91061632d0af4a7 768w, https:\/\/brtk.net\/wp-content\/uploads\/2023\/07\/26\/cumhurbaskani-mehmetcik-bel-1--1536x1023.jpg?ver=94821aa9b28d8cb2b91061632d0af4a7 1536w\"\/>                            <\/div>\n<p>Cumhurba\u015fkan\u0131 <a href=\"https:\/\/brtk.net\/\" target=\"_blank\" rel=\"noopener\"><a href=\"https:\/\/brtk.net\/\" target=\"_blank\" rel=\"noopener\">Ersin <\/a><a href=\"https:\/\/brtk.net\/\"\/><a href=\"https:\/\/brtk.net\/\"\/><a href=\"https:\/\/brtk.net\/\"\/><a href=\"https:\/\/brtk.net\/\"\/><a href=\"https:\/\/brtk.net\/\"\/><a href=\"https:\/\/brtk.net\/\"\/><a href=\"https:\/\/brtk.net\/\">Tatar<\/a>, K\u0131br\u0131s T\u00fcrk k\u00fclt\u00fcr\u00fcn\u00fc gelecek nesillere aktarmak i\u00e7in festivallerin \u00f6nemli oldu\u011funu belirtti.<\/p>\n<p>Cumhurba\u015fkanl\u0131\u011f\u0131\u2019ndan yap\u0131lan a\u00e7\u0131klamaya g\u00f6re, Cumhurba\u015fkan\u0131 <a href=\"https:\/\/brtk.net\/\"\/><a href=\"https:\/\/brtk.net\/\"\/><a href=\"https:\/\/brtk.net\/\"\/><a href=\"https:\/\/brtk.net\/\"\/><a href=\"https:\/\/brtk.net\/\"\/><a href=\"https:\/\/brtk.net\/\"\/><a href=\"https:\/\/brtk.net\/\">Tatar<\/a>, Mehmet\u00e7ik-B\u00fcy\u00fckkonuk Belediye Ba\u015fkan\u0131 Fatma \u00c7imen Tu\u011flu ve beraberindeki heyeti kabul etti.<\/p>\n<p>Cumhurba\u015fkan\u0131 <a href=\"https:\/\/brtk.net\/\"\/><a href=\"https:\/\/brtk.net\/\"\/><a href=\"https:\/\/brtk.net\/\"\/><a href=\"https:\/\/brtk.net\/\"\/><a href=\"https:\/\/brtk.net\/\"\/><a href=\"https:\/\/brtk.net\/\"\/><a href=\"https:\/\/brtk.net\/\">Tatar<\/a> kabulde yapt\u0131\u011f\u0131 konu\u015fmada, eski ad\u0131 \u201cGalatya\u201d olan Mehmet\u00e7ik\u2019in son y\u0131llarda yap\u0131lan yat\u0131r\u0131mlarla geli\u015fim i\u00e7inde oldu\u011funu belirterek, Mehmet\u00e7ik\u2019in, k\u00fclt\u00fcr, tarih ve sanat\u0131yla da <a href=\"https:\/\/brtk.net\/\">KKTC<\/a>\u2019nin artan bir de\u011feri olmaya devam etti\u011fini s\u00f6yledi.<\/p>\n<div class=\"mariselle-image-container center\">\n                <img width=\"1600\" height=\"1066\" class=\"lazy-image\" alt=\"\" decoding=\"async\" loading=\"lazy\" sizes=\"auto, (max-width: 1600px) 100vw, 1600px\" src=\"https:\/\/brtk.net\/wp-content\/uploads\/2023\/07\/26\/cumhurbaskani-mehmetcik-bel-2-.jpg?ver=d2853fa661d1c293907e04054f93aef0\" srcset=\"https:\/\/brtk.net\/wp-content\/uploads\/2023\/07\/26\/cumhurbaskani-mehmetcik-bel-2-.jpg?ver=d2853fa661d1c293907e04054f93aef0 1600w, https:\/\/brtk.net\/wp-content\/uploads\/2023\/07\/26\/cumhurbaskani-mehmetcik-bel-2--300x200.jpg?ver=d2853fa661d1c293907e04054f93aef0 300w, https:\/\/brtk.net\/wp-content\/uploads\/2023\/07\/26\/cumhurbaskani-mehmetcik-bel-2--1024x682.jpg?ver=4161ed220aa99e5ed1163c84c017b25a 1024w, https:\/\/brtk.net\/wp-content\/uploads\/2023\/07\/26\/cumhurbaskani-mehmetcik-bel-2--768x512.jpg?ver=4161ed220aa99e5ed1163c84c017b25a 768w, https:\/\/brtk.net\/wp-content\/uploads\/2023\/07\/26\/cumhurbaskani-mehmetcik-bel-2--1536x1023.jpg?ver=6ffd08c12824c7f56808bb9d74032685 1536w\"\/>                            <\/div>\n<p>\u00dclke genelinde ve yurtd\u0131\u015f\u0131nda ya\u015fayan Mehmet\u00e7iklilerin K\u0131br\u0131s T\u00fcrk tarihinde \u00f6nemli yeri bulundu\u011funa dikkat \u00e7eken Cumhurba\u015fkan\u0131 <a href=\"https:\/\/brtk.net\/\"\/><a href=\"https:\/\/brtk.net\/\"\/><a href=\"https:\/\/brtk.net\/\"\/><a href=\"https:\/\/brtk.net\/\"\/><a href=\"https:\/\/brtk.net\/\"\/><a href=\"https:\/\/brtk.net\/\"\/><a href=\"https:\/\/brtk.net\/\">Tatar<\/a>, K\u0131br\u0131s T\u00fcrk k\u00fclt\u00fcr\u00fcn\u00fc gelecek nesillere aktarmak i\u00e7in festivallerin \u00f6nemine vurgu yapt\u0131.<\/p>\n<p>Mustafa Kemal Atat\u00fcrk\u2019\u00fcn, \u201cGelecek gen\u00e7lerindir\u201d s\u00f6z\u00fcne at\u0131fta bulunan Cumhurba\u015fkan\u0131 <a href=\"https:\/\/brtk.net\/\"\/><a href=\"https:\/\/brtk.net\/\"\/><a href=\"https:\/\/brtk.net\/\"\/><a href=\"https:\/\/brtk.net\/\"\/><a href=\"https:\/\/brtk.net\/\"\/><a href=\"https:\/\/brtk.net\/\"\/><a href=\"https:\/\/brtk.net\/\">Tatar<\/a>, \u00fcz\u00fcm ve yan \u00fcr\u00fcnlerinin sunumunun yan\u0131nda k\u00fclt\u00fcrel ve sanatsal etkinliklerle festivalde \u00e7ok say\u0131da gencin yer alacak olmas\u0131ndan duydu\u011fu mutlulu\u011fu ifade etti.<\/p>\n<p>Pandemi d\u00f6neminde ara verilen festivallerin yeniden d\u00fczenlenmeye ba\u015flad\u0131\u011f\u0131n\u0131 hat\u0131rlatan Cumhurba\u015fkan\u0131 <a href=\"https:\/\/brtk.net\/\"\/><a href=\"https:\/\/brtk.net\/\"\/><a href=\"https:\/\/brtk.net\/\"\/><a href=\"https:\/\/brtk.net\/\"\/><a href=\"https:\/\/brtk.net\/\"\/><a href=\"https:\/\/brtk.net\/\"\/><a href=\"https:\/\/brtk.net\/\">Tatar<\/a>, Mehmet\u00e7ik \u00dcz\u00fcm Festivali\u2019nin b\u00fcy\u00fck bir kat\u0131l\u0131mla ger\u00e7ekle\u015fmesini temenni etti.<\/p>\n<p>Fatma \u00c7imen Tu\u011flu\u2019nun, Mehmet\u00e7ik-B\u00fcy\u00fckkonuk Belediye Ba\u015fkanl\u0131\u011f\u0131na se\u00e7ildikten sonra ilk festivali olaca\u011f\u0131na i\u015faret eden Cumhurba\u015fkan\u0131 <a href=\"https:\/\/brtk.net\/\"\/><a href=\"https:\/\/brtk.net\/\"\/><a href=\"https:\/\/brtk.net\/\"\/><a href=\"https:\/\/brtk.net\/\"\/><a href=\"https:\/\/brtk.net\/\"\/><a href=\"https:\/\/brtk.net\/\"\/><a href=\"https:\/\/brtk.net\/\">Tatar<\/a>, belediye meclis \u00fcyeleri, muhtarlar, belediye \u00e7al\u0131\u015fanlar\u0131 ve vatanda\u015flarla birlikte yap\u0131lacak festivalin ba\u015far\u0131l\u0131 ge\u00e7mesini diledi.<\/p>\n<p>Mehmet\u00e7ik-B\u00fcy\u00fckkonuk Belediye Ba\u015fkan Fatma \u00c7imen Tu\u011flu da, kabulden duydu\u011fu memnuniyeti ifade ederek, 4-13 A\u011fustos tarihleri aras\u0131nda belediye taraf\u0131ndan d\u00fczenlenecek 61.Mehmet\u00e7ik \u00dcz\u00fcm Festivali\u2019ne Cumhurba\u015fkan\u0131 <a href=\"https:\/\/brtk.net\/\" target=\"_blank\" rel=\"noopener\"><a href=\"https:\/\/brtk.net\/\" target=\"_blank\" rel=\"noopener\">Ersin <\/a><a href=\"https:\/\/brtk.net\/\"\/><a href=\"https:\/\/brtk.net\/\"\/><a href=\"https:\/\/brtk.net\/\"\/><a href=\"https:\/\/brtk.net\/\"\/><a href=\"https:\/\/brtk.net\/\"\/><a href=\"https:\/\/brtk.net\/\"\/><a href=\"https:\/\/brtk.net\/\">Tatar<\/a>\u2019\u0131 davet etti.<\/p>\n<\/p><\/div>\n<p><script async\n                    defer\n                    crossorigin=\"anonymous\"\n                    src=\"https:\/\/connect.facebook.net\/tr_TR\/sdk.js#xfbml=1&#038;version=v3.3\"\n            ><\/script><\/p>\n","protected":false},"excerpt":{"rendered":"<p>Cumhurba\u015fkan\u0131 Ersin Tatar, K\u0131br\u0131s T\u00fcrk k\u00fclt\u00fcr\u00fcn\u00fc gelecek nesillere aktarmak i\u00e7in festivallerin \u00f6nemli oldu\u011funu belirtti. Cumhurba\u015fkanl\u0131\u011f\u0131\u2019ndan yap\u0131lan a\u00e7\u0131klamaya g\u00f6re, Cumhurba\u015fkan\u0131 Tatar, Mehmet\u00e7ik-B\u00fcy\u00fckkonuk Belediye Ba\u015fkan\u0131 Fatma \u00c7imen Tu\u011flu ve beraberindeki heyeti kabul etti. Cumhurba\u015fkan\u0131 Tatar kabulde yapt\u0131\u011f\u0131 konu\u015fmada, eski ad\u0131 \u201cGalatya\u201d olan Mehmet\u00e7ik\u2019in son y\u0131llarda yap\u0131lan yat\u0131r\u0131mlarla geli\u015fim i\u00e7inde oldu\u011funu belirterek, Mehmet\u00e7ik\u2019in, k\u00fclt\u00fcr, tarih ve sanat\u0131yla da<\/p>\n","protected":false},"author":1,"featured_media":11154,"comment_status":"open","ping_status":"open","sticky":false,"template":"","format":"standard","meta":{"footnotes":""},"categories":[1],"tags":[],"class_list":["post-11153","post","type-post","status-publish","format-standard","has-post-thumbnail","hentry","category-gundem"],"yoast_head":"<!-- This site is optimized with the Yoast SEO plugin v27.5 - https:\/\/yoast.com\/product\/yoast-seo-wordpress\/ -->\n<title>Cumhurba\u015fkan\u0131 Tatar: K\u00fclt\u00fcr\u00fcm\u00fcz\u00fc gelecek nesillere aktarmak i\u00e7in festivaller \u00f6nemli -<\/title>\n<meta name=\"robots\" content=\"index, follow, max-snippet:-1, max-image-preview:large, max-video-preview:-1\" \/>\n<link rel=\"canonical\" href=\"https:\/\/kibrisdakik.com\/?p=11153\" \/>\n<meta property=\"og:locale\" content=\"tr_TR\" \/>\n<meta property=\"og:type\" content=\"article\" \/>\n<meta property=\"og:title\" content=\"Cumhurba\u015fkan\u0131 Tatar: K\u00fclt\u00fcr\u00fcm\u00fcz\u00fc gelecek nesillere aktarmak i\u00e7in festivaller \u00f6nemli -\" \/>\n<meta property=\"og:description\" content=\"Cumhurba\u015fkan\u0131 Ersin Tatar, K\u0131br\u0131s T\u00fcrk k\u00fclt\u00fcr\u00fcn\u00fc gelecek nesillere aktarmak i\u00e7in festivallerin \u00f6nemli oldu\u011funu belirtti. Cumhurba\u015fkanl\u0131\u011f\u0131\u2019ndan yap\u0131lan a\u00e7\u0131klamaya g\u00f6re, Cumhurba\u015fkan\u0131 Tatar, Mehmet\u00e7ik-B\u00fcy\u00fckkonuk Belediye Ba\u015fkan\u0131 Fatma \u00c7imen Tu\u011flu ve beraberindeki heyeti kabul etti. Cumhurba\u015fkan\u0131 Tatar kabulde yapt\u0131\u011f\u0131 konu\u015fmada, eski ad\u0131 \u201cGalatya\u201d olan Mehmet\u00e7ik\u2019in son y\u0131llarda yap\u0131lan yat\u0131r\u0131mlarla geli\u015fim i\u00e7inde oldu\u011funu belirterek, Mehmet\u00e7ik\u2019in, k\u00fclt\u00fcr, tarih ve sanat\u0131yla da\" \/>\n<meta property=\"og:url\" content=\"https:\/\/kibrisdakik.com\/?p=11153\" \/>\n<meta property=\"article:published_time\" content=\"2023-07-26T15:59:52+00:00\" \/>\n<meta property=\"og:image\" content=\"https:\/\/kibrisdakik.com\/wp-content\/uploads\/2023\/07\/cumhurbaskani-mehmetcik-bel-1--740x420.jpg\" \/>\n\t<meta property=\"og:image:width\" content=\"1600\" \/>\n\t<meta property=\"og:image:height\" content=\"1066\" \/>\n\t<meta property=\"og:image:type\" content=\"image\/jpeg\" \/>\n<meta name=\"author\" content=\"admin\" \/>\n<meta name=\"twitter:card\" content=\"summary_large_image\" \/>\n<meta name=\"twitter:label1\" content=\"Yazan:\" \/>\n\t<meta name=\"twitter:data1\" content=\"admin\" \/>\n\t<meta name=\"twitter:label2\" content=\"Tahmini okuma s\u00fcresi\" \/>\n\t<meta name=\"twitter:data2\" content=\"2 dakika\" \/>\n<script type=\"application\/ld+json\" class=\"yoast-schema-graph\">{\"@context\":\"https:\\\/\\\/schema.org\",\"@graph\":[{\"@type\":\"Article\",\"@id\":\"https:\\\/\\\/kibrisdakik.com\\\/?p=11153#article\",\"isPartOf\":{\"@id\":\"https:\\\/\\\/kibrisdakik.com\\\/?p=11153\"},\"author\":{\"name\":\"admin\",\"@id\":\"https:\\\/\\\/kibrisdakik.com\\\/#\\\/schema\\\/person\\\/9cd9d437bbb44f72b73ba127e06d8e79\"},\"headline\":\"Cumhurba\u015fkan\u0131 Tatar: K\u00fclt\u00fcr\u00fcm\u00fcz\u00fc gelecek nesillere aktarmak i\u00e7in festivaller \u00f6nemli\",\"datePublished\":\"2023-07-26T15:59:52+00:00\",\"mainEntityOfPage\":{\"@id\":\"https:\\\/\\\/kibrisdakik.com\\\/?p=11153\"},\"wordCount\":329,\"commentCount\":0,\"image\":{\"@id\":\"https:\\\/\\\/kibrisdakik.com\\\/?p=11153#primaryimage\"},\"thumbnailUrl\":\"https:\\\/\\\/kibrisdakik.com\\\/wp-content\\\/uploads\\\/2023\\\/07\\\/cumhurbaskani-mehmetcik-bel-1--740x420.jpg\",\"articleSection\":[\"G\u00fcndem\"],\"inLanguage\":\"tr\",\"potentialAction\":[{\"@type\":\"CommentAction\",\"name\":\"Comment\",\"target\":[\"https:\\\/\\\/kibrisdakik.com\\\/?p=11153#respond\"]}]},{\"@type\":\"WebPage\",\"@id\":\"https:\\\/\\\/kibrisdakik.com\\\/?p=11153\",\"url\":\"https:\\\/\\\/kibrisdakik.com\\\/?p=11153\",\"name\":\"Cumhurba\u015fkan\u0131 Tatar: K\u00fclt\u00fcr\u00fcm\u00fcz\u00fc gelecek nesillere aktarmak i\u00e7in festivaller \u00f6nemli -\",\"isPartOf\":{\"@id\":\"https:\\\/\\\/kibrisdakik.com\\\/#website\"},\"primaryImageOfPage\":{\"@id\":\"https:\\\/\\\/kibrisdakik.com\\\/?p=11153#primaryimage\"},\"image\":{\"@id\":\"https:\\\/\\\/kibrisdakik.com\\\/?p=11153#primaryimage\"},\"thumbnailUrl\":\"https:\\\/\\\/kibrisdakik.com\\\/wp-content\\\/uploads\\\/2023\\\/07\\\/cumhurbaskani-mehmetcik-bel-1--740x420.jpg\",\"datePublished\":\"2023-07-26T15:59:52+00:00\",\"author\":{\"@id\":\"https:\\\/\\\/kibrisdakik.com\\\/#\\\/schema\\\/person\\\/9cd9d437bbb44f72b73ba127e06d8e79\"},\"breadcrumb\":{\"@id\":\"https:\\\/\\\/kibrisdakik.com\\\/?p=11153#breadcrumb\"},\"inLanguage\":\"tr\",\"potentialAction\":[{\"@type\":\"ReadAction\",\"target\":[\"https:\\\/\\\/kibrisdakik.com\\\/?p=11153\"]}]},{\"@type\":\"ImageObject\",\"inLanguage\":\"tr\",\"@id\":\"https:\\\/\\\/kibrisdakik.com\\\/?p=11153#primaryimage\",\"url\":\"https:\\\/\\\/kibrisdakik.com\\\/wp-content\\\/uploads\\\/2023\\\/07\\\/cumhurbaskani-mehmetcik-bel-1--740x420.jpg\",\"contentUrl\":\"https:\\\/\\\/kibrisdakik.com\\\/wp-content\\\/uploads\\\/2023\\\/07\\\/cumhurbaskani-mehmetcik-bel-1--740x420.jpg\",\"width\":1600,\"height\":1066},{\"@type\":\"BreadcrumbList\",\"@id\":\"https:\\\/\\\/kibrisdakik.com\\\/?p=11153#breadcrumb\",\"itemListElement\":[{\"@type\":\"ListItem\",\"position\":1,\"name\":\"Home\",\"item\":\"https:\\\/\\\/kibrisdakik.com\\\/\"},{\"@type\":\"ListItem\",\"position\":2,\"name\":\"Cumhurba\u015fkan\u0131 Tatar: K\u00fclt\u00fcr\u00fcm\u00fcz\u00fc gelecek nesillere aktarmak i\u00e7in festivaller \u00f6nemli\"}]},{\"@type\":\"WebSite\",\"@id\":\"https:\\\/\\\/kibrisdakik.com\\\/#website\",\"url\":\"https:\\\/\\\/kibrisdakik.com\\\/\",\"name\":\"\",\"description\":\"Tam vaktinde haber\",\"potentialAction\":[{\"@type\":\"SearchAction\",\"target\":{\"@type\":\"EntryPoint\",\"urlTemplate\":\"https:\\\/\\\/kibrisdakik.com\\\/?s={search_term_string}\"},\"query-input\":{\"@type\":\"PropertyValueSpecification\",\"valueRequired\":true,\"valueName\":\"search_term_string\"}}],\"inLanguage\":\"tr\"},{\"@type\":\"Person\",\"@id\":\"https:\\\/\\\/kibrisdakik.com\\\/#\\\/schema\\\/person\\\/9cd9d437bbb44f72b73ba127e06d8e79\",\"name\":\"admin\",\"image\":{\"@type\":\"ImageObject\",\"inLanguage\":\"tr\",\"@id\":\"https:\\\/\\\/secure.gravatar.com\\\/avatar\\\/ccc17943b9d660506c869530f897617f7cb1c21a4bf30023f252596d83e1f007?s=96&d=mm&r=g\",\"url\":\"https:\\\/\\\/secure.gravatar.com\\\/avatar\\\/ccc17943b9d660506c869530f897617f7cb1c21a4bf30023f252596d83e1f007?s=96&d=mm&r=g\",\"contentUrl\":\"https:\\\/\\\/secure.gravatar.com\\\/avatar\\\/ccc17943b9d660506c869530f897617f7cb1c21a4bf30023f252596d83e1f007?s=96&d=mm&r=g\",\"caption\":\"admin\"},\"sameAs\":[\"https:\\\/\\\/kibrisdakik.com\"],\"url\":\"https:\\\/\\\/kibrisdakik.com\\\/?author=1\"}]}<\/script>\n<!-- \/ Yoast SEO plugin. -->","yoast_head_json":{"title":"Cumhurba\u015fkan\u0131 Tatar: K\u00fclt\u00fcr\u00fcm\u00fcz\u00fc gelecek nesillere aktarmak i\u00e7in festivaller \u00f6nemli -","robots":{"index":"index","follow":"follow","max-snippet":"max-snippet:-1","max-image-preview":"max-image-preview:large","max-video-preview":"max-video-preview:-1"},"canonical":"https:\/\/kibrisdakik.com\/?p=11153","og_locale":"tr_TR","og_type":"article","og_title":"Cumhurba\u015fkan\u0131 Tatar: K\u00fclt\u00fcr\u00fcm\u00fcz\u00fc gelecek nesillere aktarmak i\u00e7in festivaller \u00f6nemli -","og_description":"Cumhurba\u015fkan\u0131 Ersin Tatar, K\u0131br\u0131s T\u00fcrk k\u00fclt\u00fcr\u00fcn\u00fc gelecek nesillere aktarmak i\u00e7in festivallerin \u00f6nemli oldu\u011funu belirtti. Cumhurba\u015fkanl\u0131\u011f\u0131\u2019ndan yap\u0131lan a\u00e7\u0131klamaya g\u00f6re, Cumhurba\u015fkan\u0131 Tatar, Mehmet\u00e7ik-B\u00fcy\u00fckkonuk Belediye Ba\u015fkan\u0131 Fatma \u00c7imen Tu\u011flu ve beraberindeki heyeti kabul etti. Cumhurba\u015fkan\u0131 Tatar kabulde yapt\u0131\u011f\u0131 konu\u015fmada, eski ad\u0131 \u201cGalatya\u201d olan Mehmet\u00e7ik\u2019in son y\u0131llarda yap\u0131lan yat\u0131r\u0131mlarla geli\u015fim i\u00e7inde oldu\u011funu belirterek, Mehmet\u00e7ik\u2019in, k\u00fclt\u00fcr, tarih ve sanat\u0131yla da","og_url":"https:\/\/kibrisdakik.com\/?p=11153","article_published_time":"2023-07-26T15:59:52+00:00","og_image":[{"width":1600,"height":1066,"url":"https:\/\/kibrisdakik.com\/wp-content\/uploads\/2023\/07\/cumhurbaskani-mehmetcik-bel-1--740x420.jpg","type":"image\/jpeg"}],"author":"admin","twitter_card":"summary_large_image","twitter_misc":{"Yazan:":"admin","Tahmini okuma s\u00fcresi":"2 dakika"},"schema":{"@context":"https:\/\/schema.org","@graph":[{"@type":"Article","@id":"https:\/\/kibrisdakik.com\/?p=11153#article","isPartOf":{"@id":"https:\/\/kibrisdakik.com\/?p=11153"},"author":{"name":"admin","@id":"https:\/\/kibrisdakik.com\/#\/schema\/person\/9cd9d437bbb44f72b73ba127e06d8e79"},"headline":"Cumhurba\u015fkan\u0131 Tatar: K\u00fclt\u00fcr\u00fcm\u00fcz\u00fc gelecek nesillere aktarmak i\u00e7in festivaller \u00f6nemli","datePublished":"2023-07-26T15:59:52+00:00","mainEntityOfPage":{"@id":"https:\/\/kibrisdakik.com\/?p=11153"},"wordCount":329,"commentCount":0,"image":{"@id":"https:\/\/kibrisdakik.com\/?p=11153#primaryimage"},"thumbnailUrl":"https:\/\/kibrisdakik.com\/wp-content\/uploads\/2023\/07\/cumhurbaskani-mehmetcik-bel-1--740x420.jpg","articleSection":["G\u00fcndem"],"inLanguage":"tr","potentialAction":[{"@type":"CommentAction","name":"Comment","target":["https:\/\/kibrisdakik.com\/?p=11153#respond"]}]},{"@type":"WebPage","@id":"https:\/\/kibrisdakik.com\/?p=11153","url":"https:\/\/kibrisdakik.com\/?p=11153","name":"Cumhurba\u015fkan\u0131 Tatar: K\u00fclt\u00fcr\u00fcm\u00fcz\u00fc gelecek nesillere aktarmak i\u00e7in festivaller \u00f6nemli -","isPartOf":{"@id":"https:\/\/kibrisdakik.com\/#website"},"primaryImageOfPage":{"@id":"https:\/\/kibrisdakik.com\/?p=11153#primaryimage"},"image":{"@id":"https:\/\/kibrisdakik.com\/?p=11153#primaryimage"},"thumbnailUrl":"https:\/\/kibrisdakik.com\/wp-content\/uploads\/2023\/07\/cumhurbaskani-mehmetcik-bel-1--740x420.jpg","datePublished":"2023-07-26T15:59:52+00:00","author":{"@id":"https:\/\/kibrisdakik.com\/#\/schema\/person\/9cd9d437bbb44f72b73ba127e06d8e79"},"breadcrumb":{"@id":"https:\/\/kibrisdakik.com\/?p=11153#breadcrumb"},"inLanguage":"tr","potentialAction":[{"@type":"ReadAction","target":["https:\/\/kibrisdakik.com\/?p=11153"]}]},{"@type":"ImageObject","inLanguage":"tr","@id":"https:\/\/kibrisdakik.com\/?p=11153#primaryimage","url":"https:\/\/kibrisdakik.com\/wp-content\/uploads\/2023\/07\/cumhurbaskani-mehmetcik-bel-1--740x420.jpg","contentUrl":"https:\/\/kibrisdakik.com\/wp-content\/uploads\/2023\/07\/cumhurbaskani-mehmetcik-bel-1--740x420.jpg","width":1600,"height":1066},{"@type":"BreadcrumbList","@id":"https:\/\/kibrisdakik.com\/?p=11153#breadcrumb","itemListElement":[{"@type":"ListItem","position":1,"name":"Home","item":"https:\/\/kibrisdakik.com\/"},{"@type":"ListItem","position":2,"name":"Cumhurba\u015fkan\u0131 Tatar: K\u00fclt\u00fcr\u00fcm\u00fcz\u00fc gelecek nesillere aktarmak i\u00e7in festivaller \u00f6nemli"}]},{"@type":"WebSite","@id":"https:\/\/kibrisdakik.com\/#website","url":"https:\/\/kibrisdakik.com\/","name":"","description":"Tam vaktinde haber","potentialAction":[{"@type":"SearchAction","target":{"@type":"EntryPoint","urlTemplate":"https:\/\/kibrisdakik.com\/?s={search_term_string}"},"query-input":{"@type":"PropertyValueSpecification","valueRequired":true,"valueName":"search_term_string"}}],"inLanguage":"tr"},{"@type":"Person","@id":"https:\/\/kibrisdakik.com\/#\/schema\/person\/9cd9d437bbb44f72b73ba127e06d8e79","name":"admin","image":{"@type":"ImageObject","inLanguage":"tr","@id":"https:\/\/secure.gravatar.com\/avatar\/ccc17943b9d660506c869530f897617f7cb1c21a4bf30023f252596d83e1f007?s=96&d=mm&r=g","url":"https:\/\/secure.gravatar.com\/avatar\/ccc17943b9d660506c869530f897617f7cb1c21a4bf30023f252596d83e1f007?s=96&d=mm&r=g","contentUrl":"https:\/\/secure.gravatar.com\/avatar\/ccc17943b9d660506c869530f897617f7cb1c21a4bf30023f252596d83e1f007?s=96&d=mm&r=g","caption":"admin"},"sameAs":["https:\/\/kibrisdakik.com"],"url":"https:\/\/kibrisdakik.com\/?author=1"}]}},"_links":{"self":[{"href":"https:\/\/kibrisdakik.com\/index.php?rest_route=\/wp\/v2\/posts\/11153","targetHints":{"allow":["GET"]}}],"collection":[{"href":"https:\/\/kibrisdakik.com\/index.php?rest_route=\/wp\/v2\/posts"}],"about":[{"href":"https:\/\/kibrisdakik.com\/index.php?rest_route=\/wp\/v2\/types\/post"}],"author":[{"embeddable":true,"href":"https:\/\/kibrisdakik.com\/index.php?rest_route=\/wp\/v2\/users\/1"}],"replies":[{"embeddable":true,"href":"https:\/\/kibrisdakik.com\/index.php?rest_route=%2Fwp%2Fv2%2Fcomments&post=11153"}],"version-history":[{"count":0,"href":"https:\/\/kibrisdakik.com\/index.php?rest_route=\/wp\/v2\/posts\/11153\/revisions"}],"wp:featuredmedia":[{"embeddable":true,"href":"https:\/\/kibrisdakik.com\/index.php?rest_route=\/wp\/v2\/media\/11154"}],"wp:attachment":[{"href":"https:\/\/kibrisdakik.com\/index.php?rest_route=%2Fwp%2Fv2%2Fmedia&parent=11153"}],"wp:term":[{"taxonomy":"category","embeddable":true,"href":"https:\/\/kibrisdakik.com\/index.php?rest_route=%2Fwp%2Fv2%2Fcategories&post=11153"},{"taxonomy":"post_tag","embeddable":true,"href":"https:\/\/kibrisdakik.com\/index.php?rest_route=%2Fwp%2Fv2%2Ftags&post=11153"}],"curies":[{"name":"wp","href":"https:\/\/api.w.org\/{rel}","templated":true}]}}