{"id":111537,"date":"2026-04-30T11:14:15","date_gmt":"2026-04-30T08:14:15","guid":{"rendered":"https:\/\/kibrisdakik.com\/?p=111537"},"modified":"2026-04-30T11:14:15","modified_gmt":"2026-04-30T08:14:15","slug":"ykpden-1-mayis-icin-sokaga-cagri","status":"publish","type":"post","link":"https:\/\/kibrisdakik.com\/?p=111537","title":{"rendered":"YKP\u2019DEN 1 MAYIS \u0130\u00c7\u0130N SOKA\u011eA \u00c7A\u011eRI"},"content":{"rendered":"<p><\/p>\n<p>Yeni K\u0131br\u0131s Partisi (YKP), neoliberal dayatmaya kar\u015f\u0131, eme\u011fin haklar\u0131n\u0131 savunmak i\u00e7in ortak 1 May\u0131s eylemine kat\u0131l\u0131m \u00e7a\u011fr\u0131s\u0131 yapt\u0131.<\/p>\n<div id=\"ad_121\" data-channel=\"121\" data-advert=\"temedya\" data-rotation=\"120\" class=\"mb-3 text-center\"><\/div>\n<div id=\"ad_121_mobile\" data-channel=\"121\" data-advert=\"temedya\" data-rotation=\"120\" class=\"mb-3 text-center\"><\/div>\n<p>YKP Sekretaryas\u0131 taraf\u0131ndan yap\u0131lan yaz\u0131l\u0131 a\u00e7\u0131klamada, \u201cEgemenlerin t\u00fcm dayatmalar\u0131na ve \u015foven ve milliyet\u00e7i politikalar\u0131na kar\u015f\u0131, 1 May\u0131s i\u00e7in bu y\u0131l da yine sokakta olaca\u011f\u0131z.\u201d denilerek, d\u00fcnyan\u0131n bir\u00e7ok yerinde oldu\u011fu gibi K\u0131br\u0131s\u2019\u0131n her iki yan\u0131nda da neoliberal sald\u0131rganl\u0131k ve dayatmalar\u0131n farkl\u0131 kurumlar arac\u0131l\u0131\u011f\u0131yla s\u00fcrd\u00fc\u011f\u00fc savunuldu.<\/p>\n<p>1 May\u0131s\u2019\u0131n, \u00e7al\u0131\u015fma saatlerinin d\u00fczenlenmesine y\u00f6nelik direni\u015fle ortaya \u00e7\u0131kt\u0131\u011f\u0131 hat\u0131rlat\u0131lan a\u00e7\u0131klamada, Kuzey K\u0131br\u0131s\u2019ta 40 saatlik haftal\u0131k \u00e7al\u0131\u015fma s\u00fcresine uyan hi\u00e7bir \u00f6zel sekt\u00f6r kalmad\u0131\u011f\u0131 ileri s\u00fcr\u00fclerek, 8-8-8 hakk\u0131 i\u00e7in hemen m\u00fccadeleyi y\u00fckseltmek gerekti\u011fi kaydedildi.<\/p>\n<p>\u201cK\u0131z\u0131l 1 May\u0131s ya\u015f\u0131yor, ya\u015fataca\u011f\u0131z.\u201d slogan\u0131na sahip \u00e7\u0131k\u0131ld\u0131\u011f\u0131 belirtilen a\u00e7\u0131klamada, YKP\u2019nin, yar\u0131n saat 17.00\u2019de Parti Genel Merkezi \u00f6n\u00fcnde bulu\u015fup, Ku\u011fulu Park\u2019tan ba\u015flayacak ve ara b\u00f6lgede iki toplumlu eylemle son bulacak y\u00fcr\u00fcy\u00fc\u015fe kat\u0131laca\u011f\u0131 ifade edildi.<\/p>\n<p>A\u00e7\u0131klamada, ortak 1 May\u0131s\u2019ta K\u0131br\u0131s\u2019ta \u00e7\u00f6z\u00fcm ve bar\u0131\u015f taleplerinin dile getirilece\u011fi, dayatmalara kar\u015f\u0131 direni\u015fin birlikte y\u00fckseltilece\u011fi kaydedildi.<\/p>\n<\/p>\n<div class=\"article-source py-3 small \">\n                <\/div>\n","protected":false},"excerpt":{"rendered":"<p>Yeni K\u0131br\u0131s Partisi (YKP), neoliberal dayatmaya kar\u015f\u0131, eme\u011fin haklar\u0131n\u0131 savunmak i\u00e7in ortak 1 May\u0131s eylemine kat\u0131l\u0131m \u00e7a\u011fr\u0131s\u0131 yapt\u0131. YKP Sekretaryas\u0131 taraf\u0131ndan yap\u0131lan yaz\u0131l\u0131 a\u00e7\u0131klamada, \u201cEgemenlerin t\u00fcm dayatmalar\u0131na ve \u015foven ve milliyet\u00e7i politikalar\u0131na kar\u015f\u0131, 1 May\u0131s i\u00e7in bu y\u0131l da yine sokakta olaca\u011f\u0131z.\u201d denilerek, d\u00fcnyan\u0131n bir\u00e7ok yerinde oldu\u011fu gibi K\u0131br\u0131s\u2019\u0131n her iki yan\u0131nda da neoliberal sald\u0131rganl\u0131k<\/p>\n","protected":false},"author":1,"featured_media":111538,"comment_status":"open","ping_status":"open","sticky":false,"template":"","format":"standard","meta":{"footnotes":""},"categories":[81],"tags":[],"class_list":["post-111537","post","type-post","status-publish","format-standard","has-post-thumbnail","hentry","category-kibris"],"yoast_head":"<!-- This site is optimized with the Yoast SEO plugin v27.5 - https:\/\/yoast.com\/product\/yoast-seo-wordpress\/ -->\n<title>YKP\u2019DEN 1 MAYIS \u0130\u00c7\u0130N SOKA\u011eA \u00c7A\u011eRI -<\/title>\n<meta name=\"robots\" content=\"index, follow, max-snippet:-1, max-image-preview:large, max-video-preview:-1\" \/>\n<link rel=\"canonical\" href=\"https:\/\/kibrisdakik.com\/?p=111537\" \/>\n<meta property=\"og:locale\" content=\"tr_TR\" \/>\n<meta property=\"og:type\" content=\"article\" \/>\n<meta property=\"og:title\" content=\"YKP\u2019DEN 1 MAYIS \u0130\u00c7\u0130N SOKA\u011eA \u00c7A\u011eRI -\" \/>\n<meta property=\"og:description\" content=\"Yeni K\u0131br\u0131s Partisi (YKP), neoliberal dayatmaya kar\u015f\u0131, eme\u011fin haklar\u0131n\u0131 savunmak i\u00e7in ortak 1 May\u0131s eylemine kat\u0131l\u0131m \u00e7a\u011fr\u0131s\u0131 yapt\u0131. YKP Sekretaryas\u0131 taraf\u0131ndan yap\u0131lan yaz\u0131l\u0131 a\u00e7\u0131klamada, \u201cEgemenlerin t\u00fcm dayatmalar\u0131na ve \u015foven ve milliyet\u00e7i politikalar\u0131na kar\u015f\u0131, 1 May\u0131s i\u00e7in bu y\u0131l da yine sokakta olaca\u011f\u0131z.\u201d denilerek, d\u00fcnyan\u0131n bir\u00e7ok yerinde oldu\u011fu gibi K\u0131br\u0131s\u2019\u0131n her iki yan\u0131nda da neoliberal sald\u0131rganl\u0131k\" \/>\n<meta property=\"og:url\" content=\"https:\/\/kibrisdakik.com\/?p=111537\" \/>\n<meta property=\"article:published_time\" content=\"2026-04-30T08:14:15+00:00\" \/>\n<meta property=\"og:image\" content=\"https:\/\/mhahabercom.teimg.com\/crop\/1280x720\/mhahaber-com\/uploads\/2026\/04\/mha-sari-beyaz-5059.png\" \/>\n<meta name=\"author\" content=\"admin\" \/>\n<meta name=\"twitter:card\" content=\"summary_large_image\" \/>\n<meta name=\"twitter:label1\" content=\"Yazan:\" \/>\n\t<meta name=\"twitter:data1\" content=\"admin\" \/>\n\t<meta name=\"twitter:label2\" content=\"Tahmini okuma s\u00fcresi\" \/>\n\t<meta name=\"twitter:data2\" content=\"1 dakika\" \/>\n<script type=\"application\/ld+json\" class=\"yoast-schema-graph\">{\"@context\":\"https:\\\/\\\/schema.org\",\"@graph\":[{\"@type\":\"Article\",\"@id\":\"https:\\\/\\\/kibrisdakik.com\\\/?p=111537#article\",\"isPartOf\":{\"@id\":\"https:\\\/\\\/kibrisdakik.com\\\/?p=111537\"},\"author\":{\"name\":\"admin\",\"@id\":\"https:\\\/\\\/kibrisdakik.com\\\/#\\\/schema\\\/person\\\/9cd9d437bbb44f72b73ba127e06d8e79\"},\"headline\":\"YKP\u2019DEN 1 MAYIS \u0130\u00c7\u0130N SOKA\u011eA \u00c7A\u011eRI\",\"datePublished\":\"2026-04-30T08:14:15+00:00\",\"mainEntityOfPage\":{\"@id\":\"https:\\\/\\\/kibrisdakik.com\\\/?p=111537\"},\"wordCount\":240,\"commentCount\":0,\"image\":{\"@id\":\"https:\\\/\\\/kibrisdakik.com\\\/?p=111537#primaryimage\"},\"thumbnailUrl\":\"https:\\\/\\\/kibrisdakik.com\\\/wp-content\\\/uploads\\\/2026\\\/04\\\/mha-sari-beyaz-5059.png\",\"articleSection\":[\"K\u0131br\u0131s\"],\"inLanguage\":\"tr\",\"potentialAction\":[{\"@type\":\"CommentAction\",\"name\":\"Comment\",\"target\":[\"https:\\\/\\\/kibrisdakik.com\\\/?p=111537#respond\"]}]},{\"@type\":\"WebPage\",\"@id\":\"https:\\\/\\\/kibrisdakik.com\\\/?p=111537\",\"url\":\"https:\\\/\\\/kibrisdakik.com\\\/?p=111537\",\"name\":\"YKP\u2019DEN 1 MAYIS \u0130\u00c7\u0130N SOKA\u011eA \u00c7A\u011eRI -\",\"isPartOf\":{\"@id\":\"https:\\\/\\\/kibrisdakik.com\\\/#website\"},\"primaryImageOfPage\":{\"@id\":\"https:\\\/\\\/kibrisdakik.com\\\/?p=111537#primaryimage\"},\"image\":{\"@id\":\"https:\\\/\\\/kibrisdakik.com\\\/?p=111537#primaryimage\"},\"thumbnailUrl\":\"https:\\\/\\\/kibrisdakik.com\\\/wp-content\\\/uploads\\\/2026\\\/04\\\/mha-sari-beyaz-5059.png\",\"datePublished\":\"2026-04-30T08:14:15+00:00\",\"author\":{\"@id\":\"https:\\\/\\\/kibrisdakik.com\\\/#\\\/schema\\\/person\\\/9cd9d437bbb44f72b73ba127e06d8e79\"},\"breadcrumb\":{\"@id\":\"https:\\\/\\\/kibrisdakik.com\\\/?p=111537#breadcrumb\"},\"inLanguage\":\"tr\",\"potentialAction\":[{\"@type\":\"ReadAction\",\"target\":[\"https:\\\/\\\/kibrisdakik.com\\\/?p=111537\"]}]},{\"@type\":\"ImageObject\",\"inLanguage\":\"tr\",\"@id\":\"https:\\\/\\\/kibrisdakik.com\\\/?p=111537#primaryimage\",\"url\":\"https:\\\/\\\/kibrisdakik.com\\\/wp-content\\\/uploads\\\/2026\\\/04\\\/mha-sari-beyaz-5059.png\",\"contentUrl\":\"https:\\\/\\\/kibrisdakik.com\\\/wp-content\\\/uploads\\\/2026\\\/04\\\/mha-sari-beyaz-5059.png\",\"width\":1280,\"height\":720},{\"@type\":\"BreadcrumbList\",\"@id\":\"https:\\\/\\\/kibrisdakik.com\\\/?p=111537#breadcrumb\",\"itemListElement\":[{\"@type\":\"ListItem\",\"position\":1,\"name\":\"Home\",\"item\":\"https:\\\/\\\/kibrisdakik.com\\\/\"},{\"@type\":\"ListItem\",\"position\":2,\"name\":\"YKP\u2019DEN 1 MAYIS \u0130\u00c7\u0130N SOKA\u011eA \u00c7A\u011eRI\"}]},{\"@type\":\"WebSite\",\"@id\":\"https:\\\/\\\/kibrisdakik.com\\\/#website\",\"url\":\"https:\\\/\\\/kibrisdakik.com\\\/\",\"name\":\"\",\"description\":\"Tam vaktinde haber\",\"potentialAction\":[{\"@type\":\"SearchAction\",\"target\":{\"@type\":\"EntryPoint\",\"urlTemplate\":\"https:\\\/\\\/kibrisdakik.com\\\/?s={search_term_string}\"},\"query-input\":{\"@type\":\"PropertyValueSpecification\",\"valueRequired\":true,\"valueName\":\"search_term_string\"}}],\"inLanguage\":\"tr\"},{\"@type\":\"Person\",\"@id\":\"https:\\\/\\\/kibrisdakik.com\\\/#\\\/schema\\\/person\\\/9cd9d437bbb44f72b73ba127e06d8e79\",\"name\":\"admin\",\"image\":{\"@type\":\"ImageObject\",\"inLanguage\":\"tr\",\"@id\":\"https:\\\/\\\/secure.gravatar.com\\\/avatar\\\/ccc17943b9d660506c869530f897617f7cb1c21a4bf30023f252596d83e1f007?s=96&d=mm&r=g\",\"url\":\"https:\\\/\\\/secure.gravatar.com\\\/avatar\\\/ccc17943b9d660506c869530f897617f7cb1c21a4bf30023f252596d83e1f007?s=96&d=mm&r=g\",\"contentUrl\":\"https:\\\/\\\/secure.gravatar.com\\\/avatar\\\/ccc17943b9d660506c869530f897617f7cb1c21a4bf30023f252596d83e1f007?s=96&d=mm&r=g\",\"caption\":\"admin\"},\"sameAs\":[\"https:\\\/\\\/kibrisdakik.com\"],\"url\":\"https:\\\/\\\/kibrisdakik.com\\\/?author=1\"}]}<\/script>\n<!-- \/ Yoast SEO plugin. -->","yoast_head_json":{"title":"YKP\u2019DEN 1 MAYIS \u0130\u00c7\u0130N SOKA\u011eA \u00c7A\u011eRI -","robots":{"index":"index","follow":"follow","max-snippet":"max-snippet:-1","max-image-preview":"max-image-preview:large","max-video-preview":"max-video-preview:-1"},"canonical":"https:\/\/kibrisdakik.com\/?p=111537","og_locale":"tr_TR","og_type":"article","og_title":"YKP\u2019DEN 1 MAYIS \u0130\u00c7\u0130N SOKA\u011eA \u00c7A\u011eRI -","og_description":"Yeni K\u0131br\u0131s Partisi (YKP), neoliberal dayatmaya kar\u015f\u0131, eme\u011fin haklar\u0131n\u0131 savunmak i\u00e7in ortak 1 May\u0131s eylemine kat\u0131l\u0131m \u00e7a\u011fr\u0131s\u0131 yapt\u0131. YKP Sekretaryas\u0131 taraf\u0131ndan yap\u0131lan yaz\u0131l\u0131 a\u00e7\u0131klamada, \u201cEgemenlerin t\u00fcm dayatmalar\u0131na ve \u015foven ve milliyet\u00e7i politikalar\u0131na kar\u015f\u0131, 1 May\u0131s i\u00e7in bu y\u0131l da yine sokakta olaca\u011f\u0131z.\u201d denilerek, d\u00fcnyan\u0131n bir\u00e7ok yerinde oldu\u011fu gibi K\u0131br\u0131s\u2019\u0131n her iki yan\u0131nda da neoliberal sald\u0131rganl\u0131k","og_url":"https:\/\/kibrisdakik.com\/?p=111537","article_published_time":"2026-04-30T08:14:15+00:00","og_image":[{"url":"https:\/\/mhahabercom.teimg.com\/crop\/1280x720\/mhahaber-com\/uploads\/2026\/04\/mha-sari-beyaz-5059.png","type":"","width":"","height":""}],"author":"admin","twitter_card":"summary_large_image","twitter_misc":{"Yazan:":"admin","Tahmini okuma s\u00fcresi":"1 dakika"},"schema":{"@context":"https:\/\/schema.org","@graph":[{"@type":"Article","@id":"https:\/\/kibrisdakik.com\/?p=111537#article","isPartOf":{"@id":"https:\/\/kibrisdakik.com\/?p=111537"},"author":{"name":"admin","@id":"https:\/\/kibrisdakik.com\/#\/schema\/person\/9cd9d437bbb44f72b73ba127e06d8e79"},"headline":"YKP\u2019DEN 1 MAYIS \u0130\u00c7\u0130N SOKA\u011eA \u00c7A\u011eRI","datePublished":"2026-04-30T08:14:15+00:00","mainEntityOfPage":{"@id":"https:\/\/kibrisdakik.com\/?p=111537"},"wordCount":240,"commentCount":0,"image":{"@id":"https:\/\/kibrisdakik.com\/?p=111537#primaryimage"},"thumbnailUrl":"https:\/\/kibrisdakik.com\/wp-content\/uploads\/2026\/04\/mha-sari-beyaz-5059.png","articleSection":["K\u0131br\u0131s"],"inLanguage":"tr","potentialAction":[{"@type":"CommentAction","name":"Comment","target":["https:\/\/kibrisdakik.com\/?p=111537#respond"]}]},{"@type":"WebPage","@id":"https:\/\/kibrisdakik.com\/?p=111537","url":"https:\/\/kibrisdakik.com\/?p=111537","name":"YKP\u2019DEN 1 MAYIS \u0130\u00c7\u0130N SOKA\u011eA \u00c7A\u011eRI -","isPartOf":{"@id":"https:\/\/kibrisdakik.com\/#website"},"primaryImageOfPage":{"@id":"https:\/\/kibrisdakik.com\/?p=111537#primaryimage"},"image":{"@id":"https:\/\/kibrisdakik.com\/?p=111537#primaryimage"},"thumbnailUrl":"https:\/\/kibrisdakik.com\/wp-content\/uploads\/2026\/04\/mha-sari-beyaz-5059.png","datePublished":"2026-04-30T08:14:15+00:00","author":{"@id":"https:\/\/kibrisdakik.com\/#\/schema\/person\/9cd9d437bbb44f72b73ba127e06d8e79"},"breadcrumb":{"@id":"https:\/\/kibrisdakik.com\/?p=111537#breadcrumb"},"inLanguage":"tr","potentialAction":[{"@type":"ReadAction","target":["https:\/\/kibrisdakik.com\/?p=111537"]}]},{"@type":"ImageObject","inLanguage":"tr","@id":"https:\/\/kibrisdakik.com\/?p=111537#primaryimage","url":"https:\/\/kibrisdakik.com\/wp-content\/uploads\/2026\/04\/mha-sari-beyaz-5059.png","contentUrl":"https:\/\/kibrisdakik.com\/wp-content\/uploads\/2026\/04\/mha-sari-beyaz-5059.png","width":1280,"height":720},{"@type":"BreadcrumbList","@id":"https:\/\/kibrisdakik.com\/?p=111537#breadcrumb","itemListElement":[{"@type":"ListItem","position":1,"name":"Home","item":"https:\/\/kibrisdakik.com\/"},{"@type":"ListItem","position":2,"name":"YKP\u2019DEN 1 MAYIS \u0130\u00c7\u0130N SOKA\u011eA \u00c7A\u011eRI"}]},{"@type":"WebSite","@id":"https:\/\/kibrisdakik.com\/#website","url":"https:\/\/kibrisdakik.com\/","name":"","description":"Tam vaktinde haber","potentialAction":[{"@type":"SearchAction","target":{"@type":"EntryPoint","urlTemplate":"https:\/\/kibrisdakik.com\/?s={search_term_string}"},"query-input":{"@type":"PropertyValueSpecification","valueRequired":true,"valueName":"search_term_string"}}],"inLanguage":"tr"},{"@type":"Person","@id":"https:\/\/kibrisdakik.com\/#\/schema\/person\/9cd9d437bbb44f72b73ba127e06d8e79","name":"admin","image":{"@type":"ImageObject","inLanguage":"tr","@id":"https:\/\/secure.gravatar.com\/avatar\/ccc17943b9d660506c869530f897617f7cb1c21a4bf30023f252596d83e1f007?s=96&d=mm&r=g","url":"https:\/\/secure.gravatar.com\/avatar\/ccc17943b9d660506c869530f897617f7cb1c21a4bf30023f252596d83e1f007?s=96&d=mm&r=g","contentUrl":"https:\/\/secure.gravatar.com\/avatar\/ccc17943b9d660506c869530f897617f7cb1c21a4bf30023f252596d83e1f007?s=96&d=mm&r=g","caption":"admin"},"sameAs":["https:\/\/kibrisdakik.com"],"url":"https:\/\/kibrisdakik.com\/?author=1"}]}},"_links":{"self":[{"href":"https:\/\/kibrisdakik.com\/index.php?rest_route=\/wp\/v2\/posts\/111537","targetHints":{"allow":["GET"]}}],"collection":[{"href":"https:\/\/kibrisdakik.com\/index.php?rest_route=\/wp\/v2\/posts"}],"about":[{"href":"https:\/\/kibrisdakik.com\/index.php?rest_route=\/wp\/v2\/types\/post"}],"author":[{"embeddable":true,"href":"https:\/\/kibrisdakik.com\/index.php?rest_route=\/wp\/v2\/users\/1"}],"replies":[{"embeddable":true,"href":"https:\/\/kibrisdakik.com\/index.php?rest_route=%2Fwp%2Fv2%2Fcomments&post=111537"}],"version-history":[{"count":0,"href":"https:\/\/kibrisdakik.com\/index.php?rest_route=\/wp\/v2\/posts\/111537\/revisions"}],"wp:featuredmedia":[{"embeddable":true,"href":"https:\/\/kibrisdakik.com\/index.php?rest_route=\/wp\/v2\/media\/111538"}],"wp:attachment":[{"href":"https:\/\/kibrisdakik.com\/index.php?rest_route=%2Fwp%2Fv2%2Fmedia&parent=111537"}],"wp:term":[{"taxonomy":"category","embeddable":true,"href":"https:\/\/kibrisdakik.com\/index.php?rest_route=%2Fwp%2Fv2%2Fcategories&post=111537"},{"taxonomy":"post_tag","embeddable":true,"href":"https:\/\/kibrisdakik.com\/index.php?rest_route=%2Fwp%2Fv2%2Ftags&post=111537"}],"curies":[{"name":"wp","href":"https:\/\/api.w.org\/{rel}","templated":true}]}}