{"id":111542,"date":"2026-04-30T11:42:30","date_gmt":"2026-04-30T08:42:30","guid":{"rendered":"https:\/\/kibrisdakik.com\/?p=111542"},"modified":"2026-04-30T11:42:30","modified_gmt":"2026-04-30T08:42:30","slug":"yedidalga-halk-plaji-sezona-hazir","status":"publish","type":"post","link":"https:\/\/kibrisdakik.com\/?p=111542","title":{"rendered":"YED\u0130DALGA HALK PLAJI SEZONA HAZIR"},"content":{"rendered":"<p><\/p>\n<div data-text-id=\"201017\" property=\"articleBody\">\n<p>Lefke Belediyesi, Yedidalga Halk Plaj\u0131\u2019n\u0131n 1 May\u0131s itibar\u0131yla halk\u0131n kullan\u0131m\u0131na a\u00e7\u0131laca\u011f\u0131n\u0131 duyurdu.<\/p>\n<p>Belediyeden yap\u0131lan a\u00e7\u0131klamada, plajda y\u00fcr\u00fct\u00fclen temizlik ve d\u00fczenleme \u00e7al\u0131\u015fmalar\u0131n\u0131n tamamland\u0131\u011f\u0131 belirtildi. A\u00e7\u0131klamada, vatanda\u015flar\u0131n aileleriyle birlikte g\u00fcvenli ve konforlu bir \u015fekilde vakit ge\u00e7irebilece\u011fi bir ortam\u0131n haz\u0131rland\u0131\u011f\u0131 ifade edildi.<\/p>\n<p>Yedidalga Halk Plaj\u0131\u2019n\u0131n yaz sezonu boyunca b\u00f6lge halk\u0131na hizmet verece\u011fi kaydedilirken, t\u00fcm vatanda\u015flar plaja davet edildi.<\/p>\n<\/p><\/div>\n","protected":false},"excerpt":{"rendered":"<p>Lefke Belediyesi, Yedidalga Halk Plaj\u0131\u2019n\u0131n 1 May\u0131s itibar\u0131yla halk\u0131n kullan\u0131m\u0131na a\u00e7\u0131laca\u011f\u0131n\u0131 duyurdu. Belediyeden yap\u0131lan a\u00e7\u0131klamada, plajda y\u00fcr\u00fct\u00fclen temizlik ve d\u00fczenleme \u00e7al\u0131\u015fmalar\u0131n\u0131n tamamland\u0131\u011f\u0131 belirtildi. A\u00e7\u0131klamada, vatanda\u015flar\u0131n aileleriyle birlikte g\u00fcvenli ve konforlu bir \u015fekilde vakit ge\u00e7irebilece\u011fi bir ortam\u0131n haz\u0131rland\u0131\u011f\u0131 ifade edildi. Yedidalga Halk Plaj\u0131\u2019n\u0131n yaz sezonu boyunca b\u00f6lge halk\u0131na hizmet verece\u011fi kaydedilirken, t\u00fcm vatanda\u015flar plaja davet edildi.<\/p>\n","protected":false},"author":1,"featured_media":111543,"comment_status":"open","ping_status":"open","sticky":false,"template":"","format":"standard","meta":{"footnotes":""},"categories":[81],"tags":[],"class_list":["post-111542","post","type-post","status-publish","format-standard","has-post-thumbnail","hentry","category-kibris"],"yoast_head":"<!-- This site is optimized with the Yoast SEO plugin v27.5 - https:\/\/yoast.com\/product\/yoast-seo-wordpress\/ -->\n<title>YED\u0130DALGA HALK PLAJI SEZONA HAZIR -<\/title>\n<meta name=\"robots\" content=\"index, follow, max-snippet:-1, max-image-preview:large, max-video-preview:-1\" \/>\n<link rel=\"canonical\" href=\"https:\/\/kibrisdakik.com\/?p=111542\" \/>\n<meta property=\"og:locale\" content=\"tr_TR\" \/>\n<meta property=\"og:type\" content=\"article\" \/>\n<meta property=\"og:title\" content=\"YED\u0130DALGA HALK PLAJI SEZONA HAZIR -\" \/>\n<meta property=\"og:description\" content=\"Lefke Belediyesi, Yedidalga Halk Plaj\u0131\u2019n\u0131n 1 May\u0131s itibar\u0131yla halk\u0131n kullan\u0131m\u0131na a\u00e7\u0131laca\u011f\u0131n\u0131 duyurdu. Belediyeden yap\u0131lan a\u00e7\u0131klamada, plajda y\u00fcr\u00fct\u00fclen temizlik ve d\u00fczenleme \u00e7al\u0131\u015fmalar\u0131n\u0131n tamamland\u0131\u011f\u0131 belirtildi. A\u00e7\u0131klamada, vatanda\u015flar\u0131n aileleriyle birlikte g\u00fcvenli ve konforlu bir \u015fekilde vakit ge\u00e7irebilece\u011fi bir ortam\u0131n haz\u0131rland\u0131\u011f\u0131 ifade edildi. Yedidalga Halk Plaj\u0131\u2019n\u0131n yaz sezonu boyunca b\u00f6lge halk\u0131na hizmet verece\u011fi kaydedilirken, t\u00fcm vatanda\u015flar plaja davet edildi.\" \/>\n<meta property=\"og:url\" content=\"https:\/\/kibrisdakik.com\/?p=111542\" \/>\n<meta property=\"article:published_time\" content=\"2026-04-30T08:42:30+00:00\" \/>\n<meta property=\"og:image\" content=\"https:\/\/mhahabercom.teimg.com\/crop\/1280x720\/mhahaber-com\/uploads\/2026\/04\/mha-sari-beyaz-5060.png\" \/>\n<meta name=\"author\" content=\"admin\" \/>\n<meta name=\"twitter:card\" content=\"summary_large_image\" \/>\n<meta name=\"twitter:label1\" content=\"Yazan:\" \/>\n\t<meta name=\"twitter:data1\" content=\"admin\" \/>\n<script type=\"application\/ld+json\" class=\"yoast-schema-graph\">{\"@context\":\"https:\\\/\\\/schema.org\",\"@graph\":[{\"@type\":\"Article\",\"@id\":\"https:\\\/\\\/kibrisdakik.com\\\/?p=111542#article\",\"isPartOf\":{\"@id\":\"https:\\\/\\\/kibrisdakik.com\\\/?p=111542\"},\"author\":{\"name\":\"admin\",\"@id\":\"https:\\\/\\\/kibrisdakik.com\\\/#\\\/schema\\\/person\\\/9cd9d437bbb44f72b73ba127e06d8e79\"},\"headline\":\"YED\u0130DALGA HALK PLAJI SEZONA HAZIR\",\"datePublished\":\"2026-04-30T08:42:30+00:00\",\"mainEntityOfPage\":{\"@id\":\"https:\\\/\\\/kibrisdakik.com\\\/?p=111542\"},\"wordCount\":93,\"commentCount\":0,\"image\":{\"@id\":\"https:\\\/\\\/kibrisdakik.com\\\/?p=111542#primaryimage\"},\"thumbnailUrl\":\"https:\\\/\\\/kibrisdakik.com\\\/wp-content\\\/uploads\\\/2026\\\/04\\\/mha-sari-beyaz-5060.png\",\"articleSection\":[\"K\u0131br\u0131s\"],\"inLanguage\":\"tr\",\"potentialAction\":[{\"@type\":\"CommentAction\",\"name\":\"Comment\",\"target\":[\"https:\\\/\\\/kibrisdakik.com\\\/?p=111542#respond\"]}]},{\"@type\":\"WebPage\",\"@id\":\"https:\\\/\\\/kibrisdakik.com\\\/?p=111542\",\"url\":\"https:\\\/\\\/kibrisdakik.com\\\/?p=111542\",\"name\":\"YED\u0130DALGA HALK PLAJI SEZONA HAZIR -\",\"isPartOf\":{\"@id\":\"https:\\\/\\\/kibrisdakik.com\\\/#website\"},\"primaryImageOfPage\":{\"@id\":\"https:\\\/\\\/kibrisdakik.com\\\/?p=111542#primaryimage\"},\"image\":{\"@id\":\"https:\\\/\\\/kibrisdakik.com\\\/?p=111542#primaryimage\"},\"thumbnailUrl\":\"https:\\\/\\\/kibrisdakik.com\\\/wp-content\\\/uploads\\\/2026\\\/04\\\/mha-sari-beyaz-5060.png\",\"datePublished\":\"2026-04-30T08:42:30+00:00\",\"author\":{\"@id\":\"https:\\\/\\\/kibrisdakik.com\\\/#\\\/schema\\\/person\\\/9cd9d437bbb44f72b73ba127e06d8e79\"},\"breadcrumb\":{\"@id\":\"https:\\\/\\\/kibrisdakik.com\\\/?p=111542#breadcrumb\"},\"inLanguage\":\"tr\",\"potentialAction\":[{\"@type\":\"ReadAction\",\"target\":[\"https:\\\/\\\/kibrisdakik.com\\\/?p=111542\"]}]},{\"@type\":\"ImageObject\",\"inLanguage\":\"tr\",\"@id\":\"https:\\\/\\\/kibrisdakik.com\\\/?p=111542#primaryimage\",\"url\":\"https:\\\/\\\/kibrisdakik.com\\\/wp-content\\\/uploads\\\/2026\\\/04\\\/mha-sari-beyaz-5060.png\",\"contentUrl\":\"https:\\\/\\\/kibrisdakik.com\\\/wp-content\\\/uploads\\\/2026\\\/04\\\/mha-sari-beyaz-5060.png\",\"width\":1280,\"height\":720},{\"@type\":\"BreadcrumbList\",\"@id\":\"https:\\\/\\\/kibrisdakik.com\\\/?p=111542#breadcrumb\",\"itemListElement\":[{\"@type\":\"ListItem\",\"position\":1,\"name\":\"Home\",\"item\":\"https:\\\/\\\/kibrisdakik.com\\\/\"},{\"@type\":\"ListItem\",\"position\":2,\"name\":\"YED\u0130DALGA HALK PLAJI SEZONA HAZIR\"}]},{\"@type\":\"WebSite\",\"@id\":\"https:\\\/\\\/kibrisdakik.com\\\/#website\",\"url\":\"https:\\\/\\\/kibrisdakik.com\\\/\",\"name\":\"\",\"description\":\"Tam vaktinde haber\",\"potentialAction\":[{\"@type\":\"SearchAction\",\"target\":{\"@type\":\"EntryPoint\",\"urlTemplate\":\"https:\\\/\\\/kibrisdakik.com\\\/?s={search_term_string}\"},\"query-input\":{\"@type\":\"PropertyValueSpecification\",\"valueRequired\":true,\"valueName\":\"search_term_string\"}}],\"inLanguage\":\"tr\"},{\"@type\":\"Person\",\"@id\":\"https:\\\/\\\/kibrisdakik.com\\\/#\\\/schema\\\/person\\\/9cd9d437bbb44f72b73ba127e06d8e79\",\"name\":\"admin\",\"image\":{\"@type\":\"ImageObject\",\"inLanguage\":\"tr\",\"@id\":\"https:\\\/\\\/secure.gravatar.com\\\/avatar\\\/ccc17943b9d660506c869530f897617f7cb1c21a4bf30023f252596d83e1f007?s=96&d=mm&r=g\",\"url\":\"https:\\\/\\\/secure.gravatar.com\\\/avatar\\\/ccc17943b9d660506c869530f897617f7cb1c21a4bf30023f252596d83e1f007?s=96&d=mm&r=g\",\"contentUrl\":\"https:\\\/\\\/secure.gravatar.com\\\/avatar\\\/ccc17943b9d660506c869530f897617f7cb1c21a4bf30023f252596d83e1f007?s=96&d=mm&r=g\",\"caption\":\"admin\"},\"sameAs\":[\"https:\\\/\\\/kibrisdakik.com\"],\"url\":\"https:\\\/\\\/kibrisdakik.com\\\/?author=1\"}]}<\/script>\n<!-- \/ Yoast SEO plugin. -->","yoast_head_json":{"title":"YED\u0130DALGA HALK PLAJI SEZONA HAZIR -","robots":{"index":"index","follow":"follow","max-snippet":"max-snippet:-1","max-image-preview":"max-image-preview:large","max-video-preview":"max-video-preview:-1"},"canonical":"https:\/\/kibrisdakik.com\/?p=111542","og_locale":"tr_TR","og_type":"article","og_title":"YED\u0130DALGA HALK PLAJI SEZONA HAZIR -","og_description":"Lefke Belediyesi, Yedidalga Halk Plaj\u0131\u2019n\u0131n 1 May\u0131s itibar\u0131yla halk\u0131n kullan\u0131m\u0131na a\u00e7\u0131laca\u011f\u0131n\u0131 duyurdu. Belediyeden yap\u0131lan a\u00e7\u0131klamada, plajda y\u00fcr\u00fct\u00fclen temizlik ve d\u00fczenleme \u00e7al\u0131\u015fmalar\u0131n\u0131n tamamland\u0131\u011f\u0131 belirtildi. A\u00e7\u0131klamada, vatanda\u015flar\u0131n aileleriyle birlikte g\u00fcvenli ve konforlu bir \u015fekilde vakit ge\u00e7irebilece\u011fi bir ortam\u0131n haz\u0131rland\u0131\u011f\u0131 ifade edildi. Yedidalga Halk Plaj\u0131\u2019n\u0131n yaz sezonu boyunca b\u00f6lge halk\u0131na hizmet verece\u011fi kaydedilirken, t\u00fcm vatanda\u015flar plaja davet edildi.","og_url":"https:\/\/kibrisdakik.com\/?p=111542","article_published_time":"2026-04-30T08:42:30+00:00","og_image":[{"url":"https:\/\/mhahabercom.teimg.com\/crop\/1280x720\/mhahaber-com\/uploads\/2026\/04\/mha-sari-beyaz-5060.png","type":"","width":"","height":""}],"author":"admin","twitter_card":"summary_large_image","twitter_misc":{"Yazan:":"admin"},"schema":{"@context":"https:\/\/schema.org","@graph":[{"@type":"Article","@id":"https:\/\/kibrisdakik.com\/?p=111542#article","isPartOf":{"@id":"https:\/\/kibrisdakik.com\/?p=111542"},"author":{"name":"admin","@id":"https:\/\/kibrisdakik.com\/#\/schema\/person\/9cd9d437bbb44f72b73ba127e06d8e79"},"headline":"YED\u0130DALGA HALK PLAJI SEZONA HAZIR","datePublished":"2026-04-30T08:42:30+00:00","mainEntityOfPage":{"@id":"https:\/\/kibrisdakik.com\/?p=111542"},"wordCount":93,"commentCount":0,"image":{"@id":"https:\/\/kibrisdakik.com\/?p=111542#primaryimage"},"thumbnailUrl":"https:\/\/kibrisdakik.com\/wp-content\/uploads\/2026\/04\/mha-sari-beyaz-5060.png","articleSection":["K\u0131br\u0131s"],"inLanguage":"tr","potentialAction":[{"@type":"CommentAction","name":"Comment","target":["https:\/\/kibrisdakik.com\/?p=111542#respond"]}]},{"@type":"WebPage","@id":"https:\/\/kibrisdakik.com\/?p=111542","url":"https:\/\/kibrisdakik.com\/?p=111542","name":"YED\u0130DALGA HALK PLAJI SEZONA HAZIR -","isPartOf":{"@id":"https:\/\/kibrisdakik.com\/#website"},"primaryImageOfPage":{"@id":"https:\/\/kibrisdakik.com\/?p=111542#primaryimage"},"image":{"@id":"https:\/\/kibrisdakik.com\/?p=111542#primaryimage"},"thumbnailUrl":"https:\/\/kibrisdakik.com\/wp-content\/uploads\/2026\/04\/mha-sari-beyaz-5060.png","datePublished":"2026-04-30T08:42:30+00:00","author":{"@id":"https:\/\/kibrisdakik.com\/#\/schema\/person\/9cd9d437bbb44f72b73ba127e06d8e79"},"breadcrumb":{"@id":"https:\/\/kibrisdakik.com\/?p=111542#breadcrumb"},"inLanguage":"tr","potentialAction":[{"@type":"ReadAction","target":["https:\/\/kibrisdakik.com\/?p=111542"]}]},{"@type":"ImageObject","inLanguage":"tr","@id":"https:\/\/kibrisdakik.com\/?p=111542#primaryimage","url":"https:\/\/kibrisdakik.com\/wp-content\/uploads\/2026\/04\/mha-sari-beyaz-5060.png","contentUrl":"https:\/\/kibrisdakik.com\/wp-content\/uploads\/2026\/04\/mha-sari-beyaz-5060.png","width":1280,"height":720},{"@type":"BreadcrumbList","@id":"https:\/\/kibrisdakik.com\/?p=111542#breadcrumb","itemListElement":[{"@type":"ListItem","position":1,"name":"Home","item":"https:\/\/kibrisdakik.com\/"},{"@type":"ListItem","position":2,"name":"YED\u0130DALGA HALK PLAJI SEZONA HAZIR"}]},{"@type":"WebSite","@id":"https:\/\/kibrisdakik.com\/#website","url":"https:\/\/kibrisdakik.com\/","name":"","description":"Tam vaktinde haber","potentialAction":[{"@type":"SearchAction","target":{"@type":"EntryPoint","urlTemplate":"https:\/\/kibrisdakik.com\/?s={search_term_string}"},"query-input":{"@type":"PropertyValueSpecification","valueRequired":true,"valueName":"search_term_string"}}],"inLanguage":"tr"},{"@type":"Person","@id":"https:\/\/kibrisdakik.com\/#\/schema\/person\/9cd9d437bbb44f72b73ba127e06d8e79","name":"admin","image":{"@type":"ImageObject","inLanguage":"tr","@id":"https:\/\/secure.gravatar.com\/avatar\/ccc17943b9d660506c869530f897617f7cb1c21a4bf30023f252596d83e1f007?s=96&d=mm&r=g","url":"https:\/\/secure.gravatar.com\/avatar\/ccc17943b9d660506c869530f897617f7cb1c21a4bf30023f252596d83e1f007?s=96&d=mm&r=g","contentUrl":"https:\/\/secure.gravatar.com\/avatar\/ccc17943b9d660506c869530f897617f7cb1c21a4bf30023f252596d83e1f007?s=96&d=mm&r=g","caption":"admin"},"sameAs":["https:\/\/kibrisdakik.com"],"url":"https:\/\/kibrisdakik.com\/?author=1"}]}},"_links":{"self":[{"href":"https:\/\/kibrisdakik.com\/index.php?rest_route=\/wp\/v2\/posts\/111542","targetHints":{"allow":["GET"]}}],"collection":[{"href":"https:\/\/kibrisdakik.com\/index.php?rest_route=\/wp\/v2\/posts"}],"about":[{"href":"https:\/\/kibrisdakik.com\/index.php?rest_route=\/wp\/v2\/types\/post"}],"author":[{"embeddable":true,"href":"https:\/\/kibrisdakik.com\/index.php?rest_route=\/wp\/v2\/users\/1"}],"replies":[{"embeddable":true,"href":"https:\/\/kibrisdakik.com\/index.php?rest_route=%2Fwp%2Fv2%2Fcomments&post=111542"}],"version-history":[{"count":0,"href":"https:\/\/kibrisdakik.com\/index.php?rest_route=\/wp\/v2\/posts\/111542\/revisions"}],"wp:featuredmedia":[{"embeddable":true,"href":"https:\/\/kibrisdakik.com\/index.php?rest_route=\/wp\/v2\/media\/111543"}],"wp:attachment":[{"href":"https:\/\/kibrisdakik.com\/index.php?rest_route=%2Fwp%2Fv2%2Fmedia&parent=111542"}],"wp:term":[{"taxonomy":"category","embeddable":true,"href":"https:\/\/kibrisdakik.com\/index.php?rest_route=%2Fwp%2Fv2%2Fcategories&post=111542"},{"taxonomy":"post_tag","embeddable":true,"href":"https:\/\/kibrisdakik.com\/index.php?rest_route=%2Fwp%2Fv2%2Ftags&post=111542"}],"curies":[{"name":"wp","href":"https:\/\/api.w.org\/{rel}","templated":true}]}}