{"id":111544,"date":"2026-04-30T11:54:15","date_gmt":"2026-04-30T08:54:15","guid":{"rendered":"https:\/\/kibrisdakik.com\/?p=111544"},"modified":"2026-04-30T11:54:15","modified_gmt":"2026-04-30T08:54:15","slug":"kttoda-calisma-izni-tuzugu-uyelerin-onayina-sunulacak","status":"publish","type":"post","link":"https:\/\/kibrisdakik.com\/?p=111544","title":{"rendered":"KTTO\u2019DA \u00c7ALI\u015eMA \u0130ZN\u0130 T\u00dcZ\u00dc\u011e\u00dc \u00dcYELER\u0130N ONAYINA SUNULACAK"},"content":{"rendered":"<p><\/p>\n<div data-text-id=\"201019\" property=\"articleBody\">\n<p>K\u0131br\u0131s T\u00fcrk Ticaret Odas\u0131\u2019n\u0131n (KTTO) Ola\u011fan\u00fcst\u00fc Genel Kurulu, 9 May\u0131s Cumartesi g\u00fcn\u00fc saat 10.00\u2019da K\u0131br\u0131s T\u00fcrk Ticaret Odas\u0131 Mustafa \u00c7a\u011fatay Konferans Salonu\u2019nda yap\u0131lacak.<\/p>\n<p>KTTO\u2019dan yap\u0131lan a\u00e7\u0131klamaya g\u00f6re, Atat\u00fcrk ve \u015fehitlerin manevi huzurlar\u0131nda yap\u0131lacak sayg\u0131 duru\u015fu ile ba\u015flayacak Ola\u011fan\u00fcst\u00fc Genel Kurul, Ba\u015fkanl\u0131k Divan\u0131n\u0131n olu\u015fumu ve oda ba\u015fkan\u0131n\u0131n konu\u015fmas\u0131 ile devam edecek.<\/p>\n<p>Genel Kurul\u2019da K\u0131br\u0131s T\u00fcrk Ticaret Odas\u0131 Yasa\u2019n\u0131n 18\u2019inci maddesine istinaden haz\u0131rlanan \u201cK\u0131br\u0131s T\u00fcrk Ticaret Odas\u0131 \u00dcyelerine \u00c7al\u0131\u015fma \u0130zni Ba\u015fvuru ve Takip Hizmeti T\u00fcz\u00fc\u011f\u00fc\u201d \u00fcyelerin onay\u0131na sunulacak.<\/p>\n<\/p><\/div>\n","protected":false},"excerpt":{"rendered":"<p>K\u0131br\u0131s T\u00fcrk Ticaret Odas\u0131\u2019n\u0131n (KTTO) Ola\u011fan\u00fcst\u00fc Genel Kurulu, 9 May\u0131s Cumartesi g\u00fcn\u00fc saat 10.00\u2019da K\u0131br\u0131s T\u00fcrk Ticaret Odas\u0131 Mustafa \u00c7a\u011fatay Konferans Salonu\u2019nda yap\u0131lacak. KTTO\u2019dan yap\u0131lan a\u00e7\u0131klamaya g\u00f6re, Atat\u00fcrk ve \u015fehitlerin manevi huzurlar\u0131nda yap\u0131lacak sayg\u0131 duru\u015fu ile ba\u015flayacak Ola\u011fan\u00fcst\u00fc Genel Kurul, Ba\u015fkanl\u0131k Divan\u0131n\u0131n olu\u015fumu ve oda ba\u015fkan\u0131n\u0131n konu\u015fmas\u0131 ile devam edecek. Genel Kurul\u2019da K\u0131br\u0131s T\u00fcrk Ticaret<\/p>\n","protected":false},"author":1,"featured_media":111545,"comment_status":"open","ping_status":"open","sticky":false,"template":"","format":"standard","meta":{"footnotes":""},"categories":[81],"tags":[],"class_list":["post-111544","post","type-post","status-publish","format-standard","has-post-thumbnail","hentry","category-kibris"],"yoast_head":"<!-- This site is optimized with the Yoast SEO plugin v27.5 - https:\/\/yoast.com\/product\/yoast-seo-wordpress\/ -->\n<title>KTTO\u2019DA \u00c7ALI\u015eMA \u0130ZN\u0130 T\u00dcZ\u00dc\u011e\u00dc \u00dcYELER\u0130N ONAYINA SUNULACAK -<\/title>\n<meta name=\"robots\" content=\"index, follow, max-snippet:-1, max-image-preview:large, max-video-preview:-1\" \/>\n<link rel=\"canonical\" href=\"https:\/\/kibrisdakik.com\/?p=111544\" \/>\n<meta property=\"og:locale\" content=\"tr_TR\" \/>\n<meta property=\"og:type\" content=\"article\" \/>\n<meta property=\"og:title\" content=\"KTTO\u2019DA \u00c7ALI\u015eMA \u0130ZN\u0130 T\u00dcZ\u00dc\u011e\u00dc \u00dcYELER\u0130N ONAYINA SUNULACAK -\" \/>\n<meta property=\"og:description\" content=\"K\u0131br\u0131s T\u00fcrk Ticaret Odas\u0131\u2019n\u0131n (KTTO) Ola\u011fan\u00fcst\u00fc Genel Kurulu, 9 May\u0131s Cumartesi g\u00fcn\u00fc saat 10.00\u2019da K\u0131br\u0131s T\u00fcrk Ticaret Odas\u0131 Mustafa \u00c7a\u011fatay Konferans Salonu\u2019nda yap\u0131lacak. KTTO\u2019dan yap\u0131lan a\u00e7\u0131klamaya g\u00f6re, Atat\u00fcrk ve \u015fehitlerin manevi huzurlar\u0131nda yap\u0131lacak sayg\u0131 duru\u015fu ile ba\u015flayacak Ola\u011fan\u00fcst\u00fc Genel Kurul, Ba\u015fkanl\u0131k Divan\u0131n\u0131n olu\u015fumu ve oda ba\u015fkan\u0131n\u0131n konu\u015fmas\u0131 ile devam edecek. Genel Kurul\u2019da K\u0131br\u0131s T\u00fcrk Ticaret\" \/>\n<meta property=\"og:url\" content=\"https:\/\/kibrisdakik.com\/?p=111544\" \/>\n<meta property=\"article:published_time\" content=\"2026-04-30T08:54:15+00:00\" \/>\n<meta property=\"og:image\" content=\"https:\/\/mhahabercom.teimg.com\/crop\/1280x720\/mhahaber-com\/uploads\/2026\/04\/mha-sari-beyaz-5061.png\" \/>\n<meta name=\"author\" content=\"admin\" \/>\n<meta name=\"twitter:card\" content=\"summary_large_image\" \/>\n<meta name=\"twitter:label1\" content=\"Yazan:\" \/>\n\t<meta name=\"twitter:data1\" content=\"admin\" \/>\n\t<meta name=\"twitter:label2\" content=\"Tahmini okuma s\u00fcresi\" \/>\n\t<meta name=\"twitter:data2\" content=\"1 dakika\" \/>\n<script type=\"application\/ld+json\" class=\"yoast-schema-graph\">{\"@context\":\"https:\\\/\\\/schema.org\",\"@graph\":[{\"@type\":\"Article\",\"@id\":\"https:\\\/\\\/kibrisdakik.com\\\/?p=111544#article\",\"isPartOf\":{\"@id\":\"https:\\\/\\\/kibrisdakik.com\\\/?p=111544\"},\"author\":{\"name\":\"admin\",\"@id\":\"https:\\\/\\\/kibrisdakik.com\\\/#\\\/schema\\\/person\\\/9cd9d437bbb44f72b73ba127e06d8e79\"},\"headline\":\"KTTO\u2019DA \u00c7ALI\u015eMA \u0130ZN\u0130 T\u00dcZ\u00dc\u011e\u00dc \u00dcYELER\u0130N ONAYINA SUNULACAK\",\"datePublished\":\"2026-04-30T08:54:15+00:00\",\"mainEntityOfPage\":{\"@id\":\"https:\\\/\\\/kibrisdakik.com\\\/?p=111544\"},\"wordCount\":135,\"commentCount\":0,\"image\":{\"@id\":\"https:\\\/\\\/kibrisdakik.com\\\/?p=111544#primaryimage\"},\"thumbnailUrl\":\"https:\\\/\\\/kibrisdakik.com\\\/wp-content\\\/uploads\\\/2026\\\/04\\\/mha-sari-beyaz-5061.png\",\"articleSection\":[\"K\u0131br\u0131s\"],\"inLanguage\":\"tr\",\"potentialAction\":[{\"@type\":\"CommentAction\",\"name\":\"Comment\",\"target\":[\"https:\\\/\\\/kibrisdakik.com\\\/?p=111544#respond\"]}]},{\"@type\":\"WebPage\",\"@id\":\"https:\\\/\\\/kibrisdakik.com\\\/?p=111544\",\"url\":\"https:\\\/\\\/kibrisdakik.com\\\/?p=111544\",\"name\":\"KTTO\u2019DA \u00c7ALI\u015eMA \u0130ZN\u0130 T\u00dcZ\u00dc\u011e\u00dc \u00dcYELER\u0130N ONAYINA SUNULACAK -\",\"isPartOf\":{\"@id\":\"https:\\\/\\\/kibrisdakik.com\\\/#website\"},\"primaryImageOfPage\":{\"@id\":\"https:\\\/\\\/kibrisdakik.com\\\/?p=111544#primaryimage\"},\"image\":{\"@id\":\"https:\\\/\\\/kibrisdakik.com\\\/?p=111544#primaryimage\"},\"thumbnailUrl\":\"https:\\\/\\\/kibrisdakik.com\\\/wp-content\\\/uploads\\\/2026\\\/04\\\/mha-sari-beyaz-5061.png\",\"datePublished\":\"2026-04-30T08:54:15+00:00\",\"author\":{\"@id\":\"https:\\\/\\\/kibrisdakik.com\\\/#\\\/schema\\\/person\\\/9cd9d437bbb44f72b73ba127e06d8e79\"},\"breadcrumb\":{\"@id\":\"https:\\\/\\\/kibrisdakik.com\\\/?p=111544#breadcrumb\"},\"inLanguage\":\"tr\",\"potentialAction\":[{\"@type\":\"ReadAction\",\"target\":[\"https:\\\/\\\/kibrisdakik.com\\\/?p=111544\"]}]},{\"@type\":\"ImageObject\",\"inLanguage\":\"tr\",\"@id\":\"https:\\\/\\\/kibrisdakik.com\\\/?p=111544#primaryimage\",\"url\":\"https:\\\/\\\/kibrisdakik.com\\\/wp-content\\\/uploads\\\/2026\\\/04\\\/mha-sari-beyaz-5061.png\",\"contentUrl\":\"https:\\\/\\\/kibrisdakik.com\\\/wp-content\\\/uploads\\\/2026\\\/04\\\/mha-sari-beyaz-5061.png\",\"width\":1280,\"height\":720},{\"@type\":\"BreadcrumbList\",\"@id\":\"https:\\\/\\\/kibrisdakik.com\\\/?p=111544#breadcrumb\",\"itemListElement\":[{\"@type\":\"ListItem\",\"position\":1,\"name\":\"Home\",\"item\":\"https:\\\/\\\/kibrisdakik.com\\\/\"},{\"@type\":\"ListItem\",\"position\":2,\"name\":\"KTTO\u2019DA \u00c7ALI\u015eMA \u0130ZN\u0130 T\u00dcZ\u00dc\u011e\u00dc \u00dcYELER\u0130N ONAYINA SUNULACAK\"}]},{\"@type\":\"WebSite\",\"@id\":\"https:\\\/\\\/kibrisdakik.com\\\/#website\",\"url\":\"https:\\\/\\\/kibrisdakik.com\\\/\",\"name\":\"\",\"description\":\"Tam vaktinde haber\",\"potentialAction\":[{\"@type\":\"SearchAction\",\"target\":{\"@type\":\"EntryPoint\",\"urlTemplate\":\"https:\\\/\\\/kibrisdakik.com\\\/?s={search_term_string}\"},\"query-input\":{\"@type\":\"PropertyValueSpecification\",\"valueRequired\":true,\"valueName\":\"search_term_string\"}}],\"inLanguage\":\"tr\"},{\"@type\":\"Person\",\"@id\":\"https:\\\/\\\/kibrisdakik.com\\\/#\\\/schema\\\/person\\\/9cd9d437bbb44f72b73ba127e06d8e79\",\"name\":\"admin\",\"image\":{\"@type\":\"ImageObject\",\"inLanguage\":\"tr\",\"@id\":\"https:\\\/\\\/secure.gravatar.com\\\/avatar\\\/ccc17943b9d660506c869530f897617f7cb1c21a4bf30023f252596d83e1f007?s=96&d=mm&r=g\",\"url\":\"https:\\\/\\\/secure.gravatar.com\\\/avatar\\\/ccc17943b9d660506c869530f897617f7cb1c21a4bf30023f252596d83e1f007?s=96&d=mm&r=g\",\"contentUrl\":\"https:\\\/\\\/secure.gravatar.com\\\/avatar\\\/ccc17943b9d660506c869530f897617f7cb1c21a4bf30023f252596d83e1f007?s=96&d=mm&r=g\",\"caption\":\"admin\"},\"sameAs\":[\"https:\\\/\\\/kibrisdakik.com\"],\"url\":\"https:\\\/\\\/kibrisdakik.com\\\/?author=1\"}]}<\/script>\n<!-- \/ Yoast SEO plugin. -->","yoast_head_json":{"title":"KTTO\u2019DA \u00c7ALI\u015eMA \u0130ZN\u0130 T\u00dcZ\u00dc\u011e\u00dc \u00dcYELER\u0130N ONAYINA SUNULACAK -","robots":{"index":"index","follow":"follow","max-snippet":"max-snippet:-1","max-image-preview":"max-image-preview:large","max-video-preview":"max-video-preview:-1"},"canonical":"https:\/\/kibrisdakik.com\/?p=111544","og_locale":"tr_TR","og_type":"article","og_title":"KTTO\u2019DA \u00c7ALI\u015eMA \u0130ZN\u0130 T\u00dcZ\u00dc\u011e\u00dc \u00dcYELER\u0130N ONAYINA SUNULACAK -","og_description":"K\u0131br\u0131s T\u00fcrk Ticaret Odas\u0131\u2019n\u0131n (KTTO) Ola\u011fan\u00fcst\u00fc Genel Kurulu, 9 May\u0131s Cumartesi g\u00fcn\u00fc saat 10.00\u2019da K\u0131br\u0131s T\u00fcrk Ticaret Odas\u0131 Mustafa \u00c7a\u011fatay Konferans Salonu\u2019nda yap\u0131lacak. KTTO\u2019dan yap\u0131lan a\u00e7\u0131klamaya g\u00f6re, Atat\u00fcrk ve \u015fehitlerin manevi huzurlar\u0131nda yap\u0131lacak sayg\u0131 duru\u015fu ile ba\u015flayacak Ola\u011fan\u00fcst\u00fc Genel Kurul, Ba\u015fkanl\u0131k Divan\u0131n\u0131n olu\u015fumu ve oda ba\u015fkan\u0131n\u0131n konu\u015fmas\u0131 ile devam edecek. Genel Kurul\u2019da K\u0131br\u0131s T\u00fcrk Ticaret","og_url":"https:\/\/kibrisdakik.com\/?p=111544","article_published_time":"2026-04-30T08:54:15+00:00","og_image":[{"url":"https:\/\/mhahabercom.teimg.com\/crop\/1280x720\/mhahaber-com\/uploads\/2026\/04\/mha-sari-beyaz-5061.png","type":"","width":"","height":""}],"author":"admin","twitter_card":"summary_large_image","twitter_misc":{"Yazan:":"admin","Tahmini okuma s\u00fcresi":"1 dakika"},"schema":{"@context":"https:\/\/schema.org","@graph":[{"@type":"Article","@id":"https:\/\/kibrisdakik.com\/?p=111544#article","isPartOf":{"@id":"https:\/\/kibrisdakik.com\/?p=111544"},"author":{"name":"admin","@id":"https:\/\/kibrisdakik.com\/#\/schema\/person\/9cd9d437bbb44f72b73ba127e06d8e79"},"headline":"KTTO\u2019DA \u00c7ALI\u015eMA \u0130ZN\u0130 T\u00dcZ\u00dc\u011e\u00dc \u00dcYELER\u0130N ONAYINA SUNULACAK","datePublished":"2026-04-30T08:54:15+00:00","mainEntityOfPage":{"@id":"https:\/\/kibrisdakik.com\/?p=111544"},"wordCount":135,"commentCount":0,"image":{"@id":"https:\/\/kibrisdakik.com\/?p=111544#primaryimage"},"thumbnailUrl":"https:\/\/kibrisdakik.com\/wp-content\/uploads\/2026\/04\/mha-sari-beyaz-5061.png","articleSection":["K\u0131br\u0131s"],"inLanguage":"tr","potentialAction":[{"@type":"CommentAction","name":"Comment","target":["https:\/\/kibrisdakik.com\/?p=111544#respond"]}]},{"@type":"WebPage","@id":"https:\/\/kibrisdakik.com\/?p=111544","url":"https:\/\/kibrisdakik.com\/?p=111544","name":"KTTO\u2019DA \u00c7ALI\u015eMA \u0130ZN\u0130 T\u00dcZ\u00dc\u011e\u00dc \u00dcYELER\u0130N ONAYINA SUNULACAK -","isPartOf":{"@id":"https:\/\/kibrisdakik.com\/#website"},"primaryImageOfPage":{"@id":"https:\/\/kibrisdakik.com\/?p=111544#primaryimage"},"image":{"@id":"https:\/\/kibrisdakik.com\/?p=111544#primaryimage"},"thumbnailUrl":"https:\/\/kibrisdakik.com\/wp-content\/uploads\/2026\/04\/mha-sari-beyaz-5061.png","datePublished":"2026-04-30T08:54:15+00:00","author":{"@id":"https:\/\/kibrisdakik.com\/#\/schema\/person\/9cd9d437bbb44f72b73ba127e06d8e79"},"breadcrumb":{"@id":"https:\/\/kibrisdakik.com\/?p=111544#breadcrumb"},"inLanguage":"tr","potentialAction":[{"@type":"ReadAction","target":["https:\/\/kibrisdakik.com\/?p=111544"]}]},{"@type":"ImageObject","inLanguage":"tr","@id":"https:\/\/kibrisdakik.com\/?p=111544#primaryimage","url":"https:\/\/kibrisdakik.com\/wp-content\/uploads\/2026\/04\/mha-sari-beyaz-5061.png","contentUrl":"https:\/\/kibrisdakik.com\/wp-content\/uploads\/2026\/04\/mha-sari-beyaz-5061.png","width":1280,"height":720},{"@type":"BreadcrumbList","@id":"https:\/\/kibrisdakik.com\/?p=111544#breadcrumb","itemListElement":[{"@type":"ListItem","position":1,"name":"Home","item":"https:\/\/kibrisdakik.com\/"},{"@type":"ListItem","position":2,"name":"KTTO\u2019DA \u00c7ALI\u015eMA \u0130ZN\u0130 T\u00dcZ\u00dc\u011e\u00dc \u00dcYELER\u0130N ONAYINA SUNULACAK"}]},{"@type":"WebSite","@id":"https:\/\/kibrisdakik.com\/#website","url":"https:\/\/kibrisdakik.com\/","name":"","description":"Tam vaktinde haber","potentialAction":[{"@type":"SearchAction","target":{"@type":"EntryPoint","urlTemplate":"https:\/\/kibrisdakik.com\/?s={search_term_string}"},"query-input":{"@type":"PropertyValueSpecification","valueRequired":true,"valueName":"search_term_string"}}],"inLanguage":"tr"},{"@type":"Person","@id":"https:\/\/kibrisdakik.com\/#\/schema\/person\/9cd9d437bbb44f72b73ba127e06d8e79","name":"admin","image":{"@type":"ImageObject","inLanguage":"tr","@id":"https:\/\/secure.gravatar.com\/avatar\/ccc17943b9d660506c869530f897617f7cb1c21a4bf30023f252596d83e1f007?s=96&d=mm&r=g","url":"https:\/\/secure.gravatar.com\/avatar\/ccc17943b9d660506c869530f897617f7cb1c21a4bf30023f252596d83e1f007?s=96&d=mm&r=g","contentUrl":"https:\/\/secure.gravatar.com\/avatar\/ccc17943b9d660506c869530f897617f7cb1c21a4bf30023f252596d83e1f007?s=96&d=mm&r=g","caption":"admin"},"sameAs":["https:\/\/kibrisdakik.com"],"url":"https:\/\/kibrisdakik.com\/?author=1"}]}},"_links":{"self":[{"href":"https:\/\/kibrisdakik.com\/index.php?rest_route=\/wp\/v2\/posts\/111544","targetHints":{"allow":["GET"]}}],"collection":[{"href":"https:\/\/kibrisdakik.com\/index.php?rest_route=\/wp\/v2\/posts"}],"about":[{"href":"https:\/\/kibrisdakik.com\/index.php?rest_route=\/wp\/v2\/types\/post"}],"author":[{"embeddable":true,"href":"https:\/\/kibrisdakik.com\/index.php?rest_route=\/wp\/v2\/users\/1"}],"replies":[{"embeddable":true,"href":"https:\/\/kibrisdakik.com\/index.php?rest_route=%2Fwp%2Fv2%2Fcomments&post=111544"}],"version-history":[{"count":0,"href":"https:\/\/kibrisdakik.com\/index.php?rest_route=\/wp\/v2\/posts\/111544\/revisions"}],"wp:featuredmedia":[{"embeddable":true,"href":"https:\/\/kibrisdakik.com\/index.php?rest_route=\/wp\/v2\/media\/111545"}],"wp:attachment":[{"href":"https:\/\/kibrisdakik.com\/index.php?rest_route=%2Fwp%2Fv2%2Fmedia&parent=111544"}],"wp:term":[{"taxonomy":"category","embeddable":true,"href":"https:\/\/kibrisdakik.com\/index.php?rest_route=%2Fwp%2Fv2%2Fcategories&post=111544"},{"taxonomy":"post_tag","embeddable":true,"href":"https:\/\/kibrisdakik.com\/index.php?rest_route=%2Fwp%2Fv2%2Ftags&post=111544"}],"curies":[{"name":"wp","href":"https:\/\/api.w.org\/{rel}","templated":true}]}}