{"id":111550,"date":"2026-04-30T12:08:17","date_gmt":"2026-04-30T09:08:17","guid":{"rendered":"https:\/\/kibrisdakik.com\/?p=111550"},"modified":"2026-04-30T12:08:17","modified_gmt":"2026-04-30T09:08:17","slug":"kibris-turk-belediye-baskanlari-dernegi-hasan-sadikoglunu-ziyaret-etti","status":"publish","type":"post","link":"https:\/\/kibrisdakik.com\/?p=111550","title":{"rendered":"KIBRIS T\u00dcRK BELED\u0130YE BA\u015eKANLARI DERNE\u011e\u0130, HASAN SADIKO\u011eLU\u2019NU Z\u0130YARET ETT\u0130"},"content":{"rendered":"<div data-text-id=\"201025\" property=\"articleBody\">\n<p><strong>Sad\u0131ko\u011flu: \u201cBa\u015fkanlar\u0131m\u0131z\u0131n tecr\u00fcbeleri bizler i\u00e7in son derece k\u0131ymetli\u201d<\/strong><\/p>\n<p>Ge\u00e7mi\u015f d\u00f6nemlerde b\u00f6lgelerine hizmet eden, deyim yerinde ise bir d\u00f6neme damga vuran ba\u015fkanlar \u0130skele Belediyesi\u2019ndeydi. K\u0131br\u0131s T\u00fcrk Belediye Ba\u015fkanlar\u0131 Derne\u011fi, \u0130skele Belediye Ba\u015fkan\u0131 Hasan Sad\u0131ko\u011flu\u2019nu makam\u0131nda ziyaret ettiler. Ge\u00e7mi\u015fte g\u00f6rev yapm\u0131\u015f belediye ba\u015fkanlar\u0131m\u0131z\u0131n tecr\u00fcbeleri bizler i\u00e7in son derece k\u0131ymetlidir diyen Ba\u015fkan Sad\u0131ko\u011flu, bilgi birikiminin payla\u015f\u0131lmas\u0131n\u0131n \u00f6nemine dikkat \u00e7ekti.<\/p>\n<p><\/p>\n<p><strong>K\u0131br\u0131s T\u00fcrk Belediye Ba\u015fkanlar\u0131 Derne\u011fi, Hasan Sad\u0131ko\u011flu\u2019nu ziyaret etti<\/strong><\/p>\n<p>K\u0131br\u0131s T\u00fcrk Belediye Ba\u015fkanlar\u0131 Derne\u011fi, yerel y\u00f6netimlere y\u00f6nelik ziyaretleri kapsam\u0131nda \u0130skele Belediye Ba\u015fkan\u0131 Hasan Sad\u0131ko\u011flu\u2019nu makam\u0131nda ziyaret etti. Dernek Ba\u015fkan\u0131 Y\u00fccel Atakara ba\u015fkanl\u0131\u011f\u0131ndaki heyete, \u0130skele Belediyesi Eski Ba\u015fkan\u0131 Halil \u0130brahim Orun, Beyarmudu Belediyesi Eski Ba\u015fkan\u0131 \u0130lker Edip, Girne Belediyesi Eski Ba\u015fkan\u0131 S\u00fcmer Ayg\u0131n, De\u011firmenlik Belediyesi Eski Ba\u015fkan\u0131 Osman I\u015f\u0131sal, Yenibo\u011fazi\u00e7i Belediyesi Eski Ba\u015fkan\u0131 Cemal Biren ve Belediyeler Birli\u011fi M\u00fcd\u00fcr\u00fc Muammer G\u00fcne\u015f e\u015flik etti.  Ger\u00e7ekle\u015fen g\u00f6r\u00fc\u015fmede, derne\u011fin; emekli belediye ba\u015fkanlar\u0131 aras\u0131nda dayan\u0131\u015fmay\u0131 g\u00fc\u00e7lendirmek, tecr\u00fcbe payla\u015f\u0131m\u0131n\u0131 art\u0131rmak ve yerel y\u00f6netimlere y\u00f6nelik birikimlerini aktarmak amac\u0131yla faaliyet g\u00f6sterdi\u011fi ifade edildi. Ziyarette ayr\u0131ca yerel y\u00f6netimlerle i\u015f birli\u011fi olanaklar\u0131 \u00fczerine g\u00f6r\u00fc\u015f al\u0131\u015fveri\u015finde bulunuldu.<\/p>\n<p><img loading=\"lazy\" decoding=\"async\" height=\"1365\" src=\"https:\/\/mhahabercom.teimg.com\/mhahaber-com\/uploads\/2026\/04\/kt-belediye-baskanlari-dernegi-3.jpg\" width=\"2048\"\/><\/p>\n<p><strong>Sad\u0131ko\u011flu: \u201cBa\u015fkanlar\u0131m\u0131z\u0131n tecr\u00fcbeleri bizler i\u00e7in son derece k\u0131ymetli\u201d<\/strong><\/p>\n<p>Ziyaretten duydu\u011fu memnuniyeti dile getiren \u0130skele Belediye Ba\u015fkan\u0131 Hasan Sad\u0131ko\u011flu, yerel y\u00f6netimlerde deneyim payla\u015f\u0131m\u0131n\u0131n \u00f6nemine dikkat \u00e7ekerek, bu t\u00fcr ziyaretlerin belediyeler aras\u0131ndaki ba\u011f\u0131 g\u00fc\u00e7lendirdi\u011fini belirtti.<img loading=\"lazy\" decoding=\"async\" height=\"1365\" src=\"https:\/\/mhahabercom.teimg.com\/mhahaber-com\/uploads\/2026\/04\/kt-belediye-baskanlari-dernegi1.jpg\" width=\"2048\"\/><\/p>\n<p>Sad\u0131ko\u011flu, \u2018Ge\u00e7mi\u015fte g\u00f6rev yapm\u0131\u015f belediye ba\u015fkanlar\u0131m\u0131z\u0131n tecr\u00fcbeleri bizler i\u00e7in son derece k\u0131ymetlidir. Bu bilgi birikiminin payla\u015f\u0131lmas\u0131, yerel y\u00f6netimlerin daha etkin hizmet \u00fcretmesine katk\u0131 sa\u011flar. \u0130\u015f birli\u011fine her zaman a\u00e7\u0131k olmaya devam edece\u011fiz\u201d dedi. K\u0131br\u0131s T\u00fcrk Belediye Ba\u015fkanlar\u0131 Derne\u011fi Ba\u015fkan\u0131 Y\u00fccel Atakara\u2019ya ziyaretinden dolay\u0131 te\u015fekk\u00fcr eden Sad\u0131ko\u011flu, nazik ziyaretin kendilerini memnun etti\u011fini ifade etti.<img loading=\"lazy\" decoding=\"async\" height=\"1365\" src=\"https:\/\/mhahabercom.teimg.com\/mhahaber-com\/uploads\/2026\/04\/kt-belediye-baskanlari-dernegi.jpg\" width=\"2048\"\/><\/p>\n<p>\u0130skele Belediye Ba\u015fkan\u0131 Hasan Sad\u0131ko\u011flu, ziyaretin an\u0131s\u0131na g\u00fcn\u00fcn foto\u011fraf\u0131n\u0131 da heyete takdim etti.<\/p>\n<\/p><\/div>\n","protected":false},"excerpt":{"rendered":"<p>Sad\u0131ko\u011flu: \u201cBa\u015fkanlar\u0131m\u0131z\u0131n tecr\u00fcbeleri bizler i\u00e7in son derece k\u0131ymetli\u201d Ge\u00e7mi\u015f d\u00f6nemlerde b\u00f6lgelerine hizmet eden, deyim yerinde ise bir d\u00f6neme damga vuran ba\u015fkanlar \u0130skele Belediyesi\u2019ndeydi. K\u0131br\u0131s T\u00fcrk Belediye Ba\u015fkanlar\u0131 Derne\u011fi, \u0130skele Belediye Ba\u015fkan\u0131 Hasan Sad\u0131ko\u011flu\u2019nu makam\u0131nda ziyaret ettiler. Ge\u00e7mi\u015fte g\u00f6rev yapm\u0131\u015f belediye ba\u015fkanlar\u0131m\u0131z\u0131n tecr\u00fcbeleri bizler i\u00e7in son derece k\u0131ymetlidir diyen Ba\u015fkan Sad\u0131ko\u011flu, bilgi birikiminin payla\u015f\u0131lmas\u0131n\u0131n \u00f6nemine dikkat<\/p>\n","protected":false},"author":1,"featured_media":111551,"comment_status":"open","ping_status":"open","sticky":false,"template":"","format":"standard","meta":{"footnotes":""},"categories":[81],"tags":[],"class_list":["post-111550","post","type-post","status-publish","format-standard","has-post-thumbnail","hentry","category-kibris"],"yoast_head":"<!-- This site is optimized with the Yoast SEO plugin v27.5 - https:\/\/yoast.com\/product\/yoast-seo-wordpress\/ -->\n<title>KIBRIS T\u00dcRK BELED\u0130YE BA\u015eKANLARI DERNE\u011e\u0130, HASAN SADIKO\u011eLU\u2019NU Z\u0130YARET ETT\u0130 -<\/title>\n<meta name=\"robots\" content=\"index, follow, max-snippet:-1, max-image-preview:large, max-video-preview:-1\" \/>\n<link rel=\"canonical\" href=\"https:\/\/kibrisdakik.com\/?p=111550\" \/>\n<meta property=\"og:locale\" content=\"tr_TR\" \/>\n<meta property=\"og:type\" content=\"article\" \/>\n<meta property=\"og:title\" content=\"KIBRIS T\u00dcRK BELED\u0130YE BA\u015eKANLARI DERNE\u011e\u0130, HASAN SADIKO\u011eLU\u2019NU Z\u0130YARET ETT\u0130 -\" \/>\n<meta property=\"og:description\" content=\"Sad\u0131ko\u011flu: \u201cBa\u015fkanlar\u0131m\u0131z\u0131n tecr\u00fcbeleri bizler i\u00e7in son derece k\u0131ymetli\u201d Ge\u00e7mi\u015f d\u00f6nemlerde b\u00f6lgelerine hizmet eden, deyim yerinde ise bir d\u00f6neme damga vuran ba\u015fkanlar \u0130skele Belediyesi\u2019ndeydi. K\u0131br\u0131s T\u00fcrk Belediye Ba\u015fkanlar\u0131 Derne\u011fi, \u0130skele Belediye Ba\u015fkan\u0131 Hasan Sad\u0131ko\u011flu\u2019nu makam\u0131nda ziyaret ettiler. Ge\u00e7mi\u015fte g\u00f6rev yapm\u0131\u015f belediye ba\u015fkanlar\u0131m\u0131z\u0131n tecr\u00fcbeleri bizler i\u00e7in son derece k\u0131ymetlidir diyen Ba\u015fkan Sad\u0131ko\u011flu, bilgi birikiminin payla\u015f\u0131lmas\u0131n\u0131n \u00f6nemine dikkat\" \/>\n<meta property=\"og:url\" content=\"https:\/\/kibrisdakik.com\/?p=111550\" \/>\n<meta property=\"article:published_time\" content=\"2026-04-30T09:08:17+00:00\" \/>\n<meta property=\"og:image\" content=\"https:\/\/mhahabercom.teimg.com\/mhahaber-com\/uploads\/2026\/04\/kt-belediye-baskanlari-dernegi-2.jpg\" \/>\n<meta name=\"author\" content=\"admin\" \/>\n<meta name=\"twitter:card\" content=\"summary_large_image\" \/>\n<meta name=\"twitter:label1\" content=\"Yazan:\" \/>\n\t<meta name=\"twitter:data1\" content=\"admin\" \/>\n\t<meta name=\"twitter:label2\" content=\"Tahmini okuma s\u00fcresi\" \/>\n\t<meta name=\"twitter:data2\" content=\"2 dakika\" \/>\n<script type=\"application\/ld+json\" class=\"yoast-schema-graph\">{\"@context\":\"https:\\\/\\\/schema.org\",\"@graph\":[{\"@type\":\"Article\",\"@id\":\"https:\\\/\\\/kibrisdakik.com\\\/?p=111550#article\",\"isPartOf\":{\"@id\":\"https:\\\/\\\/kibrisdakik.com\\\/?p=111550\"},\"author\":{\"name\":\"admin\",\"@id\":\"https:\\\/\\\/kibrisdakik.com\\\/#\\\/schema\\\/person\\\/9cd9d437bbb44f72b73ba127e06d8e79\"},\"headline\":\"KIBRIS T\u00dcRK BELED\u0130YE BA\u015eKANLARI DERNE\u011e\u0130, HASAN SADIKO\u011eLU\u2019NU Z\u0130YARET ETT\u0130\",\"datePublished\":\"2026-04-30T09:08:17+00:00\",\"mainEntityOfPage\":{\"@id\":\"https:\\\/\\\/kibrisdakik.com\\\/?p=111550\"},\"wordCount\":442,\"commentCount\":0,\"image\":{\"@id\":\"https:\\\/\\\/kibrisdakik.com\\\/?p=111550#primaryimage\"},\"thumbnailUrl\":\"https:\\\/\\\/kibrisdakik.com\\\/wp-content\\\/uploads\\\/2026\\\/04\\\/mha-sari-beyaz-5064.png\",\"articleSection\":[\"K\u0131br\u0131s\"],\"inLanguage\":\"tr\",\"potentialAction\":[{\"@type\":\"CommentAction\",\"name\":\"Comment\",\"target\":[\"https:\\\/\\\/kibrisdakik.com\\\/?p=111550#respond\"]}]},{\"@type\":\"WebPage\",\"@id\":\"https:\\\/\\\/kibrisdakik.com\\\/?p=111550\",\"url\":\"https:\\\/\\\/kibrisdakik.com\\\/?p=111550\",\"name\":\"KIBRIS T\u00dcRK BELED\u0130YE BA\u015eKANLARI DERNE\u011e\u0130, HASAN SADIKO\u011eLU\u2019NU Z\u0130YARET ETT\u0130 -\",\"isPartOf\":{\"@id\":\"https:\\\/\\\/kibrisdakik.com\\\/#website\"},\"primaryImageOfPage\":{\"@id\":\"https:\\\/\\\/kibrisdakik.com\\\/?p=111550#primaryimage\"},\"image\":{\"@id\":\"https:\\\/\\\/kibrisdakik.com\\\/?p=111550#primaryimage\"},\"thumbnailUrl\":\"https:\\\/\\\/kibrisdakik.com\\\/wp-content\\\/uploads\\\/2026\\\/04\\\/mha-sari-beyaz-5064.png\",\"datePublished\":\"2026-04-30T09:08:17+00:00\",\"author\":{\"@id\":\"https:\\\/\\\/kibrisdakik.com\\\/#\\\/schema\\\/person\\\/9cd9d437bbb44f72b73ba127e06d8e79\"},\"breadcrumb\":{\"@id\":\"https:\\\/\\\/kibrisdakik.com\\\/?p=111550#breadcrumb\"},\"inLanguage\":\"tr\",\"potentialAction\":[{\"@type\":\"ReadAction\",\"target\":[\"https:\\\/\\\/kibrisdakik.com\\\/?p=111550\"]}]},{\"@type\":\"ImageObject\",\"inLanguage\":\"tr\",\"@id\":\"https:\\\/\\\/kibrisdakik.com\\\/?p=111550#primaryimage\",\"url\":\"https:\\\/\\\/kibrisdakik.com\\\/wp-content\\\/uploads\\\/2026\\\/04\\\/mha-sari-beyaz-5064.png\",\"contentUrl\":\"https:\\\/\\\/kibrisdakik.com\\\/wp-content\\\/uploads\\\/2026\\\/04\\\/mha-sari-beyaz-5064.png\",\"width\":1280,\"height\":720},{\"@type\":\"BreadcrumbList\",\"@id\":\"https:\\\/\\\/kibrisdakik.com\\\/?p=111550#breadcrumb\",\"itemListElement\":[{\"@type\":\"ListItem\",\"position\":1,\"name\":\"Home\",\"item\":\"https:\\\/\\\/kibrisdakik.com\\\/\"},{\"@type\":\"ListItem\",\"position\":2,\"name\":\"KIBRIS T\u00dcRK BELED\u0130YE BA\u015eKANLARI DERNE\u011e\u0130, HASAN SADIKO\u011eLU\u2019NU Z\u0130YARET ETT\u0130\"}]},{\"@type\":\"WebSite\",\"@id\":\"https:\\\/\\\/kibrisdakik.com\\\/#website\",\"url\":\"https:\\\/\\\/kibrisdakik.com\\\/\",\"name\":\"\",\"description\":\"Tam vaktinde haber\",\"potentialAction\":[{\"@type\":\"SearchAction\",\"target\":{\"@type\":\"EntryPoint\",\"urlTemplate\":\"https:\\\/\\\/kibrisdakik.com\\\/?s={search_term_string}\"},\"query-input\":{\"@type\":\"PropertyValueSpecification\",\"valueRequired\":true,\"valueName\":\"search_term_string\"}}],\"inLanguage\":\"tr\"},{\"@type\":\"Person\",\"@id\":\"https:\\\/\\\/kibrisdakik.com\\\/#\\\/schema\\\/person\\\/9cd9d437bbb44f72b73ba127e06d8e79\",\"name\":\"admin\",\"image\":{\"@type\":\"ImageObject\",\"inLanguage\":\"tr\",\"@id\":\"https:\\\/\\\/secure.gravatar.com\\\/avatar\\\/ccc17943b9d660506c869530f897617f7cb1c21a4bf30023f252596d83e1f007?s=96&d=mm&r=g\",\"url\":\"https:\\\/\\\/secure.gravatar.com\\\/avatar\\\/ccc17943b9d660506c869530f897617f7cb1c21a4bf30023f252596d83e1f007?s=96&d=mm&r=g\",\"contentUrl\":\"https:\\\/\\\/secure.gravatar.com\\\/avatar\\\/ccc17943b9d660506c869530f897617f7cb1c21a4bf30023f252596d83e1f007?s=96&d=mm&r=g\",\"caption\":\"admin\"},\"sameAs\":[\"https:\\\/\\\/kibrisdakik.com\"],\"url\":\"https:\\\/\\\/kibrisdakik.com\\\/?author=1\"}]}<\/script>\n<!-- \/ Yoast SEO plugin. -->","yoast_head_json":{"title":"KIBRIS T\u00dcRK BELED\u0130YE BA\u015eKANLARI DERNE\u011e\u0130, HASAN SADIKO\u011eLU\u2019NU Z\u0130YARET ETT\u0130 -","robots":{"index":"index","follow":"follow","max-snippet":"max-snippet:-1","max-image-preview":"max-image-preview:large","max-video-preview":"max-video-preview:-1"},"canonical":"https:\/\/kibrisdakik.com\/?p=111550","og_locale":"tr_TR","og_type":"article","og_title":"KIBRIS T\u00dcRK BELED\u0130YE BA\u015eKANLARI DERNE\u011e\u0130, HASAN SADIKO\u011eLU\u2019NU Z\u0130YARET ETT\u0130 -","og_description":"Sad\u0131ko\u011flu: \u201cBa\u015fkanlar\u0131m\u0131z\u0131n tecr\u00fcbeleri bizler i\u00e7in son derece k\u0131ymetli\u201d Ge\u00e7mi\u015f d\u00f6nemlerde b\u00f6lgelerine hizmet eden, deyim yerinde ise bir d\u00f6neme damga vuran ba\u015fkanlar \u0130skele Belediyesi\u2019ndeydi. K\u0131br\u0131s T\u00fcrk Belediye Ba\u015fkanlar\u0131 Derne\u011fi, \u0130skele Belediye Ba\u015fkan\u0131 Hasan Sad\u0131ko\u011flu\u2019nu makam\u0131nda ziyaret ettiler. Ge\u00e7mi\u015fte g\u00f6rev yapm\u0131\u015f belediye ba\u015fkanlar\u0131m\u0131z\u0131n tecr\u00fcbeleri bizler i\u00e7in son derece k\u0131ymetlidir diyen Ba\u015fkan Sad\u0131ko\u011flu, bilgi birikiminin payla\u015f\u0131lmas\u0131n\u0131n \u00f6nemine dikkat","og_url":"https:\/\/kibrisdakik.com\/?p=111550","article_published_time":"2026-04-30T09:08:17+00:00","og_image":[{"url":"https:\/\/mhahabercom.teimg.com\/mhahaber-com\/uploads\/2026\/04\/kt-belediye-baskanlari-dernegi-2.jpg","type":"","width":"","height":""}],"author":"admin","twitter_card":"summary_large_image","twitter_misc":{"Yazan:":"admin","Tahmini okuma s\u00fcresi":"2 dakika"},"schema":{"@context":"https:\/\/schema.org","@graph":[{"@type":"Article","@id":"https:\/\/kibrisdakik.com\/?p=111550#article","isPartOf":{"@id":"https:\/\/kibrisdakik.com\/?p=111550"},"author":{"name":"admin","@id":"https:\/\/kibrisdakik.com\/#\/schema\/person\/9cd9d437bbb44f72b73ba127e06d8e79"},"headline":"KIBRIS T\u00dcRK BELED\u0130YE BA\u015eKANLARI DERNE\u011e\u0130, HASAN SADIKO\u011eLU\u2019NU Z\u0130YARET ETT\u0130","datePublished":"2026-04-30T09:08:17+00:00","mainEntityOfPage":{"@id":"https:\/\/kibrisdakik.com\/?p=111550"},"wordCount":442,"commentCount":0,"image":{"@id":"https:\/\/kibrisdakik.com\/?p=111550#primaryimage"},"thumbnailUrl":"https:\/\/kibrisdakik.com\/wp-content\/uploads\/2026\/04\/mha-sari-beyaz-5064.png","articleSection":["K\u0131br\u0131s"],"inLanguage":"tr","potentialAction":[{"@type":"CommentAction","name":"Comment","target":["https:\/\/kibrisdakik.com\/?p=111550#respond"]}]},{"@type":"WebPage","@id":"https:\/\/kibrisdakik.com\/?p=111550","url":"https:\/\/kibrisdakik.com\/?p=111550","name":"KIBRIS T\u00dcRK BELED\u0130YE BA\u015eKANLARI DERNE\u011e\u0130, HASAN SADIKO\u011eLU\u2019NU Z\u0130YARET ETT\u0130 -","isPartOf":{"@id":"https:\/\/kibrisdakik.com\/#website"},"primaryImageOfPage":{"@id":"https:\/\/kibrisdakik.com\/?p=111550#primaryimage"},"image":{"@id":"https:\/\/kibrisdakik.com\/?p=111550#primaryimage"},"thumbnailUrl":"https:\/\/kibrisdakik.com\/wp-content\/uploads\/2026\/04\/mha-sari-beyaz-5064.png","datePublished":"2026-04-30T09:08:17+00:00","author":{"@id":"https:\/\/kibrisdakik.com\/#\/schema\/person\/9cd9d437bbb44f72b73ba127e06d8e79"},"breadcrumb":{"@id":"https:\/\/kibrisdakik.com\/?p=111550#breadcrumb"},"inLanguage":"tr","potentialAction":[{"@type":"ReadAction","target":["https:\/\/kibrisdakik.com\/?p=111550"]}]},{"@type":"ImageObject","inLanguage":"tr","@id":"https:\/\/kibrisdakik.com\/?p=111550#primaryimage","url":"https:\/\/kibrisdakik.com\/wp-content\/uploads\/2026\/04\/mha-sari-beyaz-5064.png","contentUrl":"https:\/\/kibrisdakik.com\/wp-content\/uploads\/2026\/04\/mha-sari-beyaz-5064.png","width":1280,"height":720},{"@type":"BreadcrumbList","@id":"https:\/\/kibrisdakik.com\/?p=111550#breadcrumb","itemListElement":[{"@type":"ListItem","position":1,"name":"Home","item":"https:\/\/kibrisdakik.com\/"},{"@type":"ListItem","position":2,"name":"KIBRIS T\u00dcRK BELED\u0130YE BA\u015eKANLARI DERNE\u011e\u0130, HASAN SADIKO\u011eLU\u2019NU Z\u0130YARET ETT\u0130"}]},{"@type":"WebSite","@id":"https:\/\/kibrisdakik.com\/#website","url":"https:\/\/kibrisdakik.com\/","name":"","description":"Tam vaktinde haber","potentialAction":[{"@type":"SearchAction","target":{"@type":"EntryPoint","urlTemplate":"https:\/\/kibrisdakik.com\/?s={search_term_string}"},"query-input":{"@type":"PropertyValueSpecification","valueRequired":true,"valueName":"search_term_string"}}],"inLanguage":"tr"},{"@type":"Person","@id":"https:\/\/kibrisdakik.com\/#\/schema\/person\/9cd9d437bbb44f72b73ba127e06d8e79","name":"admin","image":{"@type":"ImageObject","inLanguage":"tr","@id":"https:\/\/secure.gravatar.com\/avatar\/ccc17943b9d660506c869530f897617f7cb1c21a4bf30023f252596d83e1f007?s=96&d=mm&r=g","url":"https:\/\/secure.gravatar.com\/avatar\/ccc17943b9d660506c869530f897617f7cb1c21a4bf30023f252596d83e1f007?s=96&d=mm&r=g","contentUrl":"https:\/\/secure.gravatar.com\/avatar\/ccc17943b9d660506c869530f897617f7cb1c21a4bf30023f252596d83e1f007?s=96&d=mm&r=g","caption":"admin"},"sameAs":["https:\/\/kibrisdakik.com"],"url":"https:\/\/kibrisdakik.com\/?author=1"}]}},"_links":{"self":[{"href":"https:\/\/kibrisdakik.com\/index.php?rest_route=\/wp\/v2\/posts\/111550","targetHints":{"allow":["GET"]}}],"collection":[{"href":"https:\/\/kibrisdakik.com\/index.php?rest_route=\/wp\/v2\/posts"}],"about":[{"href":"https:\/\/kibrisdakik.com\/index.php?rest_route=\/wp\/v2\/types\/post"}],"author":[{"embeddable":true,"href":"https:\/\/kibrisdakik.com\/index.php?rest_route=\/wp\/v2\/users\/1"}],"replies":[{"embeddable":true,"href":"https:\/\/kibrisdakik.com\/index.php?rest_route=%2Fwp%2Fv2%2Fcomments&post=111550"}],"version-history":[{"count":0,"href":"https:\/\/kibrisdakik.com\/index.php?rest_route=\/wp\/v2\/posts\/111550\/revisions"}],"wp:featuredmedia":[{"embeddable":true,"href":"https:\/\/kibrisdakik.com\/index.php?rest_route=\/wp\/v2\/media\/111551"}],"wp:attachment":[{"href":"https:\/\/kibrisdakik.com\/index.php?rest_route=%2Fwp%2Fv2%2Fmedia&parent=111550"}],"wp:term":[{"taxonomy":"category","embeddable":true,"href":"https:\/\/kibrisdakik.com\/index.php?rest_route=%2Fwp%2Fv2%2Fcategories&post=111550"},{"taxonomy":"post_tag","embeddable":true,"href":"https:\/\/kibrisdakik.com\/index.php?rest_route=%2Fwp%2Fv2%2Ftags&post=111550"}],"curies":[{"name":"wp","href":"https:\/\/api.w.org\/{rel}","templated":true}]}}