{"id":111558,"date":"2026-04-30T13:22:15","date_gmt":"2026-04-30T10:22:15","guid":{"rendered":"https:\/\/kibrisdakik.com\/?p=111558"},"modified":"2026-04-30T13:22:15","modified_gmt":"2026-04-30T10:22:15","slug":"ozturkler-silahlanma-baris-getirmez","status":"publish","type":"post","link":"https:\/\/kibrisdakik.com\/?p=111558","title":{"rendered":"\u00d6ZT\u00dcRKLER: \u201cS\u0130LAHLANMA BARI\u015e GET\u0130RMEZ\u201d"},"content":{"rendered":"<p><\/p>\n<p>Cumhuriyet Meclisi Ba\u015fkan\u0131 Ziya \u00d6zt\u00fcrkler, Avrupa Birli\u011fi&#8217;nin (AB) \u00e7\u00f6z\u00fcm \u00e7a\u011fr\u0131s\u0131 yaparken T\u00fcrk taraf\u0131yla g\u00f6r\u00fc\u015fmekten ka\u00e7\u0131nmas\u0131n\u0131n a\u00e7\u0131k bir \u00e7eli\u015fki oldu\u011funu vurgulad\u0131.<\/p>\n<p>\u201cAB ger\u00e7ekten anla\u015fma istiyor olsayd\u0131 G\u00fcney K\u0131br\u0131s\u2019a silah g\u00f6ndermezdi. Anla\u015fma isteyen biri bu kadar silaha para yat\u0131rmaz\u201d diye konu\u015fan \u00d6zt\u00fcrkler, \u201cG\u00fcney K\u0131br\u0131s\u2019a gelip racon kesiyorlar. Biri size vurursa yan\u0131nday\u0131z diyorlar. Peki Rusya Ukrayna\u2019ya vurdu\u011funda Fransa veya Avrupa ne yapt\u0131?\u201d dedi.<\/p>\n<p>Cumhuriyet Meclisi\u2019nden verilen bilgiye g\u00f6re, \u00d6zt\u00fcrkler, BRT\u2019de yay\u0131nlanan Man\u015fet Art\u0131 program\u0131nda Aziz Kararaziz\u2019in sorular\u0131n\u0131 yan\u0131tlayarak, g\u00fcndeme ili\u015fkin a\u00e7\u0131klamalarda bulundu.<\/p>\n<p>KKTC\u2019nin d\u00f6rt bir yan\u0131nda dalgalanan bayraklar\u0131n egemenli\u011fin simgesi oldu\u011funu hat\u0131rlatan \u00d6zt\u00fcrkler, F-16 sava\u015f u\u00e7aklar\u0131n\u0131n Lefko\u015fa semalar\u0131nda kartal gibi s\u00fcz\u00fclerek s\u0131n\u0131rlar\u0131 korudu\u011funu, bu g\u00f6r\u00fcnt\u00fcn\u00fcn halk\u0131 gururland\u0131rd\u0131\u011f\u0131n\u0131 ve adan\u0131n kuzeyinin ger\u00e7ek sahiplerini ortaya koydu\u011funu belirtti.<\/p>\n<p>G\u00fcney K\u0131br\u0131s ve Avrupa Birli\u011fi\u2019nin tutumunu ele\u015ftirerek, b\u00f6lgede gerilimi art\u0131ran ad\u0131mlar at\u0131ld\u0131\u011f\u0131n\u0131, Avrupa Birli\u011fi ve Birle\u015fmi\u015f Milletler\u2019in bu ad\u0131mlarla sorgulan\u0131r hale geldi\u011fini kaydeden \u00d6zt\u00fcrkler, Rum y\u00f6netiminin Yunanistan ve \u0130srail\u2019den ald\u0131\u011f\u0131 tanklar\u0131n ise halk\u0131na huzur de\u011fil, tedirginlik getirdi\u011fini ifade etti.<\/p>\n<p>Adada, G\u00fcney K\u0131br\u0131s ve Kuzey K\u0131br\u0131s T\u00fcrk Cumhuriyeti olarak iki devletin varl\u0131\u011f\u0131n\u0131n a\u00e7\u0131k oldu\u011funu ve Rum lider Hristodulidis\u2019in \u201cg\u00f6z g\u00f6re g\u00f6re yalan s\u00f6yledi\u011fini\u201d vurgulayan \u00d6zt\u00fcrkler, KKTC\u2019nin m\u00fczakere s\u00fcrecini destekledi\u011fini ancak, temelinde adada iki devletin varl\u0131\u011f\u0131n\u0131n kabul edilmesi ve haks\u0131z izolasyonlar\u0131n kald\u0131r\u0131lmas\u0131 gerekti\u011fini ifade etti.<\/p>\n<p>Rum taraf\u0131n\u0131n KKTC\u2019ye ait de\u011ferleri AB\u2019ye kendi mal\u0131 gibi g\u00f6stermesini ve K\u0131br\u0131s\u2019ta i\u015fgal varm\u0131\u015f gibi sunmas\u0131n\u0131 sert s\u00f6zlerle ele\u015ftiren \u00d6zt\u00fcrkler, bu yakla\u015f\u0131m\u0131n halk\u0131n iradesini yok sayd\u0131\u011f\u0131n\u0131 ve \u00e7\u00f6z\u00fcm s\u00fcrecini baltalad\u0131\u011f\u0131n\u0131 s\u00f6yledi.<\/p>\n<\/p>\n<p>-&#8220;Rum taraf\u0131n\u0131n tek yanl\u0131 anla\u015fmalar\u0131 KKTC s\u0131n\u0131r\u0131na kadar ge\u00e7erli&#8221;<\/p>\n<p>T\u00fcrk askeri kar\u015f\u0131s\u0131nda silahlanma giri\u015fimlerinin berhava olaca\u011f\u0131n\u0131, giri\u015fimlerin savunma i\u00e7in gereksiz; taarruz i\u00e7in ise \u00e7\u0131lg\u0131nl\u0131k oldu\u011funu dile getiren \u00d6zt\u00fcrkler, Rum taraf\u0131n\u0131n \u201cK\u0131br\u0131s Cumhuriyeti\u201d ad\u0131 alt\u0131nda yapt\u0131\u011f\u0131 tek yanl\u0131 anla\u015fmalar\u0131n KKTC s\u0131n\u0131r\u0131na kadar ge\u00e7erli oldu\u011funu, T\u00fcrk topra\u011f\u0131 \u00fczerinde herhangi bir sald\u0131r\u0131 giri\u015fiminin halk\u0131n iradesinden d\u00f6nece\u011fini vurgulad\u0131.<\/p>\n<div id=\"ad_121\" data-channel=\"121\" data-advert=\"temedya\" data-rotation=\"120\" class=\"mb-3 text-center\"><\/div>\n<div id=\"ad_121_mobile\" data-channel=\"121\" data-advert=\"temedya\" data-rotation=\"120\" class=\"mb-3 text-center\"><\/div>\n<p>Fransa ile yap\u0131lan askeri anla\u015fmalara da tepki g\u00f6steren \u00d6zt\u00fcrkler, K\u0131br\u0131s\u2019ta g\u00fcvenli\u011fi Frans\u0131z askerlerinin de\u011fil, anavatan T\u00fcrkiye\u2019nin garant\u00f6rl\u00fc\u011f\u00fcn\u00fcn sa\u011flad\u0131\u011f\u0131n\u0131 s\u00f6yledi. Avrupa \u00fclkeleri ve \u0130srail\u2019in politikalar\u0131n\u0131 \u201cs\u00f6m\u00fcrgeci\u201d olarak nitelendiren \u00d6zt\u00fcrkler, silahlanma yar\u0131\u015f\u0131n\u0131n, milli gelirleri s\u00f6m\u00fcrgeci Avrupa ve \u0130srail\u2019e aktarmaktan ba\u015fka bir \u015fey olmad\u0131\u011f\u0131n\u0131 s\u00f6yleyerek, &#8220;Silahlanma derdindeler, ancak d\u0131\u015f g\u00fc\u00e7lerin adada h\u00e2kimiyet kurma giri\u015fimleri sonu\u00e7suz kalacakt\u0131r.\u201d vurgusu yapt\u0131.<\/p>\n<p>Fransa ve \u0130srail\u2019in ge\u00e7mi\u015fine at\u0131fta bulunan ve T\u00fcrkiye\u2019nin tarihsel rol\u00fcn\u00fc hat\u0131rlatan \u00d6zt\u00fcrkler, G\u00fcney K\u0131br\u0131s lideri Nikos Hristodulidis hakk\u0131nda, \u201cKendini a\u015fan, boyundan b\u00fcy\u00fck i\u015flerle u\u011fra\u015fmaya devam ediyor. Sonu iyi olmayacakt\u0131r, g\u00fcn\u00fc geldi\u011finde egemenli\u011fini satan, milli gelirlerini silahlanmaya harcayan bir lider olarak an\u0131lacak&#8221; dedi.<\/p>\n<p>-&#8220;T\u00fcrkiye\u2019nin cayd\u0131r\u0131c\u0131 g\u00fcc\u00fc ve KKTC\u2019nin iradesi tart\u0131\u015f\u0131lmaz&#8221;<\/p>\n<p>\u00d6zt\u00fcrkler, Fransa\u2019n\u0131n askeri varl\u0131\u011f\u0131n\u0131n dengeleri de\u011fi\u015ftiremeyece\u011fini dile getirerek, \u201c\u0130stedikleri kadar anla\u015fma yaps\u0131nlar, bu ger\u00e7ek de\u011fi\u015fmeyecek. T\u00fcrkiye\u2019nin cayd\u0131r\u0131c\u0131 g\u00fcc\u00fc ve KKTC\u2019nin iradesi tart\u0131\u015f\u0131lmaz.\u201d dedi.<\/p>\n<p>G\u00fcney\u2019de ELAM\u2019\u0131n \u00fc\u00e7\u00fcnc\u00fc parti konumuna y\u00fckselmesinin, Rum taraf\u0131nda radikal milliyet\u00e7ili\u011fin ve T\u00fcrk kar\u015f\u0131t\u0131 s\u00f6ylemlerin g\u00fc\u00e7 kazand\u0131\u011f\u0131n\u0131 g\u00f6sterdi\u011fini belirten \u00d6zt\u00fcrkler, bu e\u011filimin \u00e7\u00f6z\u00fcm iradesini zay\u0131flatt\u0131\u011f\u0131n\u0131 ve adada kutupla\u015fmay\u0131 art\u0131rd\u0131\u011f\u0131n\u0131 kaydetti.<\/p>\n<p>Cumhuriyet Meclisi Ba\u015fkan\u0131 Ziya \u00d6zt\u00fcrkler, \u00f6\u011frencilerden \u00f6\u011fretmenlere, sivil toplum \u00f6rg\u00fctlerinden gen\u00e7lere kadar toplumun farkl\u0131 kesimlerinin fikirlerini payla\u015fmak \u00fczere Meclis\u2019in kap\u0131lar\u0131n\u0131 aralamas\u0131n\u0131n b\u00fcy\u00fck bir gurur kayna\u011f\u0131 oldu\u011funu belirtti.<\/p>\n<p>Meclis\u2019in yaln\u0131zca kararlar\u0131n al\u0131nd\u0131\u011f\u0131 bir kurum olmad\u0131\u011f\u0131n\u0131 belirten \u00d6zt\u00fcrkler, toplumun farkl\u0131 kesimlerinin bir araya gelerek ortak de\u011ferler etraf\u0131nda bulu\u015ftu\u011fu ve d\u00fc\u015f\u00fcncelerini \u00f6zg\u00fcrce ifade etti\u011fi canl\u0131 bir mekan olmas\u0131 gerekti\u011fini ifade etti.<\/p>\n<p>Bu yakla\u015f\u0131m\u0131n siyaseti daha yak\u0131ndan tan\u0131ma f\u0131rsat\u0131 sundu\u011funu, ayn\u0131 zamanda demokratik k\u00fclt\u00fcr\u00fc ve toplumsal birlikteli\u011fi g\u00fc\u00e7lendirdi\u011fini vurgulayan \u00d6zt\u00fcrkler, Kat\u0131l\u0131mc\u0131lar\u0131n katk\u0131s\u0131yla Meclis\u2019in ruhunun zenginle\u015fti\u011fini dile getirdi. \u00d6zt\u00fcrkler, hep birlikte ortak de\u011ferleri ya\u015fatmaya ve gelece\u011fi daha g\u00fc\u00e7l\u00fc k\u0131lmaya devam edeceklerini s\u00f6yledi.<\/p>\n<\/p>\n<div class=\"article-source py-3 small \">\n                <\/div>\n","protected":false},"excerpt":{"rendered":"<p>Cumhuriyet Meclisi Ba\u015fkan\u0131 Ziya \u00d6zt\u00fcrkler, Avrupa Birli\u011fi&#8217;nin (AB) \u00e7\u00f6z\u00fcm \u00e7a\u011fr\u0131s\u0131 yaparken T\u00fcrk taraf\u0131yla g\u00f6r\u00fc\u015fmekten ka\u00e7\u0131nmas\u0131n\u0131n a\u00e7\u0131k bir \u00e7eli\u015fki oldu\u011funu vurgulad\u0131. \u201cAB ger\u00e7ekten anla\u015fma istiyor olsayd\u0131 G\u00fcney K\u0131br\u0131s\u2019a silah g\u00f6ndermezdi. Anla\u015fma isteyen biri bu kadar silaha para yat\u0131rmaz\u201d diye konu\u015fan \u00d6zt\u00fcrkler, \u201cG\u00fcney K\u0131br\u0131s\u2019a gelip racon kesiyorlar. Biri size vurursa yan\u0131nday\u0131z diyorlar. Peki Rusya Ukrayna\u2019ya vurdu\u011funda Fransa<\/p>\n","protected":false},"author":1,"featured_media":111559,"comment_status":"open","ping_status":"open","sticky":false,"template":"","format":"standard","meta":{"footnotes":""},"categories":[81],"tags":[],"class_list":["post-111558","post","type-post","status-publish","format-standard","has-post-thumbnail","hentry","category-kibris"],"yoast_head":"<!-- This site is optimized with the Yoast SEO plugin v27.5 - https:\/\/yoast.com\/product\/yoast-seo-wordpress\/ -->\n<title>\u00d6ZT\u00dcRKLER: \u201cS\u0130LAHLANMA BARI\u015e GET\u0130RMEZ\u201d -<\/title>\n<meta name=\"robots\" content=\"index, follow, max-snippet:-1, max-image-preview:large, max-video-preview:-1\" \/>\n<link rel=\"canonical\" href=\"https:\/\/kibrisdakik.com\/?p=111558\" \/>\n<meta property=\"og:locale\" content=\"tr_TR\" \/>\n<meta property=\"og:type\" content=\"article\" \/>\n<meta property=\"og:title\" content=\"\u00d6ZT\u00dcRKLER: \u201cS\u0130LAHLANMA BARI\u015e GET\u0130RMEZ\u201d -\" \/>\n<meta property=\"og:description\" content=\"Cumhuriyet Meclisi Ba\u015fkan\u0131 Ziya \u00d6zt\u00fcrkler, Avrupa Birli\u011fi&#8217;nin (AB) \u00e7\u00f6z\u00fcm \u00e7a\u011fr\u0131s\u0131 yaparken T\u00fcrk taraf\u0131yla g\u00f6r\u00fc\u015fmekten ka\u00e7\u0131nmas\u0131n\u0131n a\u00e7\u0131k bir \u00e7eli\u015fki oldu\u011funu vurgulad\u0131. \u201cAB ger\u00e7ekten anla\u015fma istiyor olsayd\u0131 G\u00fcney K\u0131br\u0131s\u2019a silah g\u00f6ndermezdi. Anla\u015fma isteyen biri bu kadar silaha para yat\u0131rmaz\u201d diye konu\u015fan \u00d6zt\u00fcrkler, \u201cG\u00fcney K\u0131br\u0131s\u2019a gelip racon kesiyorlar. Biri size vurursa yan\u0131nday\u0131z diyorlar. Peki Rusya Ukrayna\u2019ya vurdu\u011funda Fransa\" \/>\n<meta property=\"og:url\" content=\"https:\/\/kibrisdakik.com\/?p=111558\" \/>\n<meta property=\"article:published_time\" content=\"2026-04-30T10:22:15+00:00\" \/>\n<meta property=\"og:image\" content=\"https:\/\/mhahabercom.teimg.com\/crop\/1280x720\/mhahaber-com\/uploads\/2026\/04\/mha-sari-beyaz-5068.png\" \/>\n<meta name=\"author\" content=\"admin\" \/>\n<meta name=\"twitter:card\" content=\"summary_large_image\" \/>\n<meta name=\"twitter:label1\" content=\"Yazan:\" \/>\n\t<meta name=\"twitter:data1\" content=\"admin\" \/>\n\t<meta name=\"twitter:label2\" content=\"Tahmini okuma s\u00fcresi\" \/>\n\t<meta name=\"twitter:data2\" content=\"4 dakika\" \/>\n<script type=\"application\/ld+json\" class=\"yoast-schema-graph\">{\"@context\":\"https:\\\/\\\/schema.org\",\"@graph\":[{\"@type\":\"Article\",\"@id\":\"https:\\\/\\\/kibrisdakik.com\\\/?p=111558#article\",\"isPartOf\":{\"@id\":\"https:\\\/\\\/kibrisdakik.com\\\/?p=111558\"},\"author\":{\"name\":\"admin\",\"@id\":\"https:\\\/\\\/kibrisdakik.com\\\/#\\\/schema\\\/person\\\/9cd9d437bbb44f72b73ba127e06d8e79\"},\"headline\":\"\u00d6ZT\u00dcRKLER: \u201cS\u0130LAHLANMA BARI\u015e GET\u0130RMEZ\u201d\",\"datePublished\":\"2026-04-30T10:22:15+00:00\",\"mainEntityOfPage\":{\"@id\":\"https:\\\/\\\/kibrisdakik.com\\\/?p=111558\"},\"wordCount\":892,\"commentCount\":0,\"image\":{\"@id\":\"https:\\\/\\\/kibrisdakik.com\\\/?p=111558#primaryimage\"},\"thumbnailUrl\":\"https:\\\/\\\/kibrisdakik.com\\\/wp-content\\\/uploads\\\/2026\\\/04\\\/mha-sari-beyaz-5068.png\",\"articleSection\":[\"K\u0131br\u0131s\"],\"inLanguage\":\"tr\",\"potentialAction\":[{\"@type\":\"CommentAction\",\"name\":\"Comment\",\"target\":[\"https:\\\/\\\/kibrisdakik.com\\\/?p=111558#respond\"]}]},{\"@type\":\"WebPage\",\"@id\":\"https:\\\/\\\/kibrisdakik.com\\\/?p=111558\",\"url\":\"https:\\\/\\\/kibrisdakik.com\\\/?p=111558\",\"name\":\"\u00d6ZT\u00dcRKLER: \u201cS\u0130LAHLANMA BARI\u015e GET\u0130RMEZ\u201d -\",\"isPartOf\":{\"@id\":\"https:\\\/\\\/kibrisdakik.com\\\/#website\"},\"primaryImageOfPage\":{\"@id\":\"https:\\\/\\\/kibrisdakik.com\\\/?p=111558#primaryimage\"},\"image\":{\"@id\":\"https:\\\/\\\/kibrisdakik.com\\\/?p=111558#primaryimage\"},\"thumbnailUrl\":\"https:\\\/\\\/kibrisdakik.com\\\/wp-content\\\/uploads\\\/2026\\\/04\\\/mha-sari-beyaz-5068.png\",\"datePublished\":\"2026-04-30T10:22:15+00:00\",\"author\":{\"@id\":\"https:\\\/\\\/kibrisdakik.com\\\/#\\\/schema\\\/person\\\/9cd9d437bbb44f72b73ba127e06d8e79\"},\"breadcrumb\":{\"@id\":\"https:\\\/\\\/kibrisdakik.com\\\/?p=111558#breadcrumb\"},\"inLanguage\":\"tr\",\"potentialAction\":[{\"@type\":\"ReadAction\",\"target\":[\"https:\\\/\\\/kibrisdakik.com\\\/?p=111558\"]}]},{\"@type\":\"ImageObject\",\"inLanguage\":\"tr\",\"@id\":\"https:\\\/\\\/kibrisdakik.com\\\/?p=111558#primaryimage\",\"url\":\"https:\\\/\\\/kibrisdakik.com\\\/wp-content\\\/uploads\\\/2026\\\/04\\\/mha-sari-beyaz-5068.png\",\"contentUrl\":\"https:\\\/\\\/kibrisdakik.com\\\/wp-content\\\/uploads\\\/2026\\\/04\\\/mha-sari-beyaz-5068.png\",\"width\":1280,\"height\":720},{\"@type\":\"BreadcrumbList\",\"@id\":\"https:\\\/\\\/kibrisdakik.com\\\/?p=111558#breadcrumb\",\"itemListElement\":[{\"@type\":\"ListItem\",\"position\":1,\"name\":\"Home\",\"item\":\"https:\\\/\\\/kibrisdakik.com\\\/\"},{\"@type\":\"ListItem\",\"position\":2,\"name\":\"\u00d6ZT\u00dcRKLER: \u201cS\u0130LAHLANMA BARI\u015e GET\u0130RMEZ\u201d\"}]},{\"@type\":\"WebSite\",\"@id\":\"https:\\\/\\\/kibrisdakik.com\\\/#website\",\"url\":\"https:\\\/\\\/kibrisdakik.com\\\/\",\"name\":\"\",\"description\":\"Tam vaktinde haber\",\"potentialAction\":[{\"@type\":\"SearchAction\",\"target\":{\"@type\":\"EntryPoint\",\"urlTemplate\":\"https:\\\/\\\/kibrisdakik.com\\\/?s={search_term_string}\"},\"query-input\":{\"@type\":\"PropertyValueSpecification\",\"valueRequired\":true,\"valueName\":\"search_term_string\"}}],\"inLanguage\":\"tr\"},{\"@type\":\"Person\",\"@id\":\"https:\\\/\\\/kibrisdakik.com\\\/#\\\/schema\\\/person\\\/9cd9d437bbb44f72b73ba127e06d8e79\",\"name\":\"admin\",\"image\":{\"@type\":\"ImageObject\",\"inLanguage\":\"tr\",\"@id\":\"https:\\\/\\\/secure.gravatar.com\\\/avatar\\\/ccc17943b9d660506c869530f897617f7cb1c21a4bf30023f252596d83e1f007?s=96&d=mm&r=g\",\"url\":\"https:\\\/\\\/secure.gravatar.com\\\/avatar\\\/ccc17943b9d660506c869530f897617f7cb1c21a4bf30023f252596d83e1f007?s=96&d=mm&r=g\",\"contentUrl\":\"https:\\\/\\\/secure.gravatar.com\\\/avatar\\\/ccc17943b9d660506c869530f897617f7cb1c21a4bf30023f252596d83e1f007?s=96&d=mm&r=g\",\"caption\":\"admin\"},\"sameAs\":[\"https:\\\/\\\/kibrisdakik.com\"],\"url\":\"https:\\\/\\\/kibrisdakik.com\\\/?author=1\"}]}<\/script>\n<!-- \/ Yoast SEO plugin. -->","yoast_head_json":{"title":"\u00d6ZT\u00dcRKLER: \u201cS\u0130LAHLANMA BARI\u015e GET\u0130RMEZ\u201d -","robots":{"index":"index","follow":"follow","max-snippet":"max-snippet:-1","max-image-preview":"max-image-preview:large","max-video-preview":"max-video-preview:-1"},"canonical":"https:\/\/kibrisdakik.com\/?p=111558","og_locale":"tr_TR","og_type":"article","og_title":"\u00d6ZT\u00dcRKLER: \u201cS\u0130LAHLANMA BARI\u015e GET\u0130RMEZ\u201d -","og_description":"Cumhuriyet Meclisi Ba\u015fkan\u0131 Ziya \u00d6zt\u00fcrkler, Avrupa Birli\u011fi&#8217;nin (AB) \u00e7\u00f6z\u00fcm \u00e7a\u011fr\u0131s\u0131 yaparken T\u00fcrk taraf\u0131yla g\u00f6r\u00fc\u015fmekten ka\u00e7\u0131nmas\u0131n\u0131n a\u00e7\u0131k bir \u00e7eli\u015fki oldu\u011funu vurgulad\u0131. \u201cAB ger\u00e7ekten anla\u015fma istiyor olsayd\u0131 G\u00fcney K\u0131br\u0131s\u2019a silah g\u00f6ndermezdi. Anla\u015fma isteyen biri bu kadar silaha para yat\u0131rmaz\u201d diye konu\u015fan \u00d6zt\u00fcrkler, \u201cG\u00fcney K\u0131br\u0131s\u2019a gelip racon kesiyorlar. Biri size vurursa yan\u0131nday\u0131z diyorlar. Peki Rusya Ukrayna\u2019ya vurdu\u011funda Fransa","og_url":"https:\/\/kibrisdakik.com\/?p=111558","article_published_time":"2026-04-30T10:22:15+00:00","og_image":[{"url":"https:\/\/mhahabercom.teimg.com\/crop\/1280x720\/mhahaber-com\/uploads\/2026\/04\/mha-sari-beyaz-5068.png","type":"","width":"","height":""}],"author":"admin","twitter_card":"summary_large_image","twitter_misc":{"Yazan:":"admin","Tahmini okuma s\u00fcresi":"4 dakika"},"schema":{"@context":"https:\/\/schema.org","@graph":[{"@type":"Article","@id":"https:\/\/kibrisdakik.com\/?p=111558#article","isPartOf":{"@id":"https:\/\/kibrisdakik.com\/?p=111558"},"author":{"name":"admin","@id":"https:\/\/kibrisdakik.com\/#\/schema\/person\/9cd9d437bbb44f72b73ba127e06d8e79"},"headline":"\u00d6ZT\u00dcRKLER: \u201cS\u0130LAHLANMA BARI\u015e GET\u0130RMEZ\u201d","datePublished":"2026-04-30T10:22:15+00:00","mainEntityOfPage":{"@id":"https:\/\/kibrisdakik.com\/?p=111558"},"wordCount":892,"commentCount":0,"image":{"@id":"https:\/\/kibrisdakik.com\/?p=111558#primaryimage"},"thumbnailUrl":"https:\/\/kibrisdakik.com\/wp-content\/uploads\/2026\/04\/mha-sari-beyaz-5068.png","articleSection":["K\u0131br\u0131s"],"inLanguage":"tr","potentialAction":[{"@type":"CommentAction","name":"Comment","target":["https:\/\/kibrisdakik.com\/?p=111558#respond"]}]},{"@type":"WebPage","@id":"https:\/\/kibrisdakik.com\/?p=111558","url":"https:\/\/kibrisdakik.com\/?p=111558","name":"\u00d6ZT\u00dcRKLER: \u201cS\u0130LAHLANMA BARI\u015e GET\u0130RMEZ\u201d -","isPartOf":{"@id":"https:\/\/kibrisdakik.com\/#website"},"primaryImageOfPage":{"@id":"https:\/\/kibrisdakik.com\/?p=111558#primaryimage"},"image":{"@id":"https:\/\/kibrisdakik.com\/?p=111558#primaryimage"},"thumbnailUrl":"https:\/\/kibrisdakik.com\/wp-content\/uploads\/2026\/04\/mha-sari-beyaz-5068.png","datePublished":"2026-04-30T10:22:15+00:00","author":{"@id":"https:\/\/kibrisdakik.com\/#\/schema\/person\/9cd9d437bbb44f72b73ba127e06d8e79"},"breadcrumb":{"@id":"https:\/\/kibrisdakik.com\/?p=111558#breadcrumb"},"inLanguage":"tr","potentialAction":[{"@type":"ReadAction","target":["https:\/\/kibrisdakik.com\/?p=111558"]}]},{"@type":"ImageObject","inLanguage":"tr","@id":"https:\/\/kibrisdakik.com\/?p=111558#primaryimage","url":"https:\/\/kibrisdakik.com\/wp-content\/uploads\/2026\/04\/mha-sari-beyaz-5068.png","contentUrl":"https:\/\/kibrisdakik.com\/wp-content\/uploads\/2026\/04\/mha-sari-beyaz-5068.png","width":1280,"height":720},{"@type":"BreadcrumbList","@id":"https:\/\/kibrisdakik.com\/?p=111558#breadcrumb","itemListElement":[{"@type":"ListItem","position":1,"name":"Home","item":"https:\/\/kibrisdakik.com\/"},{"@type":"ListItem","position":2,"name":"\u00d6ZT\u00dcRKLER: \u201cS\u0130LAHLANMA BARI\u015e GET\u0130RMEZ\u201d"}]},{"@type":"WebSite","@id":"https:\/\/kibrisdakik.com\/#website","url":"https:\/\/kibrisdakik.com\/","name":"","description":"Tam vaktinde haber","potentialAction":[{"@type":"SearchAction","target":{"@type":"EntryPoint","urlTemplate":"https:\/\/kibrisdakik.com\/?s={search_term_string}"},"query-input":{"@type":"PropertyValueSpecification","valueRequired":true,"valueName":"search_term_string"}}],"inLanguage":"tr"},{"@type":"Person","@id":"https:\/\/kibrisdakik.com\/#\/schema\/person\/9cd9d437bbb44f72b73ba127e06d8e79","name":"admin","image":{"@type":"ImageObject","inLanguage":"tr","@id":"https:\/\/secure.gravatar.com\/avatar\/ccc17943b9d660506c869530f897617f7cb1c21a4bf30023f252596d83e1f007?s=96&d=mm&r=g","url":"https:\/\/secure.gravatar.com\/avatar\/ccc17943b9d660506c869530f897617f7cb1c21a4bf30023f252596d83e1f007?s=96&d=mm&r=g","contentUrl":"https:\/\/secure.gravatar.com\/avatar\/ccc17943b9d660506c869530f897617f7cb1c21a4bf30023f252596d83e1f007?s=96&d=mm&r=g","caption":"admin"},"sameAs":["https:\/\/kibrisdakik.com"],"url":"https:\/\/kibrisdakik.com\/?author=1"}]}},"_links":{"self":[{"href":"https:\/\/kibrisdakik.com\/index.php?rest_route=\/wp\/v2\/posts\/111558","targetHints":{"allow":["GET"]}}],"collection":[{"href":"https:\/\/kibrisdakik.com\/index.php?rest_route=\/wp\/v2\/posts"}],"about":[{"href":"https:\/\/kibrisdakik.com\/index.php?rest_route=\/wp\/v2\/types\/post"}],"author":[{"embeddable":true,"href":"https:\/\/kibrisdakik.com\/index.php?rest_route=\/wp\/v2\/users\/1"}],"replies":[{"embeddable":true,"href":"https:\/\/kibrisdakik.com\/index.php?rest_route=%2Fwp%2Fv2%2Fcomments&post=111558"}],"version-history":[{"count":0,"href":"https:\/\/kibrisdakik.com\/index.php?rest_route=\/wp\/v2\/posts\/111558\/revisions"}],"wp:featuredmedia":[{"embeddable":true,"href":"https:\/\/kibrisdakik.com\/index.php?rest_route=\/wp\/v2\/media\/111559"}],"wp:attachment":[{"href":"https:\/\/kibrisdakik.com\/index.php?rest_route=%2Fwp%2Fv2%2Fmedia&parent=111558"}],"wp:term":[{"taxonomy":"category","embeddable":true,"href":"https:\/\/kibrisdakik.com\/index.php?rest_route=%2Fwp%2Fv2%2Fcategories&post=111558"},{"taxonomy":"post_tag","embeddable":true,"href":"https:\/\/kibrisdakik.com\/index.php?rest_route=%2Fwp%2Fv2%2Ftags&post=111558"}],"curies":[{"name":"wp","href":"https:\/\/api.w.org\/{rel}","templated":true}]}}