{"id":111582,"date":"2026-04-30T15:24:59","date_gmt":"2026-04-30T12:24:59","guid":{"rendered":"https:\/\/kibrisdakik.com\/?p=111582"},"modified":"2026-04-30T15:24:59","modified_gmt":"2026-04-30T12:24:59","slug":"baskan-sadikoglundan-1-mayis-mesaji","status":"publish","type":"post","link":"https:\/\/kibrisdakik.com\/?p=111582","title":{"rendered":"Ba\u015fkan Sad\u0131ko\u011flu\u2019ndan 1 May\u0131s mesaj\u0131"},"content":{"rendered":"<p><\/p>\n<div data-text-id=\"201053\" property=\"articleBody\">\n<p><strong>\u201c\u0130skele Belediye Personeli hizmet g\u00f6n\u00fcl i\u015fidir anlay\u0131\u015f\u0131yla \u0130skele\u2019ye de\u011fer katmaya devam ediyor\u201d<\/strong><\/p>\n<p>\u0130skele Belediye Ba\u015fkan\u0131 Hasan Sad\u0131ko\u011flu, 1 May\u0131s Emek ve Dayan\u0131\u015fma G\u00fcn\u00fc dolay\u0131s\u0131yla mesaj yay\u0131mlad\u0131. \u0130skele Belediyesi \u00e7al\u0131\u015fanlar\u0131n\u0131n b\u00fcy\u00fck bir \u00f6zveriyle \u2018hizmet g\u00f6n\u00fcl i\u015fidir\u2019 anlay\u0131\u015f\u0131yla \u0130skele\u2019ye de\u011fer katt\u0131\u011f\u0131n\u0131 ifade ederek, ba\u015fta \u0130skele Belediyesi \u00e7al\u0131\u015fanlar\u0131 olmak \u00fczere al\u0131n teri ile \u00e7al\u0131\u015fan t\u00fcm emek\u00e7ilerin g\u00fcn\u00fcn\u00fc kutlad\u0131.<\/p>\n<p><strong>Sad\u0131ko\u011flu: \u201cT\u00fcm \u00e7al\u0131\u015fanlar\u0131m\u0131z \u0130skele\u2019ye de\u011fer kat\u0131yor\u201d<\/strong><\/p>\n<p>\u0130skele Belediye Ba\u015fkan\u0131 Hasan Sad\u0131ko\u011flu, 1 May\u0131s Emek ve Dayan\u0131\u015fma G\u00fcn\u00fc dolay\u0131s\u0131yla mesaj yay\u0131mlad\u0131. Mesaj\u0131nda eme\u011fin ve al\u0131n terinin \u00f6nemine dikkat \u00e7eken Sad\u0131ko\u011flu, ba\u015fta \u0130skele Belediyesi personeli olmak \u00fczere, al\u0131n teriyle \u00e7al\u0131\u015farak i\u015fini lay\u0131k\u0131yla yapan t\u00fcm emek\u00e7ilerin 1 May\u0131s \u0130\u015f\u00e7i Bayram\u0131\u2019n\u0131 kutlad\u0131. \u0130skele Belediyesi \u00e7al\u0131\u015fanlar\u0131n\u0131n b\u00fcy\u00fck bir \u00f6zveriyle g\u00f6rev yapt\u0131\u011f\u0131n\u0131 belirten Sad\u0131ko\u011flu, belediye hizmetlerinin de bir g\u00f6n\u00fcl i\u015fi oldu\u011funun alt\u0131n\u0131 \u00e7izdi. Personelin bu anlay\u0131\u015fla \u0130skele\u2019ye de\u011fer katmak i\u00e7in gece g\u00fcnd\u00fcz demeden \u00e7al\u0131\u015ft\u0131\u011f\u0131n\u0131 ifade eden Sad\u0131ko\u011flu, sunulan hizmetlerin arkas\u0131nda b\u00fcy\u00fck bir emek ve fedak\u00e2rl\u0131k bulundu\u011funu vurgulad\u0131. T\u00fcm emek\u00e7ilerin daha iyi \u00e7al\u0131\u015fma ko\u015fullar\u0131na sahip olmas\u0131 temennisinde de bulunan Sad\u0131ko\u011flu, emek, dayan\u0131\u015fma ve birlik ruhunun \u00f6nemine dikkat \u00e7ekti. Ba\u015fkan Sad\u0131ko\u011flu mesaj\u0131n\u0131n sonunda, t\u00fcm \u00e7al\u0131\u015fanlar\u0131n 1 May\u0131s Emek ve Dayan\u0131\u015fma G\u00fcn\u00fc\u2019n\u00fc bir kez daha kutlad\u0131.<\/p>\n<\/p><\/div>\n","protected":false},"excerpt":{"rendered":"<p>\u201c\u0130skele Belediye Personeli hizmet g\u00f6n\u00fcl i\u015fidir anlay\u0131\u015f\u0131yla \u0130skele\u2019ye de\u011fer katmaya devam ediyor\u201d \u0130skele Belediye Ba\u015fkan\u0131 Hasan Sad\u0131ko\u011flu, 1 May\u0131s Emek ve Dayan\u0131\u015fma G\u00fcn\u00fc dolay\u0131s\u0131yla mesaj yay\u0131mlad\u0131. \u0130skele Belediyesi \u00e7al\u0131\u015fanlar\u0131n\u0131n b\u00fcy\u00fck bir \u00f6zveriyle \u2018hizmet g\u00f6n\u00fcl i\u015fidir\u2019 anlay\u0131\u015f\u0131yla \u0130skele\u2019ye de\u011fer katt\u0131\u011f\u0131n\u0131 ifade ederek, ba\u015fta \u0130skele Belediyesi \u00e7al\u0131\u015fanlar\u0131 olmak \u00fczere al\u0131n teri ile \u00e7al\u0131\u015fan t\u00fcm emek\u00e7ilerin g\u00fcn\u00fcn\u00fc kutlad\u0131.<\/p>\n","protected":false},"author":1,"featured_media":111583,"comment_status":"open","ping_status":"open","sticky":false,"template":"","format":"standard","meta":{"footnotes":""},"categories":[81],"tags":[],"class_list":["post-111582","post","type-post","status-publish","format-standard","has-post-thumbnail","hentry","category-kibris"],"yoast_head":"<!-- This site is optimized with the Yoast SEO plugin v27.5 - https:\/\/yoast.com\/product\/yoast-seo-wordpress\/ -->\n<title>Ba\u015fkan Sad\u0131ko\u011flu\u2019ndan 1 May\u0131s mesaj\u0131 -<\/title>\n<meta name=\"robots\" content=\"index, follow, max-snippet:-1, max-image-preview:large, max-video-preview:-1\" \/>\n<link rel=\"canonical\" href=\"https:\/\/kibrisdakik.com\/?p=111582\" \/>\n<meta property=\"og:locale\" content=\"tr_TR\" \/>\n<meta property=\"og:type\" content=\"article\" \/>\n<meta property=\"og:title\" content=\"Ba\u015fkan Sad\u0131ko\u011flu\u2019ndan 1 May\u0131s mesaj\u0131 -\" \/>\n<meta property=\"og:description\" content=\"\u201c\u0130skele Belediye Personeli hizmet g\u00f6n\u00fcl i\u015fidir anlay\u0131\u015f\u0131yla \u0130skele\u2019ye de\u011fer katmaya devam ediyor\u201d \u0130skele Belediye Ba\u015fkan\u0131 Hasan Sad\u0131ko\u011flu, 1 May\u0131s Emek ve Dayan\u0131\u015fma G\u00fcn\u00fc dolay\u0131s\u0131yla mesaj yay\u0131mlad\u0131. \u0130skele Belediyesi \u00e7al\u0131\u015fanlar\u0131n\u0131n b\u00fcy\u00fck bir \u00f6zveriyle \u2018hizmet g\u00f6n\u00fcl i\u015fidir\u2019 anlay\u0131\u015f\u0131yla \u0130skele\u2019ye de\u011fer katt\u0131\u011f\u0131n\u0131 ifade ederek, ba\u015fta \u0130skele Belediyesi \u00e7al\u0131\u015fanlar\u0131 olmak \u00fczere al\u0131n teri ile \u00e7al\u0131\u015fan t\u00fcm emek\u00e7ilerin g\u00fcn\u00fcn\u00fc kutlad\u0131.\" \/>\n<meta property=\"og:url\" content=\"https:\/\/kibrisdakik.com\/?p=111582\" \/>\n<meta property=\"article:published_time\" content=\"2026-04-30T12:24:59+00:00\" \/>\n<meta property=\"og:image\" content=\"https:\/\/mhahabercom.teimg.com\/crop\/1280x720\/mhahaber-com\/uploads\/2026\/04\/mha-sari-beyaz-5079.png\" \/>\n<meta name=\"author\" content=\"admin\" \/>\n<meta name=\"twitter:card\" content=\"summary_large_image\" \/>\n<meta name=\"twitter:label1\" content=\"Yazan:\" \/>\n\t<meta name=\"twitter:data1\" content=\"admin\" \/>\n\t<meta name=\"twitter:label2\" content=\"Tahmini okuma s\u00fcresi\" \/>\n\t<meta name=\"twitter:data2\" content=\"1 dakika\" \/>\n<script type=\"application\/ld+json\" class=\"yoast-schema-graph\">{\"@context\":\"https:\\\/\\\/schema.org\",\"@graph\":[{\"@type\":\"Article\",\"@id\":\"https:\\\/\\\/kibrisdakik.com\\\/?p=111582#article\",\"isPartOf\":{\"@id\":\"https:\\\/\\\/kibrisdakik.com\\\/?p=111582\"},\"author\":{\"name\":\"admin\",\"@id\":\"https:\\\/\\\/kibrisdakik.com\\\/#\\\/schema\\\/person\\\/9cd9d437bbb44f72b73ba127e06d8e79\"},\"headline\":\"Ba\u015fkan Sad\u0131ko\u011flu\u2019ndan 1 May\u0131s mesaj\u0131\",\"datePublished\":\"2026-04-30T12:24:59+00:00\",\"mainEntityOfPage\":{\"@id\":\"https:\\\/\\\/kibrisdakik.com\\\/?p=111582\"},\"wordCount\":305,\"commentCount\":0,\"image\":{\"@id\":\"https:\\\/\\\/kibrisdakik.com\\\/?p=111582#primaryimage\"},\"thumbnailUrl\":\"https:\\\/\\\/kibrisdakik.com\\\/wp-content\\\/uploads\\\/2026\\\/04\\\/mha-sari-beyaz-5079.png\",\"articleSection\":[\"K\u0131br\u0131s\"],\"inLanguage\":\"tr\",\"potentialAction\":[{\"@type\":\"CommentAction\",\"name\":\"Comment\",\"target\":[\"https:\\\/\\\/kibrisdakik.com\\\/?p=111582#respond\"]}]},{\"@type\":\"WebPage\",\"@id\":\"https:\\\/\\\/kibrisdakik.com\\\/?p=111582\",\"url\":\"https:\\\/\\\/kibrisdakik.com\\\/?p=111582\",\"name\":\"Ba\u015fkan Sad\u0131ko\u011flu\u2019ndan 1 May\u0131s mesaj\u0131 -\",\"isPartOf\":{\"@id\":\"https:\\\/\\\/kibrisdakik.com\\\/#website\"},\"primaryImageOfPage\":{\"@id\":\"https:\\\/\\\/kibrisdakik.com\\\/?p=111582#primaryimage\"},\"image\":{\"@id\":\"https:\\\/\\\/kibrisdakik.com\\\/?p=111582#primaryimage\"},\"thumbnailUrl\":\"https:\\\/\\\/kibrisdakik.com\\\/wp-content\\\/uploads\\\/2026\\\/04\\\/mha-sari-beyaz-5079.png\",\"datePublished\":\"2026-04-30T12:24:59+00:00\",\"author\":{\"@id\":\"https:\\\/\\\/kibrisdakik.com\\\/#\\\/schema\\\/person\\\/9cd9d437bbb44f72b73ba127e06d8e79\"},\"breadcrumb\":{\"@id\":\"https:\\\/\\\/kibrisdakik.com\\\/?p=111582#breadcrumb\"},\"inLanguage\":\"tr\",\"potentialAction\":[{\"@type\":\"ReadAction\",\"target\":[\"https:\\\/\\\/kibrisdakik.com\\\/?p=111582\"]}]},{\"@type\":\"ImageObject\",\"inLanguage\":\"tr\",\"@id\":\"https:\\\/\\\/kibrisdakik.com\\\/?p=111582#primaryimage\",\"url\":\"https:\\\/\\\/kibrisdakik.com\\\/wp-content\\\/uploads\\\/2026\\\/04\\\/mha-sari-beyaz-5079.png\",\"contentUrl\":\"https:\\\/\\\/kibrisdakik.com\\\/wp-content\\\/uploads\\\/2026\\\/04\\\/mha-sari-beyaz-5079.png\",\"width\":1280,\"height\":720},{\"@type\":\"BreadcrumbList\",\"@id\":\"https:\\\/\\\/kibrisdakik.com\\\/?p=111582#breadcrumb\",\"itemListElement\":[{\"@type\":\"ListItem\",\"position\":1,\"name\":\"Home\",\"item\":\"https:\\\/\\\/kibrisdakik.com\\\/\"},{\"@type\":\"ListItem\",\"position\":2,\"name\":\"Ba\u015fkan Sad\u0131ko\u011flu\u2019ndan 1 May\u0131s mesaj\u0131\"}]},{\"@type\":\"WebSite\",\"@id\":\"https:\\\/\\\/kibrisdakik.com\\\/#website\",\"url\":\"https:\\\/\\\/kibrisdakik.com\\\/\",\"name\":\"\",\"description\":\"Tam vaktinde haber\",\"potentialAction\":[{\"@type\":\"SearchAction\",\"target\":{\"@type\":\"EntryPoint\",\"urlTemplate\":\"https:\\\/\\\/kibrisdakik.com\\\/?s={search_term_string}\"},\"query-input\":{\"@type\":\"PropertyValueSpecification\",\"valueRequired\":true,\"valueName\":\"search_term_string\"}}],\"inLanguage\":\"tr\"},{\"@type\":\"Person\",\"@id\":\"https:\\\/\\\/kibrisdakik.com\\\/#\\\/schema\\\/person\\\/9cd9d437bbb44f72b73ba127e06d8e79\",\"name\":\"admin\",\"image\":{\"@type\":\"ImageObject\",\"inLanguage\":\"tr\",\"@id\":\"https:\\\/\\\/secure.gravatar.com\\\/avatar\\\/ccc17943b9d660506c869530f897617f7cb1c21a4bf30023f252596d83e1f007?s=96&d=mm&r=g\",\"url\":\"https:\\\/\\\/secure.gravatar.com\\\/avatar\\\/ccc17943b9d660506c869530f897617f7cb1c21a4bf30023f252596d83e1f007?s=96&d=mm&r=g\",\"contentUrl\":\"https:\\\/\\\/secure.gravatar.com\\\/avatar\\\/ccc17943b9d660506c869530f897617f7cb1c21a4bf30023f252596d83e1f007?s=96&d=mm&r=g\",\"caption\":\"admin\"},\"sameAs\":[\"https:\\\/\\\/kibrisdakik.com\"],\"url\":\"https:\\\/\\\/kibrisdakik.com\\\/?author=1\"}]}<\/script>\n<!-- \/ Yoast SEO plugin. -->","yoast_head_json":{"title":"Ba\u015fkan Sad\u0131ko\u011flu\u2019ndan 1 May\u0131s mesaj\u0131 -","robots":{"index":"index","follow":"follow","max-snippet":"max-snippet:-1","max-image-preview":"max-image-preview:large","max-video-preview":"max-video-preview:-1"},"canonical":"https:\/\/kibrisdakik.com\/?p=111582","og_locale":"tr_TR","og_type":"article","og_title":"Ba\u015fkan Sad\u0131ko\u011flu\u2019ndan 1 May\u0131s mesaj\u0131 -","og_description":"\u201c\u0130skele Belediye Personeli hizmet g\u00f6n\u00fcl i\u015fidir anlay\u0131\u015f\u0131yla \u0130skele\u2019ye de\u011fer katmaya devam ediyor\u201d \u0130skele Belediye Ba\u015fkan\u0131 Hasan Sad\u0131ko\u011flu, 1 May\u0131s Emek ve Dayan\u0131\u015fma G\u00fcn\u00fc dolay\u0131s\u0131yla mesaj yay\u0131mlad\u0131. \u0130skele Belediyesi \u00e7al\u0131\u015fanlar\u0131n\u0131n b\u00fcy\u00fck bir \u00f6zveriyle \u2018hizmet g\u00f6n\u00fcl i\u015fidir\u2019 anlay\u0131\u015f\u0131yla \u0130skele\u2019ye de\u011fer katt\u0131\u011f\u0131n\u0131 ifade ederek, ba\u015fta \u0130skele Belediyesi \u00e7al\u0131\u015fanlar\u0131 olmak \u00fczere al\u0131n teri ile \u00e7al\u0131\u015fan t\u00fcm emek\u00e7ilerin g\u00fcn\u00fcn\u00fc kutlad\u0131.","og_url":"https:\/\/kibrisdakik.com\/?p=111582","article_published_time":"2026-04-30T12:24:59+00:00","og_image":[{"url":"https:\/\/mhahabercom.teimg.com\/crop\/1280x720\/mhahaber-com\/uploads\/2026\/04\/mha-sari-beyaz-5079.png","type":"","width":"","height":""}],"author":"admin","twitter_card":"summary_large_image","twitter_misc":{"Yazan:":"admin","Tahmini okuma s\u00fcresi":"1 dakika"},"schema":{"@context":"https:\/\/schema.org","@graph":[{"@type":"Article","@id":"https:\/\/kibrisdakik.com\/?p=111582#article","isPartOf":{"@id":"https:\/\/kibrisdakik.com\/?p=111582"},"author":{"name":"admin","@id":"https:\/\/kibrisdakik.com\/#\/schema\/person\/9cd9d437bbb44f72b73ba127e06d8e79"},"headline":"Ba\u015fkan Sad\u0131ko\u011flu\u2019ndan 1 May\u0131s mesaj\u0131","datePublished":"2026-04-30T12:24:59+00:00","mainEntityOfPage":{"@id":"https:\/\/kibrisdakik.com\/?p=111582"},"wordCount":305,"commentCount":0,"image":{"@id":"https:\/\/kibrisdakik.com\/?p=111582#primaryimage"},"thumbnailUrl":"https:\/\/kibrisdakik.com\/wp-content\/uploads\/2026\/04\/mha-sari-beyaz-5079.png","articleSection":["K\u0131br\u0131s"],"inLanguage":"tr","potentialAction":[{"@type":"CommentAction","name":"Comment","target":["https:\/\/kibrisdakik.com\/?p=111582#respond"]}]},{"@type":"WebPage","@id":"https:\/\/kibrisdakik.com\/?p=111582","url":"https:\/\/kibrisdakik.com\/?p=111582","name":"Ba\u015fkan Sad\u0131ko\u011flu\u2019ndan 1 May\u0131s mesaj\u0131 -","isPartOf":{"@id":"https:\/\/kibrisdakik.com\/#website"},"primaryImageOfPage":{"@id":"https:\/\/kibrisdakik.com\/?p=111582#primaryimage"},"image":{"@id":"https:\/\/kibrisdakik.com\/?p=111582#primaryimage"},"thumbnailUrl":"https:\/\/kibrisdakik.com\/wp-content\/uploads\/2026\/04\/mha-sari-beyaz-5079.png","datePublished":"2026-04-30T12:24:59+00:00","author":{"@id":"https:\/\/kibrisdakik.com\/#\/schema\/person\/9cd9d437bbb44f72b73ba127e06d8e79"},"breadcrumb":{"@id":"https:\/\/kibrisdakik.com\/?p=111582#breadcrumb"},"inLanguage":"tr","potentialAction":[{"@type":"ReadAction","target":["https:\/\/kibrisdakik.com\/?p=111582"]}]},{"@type":"ImageObject","inLanguage":"tr","@id":"https:\/\/kibrisdakik.com\/?p=111582#primaryimage","url":"https:\/\/kibrisdakik.com\/wp-content\/uploads\/2026\/04\/mha-sari-beyaz-5079.png","contentUrl":"https:\/\/kibrisdakik.com\/wp-content\/uploads\/2026\/04\/mha-sari-beyaz-5079.png","width":1280,"height":720},{"@type":"BreadcrumbList","@id":"https:\/\/kibrisdakik.com\/?p=111582#breadcrumb","itemListElement":[{"@type":"ListItem","position":1,"name":"Home","item":"https:\/\/kibrisdakik.com\/"},{"@type":"ListItem","position":2,"name":"Ba\u015fkan Sad\u0131ko\u011flu\u2019ndan 1 May\u0131s mesaj\u0131"}]},{"@type":"WebSite","@id":"https:\/\/kibrisdakik.com\/#website","url":"https:\/\/kibrisdakik.com\/","name":"","description":"Tam vaktinde haber","potentialAction":[{"@type":"SearchAction","target":{"@type":"EntryPoint","urlTemplate":"https:\/\/kibrisdakik.com\/?s={search_term_string}"},"query-input":{"@type":"PropertyValueSpecification","valueRequired":true,"valueName":"search_term_string"}}],"inLanguage":"tr"},{"@type":"Person","@id":"https:\/\/kibrisdakik.com\/#\/schema\/person\/9cd9d437bbb44f72b73ba127e06d8e79","name":"admin","image":{"@type":"ImageObject","inLanguage":"tr","@id":"https:\/\/secure.gravatar.com\/avatar\/ccc17943b9d660506c869530f897617f7cb1c21a4bf30023f252596d83e1f007?s=96&d=mm&r=g","url":"https:\/\/secure.gravatar.com\/avatar\/ccc17943b9d660506c869530f897617f7cb1c21a4bf30023f252596d83e1f007?s=96&d=mm&r=g","contentUrl":"https:\/\/secure.gravatar.com\/avatar\/ccc17943b9d660506c869530f897617f7cb1c21a4bf30023f252596d83e1f007?s=96&d=mm&r=g","caption":"admin"},"sameAs":["https:\/\/kibrisdakik.com"],"url":"https:\/\/kibrisdakik.com\/?author=1"}]}},"_links":{"self":[{"href":"https:\/\/kibrisdakik.com\/index.php?rest_route=\/wp\/v2\/posts\/111582","targetHints":{"allow":["GET"]}}],"collection":[{"href":"https:\/\/kibrisdakik.com\/index.php?rest_route=\/wp\/v2\/posts"}],"about":[{"href":"https:\/\/kibrisdakik.com\/index.php?rest_route=\/wp\/v2\/types\/post"}],"author":[{"embeddable":true,"href":"https:\/\/kibrisdakik.com\/index.php?rest_route=\/wp\/v2\/users\/1"}],"replies":[{"embeddable":true,"href":"https:\/\/kibrisdakik.com\/index.php?rest_route=%2Fwp%2Fv2%2Fcomments&post=111582"}],"version-history":[{"count":0,"href":"https:\/\/kibrisdakik.com\/index.php?rest_route=\/wp\/v2\/posts\/111582\/revisions"}],"wp:featuredmedia":[{"embeddable":true,"href":"https:\/\/kibrisdakik.com\/index.php?rest_route=\/wp\/v2\/media\/111583"}],"wp:attachment":[{"href":"https:\/\/kibrisdakik.com\/index.php?rest_route=%2Fwp%2Fv2%2Fmedia&parent=111582"}],"wp:term":[{"taxonomy":"category","embeddable":true,"href":"https:\/\/kibrisdakik.com\/index.php?rest_route=%2Fwp%2Fv2%2Fcategories&post=111582"},{"taxonomy":"post_tag","embeddable":true,"href":"https:\/\/kibrisdakik.com\/index.php?rest_route=%2Fwp%2Fv2%2Ftags&post=111582"}],"curies":[{"name":"wp","href":"https:\/\/api.w.org\/{rel}","templated":true}]}}