{"id":111659,"date":"2026-05-01T10:43:14","date_gmt":"2026-05-01T07:43:14","guid":{"rendered":"https:\/\/kibrisdakik.com\/?p=111659"},"modified":"2026-05-01T10:43:14","modified_gmt":"2026-05-01T07:43:14","slug":"lefkosada-1-mayis-kortejleri-ara-bolgede-bulusuyor","status":"publish","type":"post","link":"https:\/\/kibrisdakik.com\/?p=111659","title":{"rendered":"LEFKO\u015eA\u2019DA 1 MAYIS KORTEJLER\u0130 ARA B\u00d6LGEDE BULU\u015eUYOR"},"content":{"rendered":"<p><\/p>\n<div data-text-id=\"201097\" property=\"articleBody\">\n<p>1 May\u0131s Eemek ve Dayan\u0131\u015fma G\u00fcn\u00fc dolay\u0131s\u0131yla bug\u00fcn etkinlik d\u00fczenlenecek.<\/p>\n<p>Ara b\u00f6lgede d\u00fczenlenecek iki toplumlu etkinli\u011fe, Kuzey\u2019den kat\u0131lacaklar saat 17.30\u2019da Lefko\u015fa Ku\u011fulu Park\u2019ta toplanarak kortej halinde ara b\u00f6lgeye gidecek.<\/p>\n<p>G\u00fcney\u2019den kat\u0131lacaklar ise saat 17.00\u2019de Eleftheria Meydan\u0131\u2019nda toplanacak. Konu\u015fmalar\u0131n\u0131n ard\u0131ndan ara b\u00f6lgeye y\u00fcr\u00fcy\u00fc\u015f yap\u0131lacak.<\/p>\n<p>Ara b\u00f6lgedeki ortak etkinlikte ortak a\u00e7\u0131klama okunacak, D\u00fcnya Sendikalar Federasyonu Genel Sekreteri selamlama konu\u015fmas\u0131 yapacak.<\/p>\n<p>Program, saat 18.45\u2019te \u201cSongs for Peace\u201d ba\u015fl\u0131kl\u0131 sanat program\u0131yla devam edecek. Etkinlikte Anna Chrysanthou, Freideriki Tompazou, Giorgos Kalogirou, \u0130zel Seylani, Niyal \u00d6zt\u00fcrk ve Umut Albayrak sahne alacak. M\u00fczik direkt\u00f6rl\u00fc\u011f\u00fcn\u00fc Giorgos Kalogirou \u00fcstlenecek.<\/p>\n<\/p><\/div>\n","protected":false},"excerpt":{"rendered":"<p>1 May\u0131s Eemek ve Dayan\u0131\u015fma G\u00fcn\u00fc dolay\u0131s\u0131yla bug\u00fcn etkinlik d\u00fczenlenecek. Ara b\u00f6lgede d\u00fczenlenecek iki toplumlu etkinli\u011fe, Kuzey\u2019den kat\u0131lacaklar saat 17.30\u2019da Lefko\u015fa Ku\u011fulu Park\u2019ta toplanarak kortej halinde ara b\u00f6lgeye gidecek. G\u00fcney\u2019den kat\u0131lacaklar ise saat 17.00\u2019de Eleftheria Meydan\u0131\u2019nda toplanacak. Konu\u015fmalar\u0131n\u0131n ard\u0131ndan ara b\u00f6lgeye y\u00fcr\u00fcy\u00fc\u015f yap\u0131lacak. Ara b\u00f6lgedeki ortak etkinlikte ortak a\u00e7\u0131klama okunacak, D\u00fcnya Sendikalar Federasyonu Genel Sekreteri<\/p>\n","protected":false},"author":1,"featured_media":111660,"comment_status":"open","ping_status":"open","sticky":false,"template":"","format":"standard","meta":{"footnotes":""},"categories":[81],"tags":[],"class_list":["post-111659","post","type-post","status-publish","format-standard","has-post-thumbnail","hentry","category-kibris"],"yoast_head":"<!-- This site is optimized with the Yoast SEO plugin v27.5 - https:\/\/yoast.com\/product\/yoast-seo-wordpress\/ -->\n<title>LEFKO\u015eA\u2019DA 1 MAYIS KORTEJLER\u0130 ARA B\u00d6LGEDE BULU\u015eUYOR -<\/title>\n<meta name=\"robots\" content=\"index, follow, max-snippet:-1, max-image-preview:large, max-video-preview:-1\" \/>\n<link rel=\"canonical\" href=\"https:\/\/kibrisdakik.com\/?p=111659\" \/>\n<meta property=\"og:locale\" content=\"tr_TR\" \/>\n<meta property=\"og:type\" content=\"article\" \/>\n<meta property=\"og:title\" content=\"LEFKO\u015eA\u2019DA 1 MAYIS KORTEJLER\u0130 ARA B\u00d6LGEDE BULU\u015eUYOR -\" \/>\n<meta property=\"og:description\" content=\"1 May\u0131s Eemek ve Dayan\u0131\u015fma G\u00fcn\u00fc dolay\u0131s\u0131yla bug\u00fcn etkinlik d\u00fczenlenecek. Ara b\u00f6lgede d\u00fczenlenecek iki toplumlu etkinli\u011fe, Kuzey\u2019den kat\u0131lacaklar saat 17.30\u2019da Lefko\u015fa Ku\u011fulu Park\u2019ta toplanarak kortej halinde ara b\u00f6lgeye gidecek. G\u00fcney\u2019den kat\u0131lacaklar ise saat 17.00\u2019de Eleftheria Meydan\u0131\u2019nda toplanacak. Konu\u015fmalar\u0131n\u0131n ard\u0131ndan ara b\u00f6lgeye y\u00fcr\u00fcy\u00fc\u015f yap\u0131lacak. Ara b\u00f6lgedeki ortak etkinlikte ortak a\u00e7\u0131klama okunacak, D\u00fcnya Sendikalar Federasyonu Genel Sekreteri\" \/>\n<meta property=\"og:url\" content=\"https:\/\/kibrisdakik.com\/?p=111659\" \/>\n<meta property=\"article:published_time\" content=\"2026-05-01T07:43:14+00:00\" \/>\n<meta property=\"og:image\" content=\"https:\/\/mhahabercom.teimg.com\/crop\/1280x720\/mhahaber-com\/uploads\/2026\/05\/mha-sari-beyaz-kurtarildi-41.png\" \/>\n<meta name=\"author\" content=\"admin\" \/>\n<meta name=\"twitter:card\" content=\"summary_large_image\" \/>\n<meta name=\"twitter:label1\" content=\"Yazan:\" \/>\n\t<meta name=\"twitter:data1\" content=\"admin\" \/>\n\t<meta name=\"twitter:label2\" content=\"Tahmini okuma s\u00fcresi\" \/>\n\t<meta name=\"twitter:data2\" content=\"1 dakika\" \/>\n<script type=\"application\/ld+json\" class=\"yoast-schema-graph\">{\"@context\":\"https:\\\/\\\/schema.org\",\"@graph\":[{\"@type\":\"Article\",\"@id\":\"https:\\\/\\\/kibrisdakik.com\\\/?p=111659#article\",\"isPartOf\":{\"@id\":\"https:\\\/\\\/kibrisdakik.com\\\/?p=111659\"},\"author\":{\"name\":\"admin\",\"@id\":\"https:\\\/\\\/kibrisdakik.com\\\/#\\\/schema\\\/person\\\/9cd9d437bbb44f72b73ba127e06d8e79\"},\"headline\":\"LEFKO\u015eA\u2019DA 1 MAYIS KORTEJLER\u0130 ARA B\u00d6LGEDE BULU\u015eUYOR\",\"datePublished\":\"2026-05-01T07:43:14+00:00\",\"mainEntityOfPage\":{\"@id\":\"https:\\\/\\\/kibrisdakik.com\\\/?p=111659\"},\"wordCount\":138,\"commentCount\":0,\"image\":{\"@id\":\"https:\\\/\\\/kibrisdakik.com\\\/?p=111659#primaryimage\"},\"thumbnailUrl\":\"https:\\\/\\\/kibrisdakik.com\\\/wp-content\\\/uploads\\\/2026\\\/05\\\/mha-sari-beyaz-kurtarildi-41.png\",\"articleSection\":[\"K\u0131br\u0131s\"],\"inLanguage\":\"tr\",\"potentialAction\":[{\"@type\":\"CommentAction\",\"name\":\"Comment\",\"target\":[\"https:\\\/\\\/kibrisdakik.com\\\/?p=111659#respond\"]}]},{\"@type\":\"WebPage\",\"@id\":\"https:\\\/\\\/kibrisdakik.com\\\/?p=111659\",\"url\":\"https:\\\/\\\/kibrisdakik.com\\\/?p=111659\",\"name\":\"LEFKO\u015eA\u2019DA 1 MAYIS KORTEJLER\u0130 ARA B\u00d6LGEDE BULU\u015eUYOR -\",\"isPartOf\":{\"@id\":\"https:\\\/\\\/kibrisdakik.com\\\/#website\"},\"primaryImageOfPage\":{\"@id\":\"https:\\\/\\\/kibrisdakik.com\\\/?p=111659#primaryimage\"},\"image\":{\"@id\":\"https:\\\/\\\/kibrisdakik.com\\\/?p=111659#primaryimage\"},\"thumbnailUrl\":\"https:\\\/\\\/kibrisdakik.com\\\/wp-content\\\/uploads\\\/2026\\\/05\\\/mha-sari-beyaz-kurtarildi-41.png\",\"datePublished\":\"2026-05-01T07:43:14+00:00\",\"author\":{\"@id\":\"https:\\\/\\\/kibrisdakik.com\\\/#\\\/schema\\\/person\\\/9cd9d437bbb44f72b73ba127e06d8e79\"},\"breadcrumb\":{\"@id\":\"https:\\\/\\\/kibrisdakik.com\\\/?p=111659#breadcrumb\"},\"inLanguage\":\"tr\",\"potentialAction\":[{\"@type\":\"ReadAction\",\"target\":[\"https:\\\/\\\/kibrisdakik.com\\\/?p=111659\"]}]},{\"@type\":\"ImageObject\",\"inLanguage\":\"tr\",\"@id\":\"https:\\\/\\\/kibrisdakik.com\\\/?p=111659#primaryimage\",\"url\":\"https:\\\/\\\/kibrisdakik.com\\\/wp-content\\\/uploads\\\/2026\\\/05\\\/mha-sari-beyaz-kurtarildi-41.png\",\"contentUrl\":\"https:\\\/\\\/kibrisdakik.com\\\/wp-content\\\/uploads\\\/2026\\\/05\\\/mha-sari-beyaz-kurtarildi-41.png\",\"width\":1280,\"height\":720},{\"@type\":\"BreadcrumbList\",\"@id\":\"https:\\\/\\\/kibrisdakik.com\\\/?p=111659#breadcrumb\",\"itemListElement\":[{\"@type\":\"ListItem\",\"position\":1,\"name\":\"Home\",\"item\":\"https:\\\/\\\/kibrisdakik.com\\\/\"},{\"@type\":\"ListItem\",\"position\":2,\"name\":\"LEFKO\u015eA\u2019DA 1 MAYIS KORTEJLER\u0130 ARA B\u00d6LGEDE BULU\u015eUYOR\"}]},{\"@type\":\"WebSite\",\"@id\":\"https:\\\/\\\/kibrisdakik.com\\\/#website\",\"url\":\"https:\\\/\\\/kibrisdakik.com\\\/\",\"name\":\"\",\"description\":\"Tam vaktinde haber\",\"potentialAction\":[{\"@type\":\"SearchAction\",\"target\":{\"@type\":\"EntryPoint\",\"urlTemplate\":\"https:\\\/\\\/kibrisdakik.com\\\/?s={search_term_string}\"},\"query-input\":{\"@type\":\"PropertyValueSpecification\",\"valueRequired\":true,\"valueName\":\"search_term_string\"}}],\"inLanguage\":\"tr\"},{\"@type\":\"Person\",\"@id\":\"https:\\\/\\\/kibrisdakik.com\\\/#\\\/schema\\\/person\\\/9cd9d437bbb44f72b73ba127e06d8e79\",\"name\":\"admin\",\"image\":{\"@type\":\"ImageObject\",\"inLanguage\":\"tr\",\"@id\":\"https:\\\/\\\/secure.gravatar.com\\\/avatar\\\/ccc17943b9d660506c869530f897617f7cb1c21a4bf30023f252596d83e1f007?s=96&d=mm&r=g\",\"url\":\"https:\\\/\\\/secure.gravatar.com\\\/avatar\\\/ccc17943b9d660506c869530f897617f7cb1c21a4bf30023f252596d83e1f007?s=96&d=mm&r=g\",\"contentUrl\":\"https:\\\/\\\/secure.gravatar.com\\\/avatar\\\/ccc17943b9d660506c869530f897617f7cb1c21a4bf30023f252596d83e1f007?s=96&d=mm&r=g\",\"caption\":\"admin\"},\"sameAs\":[\"https:\\\/\\\/kibrisdakik.com\"],\"url\":\"https:\\\/\\\/kibrisdakik.com\\\/?author=1\"}]}<\/script>\n<!-- \/ Yoast SEO plugin. -->","yoast_head_json":{"title":"LEFKO\u015eA\u2019DA 1 MAYIS KORTEJLER\u0130 ARA B\u00d6LGEDE BULU\u015eUYOR -","robots":{"index":"index","follow":"follow","max-snippet":"max-snippet:-1","max-image-preview":"max-image-preview:large","max-video-preview":"max-video-preview:-1"},"canonical":"https:\/\/kibrisdakik.com\/?p=111659","og_locale":"tr_TR","og_type":"article","og_title":"LEFKO\u015eA\u2019DA 1 MAYIS KORTEJLER\u0130 ARA B\u00d6LGEDE BULU\u015eUYOR -","og_description":"1 May\u0131s Eemek ve Dayan\u0131\u015fma G\u00fcn\u00fc dolay\u0131s\u0131yla bug\u00fcn etkinlik d\u00fczenlenecek. Ara b\u00f6lgede d\u00fczenlenecek iki toplumlu etkinli\u011fe, Kuzey\u2019den kat\u0131lacaklar saat 17.30\u2019da Lefko\u015fa Ku\u011fulu Park\u2019ta toplanarak kortej halinde ara b\u00f6lgeye gidecek. G\u00fcney\u2019den kat\u0131lacaklar ise saat 17.00\u2019de Eleftheria Meydan\u0131\u2019nda toplanacak. Konu\u015fmalar\u0131n\u0131n ard\u0131ndan ara b\u00f6lgeye y\u00fcr\u00fcy\u00fc\u015f yap\u0131lacak. Ara b\u00f6lgedeki ortak etkinlikte ortak a\u00e7\u0131klama okunacak, D\u00fcnya Sendikalar Federasyonu Genel Sekreteri","og_url":"https:\/\/kibrisdakik.com\/?p=111659","article_published_time":"2026-05-01T07:43:14+00:00","og_image":[{"url":"https:\/\/mhahabercom.teimg.com\/crop\/1280x720\/mhahaber-com\/uploads\/2026\/05\/mha-sari-beyaz-kurtarildi-41.png","type":"","width":"","height":""}],"author":"admin","twitter_card":"summary_large_image","twitter_misc":{"Yazan:":"admin","Tahmini okuma s\u00fcresi":"1 dakika"},"schema":{"@context":"https:\/\/schema.org","@graph":[{"@type":"Article","@id":"https:\/\/kibrisdakik.com\/?p=111659#article","isPartOf":{"@id":"https:\/\/kibrisdakik.com\/?p=111659"},"author":{"name":"admin","@id":"https:\/\/kibrisdakik.com\/#\/schema\/person\/9cd9d437bbb44f72b73ba127e06d8e79"},"headline":"LEFKO\u015eA\u2019DA 1 MAYIS KORTEJLER\u0130 ARA B\u00d6LGEDE BULU\u015eUYOR","datePublished":"2026-05-01T07:43:14+00:00","mainEntityOfPage":{"@id":"https:\/\/kibrisdakik.com\/?p=111659"},"wordCount":138,"commentCount":0,"image":{"@id":"https:\/\/kibrisdakik.com\/?p=111659#primaryimage"},"thumbnailUrl":"https:\/\/kibrisdakik.com\/wp-content\/uploads\/2026\/05\/mha-sari-beyaz-kurtarildi-41.png","articleSection":["K\u0131br\u0131s"],"inLanguage":"tr","potentialAction":[{"@type":"CommentAction","name":"Comment","target":["https:\/\/kibrisdakik.com\/?p=111659#respond"]}]},{"@type":"WebPage","@id":"https:\/\/kibrisdakik.com\/?p=111659","url":"https:\/\/kibrisdakik.com\/?p=111659","name":"LEFKO\u015eA\u2019DA 1 MAYIS KORTEJLER\u0130 ARA B\u00d6LGEDE BULU\u015eUYOR -","isPartOf":{"@id":"https:\/\/kibrisdakik.com\/#website"},"primaryImageOfPage":{"@id":"https:\/\/kibrisdakik.com\/?p=111659#primaryimage"},"image":{"@id":"https:\/\/kibrisdakik.com\/?p=111659#primaryimage"},"thumbnailUrl":"https:\/\/kibrisdakik.com\/wp-content\/uploads\/2026\/05\/mha-sari-beyaz-kurtarildi-41.png","datePublished":"2026-05-01T07:43:14+00:00","author":{"@id":"https:\/\/kibrisdakik.com\/#\/schema\/person\/9cd9d437bbb44f72b73ba127e06d8e79"},"breadcrumb":{"@id":"https:\/\/kibrisdakik.com\/?p=111659#breadcrumb"},"inLanguage":"tr","potentialAction":[{"@type":"ReadAction","target":["https:\/\/kibrisdakik.com\/?p=111659"]}]},{"@type":"ImageObject","inLanguage":"tr","@id":"https:\/\/kibrisdakik.com\/?p=111659#primaryimage","url":"https:\/\/kibrisdakik.com\/wp-content\/uploads\/2026\/05\/mha-sari-beyaz-kurtarildi-41.png","contentUrl":"https:\/\/kibrisdakik.com\/wp-content\/uploads\/2026\/05\/mha-sari-beyaz-kurtarildi-41.png","width":1280,"height":720},{"@type":"BreadcrumbList","@id":"https:\/\/kibrisdakik.com\/?p=111659#breadcrumb","itemListElement":[{"@type":"ListItem","position":1,"name":"Home","item":"https:\/\/kibrisdakik.com\/"},{"@type":"ListItem","position":2,"name":"LEFKO\u015eA\u2019DA 1 MAYIS KORTEJLER\u0130 ARA B\u00d6LGEDE BULU\u015eUYOR"}]},{"@type":"WebSite","@id":"https:\/\/kibrisdakik.com\/#website","url":"https:\/\/kibrisdakik.com\/","name":"","description":"Tam vaktinde haber","potentialAction":[{"@type":"SearchAction","target":{"@type":"EntryPoint","urlTemplate":"https:\/\/kibrisdakik.com\/?s={search_term_string}"},"query-input":{"@type":"PropertyValueSpecification","valueRequired":true,"valueName":"search_term_string"}}],"inLanguage":"tr"},{"@type":"Person","@id":"https:\/\/kibrisdakik.com\/#\/schema\/person\/9cd9d437bbb44f72b73ba127e06d8e79","name":"admin","image":{"@type":"ImageObject","inLanguage":"tr","@id":"https:\/\/secure.gravatar.com\/avatar\/ccc17943b9d660506c869530f897617f7cb1c21a4bf30023f252596d83e1f007?s=96&d=mm&r=g","url":"https:\/\/secure.gravatar.com\/avatar\/ccc17943b9d660506c869530f897617f7cb1c21a4bf30023f252596d83e1f007?s=96&d=mm&r=g","contentUrl":"https:\/\/secure.gravatar.com\/avatar\/ccc17943b9d660506c869530f897617f7cb1c21a4bf30023f252596d83e1f007?s=96&d=mm&r=g","caption":"admin"},"sameAs":["https:\/\/kibrisdakik.com"],"url":"https:\/\/kibrisdakik.com\/?author=1"}]}},"_links":{"self":[{"href":"https:\/\/kibrisdakik.com\/index.php?rest_route=\/wp\/v2\/posts\/111659","targetHints":{"allow":["GET"]}}],"collection":[{"href":"https:\/\/kibrisdakik.com\/index.php?rest_route=\/wp\/v2\/posts"}],"about":[{"href":"https:\/\/kibrisdakik.com\/index.php?rest_route=\/wp\/v2\/types\/post"}],"author":[{"embeddable":true,"href":"https:\/\/kibrisdakik.com\/index.php?rest_route=\/wp\/v2\/users\/1"}],"replies":[{"embeddable":true,"href":"https:\/\/kibrisdakik.com\/index.php?rest_route=%2Fwp%2Fv2%2Fcomments&post=111659"}],"version-history":[{"count":0,"href":"https:\/\/kibrisdakik.com\/index.php?rest_route=\/wp\/v2\/posts\/111659\/revisions"}],"wp:featuredmedia":[{"embeddable":true,"href":"https:\/\/kibrisdakik.com\/index.php?rest_route=\/wp\/v2\/media\/111660"}],"wp:attachment":[{"href":"https:\/\/kibrisdakik.com\/index.php?rest_route=%2Fwp%2Fv2%2Fmedia&parent=111659"}],"wp:term":[{"taxonomy":"category","embeddable":true,"href":"https:\/\/kibrisdakik.com\/index.php?rest_route=%2Fwp%2Fv2%2Fcategories&post=111659"},{"taxonomy":"post_tag","embeddable":true,"href":"https:\/\/kibrisdakik.com\/index.php?rest_route=%2Fwp%2Fv2%2Ftags&post=111659"}],"curies":[{"name":"wp","href":"https:\/\/api.w.org\/{rel}","templated":true}]}}