{"id":111685,"date":"2026-05-01T15:53:39","date_gmt":"2026-05-01T12:53:39","guid":{"rendered":"https:\/\/kibrisdakik.com\/?p=111685"},"modified":"2026-05-01T15:53:39","modified_gmt":"2026-05-01T12:53:39","slug":"yarindan-itibaren-sali-gunune-kadar-yagmur-bekleniyor","status":"publish","type":"post","link":"https:\/\/kibrisdakik.com\/?p=111685","title":{"rendered":"YARINDAN \u0130T\u0130BAREN SALI G\u00dcN\u00dcNE KADAR YA\u011eMUR BEKLEN\u0130YOR"},"content":{"rendered":"<p><\/p>\n<div data-text-id=\"201122\" property=\"articleBody\">\n<p>Meteoroloji Dairesi yar\u0131ndan itibaren sal\u0131 g\u00fcn\u00fcne kadar ya\u011fmur beklendi\u011fini; sal\u0131ya kadar \u015fiddetli ve g\u00f6k g\u00fcr\u00fclt\u00fcl\u00fc olacak ya\u011fmurun sal\u0131 g\u00fcn\u00fc daha hafif olaca\u011f\u0131n\u0131 duyurdu.<\/p>\n<p>Meteoroloji Dairesi&#8217;nin 2-8 May\u0131s tarihlerini kapsayan hava tahmin raporuna g\u00f6re, en y\u00fcksek hava s\u0131cakl\u0131\u011f\u0131 i\u00e7 kesimlerde periyodun ilk yar\u0131s\u0131nda 21-24; ikici yar\u0131s\u0131nda 27-30 derece; sahillerde ise periyot boyunca 21-24 derece dolaylar\u0131nda seyredecek.<\/p>\n<p><a name=\"_Hlk221613632\">R\u00fczg\u00e2r\u0131n g<\/a>enellikle periyodun ilk yar\u0131s\u0131nda g\u00fcney ve bat\u0131, ikinci yar\u0131s\u0131nda ise kuzey ve bat\u0131 y\u00f6nlerden orta kuvvette ya\u011f\u0131\u015f an\u0131nda yer yer kuvvetli, pazar ve pazartesi g\u00fcnleri ise f\u0131rt\u0131na \u015feklinde esmesi bekleniyor.<\/p>\n<p>B\u00f6lge periyodun ilk yar\u0131s\u0131nda al\u00e7ak bas\u0131n\u00e7 sistemi ile \u00fcst atmosferdeki so\u011fuk ve nemli; ikinci yar\u0131s\u0131nda y\u00fcksek bas\u0131n\u00e7 sistemi ile \u0131l\u0131k ve nispeten nemli hava k\u00fctlesinin etkisi alt\u0131nda kalacak.<\/p>\n<p>Hava yar\u0131n par\u00e7al\u0131, \u00e7ok bulutlu, ak\u015fam saatlerinden itibaren yer yer sa\u011fanak veya g\u00f6k g\u00fcr\u00fclt\u00fcl\u00fc sa\u011fanak ya\u011f\u0131\u015fl\u0131, sabah saatleri yer yer sisli; pazar ve pazartesi par\u00e7al\u0131 ve \u00e7ok bulutlu yer yer sa\u011fanak veya g\u00f6k g\u00fcr\u00fclt\u00fcl\u00fc sa\u011fanak ya\u011f\u0131\u015fl\u0131; sal\u0131 az bulutlu \u00f6\u011fle saatleri par\u00e7al\u0131 bulutlu yer yer hafif sa\u011fanak ya\u011f\u0131\u015fl\u0131; \u00e7ar\u015famba, per\u015fembe ve cuma ise a\u00e7\u0131k ve az bulutlu ge\u00e7ecek.<\/p>\n<\/p><\/div>\n","protected":false},"excerpt":{"rendered":"<p>Meteoroloji Dairesi yar\u0131ndan itibaren sal\u0131 g\u00fcn\u00fcne kadar ya\u011fmur beklendi\u011fini; sal\u0131ya kadar \u015fiddetli ve g\u00f6k g\u00fcr\u00fclt\u00fcl\u00fc olacak ya\u011fmurun sal\u0131 g\u00fcn\u00fc daha hafif olaca\u011f\u0131n\u0131 duyurdu. Meteoroloji Dairesi&#8217;nin 2-8 May\u0131s tarihlerini kapsayan hava tahmin raporuna g\u00f6re, en y\u00fcksek hava s\u0131cakl\u0131\u011f\u0131 i\u00e7 kesimlerde periyodun ilk yar\u0131s\u0131nda 21-24; ikici yar\u0131s\u0131nda 27-30 derece; sahillerde ise periyot boyunca 21-24 derece dolaylar\u0131nda seyredecek.<\/p>\n","protected":false},"author":1,"featured_media":96655,"comment_status":"open","ping_status":"open","sticky":false,"template":"","format":"standard","meta":{"footnotes":""},"categories":[81],"tags":[],"class_list":["post-111685","post","type-post","status-publish","format-standard","has-post-thumbnail","hentry","category-kibris"],"yoast_head":"<!-- This site is optimized with the Yoast SEO plugin v27.5 - https:\/\/yoast.com\/product\/yoast-seo-wordpress\/ -->\n<title>YARINDAN \u0130T\u0130BAREN SALI G\u00dcN\u00dcNE KADAR YA\u011eMUR BEKLEN\u0130YOR -<\/title>\n<meta name=\"robots\" content=\"index, follow, max-snippet:-1, max-image-preview:large, max-video-preview:-1\" \/>\n<link rel=\"canonical\" href=\"https:\/\/kibrisdakik.com\/?p=111685\" \/>\n<meta property=\"og:locale\" content=\"tr_TR\" \/>\n<meta property=\"og:type\" content=\"article\" \/>\n<meta property=\"og:title\" content=\"YARINDAN \u0130T\u0130BAREN SALI G\u00dcN\u00dcNE KADAR YA\u011eMUR BEKLEN\u0130YOR -\" \/>\n<meta property=\"og:description\" content=\"Meteoroloji Dairesi yar\u0131ndan itibaren sal\u0131 g\u00fcn\u00fcne kadar ya\u011fmur beklendi\u011fini; sal\u0131ya kadar \u015fiddetli ve g\u00f6k g\u00fcr\u00fclt\u00fcl\u00fc olacak ya\u011fmurun sal\u0131 g\u00fcn\u00fc daha hafif olaca\u011f\u0131n\u0131 duyurdu. Meteoroloji Dairesi&#8217;nin 2-8 May\u0131s tarihlerini kapsayan hava tahmin raporuna g\u00f6re, en y\u00fcksek hava s\u0131cakl\u0131\u011f\u0131 i\u00e7 kesimlerde periyodun ilk yar\u0131s\u0131nda 21-24; ikici yar\u0131s\u0131nda 27-30 derece; sahillerde ise periyot boyunca 21-24 derece dolaylar\u0131nda seyredecek.\" \/>\n<meta property=\"og:url\" content=\"https:\/\/kibrisdakik.com\/?p=111685\" \/>\n<meta property=\"article:published_time\" content=\"2026-05-01T12:53:39+00:00\" \/>\n<meta property=\"og:image\" content=\"https:\/\/mhahabercom.teimg.com\/crop\/1280x720\/mhahaber-com\/uploads\/2024\/12\/mansetler\/mhafoto-15.png\" \/>\n<meta name=\"author\" content=\"admin\" \/>\n<meta name=\"twitter:card\" content=\"summary_large_image\" \/>\n<meta name=\"twitter:label1\" content=\"Yazan:\" \/>\n\t<meta name=\"twitter:data1\" content=\"admin\" \/>\n\t<meta name=\"twitter:label2\" content=\"Tahmini okuma s\u00fcresi\" \/>\n\t<meta name=\"twitter:data2\" content=\"1 dakika\" \/>\n<script type=\"application\/ld+json\" class=\"yoast-schema-graph\">{\"@context\":\"https:\\\/\\\/schema.org\",\"@graph\":[{\"@type\":\"Article\",\"@id\":\"https:\\\/\\\/kibrisdakik.com\\\/?p=111685#article\",\"isPartOf\":{\"@id\":\"https:\\\/\\\/kibrisdakik.com\\\/?p=111685\"},\"author\":{\"name\":\"admin\",\"@id\":\"https:\\\/\\\/kibrisdakik.com\\\/#\\\/schema\\\/person\\\/9cd9d437bbb44f72b73ba127e06d8e79\"},\"headline\":\"YARINDAN \u0130T\u0130BAREN SALI G\u00dcN\u00dcNE KADAR YA\u011eMUR BEKLEN\u0130YOR\",\"datePublished\":\"2026-05-01T12:53:39+00:00\",\"mainEntityOfPage\":{\"@id\":\"https:\\\/\\\/kibrisdakik.com\\\/?p=111685\"},\"wordCount\":257,\"commentCount\":0,\"image\":{\"@id\":\"https:\\\/\\\/kibrisdakik.com\\\/?p=111685#primaryimage\"},\"thumbnailUrl\":\"https:\\\/\\\/kibrisdakik.com\\\/wp-content\\\/uploads\\\/2025\\\/10\\\/mhafoto-15.png\",\"articleSection\":[\"K\u0131br\u0131s\"],\"inLanguage\":\"tr\",\"potentialAction\":[{\"@type\":\"CommentAction\",\"name\":\"Comment\",\"target\":[\"https:\\\/\\\/kibrisdakik.com\\\/?p=111685#respond\"]}]},{\"@type\":\"WebPage\",\"@id\":\"https:\\\/\\\/kibrisdakik.com\\\/?p=111685\",\"url\":\"https:\\\/\\\/kibrisdakik.com\\\/?p=111685\",\"name\":\"YARINDAN \u0130T\u0130BAREN SALI G\u00dcN\u00dcNE KADAR YA\u011eMUR BEKLEN\u0130YOR -\",\"isPartOf\":{\"@id\":\"https:\\\/\\\/kibrisdakik.com\\\/#website\"},\"primaryImageOfPage\":{\"@id\":\"https:\\\/\\\/kibrisdakik.com\\\/?p=111685#primaryimage\"},\"image\":{\"@id\":\"https:\\\/\\\/kibrisdakik.com\\\/?p=111685#primaryimage\"},\"thumbnailUrl\":\"https:\\\/\\\/kibrisdakik.com\\\/wp-content\\\/uploads\\\/2025\\\/10\\\/mhafoto-15.png\",\"datePublished\":\"2026-05-01T12:53:39+00:00\",\"author\":{\"@id\":\"https:\\\/\\\/kibrisdakik.com\\\/#\\\/schema\\\/person\\\/9cd9d437bbb44f72b73ba127e06d8e79\"},\"breadcrumb\":{\"@id\":\"https:\\\/\\\/kibrisdakik.com\\\/?p=111685#breadcrumb\"},\"inLanguage\":\"tr\",\"potentialAction\":[{\"@type\":\"ReadAction\",\"target\":[\"https:\\\/\\\/kibrisdakik.com\\\/?p=111685\"]}]},{\"@type\":\"ImageObject\",\"inLanguage\":\"tr\",\"@id\":\"https:\\\/\\\/kibrisdakik.com\\\/?p=111685#primaryimage\",\"url\":\"https:\\\/\\\/kibrisdakik.com\\\/wp-content\\\/uploads\\\/2025\\\/10\\\/mhafoto-15.png\",\"contentUrl\":\"https:\\\/\\\/kibrisdakik.com\\\/wp-content\\\/uploads\\\/2025\\\/10\\\/mhafoto-15.png\",\"width\":1280,\"height\":720},{\"@type\":\"BreadcrumbList\",\"@id\":\"https:\\\/\\\/kibrisdakik.com\\\/?p=111685#breadcrumb\",\"itemListElement\":[{\"@type\":\"ListItem\",\"position\":1,\"name\":\"Home\",\"item\":\"https:\\\/\\\/kibrisdakik.com\\\/\"},{\"@type\":\"ListItem\",\"position\":2,\"name\":\"YARINDAN \u0130T\u0130BAREN SALI G\u00dcN\u00dcNE KADAR YA\u011eMUR BEKLEN\u0130YOR\"}]},{\"@type\":\"WebSite\",\"@id\":\"https:\\\/\\\/kibrisdakik.com\\\/#website\",\"url\":\"https:\\\/\\\/kibrisdakik.com\\\/\",\"name\":\"\",\"description\":\"Tam vaktinde haber\",\"potentialAction\":[{\"@type\":\"SearchAction\",\"target\":{\"@type\":\"EntryPoint\",\"urlTemplate\":\"https:\\\/\\\/kibrisdakik.com\\\/?s={search_term_string}\"},\"query-input\":{\"@type\":\"PropertyValueSpecification\",\"valueRequired\":true,\"valueName\":\"search_term_string\"}}],\"inLanguage\":\"tr\"},{\"@type\":\"Person\",\"@id\":\"https:\\\/\\\/kibrisdakik.com\\\/#\\\/schema\\\/person\\\/9cd9d437bbb44f72b73ba127e06d8e79\",\"name\":\"admin\",\"image\":{\"@type\":\"ImageObject\",\"inLanguage\":\"tr\",\"@id\":\"https:\\\/\\\/secure.gravatar.com\\\/avatar\\\/ccc17943b9d660506c869530f897617f7cb1c21a4bf30023f252596d83e1f007?s=96&d=mm&r=g\",\"url\":\"https:\\\/\\\/secure.gravatar.com\\\/avatar\\\/ccc17943b9d660506c869530f897617f7cb1c21a4bf30023f252596d83e1f007?s=96&d=mm&r=g\",\"contentUrl\":\"https:\\\/\\\/secure.gravatar.com\\\/avatar\\\/ccc17943b9d660506c869530f897617f7cb1c21a4bf30023f252596d83e1f007?s=96&d=mm&r=g\",\"caption\":\"admin\"},\"sameAs\":[\"https:\\\/\\\/kibrisdakik.com\"],\"url\":\"https:\\\/\\\/kibrisdakik.com\\\/?author=1\"}]}<\/script>\n<!-- \/ Yoast SEO plugin. -->","yoast_head_json":{"title":"YARINDAN \u0130T\u0130BAREN SALI G\u00dcN\u00dcNE KADAR YA\u011eMUR BEKLEN\u0130YOR -","robots":{"index":"index","follow":"follow","max-snippet":"max-snippet:-1","max-image-preview":"max-image-preview:large","max-video-preview":"max-video-preview:-1"},"canonical":"https:\/\/kibrisdakik.com\/?p=111685","og_locale":"tr_TR","og_type":"article","og_title":"YARINDAN \u0130T\u0130BAREN SALI G\u00dcN\u00dcNE KADAR YA\u011eMUR BEKLEN\u0130YOR -","og_description":"Meteoroloji Dairesi yar\u0131ndan itibaren sal\u0131 g\u00fcn\u00fcne kadar ya\u011fmur beklendi\u011fini; sal\u0131ya kadar \u015fiddetli ve g\u00f6k g\u00fcr\u00fclt\u00fcl\u00fc olacak ya\u011fmurun sal\u0131 g\u00fcn\u00fc daha hafif olaca\u011f\u0131n\u0131 duyurdu. Meteoroloji Dairesi&#8217;nin 2-8 May\u0131s tarihlerini kapsayan hava tahmin raporuna g\u00f6re, en y\u00fcksek hava s\u0131cakl\u0131\u011f\u0131 i\u00e7 kesimlerde periyodun ilk yar\u0131s\u0131nda 21-24; ikici yar\u0131s\u0131nda 27-30 derece; sahillerde ise periyot boyunca 21-24 derece dolaylar\u0131nda seyredecek.","og_url":"https:\/\/kibrisdakik.com\/?p=111685","article_published_time":"2026-05-01T12:53:39+00:00","og_image":[{"url":"https:\/\/mhahabercom.teimg.com\/crop\/1280x720\/mhahaber-com\/uploads\/2024\/12\/mansetler\/mhafoto-15.png","type":"","width":"","height":""}],"author":"admin","twitter_card":"summary_large_image","twitter_misc":{"Yazan:":"admin","Tahmini okuma s\u00fcresi":"1 dakika"},"schema":{"@context":"https:\/\/schema.org","@graph":[{"@type":"Article","@id":"https:\/\/kibrisdakik.com\/?p=111685#article","isPartOf":{"@id":"https:\/\/kibrisdakik.com\/?p=111685"},"author":{"name":"admin","@id":"https:\/\/kibrisdakik.com\/#\/schema\/person\/9cd9d437bbb44f72b73ba127e06d8e79"},"headline":"YARINDAN \u0130T\u0130BAREN SALI G\u00dcN\u00dcNE KADAR YA\u011eMUR BEKLEN\u0130YOR","datePublished":"2026-05-01T12:53:39+00:00","mainEntityOfPage":{"@id":"https:\/\/kibrisdakik.com\/?p=111685"},"wordCount":257,"commentCount":0,"image":{"@id":"https:\/\/kibrisdakik.com\/?p=111685#primaryimage"},"thumbnailUrl":"https:\/\/kibrisdakik.com\/wp-content\/uploads\/2025\/10\/mhafoto-15.png","articleSection":["K\u0131br\u0131s"],"inLanguage":"tr","potentialAction":[{"@type":"CommentAction","name":"Comment","target":["https:\/\/kibrisdakik.com\/?p=111685#respond"]}]},{"@type":"WebPage","@id":"https:\/\/kibrisdakik.com\/?p=111685","url":"https:\/\/kibrisdakik.com\/?p=111685","name":"YARINDAN \u0130T\u0130BAREN SALI G\u00dcN\u00dcNE KADAR YA\u011eMUR BEKLEN\u0130YOR -","isPartOf":{"@id":"https:\/\/kibrisdakik.com\/#website"},"primaryImageOfPage":{"@id":"https:\/\/kibrisdakik.com\/?p=111685#primaryimage"},"image":{"@id":"https:\/\/kibrisdakik.com\/?p=111685#primaryimage"},"thumbnailUrl":"https:\/\/kibrisdakik.com\/wp-content\/uploads\/2025\/10\/mhafoto-15.png","datePublished":"2026-05-01T12:53:39+00:00","author":{"@id":"https:\/\/kibrisdakik.com\/#\/schema\/person\/9cd9d437bbb44f72b73ba127e06d8e79"},"breadcrumb":{"@id":"https:\/\/kibrisdakik.com\/?p=111685#breadcrumb"},"inLanguage":"tr","potentialAction":[{"@type":"ReadAction","target":["https:\/\/kibrisdakik.com\/?p=111685"]}]},{"@type":"ImageObject","inLanguage":"tr","@id":"https:\/\/kibrisdakik.com\/?p=111685#primaryimage","url":"https:\/\/kibrisdakik.com\/wp-content\/uploads\/2025\/10\/mhafoto-15.png","contentUrl":"https:\/\/kibrisdakik.com\/wp-content\/uploads\/2025\/10\/mhafoto-15.png","width":1280,"height":720},{"@type":"BreadcrumbList","@id":"https:\/\/kibrisdakik.com\/?p=111685#breadcrumb","itemListElement":[{"@type":"ListItem","position":1,"name":"Home","item":"https:\/\/kibrisdakik.com\/"},{"@type":"ListItem","position":2,"name":"YARINDAN \u0130T\u0130BAREN SALI G\u00dcN\u00dcNE KADAR YA\u011eMUR BEKLEN\u0130YOR"}]},{"@type":"WebSite","@id":"https:\/\/kibrisdakik.com\/#website","url":"https:\/\/kibrisdakik.com\/","name":"","description":"Tam vaktinde haber","potentialAction":[{"@type":"SearchAction","target":{"@type":"EntryPoint","urlTemplate":"https:\/\/kibrisdakik.com\/?s={search_term_string}"},"query-input":{"@type":"PropertyValueSpecification","valueRequired":true,"valueName":"search_term_string"}}],"inLanguage":"tr"},{"@type":"Person","@id":"https:\/\/kibrisdakik.com\/#\/schema\/person\/9cd9d437bbb44f72b73ba127e06d8e79","name":"admin","image":{"@type":"ImageObject","inLanguage":"tr","@id":"https:\/\/secure.gravatar.com\/avatar\/ccc17943b9d660506c869530f897617f7cb1c21a4bf30023f252596d83e1f007?s=96&d=mm&r=g","url":"https:\/\/secure.gravatar.com\/avatar\/ccc17943b9d660506c869530f897617f7cb1c21a4bf30023f252596d83e1f007?s=96&d=mm&r=g","contentUrl":"https:\/\/secure.gravatar.com\/avatar\/ccc17943b9d660506c869530f897617f7cb1c21a4bf30023f252596d83e1f007?s=96&d=mm&r=g","caption":"admin"},"sameAs":["https:\/\/kibrisdakik.com"],"url":"https:\/\/kibrisdakik.com\/?author=1"}]}},"_links":{"self":[{"href":"https:\/\/kibrisdakik.com\/index.php?rest_route=\/wp\/v2\/posts\/111685","targetHints":{"allow":["GET"]}}],"collection":[{"href":"https:\/\/kibrisdakik.com\/index.php?rest_route=\/wp\/v2\/posts"}],"about":[{"href":"https:\/\/kibrisdakik.com\/index.php?rest_route=\/wp\/v2\/types\/post"}],"author":[{"embeddable":true,"href":"https:\/\/kibrisdakik.com\/index.php?rest_route=\/wp\/v2\/users\/1"}],"replies":[{"embeddable":true,"href":"https:\/\/kibrisdakik.com\/index.php?rest_route=%2Fwp%2Fv2%2Fcomments&post=111685"}],"version-history":[{"count":0,"href":"https:\/\/kibrisdakik.com\/index.php?rest_route=\/wp\/v2\/posts\/111685\/revisions"}],"wp:featuredmedia":[{"embeddable":true,"href":"https:\/\/kibrisdakik.com\/index.php?rest_route=\/wp\/v2\/media\/96655"}],"wp:attachment":[{"href":"https:\/\/kibrisdakik.com\/index.php?rest_route=%2Fwp%2Fv2%2Fmedia&parent=111685"}],"wp:term":[{"taxonomy":"category","embeddable":true,"href":"https:\/\/kibrisdakik.com\/index.php?rest_route=%2Fwp%2Fv2%2Fcategories&post=111685"},{"taxonomy":"post_tag","embeddable":true,"href":"https:\/\/kibrisdakik.com\/index.php?rest_route=%2Fwp%2Fv2%2Ftags&post=111685"}],"curies":[{"name":"wp","href":"https:\/\/api.w.org\/{rel}","templated":true}]}}