{"id":11173,"date":"2023-07-27T04:17:06","date_gmt":"2023-07-27T04:17:06","guid":{"rendered":"https:\/\/kibrisdakik.com\/index.php\/2023\/07\/27\/cumhuriyet-meclisi-baskani-tore-bahcesehir-kibris-universitesi-mezuniyet-torenine-katildi\/"},"modified":"2023-07-27T04:17:06","modified_gmt":"2023-07-27T04:17:06","slug":"cumhuriyet-meclisi-baskani-tore-bahcesehir-kibris-universitesi-mezuniyet-torenine-katildi","status":"publish","type":"post","link":"https:\/\/kibrisdakik.com\/?p=11173","title":{"rendered":"Cumhuriyet Meclisi Ba\u015fkan\u0131  T\u00f6re, Bah\u00e7e\u015fehir K\u0131br\u0131s \u00dcniversitesi mezuniyet t\u00f6renine kat\u0131ld\u0131"},"content":{"rendered":"<p><\/p>\n<div>\n<div class=\"mariselle-image-container center\">\n                <img width=\"1800\" height=\"1200\" class=\"lazy-image\" alt=\"\" decoding=\"async\" loading=\"lazy\" sizes=\"auto, (max-width: 1800px) 100vw, 1800px\" src=\"https:\/\/brtk.net\/wp-content\/uploads\/2023\/07\/27\/0B5A6798.JPG.jpg?ver=c312cef91f666e89c788af09ba6dd041\" srcset=\"https:\/\/brtk.net\/wp-content\/uploads\/2023\/07\/27\/0B5A6798.JPG.jpg?ver=c312cef91f666e89c788af09ba6dd041 1800w, https:\/\/brtk.net\/wp-content\/uploads\/2023\/07\/27\/0B5A6798.JPG-300x200.jpg?ver=c312cef91f666e89c788af09ba6dd041 300w, https:\/\/brtk.net\/wp-content\/uploads\/2023\/07\/27\/0B5A6798.JPG-1024x683.jpg?ver=056105ec1da5d96a0e591515935d16e2 1024w, https:\/\/brtk.net\/wp-content\/uploads\/2023\/07\/27\/0B5A6798.JPG-768x512.jpg?ver=056105ec1da5d96a0e591515935d16e2 768w, https:\/\/brtk.net\/wp-content\/uploads\/2023\/07\/27\/0B5A6798.JPG-1536x1024.jpg?ver=056105ec1da5d96a0e591515935d16e2 1536w\"\/>                            <\/div>\n<p>Cumhuriyet Meclisi Ba\u015fkan\u0131 Zorlu T\u00f6re, Bah\u00e7e\u015fehir K\u0131br\u0131s \u00dcniversitesi mezuniyet t\u00f6renine kat\u0131ld\u0131. <\/p>\n<p>T\u00f6re, burada yapt\u0131\u011f\u0131 konu\u015fmada \u00dcniversitenin kuruldu\u011fu g\u00fcnden bu yana \u00f6nemli a\u015famalar kaydetti\u011fini ve bundan da b\u00fcy\u00fck memnuniyet duyduklar\u0131n\u0131 s\u00f6yledi. <\/p>\n<p>\u00d6\u011frencilerin mezun olduktan sonra <a href=\"https:\/\/brtk.net\/\"\/><a href=\"https:\/\/brtk.net\/\">KKTC<\/a>\u2019nin tan\u0131t\u0131lmas\u0131nda \u00f6nc\u00fcl\u00fck edeceklerine inand\u0131\u011f\u0131n\u0131 dile getiren T\u00f6re, gen\u00e7lerin birer bayrak oldu\u011funu ve bayra\u011f\u0131 asla yere d\u00fc\u015f\u00fcrmemesi gerekti\u011fini belirtti. <\/p>\n<p>Mezun gen\u00e7lere fikirlerinde ve d\u00fc\u015f\u00fcncelerinde h\u00fcr olmalar\u0131n\u0131 ve esareti kabul etmemelerini tavsiye eden T\u00f6re, her zaman h\u00fcmanist olmalar\u0131n\u0131 diledi. <\/p>\n<p>Baz\u0131 siyasilerin <a href=\"https:\/\/brtk.net\/\"\/><a href=\"https:\/\/brtk.net\/\">KKTC<\/a>\u2019nin ba\u015far\u0131 \u00f6yk\u00fcs\u00fc olmad\u0131\u011f\u0131n\u0131 s\u00f6ylemesini ele\u015ftiren T\u00f6re, konu\u015fmas\u0131n\u0131 \u015f\u00f6yle tamamlad\u0131: <\/p>\n<p>\u201c\u00dcniversitelerimiz bir ba\u015far\u0131 \u00f6yk\u00fcs\u00fcd\u00fcr. Bunun yan\u0131nda turizm, Ercan Havaalan\u0131, Su Projesi, 20 Temmuz\u2019a kadar verdi\u011fimiz direni\u015f de bir ba\u015far\u0131 \u00f6yk\u00fcs\u00fcd\u00fcr. Ve neticede <a href=\"https:\/\/brtk.net\/\"\/><a href=\"https:\/\/brtk.net\/\">KKTC<\/a>\u2019nin ba\u011f\u0131ms\u0131z bir devlet olarak ilan edilmesi de bir ba\u015far\u0131 \u00f6yk\u00fcs\u00fcd\u00fcr. Ba\u015far\u0131lara , Anavatan T\u00fcrkiye ile birlikte devam edece\u011fiz\u201d<\/p>\n<\/p><\/div>\n<p><script async\n                    defer\n                    crossorigin=\"anonymous\"\n                    src=\"https:\/\/connect.facebook.net\/tr_TR\/sdk.js#xfbml=1&#038;version=v3.3\"\n            ><\/script><\/p>\n","protected":false},"excerpt":{"rendered":"<p>Cumhuriyet Meclisi Ba\u015fkan\u0131 Zorlu T\u00f6re, Bah\u00e7e\u015fehir K\u0131br\u0131s \u00dcniversitesi mezuniyet t\u00f6renine kat\u0131ld\u0131. T\u00f6re, burada yapt\u0131\u011f\u0131 konu\u015fmada \u00dcniversitenin kuruldu\u011fu g\u00fcnden bu yana \u00f6nemli a\u015famalar kaydetti\u011fini ve bundan da b\u00fcy\u00fck memnuniyet duyduklar\u0131n\u0131 s\u00f6yledi. \u00d6\u011frencilerin mezun olduktan sonra KKTC\u2019nin tan\u0131t\u0131lmas\u0131nda \u00f6nc\u00fcl\u00fck edeceklerine inand\u0131\u011f\u0131n\u0131 dile getiren T\u00f6re, gen\u00e7lerin birer bayrak oldu\u011funu ve bayra\u011f\u0131 asla yere d\u00fc\u015f\u00fcrmemesi gerekti\u011fini belirtti. Mezun gen\u00e7lere<\/p>\n","protected":false},"author":1,"featured_media":11174,"comment_status":"open","ping_status":"open","sticky":false,"template":"","format":"standard","meta":{"footnotes":""},"categories":[1],"tags":[],"class_list":["post-11173","post","type-post","status-publish","format-standard","has-post-thumbnail","hentry","category-gundem"],"yoast_head":"<!-- This site is optimized with the Yoast SEO plugin v27.5 - https:\/\/yoast.com\/product\/yoast-seo-wordpress\/ -->\n<title>Cumhuriyet Meclisi Ba\u015fkan\u0131 T\u00f6re, Bah\u00e7e\u015fehir K\u0131br\u0131s \u00dcniversitesi mezuniyet t\u00f6renine kat\u0131ld\u0131 -<\/title>\n<meta name=\"robots\" content=\"index, follow, max-snippet:-1, max-image-preview:large, max-video-preview:-1\" \/>\n<link rel=\"canonical\" href=\"https:\/\/kibrisdakik.com\/?p=11173\" \/>\n<meta property=\"og:locale\" content=\"tr_TR\" \/>\n<meta property=\"og:type\" content=\"article\" \/>\n<meta property=\"og:title\" content=\"Cumhuriyet Meclisi Ba\u015fkan\u0131 T\u00f6re, Bah\u00e7e\u015fehir K\u0131br\u0131s \u00dcniversitesi mezuniyet t\u00f6renine kat\u0131ld\u0131 -\" \/>\n<meta property=\"og:description\" content=\"Cumhuriyet Meclisi Ba\u015fkan\u0131 Zorlu T\u00f6re, Bah\u00e7e\u015fehir K\u0131br\u0131s \u00dcniversitesi mezuniyet t\u00f6renine kat\u0131ld\u0131. T\u00f6re, burada yapt\u0131\u011f\u0131 konu\u015fmada \u00dcniversitenin kuruldu\u011fu g\u00fcnden bu yana \u00f6nemli a\u015famalar kaydetti\u011fini ve bundan da b\u00fcy\u00fck memnuniyet duyduklar\u0131n\u0131 s\u00f6yledi. \u00d6\u011frencilerin mezun olduktan sonra KKTC\u2019nin tan\u0131t\u0131lmas\u0131nda \u00f6nc\u00fcl\u00fck edeceklerine inand\u0131\u011f\u0131n\u0131 dile getiren T\u00f6re, gen\u00e7lerin birer bayrak oldu\u011funu ve bayra\u011f\u0131 asla yere d\u00fc\u015f\u00fcrmemesi gerekti\u011fini belirtti. Mezun gen\u00e7lere\" \/>\n<meta property=\"og:url\" content=\"https:\/\/kibrisdakik.com\/?p=11173\" \/>\n<meta property=\"article:published_time\" content=\"2023-07-27T04:17:06+00:00\" \/>\n<meta property=\"og:image\" content=\"https:\/\/kibrisdakik.com\/wp-content\/uploads\/2023\/07\/0B5A6798.JPG-740x420.jpg\" \/>\n\t<meta property=\"og:image:width\" content=\"1800\" \/>\n\t<meta property=\"og:image:height\" content=\"1200\" \/>\n\t<meta property=\"og:image:type\" content=\"image\/jpeg\" \/>\n<meta name=\"author\" content=\"admin\" \/>\n<meta name=\"twitter:card\" content=\"summary_large_image\" \/>\n<meta name=\"twitter:label1\" content=\"Yazan:\" \/>\n\t<meta name=\"twitter:data1\" content=\"admin\" \/>\n\t<meta name=\"twitter:label2\" content=\"Tahmini okuma s\u00fcresi\" \/>\n\t<meta name=\"twitter:data2\" content=\"1 dakika\" \/>\n<script type=\"application\/ld+json\" class=\"yoast-schema-graph\">{\"@context\":\"https:\\\/\\\/schema.org\",\"@graph\":[{\"@type\":\"Article\",\"@id\":\"https:\\\/\\\/kibrisdakik.com\\\/?p=11173#article\",\"isPartOf\":{\"@id\":\"https:\\\/\\\/kibrisdakik.com\\\/?p=11173\"},\"author\":{\"name\":\"admin\",\"@id\":\"https:\\\/\\\/kibrisdakik.com\\\/#\\\/schema\\\/person\\\/9cd9d437bbb44f72b73ba127e06d8e79\"},\"headline\":\"Cumhuriyet Meclisi Ba\u015fkan\u0131 T\u00f6re, Bah\u00e7e\u015fehir K\u0131br\u0131s \u00dcniversitesi mezuniyet t\u00f6renine kat\u0131ld\u0131\",\"datePublished\":\"2023-07-27T04:17:06+00:00\",\"mainEntityOfPage\":{\"@id\":\"https:\\\/\\\/kibrisdakik.com\\\/?p=11173\"},\"wordCount\":209,\"commentCount\":0,\"image\":{\"@id\":\"https:\\\/\\\/kibrisdakik.com\\\/?p=11173#primaryimage\"},\"thumbnailUrl\":\"https:\\\/\\\/kibrisdakik.com\\\/wp-content\\\/uploads\\\/2023\\\/07\\\/0B5A6798.JPG-740x420.jpg\",\"articleSection\":[\"G\u00fcndem\"],\"inLanguage\":\"tr\",\"potentialAction\":[{\"@type\":\"CommentAction\",\"name\":\"Comment\",\"target\":[\"https:\\\/\\\/kibrisdakik.com\\\/?p=11173#respond\"]}]},{\"@type\":\"WebPage\",\"@id\":\"https:\\\/\\\/kibrisdakik.com\\\/?p=11173\",\"url\":\"https:\\\/\\\/kibrisdakik.com\\\/?p=11173\",\"name\":\"Cumhuriyet Meclisi Ba\u015fkan\u0131 T\u00f6re, Bah\u00e7e\u015fehir K\u0131br\u0131s \u00dcniversitesi mezuniyet t\u00f6renine kat\u0131ld\u0131 -\",\"isPartOf\":{\"@id\":\"https:\\\/\\\/kibrisdakik.com\\\/#website\"},\"primaryImageOfPage\":{\"@id\":\"https:\\\/\\\/kibrisdakik.com\\\/?p=11173#primaryimage\"},\"image\":{\"@id\":\"https:\\\/\\\/kibrisdakik.com\\\/?p=11173#primaryimage\"},\"thumbnailUrl\":\"https:\\\/\\\/kibrisdakik.com\\\/wp-content\\\/uploads\\\/2023\\\/07\\\/0B5A6798.JPG-740x420.jpg\",\"datePublished\":\"2023-07-27T04:17:06+00:00\",\"author\":{\"@id\":\"https:\\\/\\\/kibrisdakik.com\\\/#\\\/schema\\\/person\\\/9cd9d437bbb44f72b73ba127e06d8e79\"},\"breadcrumb\":{\"@id\":\"https:\\\/\\\/kibrisdakik.com\\\/?p=11173#breadcrumb\"},\"inLanguage\":\"tr\",\"potentialAction\":[{\"@type\":\"ReadAction\",\"target\":[\"https:\\\/\\\/kibrisdakik.com\\\/?p=11173\"]}]},{\"@type\":\"ImageObject\",\"inLanguage\":\"tr\",\"@id\":\"https:\\\/\\\/kibrisdakik.com\\\/?p=11173#primaryimage\",\"url\":\"https:\\\/\\\/kibrisdakik.com\\\/wp-content\\\/uploads\\\/2023\\\/07\\\/0B5A6798.JPG-740x420.jpg\",\"contentUrl\":\"https:\\\/\\\/kibrisdakik.com\\\/wp-content\\\/uploads\\\/2023\\\/07\\\/0B5A6798.JPG-740x420.jpg\",\"width\":1800,\"height\":1200},{\"@type\":\"BreadcrumbList\",\"@id\":\"https:\\\/\\\/kibrisdakik.com\\\/?p=11173#breadcrumb\",\"itemListElement\":[{\"@type\":\"ListItem\",\"position\":1,\"name\":\"Home\",\"item\":\"https:\\\/\\\/kibrisdakik.com\\\/\"},{\"@type\":\"ListItem\",\"position\":2,\"name\":\"Cumhuriyet Meclisi Ba\u015fkan\u0131 T\u00f6re, Bah\u00e7e\u015fehir K\u0131br\u0131s \u00dcniversitesi mezuniyet t\u00f6renine kat\u0131ld\u0131\"}]},{\"@type\":\"WebSite\",\"@id\":\"https:\\\/\\\/kibrisdakik.com\\\/#website\",\"url\":\"https:\\\/\\\/kibrisdakik.com\\\/\",\"name\":\"\",\"description\":\"Tam vaktinde haber\",\"potentialAction\":[{\"@type\":\"SearchAction\",\"target\":{\"@type\":\"EntryPoint\",\"urlTemplate\":\"https:\\\/\\\/kibrisdakik.com\\\/?s={search_term_string}\"},\"query-input\":{\"@type\":\"PropertyValueSpecification\",\"valueRequired\":true,\"valueName\":\"search_term_string\"}}],\"inLanguage\":\"tr\"},{\"@type\":\"Person\",\"@id\":\"https:\\\/\\\/kibrisdakik.com\\\/#\\\/schema\\\/person\\\/9cd9d437bbb44f72b73ba127e06d8e79\",\"name\":\"admin\",\"image\":{\"@type\":\"ImageObject\",\"inLanguage\":\"tr\",\"@id\":\"https:\\\/\\\/secure.gravatar.com\\\/avatar\\\/ccc17943b9d660506c869530f897617f7cb1c21a4bf30023f252596d83e1f007?s=96&d=mm&r=g\",\"url\":\"https:\\\/\\\/secure.gravatar.com\\\/avatar\\\/ccc17943b9d660506c869530f897617f7cb1c21a4bf30023f252596d83e1f007?s=96&d=mm&r=g\",\"contentUrl\":\"https:\\\/\\\/secure.gravatar.com\\\/avatar\\\/ccc17943b9d660506c869530f897617f7cb1c21a4bf30023f252596d83e1f007?s=96&d=mm&r=g\",\"caption\":\"admin\"},\"sameAs\":[\"https:\\\/\\\/kibrisdakik.com\"],\"url\":\"https:\\\/\\\/kibrisdakik.com\\\/?author=1\"}]}<\/script>\n<!-- \/ Yoast SEO plugin. -->","yoast_head_json":{"title":"Cumhuriyet Meclisi Ba\u015fkan\u0131 T\u00f6re, Bah\u00e7e\u015fehir K\u0131br\u0131s \u00dcniversitesi mezuniyet t\u00f6renine kat\u0131ld\u0131 -","robots":{"index":"index","follow":"follow","max-snippet":"max-snippet:-1","max-image-preview":"max-image-preview:large","max-video-preview":"max-video-preview:-1"},"canonical":"https:\/\/kibrisdakik.com\/?p=11173","og_locale":"tr_TR","og_type":"article","og_title":"Cumhuriyet Meclisi Ba\u015fkan\u0131 T\u00f6re, Bah\u00e7e\u015fehir K\u0131br\u0131s \u00dcniversitesi mezuniyet t\u00f6renine kat\u0131ld\u0131 -","og_description":"Cumhuriyet Meclisi Ba\u015fkan\u0131 Zorlu T\u00f6re, Bah\u00e7e\u015fehir K\u0131br\u0131s \u00dcniversitesi mezuniyet t\u00f6renine kat\u0131ld\u0131. T\u00f6re, burada yapt\u0131\u011f\u0131 konu\u015fmada \u00dcniversitenin kuruldu\u011fu g\u00fcnden bu yana \u00f6nemli a\u015famalar kaydetti\u011fini ve bundan da b\u00fcy\u00fck memnuniyet duyduklar\u0131n\u0131 s\u00f6yledi. \u00d6\u011frencilerin mezun olduktan sonra KKTC\u2019nin tan\u0131t\u0131lmas\u0131nda \u00f6nc\u00fcl\u00fck edeceklerine inand\u0131\u011f\u0131n\u0131 dile getiren T\u00f6re, gen\u00e7lerin birer bayrak oldu\u011funu ve bayra\u011f\u0131 asla yere d\u00fc\u015f\u00fcrmemesi gerekti\u011fini belirtti. Mezun gen\u00e7lere","og_url":"https:\/\/kibrisdakik.com\/?p=11173","article_published_time":"2023-07-27T04:17:06+00:00","og_image":[{"width":1800,"height":1200,"url":"https:\/\/kibrisdakik.com\/wp-content\/uploads\/2023\/07\/0B5A6798.JPG-740x420.jpg","type":"image\/jpeg"}],"author":"admin","twitter_card":"summary_large_image","twitter_misc":{"Yazan:":"admin","Tahmini okuma s\u00fcresi":"1 dakika"},"schema":{"@context":"https:\/\/schema.org","@graph":[{"@type":"Article","@id":"https:\/\/kibrisdakik.com\/?p=11173#article","isPartOf":{"@id":"https:\/\/kibrisdakik.com\/?p=11173"},"author":{"name":"admin","@id":"https:\/\/kibrisdakik.com\/#\/schema\/person\/9cd9d437bbb44f72b73ba127e06d8e79"},"headline":"Cumhuriyet Meclisi Ba\u015fkan\u0131 T\u00f6re, Bah\u00e7e\u015fehir K\u0131br\u0131s \u00dcniversitesi mezuniyet t\u00f6renine kat\u0131ld\u0131","datePublished":"2023-07-27T04:17:06+00:00","mainEntityOfPage":{"@id":"https:\/\/kibrisdakik.com\/?p=11173"},"wordCount":209,"commentCount":0,"image":{"@id":"https:\/\/kibrisdakik.com\/?p=11173#primaryimage"},"thumbnailUrl":"https:\/\/kibrisdakik.com\/wp-content\/uploads\/2023\/07\/0B5A6798.JPG-740x420.jpg","articleSection":["G\u00fcndem"],"inLanguage":"tr","potentialAction":[{"@type":"CommentAction","name":"Comment","target":["https:\/\/kibrisdakik.com\/?p=11173#respond"]}]},{"@type":"WebPage","@id":"https:\/\/kibrisdakik.com\/?p=11173","url":"https:\/\/kibrisdakik.com\/?p=11173","name":"Cumhuriyet Meclisi Ba\u015fkan\u0131 T\u00f6re, Bah\u00e7e\u015fehir K\u0131br\u0131s \u00dcniversitesi mezuniyet t\u00f6renine kat\u0131ld\u0131 -","isPartOf":{"@id":"https:\/\/kibrisdakik.com\/#website"},"primaryImageOfPage":{"@id":"https:\/\/kibrisdakik.com\/?p=11173#primaryimage"},"image":{"@id":"https:\/\/kibrisdakik.com\/?p=11173#primaryimage"},"thumbnailUrl":"https:\/\/kibrisdakik.com\/wp-content\/uploads\/2023\/07\/0B5A6798.JPG-740x420.jpg","datePublished":"2023-07-27T04:17:06+00:00","author":{"@id":"https:\/\/kibrisdakik.com\/#\/schema\/person\/9cd9d437bbb44f72b73ba127e06d8e79"},"breadcrumb":{"@id":"https:\/\/kibrisdakik.com\/?p=11173#breadcrumb"},"inLanguage":"tr","potentialAction":[{"@type":"ReadAction","target":["https:\/\/kibrisdakik.com\/?p=11173"]}]},{"@type":"ImageObject","inLanguage":"tr","@id":"https:\/\/kibrisdakik.com\/?p=11173#primaryimage","url":"https:\/\/kibrisdakik.com\/wp-content\/uploads\/2023\/07\/0B5A6798.JPG-740x420.jpg","contentUrl":"https:\/\/kibrisdakik.com\/wp-content\/uploads\/2023\/07\/0B5A6798.JPG-740x420.jpg","width":1800,"height":1200},{"@type":"BreadcrumbList","@id":"https:\/\/kibrisdakik.com\/?p=11173#breadcrumb","itemListElement":[{"@type":"ListItem","position":1,"name":"Home","item":"https:\/\/kibrisdakik.com\/"},{"@type":"ListItem","position":2,"name":"Cumhuriyet Meclisi Ba\u015fkan\u0131 T\u00f6re, Bah\u00e7e\u015fehir K\u0131br\u0131s \u00dcniversitesi mezuniyet t\u00f6renine kat\u0131ld\u0131"}]},{"@type":"WebSite","@id":"https:\/\/kibrisdakik.com\/#website","url":"https:\/\/kibrisdakik.com\/","name":"","description":"Tam vaktinde haber","potentialAction":[{"@type":"SearchAction","target":{"@type":"EntryPoint","urlTemplate":"https:\/\/kibrisdakik.com\/?s={search_term_string}"},"query-input":{"@type":"PropertyValueSpecification","valueRequired":true,"valueName":"search_term_string"}}],"inLanguage":"tr"},{"@type":"Person","@id":"https:\/\/kibrisdakik.com\/#\/schema\/person\/9cd9d437bbb44f72b73ba127e06d8e79","name":"admin","image":{"@type":"ImageObject","inLanguage":"tr","@id":"https:\/\/secure.gravatar.com\/avatar\/ccc17943b9d660506c869530f897617f7cb1c21a4bf30023f252596d83e1f007?s=96&d=mm&r=g","url":"https:\/\/secure.gravatar.com\/avatar\/ccc17943b9d660506c869530f897617f7cb1c21a4bf30023f252596d83e1f007?s=96&d=mm&r=g","contentUrl":"https:\/\/secure.gravatar.com\/avatar\/ccc17943b9d660506c869530f897617f7cb1c21a4bf30023f252596d83e1f007?s=96&d=mm&r=g","caption":"admin"},"sameAs":["https:\/\/kibrisdakik.com"],"url":"https:\/\/kibrisdakik.com\/?author=1"}]}},"_links":{"self":[{"href":"https:\/\/kibrisdakik.com\/index.php?rest_route=\/wp\/v2\/posts\/11173","targetHints":{"allow":["GET"]}}],"collection":[{"href":"https:\/\/kibrisdakik.com\/index.php?rest_route=\/wp\/v2\/posts"}],"about":[{"href":"https:\/\/kibrisdakik.com\/index.php?rest_route=\/wp\/v2\/types\/post"}],"author":[{"embeddable":true,"href":"https:\/\/kibrisdakik.com\/index.php?rest_route=\/wp\/v2\/users\/1"}],"replies":[{"embeddable":true,"href":"https:\/\/kibrisdakik.com\/index.php?rest_route=%2Fwp%2Fv2%2Fcomments&post=11173"}],"version-history":[{"count":0,"href":"https:\/\/kibrisdakik.com\/index.php?rest_route=\/wp\/v2\/posts\/11173\/revisions"}],"wp:featuredmedia":[{"embeddable":true,"href":"https:\/\/kibrisdakik.com\/index.php?rest_route=\/wp\/v2\/media\/11174"}],"wp:attachment":[{"href":"https:\/\/kibrisdakik.com\/index.php?rest_route=%2Fwp%2Fv2%2Fmedia&parent=11173"}],"wp:term":[{"taxonomy":"category","embeddable":true,"href":"https:\/\/kibrisdakik.com\/index.php?rest_route=%2Fwp%2Fv2%2Fcategories&post=11173"},{"taxonomy":"post_tag","embeddable":true,"href":"https:\/\/kibrisdakik.com\/index.php?rest_route=%2Fwp%2Fv2%2Ftags&post=11173"}],"curies":[{"name":"wp","href":"https:\/\/api.w.org\/{rel}","templated":true}]}}