{"id":111732,"date":"2026-05-02T15:47:18","date_gmt":"2026-05-02T12:47:18","guid":{"rendered":"https:\/\/kibrisdakik.com\/?p=111732"},"modified":"2026-05-02T15:47:18","modified_gmt":"2026-05-02T12:47:18","slug":"4-lefkara-edebiyat-soleni-4-8-mayis-tarihlerinde-edebiyatseverlerle-bulusuyor","status":"publish","type":"post","link":"https:\/\/kibrisdakik.com\/?p=111732","title":{"rendered":"4. LEFKARA EDEB\u0130YAT \u015e\u00d6LEN\u0130, 4-8 MAYIS TAR\u0130HLER\u0130NDE EDEB\u0130YATSEVERLERLE BULU\u015eUYOR"},"content":{"rendered":"<p><\/p>\n<div data-text-id=\"201175\" property=\"articleBody\">\n<p>Lefkara Edebiyat \u015e\u00f6leni\u2019nin d\u00f6rd\u00fcnc\u00fcs\u00fc, 4-8 May\u0131s tarihlerinde edebiyatseverlerle bulu\u015fuyor.<\/p>\n<p>Yunus Emre Enstit\u00fcs\u00fc\u2019nden yap\u0131lan a\u00e7\u0131klamaya g\u00f6re \u015f\u00f6len, TC Lefko\u015fa B\u00fcy\u00fckel\u00e7ili\u011fi himayelerinde, TC Mill\u00ee E\u011fitim Bakanl\u0131\u011f\u0131, TC Gen\u00e7lik ve Spor Bakanl\u0131\u011f\u0131, Mill\u00ee E\u011fitim Bakanl\u0131\u011f\u0131, K\u0131br\u0131s Vak\u0131flar \u0130daresi, Yunus Emre Enstit\u00fcs\u00fc, T\u00fcrkiye Maarif Vakf\u0131, Ankara Sosyal Bilimler \u00dcniversitesi ve Damla Derne\u011fi\u2019nin katk\u0131lar\u0131yla yap\u0131l\u0131yor.<\/p>\n<p>Lefkara Dergisi taraf\u0131ndan d\u00fczenlenen Lefkara Edebiyat \u015e\u00f6leni, farkl\u0131 disiplinlerden yazar, \u015fair, sanat\u00e7\u0131 ve akademisyeni bir araya getirerek edebiyat\u0131n \u00e7ok sesli ve zengin d\u00fcnyas\u0131n\u0131 g\u00f6r\u00fcn\u00fcr k\u0131lmay\u0131 ama\u00e7l\u0131yor.<\/p>\n<p>\u015e\u00f6lenin a\u00e7\u0131l\u0131\u015f\u0131, 4 May\u0131s Pazartesi g\u00fcn\u00fc saat 17.00\u2019de Cumhurba\u015fkanl\u0131\u011f\u0131 Beyaz Salon\u2019da yap\u0131lacak. A\u00e7\u0131l\u0131\u015fta, edebiyat ve k\u00fclt\u00fcr d\u00fcnyas\u0131ndan \u00f6nemli isimlerin kat\u0131l\u0131m\u0131yla konu\u015fmalar ve \u00f6zel etkinlikler yer alacak.<\/p>\n<p>Be\u015f g\u00fcn s\u00fcrecek etkinlikte, adan\u0131n farkl\u0131 b\u00f6lgelerinde ilkokuldan \u00fcniversiteye kadar \u00f6\u011frenciler ve halka y\u00f6nelik s\u00f6yle\u015filer ve yarat\u0131c\u0131 at\u00f6lye \u00e7al\u0131\u015fmalar\u0131 d\u00fczenlenecek. Kat\u0131l\u0131mc\u0131lar\u0131n, edebiyat\u0131n birle\u015ftirici, d\u00f6n\u00fc\u015ft\u00fcr\u00fcc\u00fc ve iyile\u015ftirici g\u00fcc\u00fcn\u00fc, \u00fcretim s\u00fcrecinin i\u00e7inde yer alan yazar ve sanat\u00e7\u0131larla do\u011frudan etkile\u015fim kurarak deneyimleme imk\u00e2n\u0131 bulaca\u011f\u0131 belirtildi.<\/p>\n<\/p><\/div>\n","protected":false},"excerpt":{"rendered":"<p>Lefkara Edebiyat \u015e\u00f6leni\u2019nin d\u00f6rd\u00fcnc\u00fcs\u00fc, 4-8 May\u0131s tarihlerinde edebiyatseverlerle bulu\u015fuyor. Yunus Emre Enstit\u00fcs\u00fc\u2019nden yap\u0131lan a\u00e7\u0131klamaya g\u00f6re \u015f\u00f6len, TC Lefko\u015fa B\u00fcy\u00fckel\u00e7ili\u011fi himayelerinde, TC Mill\u00ee E\u011fitim Bakanl\u0131\u011f\u0131, TC Gen\u00e7lik ve Spor Bakanl\u0131\u011f\u0131, Mill\u00ee E\u011fitim Bakanl\u0131\u011f\u0131, K\u0131br\u0131s Vak\u0131flar \u0130daresi, Yunus Emre Enstit\u00fcs\u00fc, T\u00fcrkiye Maarif Vakf\u0131, Ankara Sosyal Bilimler \u00dcniversitesi ve Damla Derne\u011fi\u2019nin katk\u0131lar\u0131yla yap\u0131l\u0131yor. Lefkara Dergisi taraf\u0131ndan d\u00fczenlenen Lefkara<\/p>\n","protected":false},"author":1,"featured_media":111733,"comment_status":"open","ping_status":"open","sticky":false,"template":"","format":"standard","meta":{"footnotes":""},"categories":[81],"tags":[],"class_list":["post-111732","post","type-post","status-publish","format-standard","has-post-thumbnail","hentry","category-kibris"],"yoast_head":"<!-- This site is optimized with the Yoast SEO plugin v27.5 - https:\/\/yoast.com\/product\/yoast-seo-wordpress\/ -->\n<title>4. LEFKARA EDEB\u0130YAT \u015e\u00d6LEN\u0130, 4-8 MAYIS TAR\u0130HLER\u0130NDE EDEB\u0130YATSEVERLERLE BULU\u015eUYOR -<\/title>\n<meta name=\"robots\" content=\"index, follow, max-snippet:-1, max-image-preview:large, max-video-preview:-1\" \/>\n<link rel=\"canonical\" href=\"https:\/\/kibrisdakik.com\/?p=111732\" \/>\n<meta property=\"og:locale\" content=\"tr_TR\" \/>\n<meta property=\"og:type\" content=\"article\" \/>\n<meta property=\"og:title\" content=\"4. LEFKARA EDEB\u0130YAT \u015e\u00d6LEN\u0130, 4-8 MAYIS TAR\u0130HLER\u0130NDE EDEB\u0130YATSEVERLERLE BULU\u015eUYOR -\" \/>\n<meta property=\"og:description\" content=\"Lefkara Edebiyat \u015e\u00f6leni\u2019nin d\u00f6rd\u00fcnc\u00fcs\u00fc, 4-8 May\u0131s tarihlerinde edebiyatseverlerle bulu\u015fuyor. Yunus Emre Enstit\u00fcs\u00fc\u2019nden yap\u0131lan a\u00e7\u0131klamaya g\u00f6re \u015f\u00f6len, TC Lefko\u015fa B\u00fcy\u00fckel\u00e7ili\u011fi himayelerinde, TC Mill\u00ee E\u011fitim Bakanl\u0131\u011f\u0131, TC Gen\u00e7lik ve Spor Bakanl\u0131\u011f\u0131, Mill\u00ee E\u011fitim Bakanl\u0131\u011f\u0131, K\u0131br\u0131s Vak\u0131flar \u0130daresi, Yunus Emre Enstit\u00fcs\u00fc, T\u00fcrkiye Maarif Vakf\u0131, Ankara Sosyal Bilimler \u00dcniversitesi ve Damla Derne\u011fi\u2019nin katk\u0131lar\u0131yla yap\u0131l\u0131yor. Lefkara Dergisi taraf\u0131ndan d\u00fczenlenen Lefkara\" \/>\n<meta property=\"og:url\" content=\"https:\/\/kibrisdakik.com\/?p=111732\" \/>\n<meta property=\"article:published_time\" content=\"2026-05-02T12:47:18+00:00\" \/>\n<meta property=\"og:image\" content=\"https:\/\/mhahabercom.teimg.com\/crop\/1280x720\/mhahaber-com\/uploads\/2026\/05\/m-h-a-m-h-a-406.png\" \/>\n<meta name=\"author\" content=\"admin\" \/>\n<meta name=\"twitter:card\" content=\"summary_large_image\" \/>\n<meta name=\"twitter:label1\" content=\"Yazan:\" \/>\n\t<meta name=\"twitter:data1\" content=\"admin\" \/>\n\t<meta name=\"twitter:label2\" content=\"Tahmini okuma s\u00fcresi\" \/>\n\t<meta name=\"twitter:data2\" content=\"1 dakika\" \/>\n<script type=\"application\/ld+json\" class=\"yoast-schema-graph\">{\"@context\":\"https:\\\/\\\/schema.org\",\"@graph\":[{\"@type\":\"Article\",\"@id\":\"https:\\\/\\\/kibrisdakik.com\\\/?p=111732#article\",\"isPartOf\":{\"@id\":\"https:\\\/\\\/kibrisdakik.com\\\/?p=111732\"},\"author\":{\"name\":\"admin\",\"@id\":\"https:\\\/\\\/kibrisdakik.com\\\/#\\\/schema\\\/person\\\/9cd9d437bbb44f72b73ba127e06d8e79\"},\"headline\":\"4. LEFKARA EDEB\u0130YAT \u015e\u00d6LEN\u0130, 4-8 MAYIS TAR\u0130HLER\u0130NDE EDEB\u0130YATSEVERLERLE BULU\u015eUYOR\",\"datePublished\":\"2026-05-02T12:47:18+00:00\",\"mainEntityOfPage\":{\"@id\":\"https:\\\/\\\/kibrisdakik.com\\\/?p=111732\"},\"wordCount\":243,\"commentCount\":0,\"image\":{\"@id\":\"https:\\\/\\\/kibrisdakik.com\\\/?p=111732#primaryimage\"},\"thumbnailUrl\":\"https:\\\/\\\/kibrisdakik.com\\\/wp-content\\\/uploads\\\/2026\\\/05\\\/m-h-a-m-h-a-406.png\",\"articleSection\":[\"K\u0131br\u0131s\"],\"inLanguage\":\"tr\",\"potentialAction\":[{\"@type\":\"CommentAction\",\"name\":\"Comment\",\"target\":[\"https:\\\/\\\/kibrisdakik.com\\\/?p=111732#respond\"]}]},{\"@type\":\"WebPage\",\"@id\":\"https:\\\/\\\/kibrisdakik.com\\\/?p=111732\",\"url\":\"https:\\\/\\\/kibrisdakik.com\\\/?p=111732\",\"name\":\"4. LEFKARA EDEB\u0130YAT \u015e\u00d6LEN\u0130, 4-8 MAYIS TAR\u0130HLER\u0130NDE EDEB\u0130YATSEVERLERLE BULU\u015eUYOR -\",\"isPartOf\":{\"@id\":\"https:\\\/\\\/kibrisdakik.com\\\/#website\"},\"primaryImageOfPage\":{\"@id\":\"https:\\\/\\\/kibrisdakik.com\\\/?p=111732#primaryimage\"},\"image\":{\"@id\":\"https:\\\/\\\/kibrisdakik.com\\\/?p=111732#primaryimage\"},\"thumbnailUrl\":\"https:\\\/\\\/kibrisdakik.com\\\/wp-content\\\/uploads\\\/2026\\\/05\\\/m-h-a-m-h-a-406.png\",\"datePublished\":\"2026-05-02T12:47:18+00:00\",\"author\":{\"@id\":\"https:\\\/\\\/kibrisdakik.com\\\/#\\\/schema\\\/person\\\/9cd9d437bbb44f72b73ba127e06d8e79\"},\"breadcrumb\":{\"@id\":\"https:\\\/\\\/kibrisdakik.com\\\/?p=111732#breadcrumb\"},\"inLanguage\":\"tr\",\"potentialAction\":[{\"@type\":\"ReadAction\",\"target\":[\"https:\\\/\\\/kibrisdakik.com\\\/?p=111732\"]}]},{\"@type\":\"ImageObject\",\"inLanguage\":\"tr\",\"@id\":\"https:\\\/\\\/kibrisdakik.com\\\/?p=111732#primaryimage\",\"url\":\"https:\\\/\\\/kibrisdakik.com\\\/wp-content\\\/uploads\\\/2026\\\/05\\\/m-h-a-m-h-a-406.png\",\"contentUrl\":\"https:\\\/\\\/kibrisdakik.com\\\/wp-content\\\/uploads\\\/2026\\\/05\\\/m-h-a-m-h-a-406.png\",\"width\":1280,\"height\":720},{\"@type\":\"BreadcrumbList\",\"@id\":\"https:\\\/\\\/kibrisdakik.com\\\/?p=111732#breadcrumb\",\"itemListElement\":[{\"@type\":\"ListItem\",\"position\":1,\"name\":\"Home\",\"item\":\"https:\\\/\\\/kibrisdakik.com\\\/\"},{\"@type\":\"ListItem\",\"position\":2,\"name\":\"4. LEFKARA EDEB\u0130YAT \u015e\u00d6LEN\u0130, 4-8 MAYIS TAR\u0130HLER\u0130NDE EDEB\u0130YATSEVERLERLE BULU\u015eUYOR\"}]},{\"@type\":\"WebSite\",\"@id\":\"https:\\\/\\\/kibrisdakik.com\\\/#website\",\"url\":\"https:\\\/\\\/kibrisdakik.com\\\/\",\"name\":\"\",\"description\":\"Tam vaktinde haber\",\"potentialAction\":[{\"@type\":\"SearchAction\",\"target\":{\"@type\":\"EntryPoint\",\"urlTemplate\":\"https:\\\/\\\/kibrisdakik.com\\\/?s={search_term_string}\"},\"query-input\":{\"@type\":\"PropertyValueSpecification\",\"valueRequired\":true,\"valueName\":\"search_term_string\"}}],\"inLanguage\":\"tr\"},{\"@type\":\"Person\",\"@id\":\"https:\\\/\\\/kibrisdakik.com\\\/#\\\/schema\\\/person\\\/9cd9d437bbb44f72b73ba127e06d8e79\",\"name\":\"admin\",\"image\":{\"@type\":\"ImageObject\",\"inLanguage\":\"tr\",\"@id\":\"https:\\\/\\\/secure.gravatar.com\\\/avatar\\\/ccc17943b9d660506c869530f897617f7cb1c21a4bf30023f252596d83e1f007?s=96&d=mm&r=g\",\"url\":\"https:\\\/\\\/secure.gravatar.com\\\/avatar\\\/ccc17943b9d660506c869530f897617f7cb1c21a4bf30023f252596d83e1f007?s=96&d=mm&r=g\",\"contentUrl\":\"https:\\\/\\\/secure.gravatar.com\\\/avatar\\\/ccc17943b9d660506c869530f897617f7cb1c21a4bf30023f252596d83e1f007?s=96&d=mm&r=g\",\"caption\":\"admin\"},\"sameAs\":[\"https:\\\/\\\/kibrisdakik.com\"],\"url\":\"https:\\\/\\\/kibrisdakik.com\\\/?author=1\"}]}<\/script>\n<!-- \/ Yoast SEO plugin. -->","yoast_head_json":{"title":"4. LEFKARA EDEB\u0130YAT \u015e\u00d6LEN\u0130, 4-8 MAYIS TAR\u0130HLER\u0130NDE EDEB\u0130YATSEVERLERLE BULU\u015eUYOR -","robots":{"index":"index","follow":"follow","max-snippet":"max-snippet:-1","max-image-preview":"max-image-preview:large","max-video-preview":"max-video-preview:-1"},"canonical":"https:\/\/kibrisdakik.com\/?p=111732","og_locale":"tr_TR","og_type":"article","og_title":"4. LEFKARA EDEB\u0130YAT \u015e\u00d6LEN\u0130, 4-8 MAYIS TAR\u0130HLER\u0130NDE EDEB\u0130YATSEVERLERLE BULU\u015eUYOR -","og_description":"Lefkara Edebiyat \u015e\u00f6leni\u2019nin d\u00f6rd\u00fcnc\u00fcs\u00fc, 4-8 May\u0131s tarihlerinde edebiyatseverlerle bulu\u015fuyor. Yunus Emre Enstit\u00fcs\u00fc\u2019nden yap\u0131lan a\u00e7\u0131klamaya g\u00f6re \u015f\u00f6len, TC Lefko\u015fa B\u00fcy\u00fckel\u00e7ili\u011fi himayelerinde, TC Mill\u00ee E\u011fitim Bakanl\u0131\u011f\u0131, TC Gen\u00e7lik ve Spor Bakanl\u0131\u011f\u0131, Mill\u00ee E\u011fitim Bakanl\u0131\u011f\u0131, K\u0131br\u0131s Vak\u0131flar \u0130daresi, Yunus Emre Enstit\u00fcs\u00fc, T\u00fcrkiye Maarif Vakf\u0131, Ankara Sosyal Bilimler \u00dcniversitesi ve Damla Derne\u011fi\u2019nin katk\u0131lar\u0131yla yap\u0131l\u0131yor. Lefkara Dergisi taraf\u0131ndan d\u00fczenlenen Lefkara","og_url":"https:\/\/kibrisdakik.com\/?p=111732","article_published_time":"2026-05-02T12:47:18+00:00","og_image":[{"url":"https:\/\/mhahabercom.teimg.com\/crop\/1280x720\/mhahaber-com\/uploads\/2026\/05\/m-h-a-m-h-a-406.png","type":"","width":"","height":""}],"author":"admin","twitter_card":"summary_large_image","twitter_misc":{"Yazan:":"admin","Tahmini okuma s\u00fcresi":"1 dakika"},"schema":{"@context":"https:\/\/schema.org","@graph":[{"@type":"Article","@id":"https:\/\/kibrisdakik.com\/?p=111732#article","isPartOf":{"@id":"https:\/\/kibrisdakik.com\/?p=111732"},"author":{"name":"admin","@id":"https:\/\/kibrisdakik.com\/#\/schema\/person\/9cd9d437bbb44f72b73ba127e06d8e79"},"headline":"4. LEFKARA EDEB\u0130YAT \u015e\u00d6LEN\u0130, 4-8 MAYIS TAR\u0130HLER\u0130NDE EDEB\u0130YATSEVERLERLE BULU\u015eUYOR","datePublished":"2026-05-02T12:47:18+00:00","mainEntityOfPage":{"@id":"https:\/\/kibrisdakik.com\/?p=111732"},"wordCount":243,"commentCount":0,"image":{"@id":"https:\/\/kibrisdakik.com\/?p=111732#primaryimage"},"thumbnailUrl":"https:\/\/kibrisdakik.com\/wp-content\/uploads\/2026\/05\/m-h-a-m-h-a-406.png","articleSection":["K\u0131br\u0131s"],"inLanguage":"tr","potentialAction":[{"@type":"CommentAction","name":"Comment","target":["https:\/\/kibrisdakik.com\/?p=111732#respond"]}]},{"@type":"WebPage","@id":"https:\/\/kibrisdakik.com\/?p=111732","url":"https:\/\/kibrisdakik.com\/?p=111732","name":"4. LEFKARA EDEB\u0130YAT \u015e\u00d6LEN\u0130, 4-8 MAYIS TAR\u0130HLER\u0130NDE EDEB\u0130YATSEVERLERLE BULU\u015eUYOR -","isPartOf":{"@id":"https:\/\/kibrisdakik.com\/#website"},"primaryImageOfPage":{"@id":"https:\/\/kibrisdakik.com\/?p=111732#primaryimage"},"image":{"@id":"https:\/\/kibrisdakik.com\/?p=111732#primaryimage"},"thumbnailUrl":"https:\/\/kibrisdakik.com\/wp-content\/uploads\/2026\/05\/m-h-a-m-h-a-406.png","datePublished":"2026-05-02T12:47:18+00:00","author":{"@id":"https:\/\/kibrisdakik.com\/#\/schema\/person\/9cd9d437bbb44f72b73ba127e06d8e79"},"breadcrumb":{"@id":"https:\/\/kibrisdakik.com\/?p=111732#breadcrumb"},"inLanguage":"tr","potentialAction":[{"@type":"ReadAction","target":["https:\/\/kibrisdakik.com\/?p=111732"]}]},{"@type":"ImageObject","inLanguage":"tr","@id":"https:\/\/kibrisdakik.com\/?p=111732#primaryimage","url":"https:\/\/kibrisdakik.com\/wp-content\/uploads\/2026\/05\/m-h-a-m-h-a-406.png","contentUrl":"https:\/\/kibrisdakik.com\/wp-content\/uploads\/2026\/05\/m-h-a-m-h-a-406.png","width":1280,"height":720},{"@type":"BreadcrumbList","@id":"https:\/\/kibrisdakik.com\/?p=111732#breadcrumb","itemListElement":[{"@type":"ListItem","position":1,"name":"Home","item":"https:\/\/kibrisdakik.com\/"},{"@type":"ListItem","position":2,"name":"4. LEFKARA EDEB\u0130YAT \u015e\u00d6LEN\u0130, 4-8 MAYIS TAR\u0130HLER\u0130NDE EDEB\u0130YATSEVERLERLE BULU\u015eUYOR"}]},{"@type":"WebSite","@id":"https:\/\/kibrisdakik.com\/#website","url":"https:\/\/kibrisdakik.com\/","name":"","description":"Tam vaktinde haber","potentialAction":[{"@type":"SearchAction","target":{"@type":"EntryPoint","urlTemplate":"https:\/\/kibrisdakik.com\/?s={search_term_string}"},"query-input":{"@type":"PropertyValueSpecification","valueRequired":true,"valueName":"search_term_string"}}],"inLanguage":"tr"},{"@type":"Person","@id":"https:\/\/kibrisdakik.com\/#\/schema\/person\/9cd9d437bbb44f72b73ba127e06d8e79","name":"admin","image":{"@type":"ImageObject","inLanguage":"tr","@id":"https:\/\/secure.gravatar.com\/avatar\/ccc17943b9d660506c869530f897617f7cb1c21a4bf30023f252596d83e1f007?s=96&d=mm&r=g","url":"https:\/\/secure.gravatar.com\/avatar\/ccc17943b9d660506c869530f897617f7cb1c21a4bf30023f252596d83e1f007?s=96&d=mm&r=g","contentUrl":"https:\/\/secure.gravatar.com\/avatar\/ccc17943b9d660506c869530f897617f7cb1c21a4bf30023f252596d83e1f007?s=96&d=mm&r=g","caption":"admin"},"sameAs":["https:\/\/kibrisdakik.com"],"url":"https:\/\/kibrisdakik.com\/?author=1"}]}},"_links":{"self":[{"href":"https:\/\/kibrisdakik.com\/index.php?rest_route=\/wp\/v2\/posts\/111732","targetHints":{"allow":["GET"]}}],"collection":[{"href":"https:\/\/kibrisdakik.com\/index.php?rest_route=\/wp\/v2\/posts"}],"about":[{"href":"https:\/\/kibrisdakik.com\/index.php?rest_route=\/wp\/v2\/types\/post"}],"author":[{"embeddable":true,"href":"https:\/\/kibrisdakik.com\/index.php?rest_route=\/wp\/v2\/users\/1"}],"replies":[{"embeddable":true,"href":"https:\/\/kibrisdakik.com\/index.php?rest_route=%2Fwp%2Fv2%2Fcomments&post=111732"}],"version-history":[{"count":0,"href":"https:\/\/kibrisdakik.com\/index.php?rest_route=\/wp\/v2\/posts\/111732\/revisions"}],"wp:featuredmedia":[{"embeddable":true,"href":"https:\/\/kibrisdakik.com\/index.php?rest_route=\/wp\/v2\/media\/111733"}],"wp:attachment":[{"href":"https:\/\/kibrisdakik.com\/index.php?rest_route=%2Fwp%2Fv2%2Fmedia&parent=111732"}],"wp:term":[{"taxonomy":"category","embeddable":true,"href":"https:\/\/kibrisdakik.com\/index.php?rest_route=%2Fwp%2Fv2%2Fcategories&post=111732"},{"taxonomy":"post_tag","embeddable":true,"href":"https:\/\/kibrisdakik.com\/index.php?rest_route=%2Fwp%2Fv2%2Ftags&post=111732"}],"curies":[{"name":"wp","href":"https:\/\/api.w.org\/{rel}","templated":true}]}}