{"id":111734,"date":"2026-05-02T16:07:16","date_gmt":"2026-05-02T13:07:16","guid":{"rendered":"https:\/\/kibrisdakik.com\/?p=111734"},"modified":"2026-05-02T16:07:16","modified_gmt":"2026-05-02T13:07:16","slug":"ctp-krizlerin-faturasi-emekcilere-kesilemez","status":"publish","type":"post","link":"https:\/\/kibrisdakik.com\/?p=111734","title":{"rendered":"CTP: KR\u0130ZLER\u0130N FATURASI EMEK\u00c7\u0130LERE KES\u0130LEMEZ"},"content":{"rendered":"<p><\/p>\n<p>Cumhuriyet\u00e7i T\u00fcrk Partisi, 1 May\u0131s \u0130\u015f\u00e7i ve Emek\u00e7i Bayram\u0131 kapsam\u0131nda d\u00fczenlenen y\u00fcr\u00fcy\u00fc\u015fe kat\u0131larak emek, dayan\u0131\u015fma, bar\u0131\u015f ve sosyal adalet mesaj\u0131 verdi.<\/p>\n<p>Parti Genel Ba\u015fkan\u0131 S\u0131la Usar \u0130ncirli, milletvekilleri ve partililer, Ku\u011fulu Park\u2019ta ba\u015flayan y\u00fcr\u00fcy\u00fc\u015fte yer ald\u0131. Y\u00fcr\u00fcy\u00fc\u015f boyunca emek\u00e7ilerin haklar\u0131n\u0131n korunmas\u0131, sendikal \u00f6rg\u00fctlenmenin g\u00fc\u00e7lendirilmesi ve toplumsal dayan\u0131\u015fman\u0131n art\u0131r\u0131lmas\u0131 gerekti\u011fi vurguland\u0131.<\/p>\n<p>Partiden yap\u0131lan a\u00e7\u0131klamada, k\u00fcresel krizler ve sava\u015flar\u0131n \u00f6zellikle dar gelirli kesimler ile k\u00fc\u00e7\u00fck i\u015fletmeler \u00fczerinde bask\u0131 yaratt\u0131\u011f\u0131na dikkat \u00e7ekilerek, bu s\u00fcre\u00e7te ekonomik y\u00fck\u00fcn k\u0131r\u0131lgan gruplara y\u0131k\u0131lmas\u0131na kar\u015f\u0131 \u00e7\u0131k\u0131ld\u0131\u011f\u0131 ifade edildi.<\/p>\n<div id=\"ad_121\" data-channel=\"121\" data-advert=\"temedya\" data-rotation=\"120\" class=\"mb-3 text-center\"><\/div>\n<div id=\"ad_121_mobile\" data-channel=\"121\" data-advert=\"temedya\" data-rotation=\"120\" class=\"mb-3 text-center\"><\/div>\n<p>A\u00e7\u0131klamada ayr\u0131ca, kamuda ve \u00f6zel sekt\u00f6rde sendikal \u00f6rg\u00fctlenmenin yayg\u0131nla\u015ft\u0131r\u0131lmas\u0131, \u00e7al\u0131\u015fanlar aras\u0131ndaki hak e\u015fitsizliklerinin giderilmesi ve uluslararas\u0131 \u00e7al\u0131\u015fma standartlar\u0131n\u0131n uygulanmas\u0131n\u0131n \u00f6nemine i\u015faret edildi. Bu kapsamda Uluslararas\u0131 \u00c7al\u0131\u015fma \u00d6rg\u00fct\u00fc s\u00f6zle\u015fmelerinin eksiksiz hayata ge\u00e7irilmesi gerekti\u011fi belirtildi.<\/p>\n<p>Etkinlikte, K\u0131br\u0131s sorununun \u00e7\u00f6z\u00fcm\u00fcne y\u00f6nelik olarak federal \u00e7\u00f6z\u00fcm hedefi do\u011frultusunda m\u00fccadelenin s\u00fcrece\u011fi mesaj\u0131 da payla\u015f\u0131ld\u0131.<\/p>\n<p>\u0130ki toplumlu olarak d\u00fczenlenen 1 May\u0131s etkinli\u011fi, Ledra Palace \u00f6n\u00fcnde ger\u00e7ekle\u015ftirilen konserle sona erdi.<\/p>\n<\/p>\n<div class=\"article-source py-3 small \">\n                <\/div>\n","protected":false},"excerpt":{"rendered":"<p>Cumhuriyet\u00e7i T\u00fcrk Partisi, 1 May\u0131s \u0130\u015f\u00e7i ve Emek\u00e7i Bayram\u0131 kapsam\u0131nda d\u00fczenlenen y\u00fcr\u00fcy\u00fc\u015fe kat\u0131larak emek, dayan\u0131\u015fma, bar\u0131\u015f ve sosyal adalet mesaj\u0131 verdi. Parti Genel Ba\u015fkan\u0131 S\u0131la Usar \u0130ncirli, milletvekilleri ve partililer, Ku\u011fulu Park\u2019ta ba\u015flayan y\u00fcr\u00fcy\u00fc\u015fte yer ald\u0131. Y\u00fcr\u00fcy\u00fc\u015f boyunca emek\u00e7ilerin haklar\u0131n\u0131n korunmas\u0131, sendikal \u00f6rg\u00fctlenmenin g\u00fc\u00e7lendirilmesi ve toplumsal dayan\u0131\u015fman\u0131n art\u0131r\u0131lmas\u0131 gerekti\u011fi vurguland\u0131. Partiden yap\u0131lan a\u00e7\u0131klamada, k\u00fcresel krizler<\/p>\n","protected":false},"author":1,"featured_media":111735,"comment_status":"open","ping_status":"open","sticky":false,"template":"","format":"standard","meta":{"footnotes":""},"categories":[81],"tags":[],"class_list":["post-111734","post","type-post","status-publish","format-standard","has-post-thumbnail","hentry","category-kibris"],"yoast_head":"<!-- This site is optimized with the Yoast SEO plugin v27.5 - https:\/\/yoast.com\/product\/yoast-seo-wordpress\/ -->\n<title>CTP: KR\u0130ZLER\u0130N FATURASI EMEK\u00c7\u0130LERE KES\u0130LEMEZ -<\/title>\n<meta name=\"robots\" content=\"index, follow, max-snippet:-1, max-image-preview:large, max-video-preview:-1\" \/>\n<link rel=\"canonical\" href=\"https:\/\/kibrisdakik.com\/?p=111734\" \/>\n<meta property=\"og:locale\" content=\"tr_TR\" \/>\n<meta property=\"og:type\" content=\"article\" \/>\n<meta property=\"og:title\" content=\"CTP: KR\u0130ZLER\u0130N FATURASI EMEK\u00c7\u0130LERE KES\u0130LEMEZ -\" \/>\n<meta property=\"og:description\" content=\"Cumhuriyet\u00e7i T\u00fcrk Partisi, 1 May\u0131s \u0130\u015f\u00e7i ve Emek\u00e7i Bayram\u0131 kapsam\u0131nda d\u00fczenlenen y\u00fcr\u00fcy\u00fc\u015fe kat\u0131larak emek, dayan\u0131\u015fma, bar\u0131\u015f ve sosyal adalet mesaj\u0131 verdi. Parti Genel Ba\u015fkan\u0131 S\u0131la Usar \u0130ncirli, milletvekilleri ve partililer, Ku\u011fulu Park\u2019ta ba\u015flayan y\u00fcr\u00fcy\u00fc\u015fte yer ald\u0131. Y\u00fcr\u00fcy\u00fc\u015f boyunca emek\u00e7ilerin haklar\u0131n\u0131n korunmas\u0131, sendikal \u00f6rg\u00fctlenmenin g\u00fc\u00e7lendirilmesi ve toplumsal dayan\u0131\u015fman\u0131n art\u0131r\u0131lmas\u0131 gerekti\u011fi vurguland\u0131. Partiden yap\u0131lan a\u00e7\u0131klamada, k\u00fcresel krizler\" \/>\n<meta property=\"og:url\" content=\"https:\/\/kibrisdakik.com\/?p=111734\" \/>\n<meta property=\"article:published_time\" content=\"2026-05-02T13:07:16+00:00\" \/>\n<meta property=\"og:image\" content=\"https:\/\/mhahabercom.teimg.com\/crop\/1280x720\/mhahaber-com\/uploads\/2026\/05\/mha-sari-beyaz-5114.png\" \/>\n<meta name=\"author\" content=\"admin\" \/>\n<meta name=\"twitter:card\" content=\"summary_large_image\" \/>\n<meta name=\"twitter:label1\" content=\"Yazan:\" \/>\n\t<meta name=\"twitter:data1\" content=\"admin\" \/>\n\t<meta name=\"twitter:label2\" content=\"Tahmini okuma s\u00fcresi\" \/>\n\t<meta name=\"twitter:data2\" content=\"1 dakika\" \/>\n<script type=\"application\/ld+json\" class=\"yoast-schema-graph\">{\"@context\":\"https:\\\/\\\/schema.org\",\"@graph\":[{\"@type\":\"Article\",\"@id\":\"https:\\\/\\\/kibrisdakik.com\\\/?p=111734#article\",\"isPartOf\":{\"@id\":\"https:\\\/\\\/kibrisdakik.com\\\/?p=111734\"},\"author\":{\"name\":\"admin\",\"@id\":\"https:\\\/\\\/kibrisdakik.com\\\/#\\\/schema\\\/person\\\/9cd9d437bbb44f72b73ba127e06d8e79\"},\"headline\":\"CTP: KR\u0130ZLER\u0130N FATURASI EMEK\u00c7\u0130LERE KES\u0130LEMEZ\",\"datePublished\":\"2026-05-02T13:07:16+00:00\",\"mainEntityOfPage\":{\"@id\":\"https:\\\/\\\/kibrisdakik.com\\\/?p=111734\"},\"wordCount\":238,\"commentCount\":0,\"image\":{\"@id\":\"https:\\\/\\\/kibrisdakik.com\\\/?p=111734#primaryimage\"},\"thumbnailUrl\":\"https:\\\/\\\/kibrisdakik.com\\\/wp-content\\\/uploads\\\/2026\\\/05\\\/mha-sari-beyaz-5114.png\",\"articleSection\":[\"K\u0131br\u0131s\"],\"inLanguage\":\"tr\",\"potentialAction\":[{\"@type\":\"CommentAction\",\"name\":\"Comment\",\"target\":[\"https:\\\/\\\/kibrisdakik.com\\\/?p=111734#respond\"]}]},{\"@type\":\"WebPage\",\"@id\":\"https:\\\/\\\/kibrisdakik.com\\\/?p=111734\",\"url\":\"https:\\\/\\\/kibrisdakik.com\\\/?p=111734\",\"name\":\"CTP: KR\u0130ZLER\u0130N FATURASI EMEK\u00c7\u0130LERE KES\u0130LEMEZ -\",\"isPartOf\":{\"@id\":\"https:\\\/\\\/kibrisdakik.com\\\/#website\"},\"primaryImageOfPage\":{\"@id\":\"https:\\\/\\\/kibrisdakik.com\\\/?p=111734#primaryimage\"},\"image\":{\"@id\":\"https:\\\/\\\/kibrisdakik.com\\\/?p=111734#primaryimage\"},\"thumbnailUrl\":\"https:\\\/\\\/kibrisdakik.com\\\/wp-content\\\/uploads\\\/2026\\\/05\\\/mha-sari-beyaz-5114.png\",\"datePublished\":\"2026-05-02T13:07:16+00:00\",\"author\":{\"@id\":\"https:\\\/\\\/kibrisdakik.com\\\/#\\\/schema\\\/person\\\/9cd9d437bbb44f72b73ba127e06d8e79\"},\"breadcrumb\":{\"@id\":\"https:\\\/\\\/kibrisdakik.com\\\/?p=111734#breadcrumb\"},\"inLanguage\":\"tr\",\"potentialAction\":[{\"@type\":\"ReadAction\",\"target\":[\"https:\\\/\\\/kibrisdakik.com\\\/?p=111734\"]}]},{\"@type\":\"ImageObject\",\"inLanguage\":\"tr\",\"@id\":\"https:\\\/\\\/kibrisdakik.com\\\/?p=111734#primaryimage\",\"url\":\"https:\\\/\\\/kibrisdakik.com\\\/wp-content\\\/uploads\\\/2026\\\/05\\\/mha-sari-beyaz-5114.png\",\"contentUrl\":\"https:\\\/\\\/kibrisdakik.com\\\/wp-content\\\/uploads\\\/2026\\\/05\\\/mha-sari-beyaz-5114.png\",\"width\":1280,\"height\":720},{\"@type\":\"BreadcrumbList\",\"@id\":\"https:\\\/\\\/kibrisdakik.com\\\/?p=111734#breadcrumb\",\"itemListElement\":[{\"@type\":\"ListItem\",\"position\":1,\"name\":\"Home\",\"item\":\"https:\\\/\\\/kibrisdakik.com\\\/\"},{\"@type\":\"ListItem\",\"position\":2,\"name\":\"CTP: KR\u0130ZLER\u0130N FATURASI EMEK\u00c7\u0130LERE KES\u0130LEMEZ\"}]},{\"@type\":\"WebSite\",\"@id\":\"https:\\\/\\\/kibrisdakik.com\\\/#website\",\"url\":\"https:\\\/\\\/kibrisdakik.com\\\/\",\"name\":\"\",\"description\":\"Tam vaktinde haber\",\"potentialAction\":[{\"@type\":\"SearchAction\",\"target\":{\"@type\":\"EntryPoint\",\"urlTemplate\":\"https:\\\/\\\/kibrisdakik.com\\\/?s={search_term_string}\"},\"query-input\":{\"@type\":\"PropertyValueSpecification\",\"valueRequired\":true,\"valueName\":\"search_term_string\"}}],\"inLanguage\":\"tr\"},{\"@type\":\"Person\",\"@id\":\"https:\\\/\\\/kibrisdakik.com\\\/#\\\/schema\\\/person\\\/9cd9d437bbb44f72b73ba127e06d8e79\",\"name\":\"admin\",\"image\":{\"@type\":\"ImageObject\",\"inLanguage\":\"tr\",\"@id\":\"https:\\\/\\\/secure.gravatar.com\\\/avatar\\\/ccc17943b9d660506c869530f897617f7cb1c21a4bf30023f252596d83e1f007?s=96&d=mm&r=g\",\"url\":\"https:\\\/\\\/secure.gravatar.com\\\/avatar\\\/ccc17943b9d660506c869530f897617f7cb1c21a4bf30023f252596d83e1f007?s=96&d=mm&r=g\",\"contentUrl\":\"https:\\\/\\\/secure.gravatar.com\\\/avatar\\\/ccc17943b9d660506c869530f897617f7cb1c21a4bf30023f252596d83e1f007?s=96&d=mm&r=g\",\"caption\":\"admin\"},\"sameAs\":[\"https:\\\/\\\/kibrisdakik.com\"],\"url\":\"https:\\\/\\\/kibrisdakik.com\\\/?author=1\"}]}<\/script>\n<!-- \/ Yoast SEO plugin. -->","yoast_head_json":{"title":"CTP: KR\u0130ZLER\u0130N FATURASI EMEK\u00c7\u0130LERE KES\u0130LEMEZ -","robots":{"index":"index","follow":"follow","max-snippet":"max-snippet:-1","max-image-preview":"max-image-preview:large","max-video-preview":"max-video-preview:-1"},"canonical":"https:\/\/kibrisdakik.com\/?p=111734","og_locale":"tr_TR","og_type":"article","og_title":"CTP: KR\u0130ZLER\u0130N FATURASI EMEK\u00c7\u0130LERE KES\u0130LEMEZ -","og_description":"Cumhuriyet\u00e7i T\u00fcrk Partisi, 1 May\u0131s \u0130\u015f\u00e7i ve Emek\u00e7i Bayram\u0131 kapsam\u0131nda d\u00fczenlenen y\u00fcr\u00fcy\u00fc\u015fe kat\u0131larak emek, dayan\u0131\u015fma, bar\u0131\u015f ve sosyal adalet mesaj\u0131 verdi. Parti Genel Ba\u015fkan\u0131 S\u0131la Usar \u0130ncirli, milletvekilleri ve partililer, Ku\u011fulu Park\u2019ta ba\u015flayan y\u00fcr\u00fcy\u00fc\u015fte yer ald\u0131. Y\u00fcr\u00fcy\u00fc\u015f boyunca emek\u00e7ilerin haklar\u0131n\u0131n korunmas\u0131, sendikal \u00f6rg\u00fctlenmenin g\u00fc\u00e7lendirilmesi ve toplumsal dayan\u0131\u015fman\u0131n art\u0131r\u0131lmas\u0131 gerekti\u011fi vurguland\u0131. Partiden yap\u0131lan a\u00e7\u0131klamada, k\u00fcresel krizler","og_url":"https:\/\/kibrisdakik.com\/?p=111734","article_published_time":"2026-05-02T13:07:16+00:00","og_image":[{"url":"https:\/\/mhahabercom.teimg.com\/crop\/1280x720\/mhahaber-com\/uploads\/2026\/05\/mha-sari-beyaz-5114.png","type":"","width":"","height":""}],"author":"admin","twitter_card":"summary_large_image","twitter_misc":{"Yazan:":"admin","Tahmini okuma s\u00fcresi":"1 dakika"},"schema":{"@context":"https:\/\/schema.org","@graph":[{"@type":"Article","@id":"https:\/\/kibrisdakik.com\/?p=111734#article","isPartOf":{"@id":"https:\/\/kibrisdakik.com\/?p=111734"},"author":{"name":"admin","@id":"https:\/\/kibrisdakik.com\/#\/schema\/person\/9cd9d437bbb44f72b73ba127e06d8e79"},"headline":"CTP: KR\u0130ZLER\u0130N FATURASI EMEK\u00c7\u0130LERE KES\u0130LEMEZ","datePublished":"2026-05-02T13:07:16+00:00","mainEntityOfPage":{"@id":"https:\/\/kibrisdakik.com\/?p=111734"},"wordCount":238,"commentCount":0,"image":{"@id":"https:\/\/kibrisdakik.com\/?p=111734#primaryimage"},"thumbnailUrl":"https:\/\/kibrisdakik.com\/wp-content\/uploads\/2026\/05\/mha-sari-beyaz-5114.png","articleSection":["K\u0131br\u0131s"],"inLanguage":"tr","potentialAction":[{"@type":"CommentAction","name":"Comment","target":["https:\/\/kibrisdakik.com\/?p=111734#respond"]}]},{"@type":"WebPage","@id":"https:\/\/kibrisdakik.com\/?p=111734","url":"https:\/\/kibrisdakik.com\/?p=111734","name":"CTP: KR\u0130ZLER\u0130N FATURASI EMEK\u00c7\u0130LERE KES\u0130LEMEZ -","isPartOf":{"@id":"https:\/\/kibrisdakik.com\/#website"},"primaryImageOfPage":{"@id":"https:\/\/kibrisdakik.com\/?p=111734#primaryimage"},"image":{"@id":"https:\/\/kibrisdakik.com\/?p=111734#primaryimage"},"thumbnailUrl":"https:\/\/kibrisdakik.com\/wp-content\/uploads\/2026\/05\/mha-sari-beyaz-5114.png","datePublished":"2026-05-02T13:07:16+00:00","author":{"@id":"https:\/\/kibrisdakik.com\/#\/schema\/person\/9cd9d437bbb44f72b73ba127e06d8e79"},"breadcrumb":{"@id":"https:\/\/kibrisdakik.com\/?p=111734#breadcrumb"},"inLanguage":"tr","potentialAction":[{"@type":"ReadAction","target":["https:\/\/kibrisdakik.com\/?p=111734"]}]},{"@type":"ImageObject","inLanguage":"tr","@id":"https:\/\/kibrisdakik.com\/?p=111734#primaryimage","url":"https:\/\/kibrisdakik.com\/wp-content\/uploads\/2026\/05\/mha-sari-beyaz-5114.png","contentUrl":"https:\/\/kibrisdakik.com\/wp-content\/uploads\/2026\/05\/mha-sari-beyaz-5114.png","width":1280,"height":720},{"@type":"BreadcrumbList","@id":"https:\/\/kibrisdakik.com\/?p=111734#breadcrumb","itemListElement":[{"@type":"ListItem","position":1,"name":"Home","item":"https:\/\/kibrisdakik.com\/"},{"@type":"ListItem","position":2,"name":"CTP: KR\u0130ZLER\u0130N FATURASI EMEK\u00c7\u0130LERE KES\u0130LEMEZ"}]},{"@type":"WebSite","@id":"https:\/\/kibrisdakik.com\/#website","url":"https:\/\/kibrisdakik.com\/","name":"","description":"Tam vaktinde haber","potentialAction":[{"@type":"SearchAction","target":{"@type":"EntryPoint","urlTemplate":"https:\/\/kibrisdakik.com\/?s={search_term_string}"},"query-input":{"@type":"PropertyValueSpecification","valueRequired":true,"valueName":"search_term_string"}}],"inLanguage":"tr"},{"@type":"Person","@id":"https:\/\/kibrisdakik.com\/#\/schema\/person\/9cd9d437bbb44f72b73ba127e06d8e79","name":"admin","image":{"@type":"ImageObject","inLanguage":"tr","@id":"https:\/\/secure.gravatar.com\/avatar\/ccc17943b9d660506c869530f897617f7cb1c21a4bf30023f252596d83e1f007?s=96&d=mm&r=g","url":"https:\/\/secure.gravatar.com\/avatar\/ccc17943b9d660506c869530f897617f7cb1c21a4bf30023f252596d83e1f007?s=96&d=mm&r=g","contentUrl":"https:\/\/secure.gravatar.com\/avatar\/ccc17943b9d660506c869530f897617f7cb1c21a4bf30023f252596d83e1f007?s=96&d=mm&r=g","caption":"admin"},"sameAs":["https:\/\/kibrisdakik.com"],"url":"https:\/\/kibrisdakik.com\/?author=1"}]}},"_links":{"self":[{"href":"https:\/\/kibrisdakik.com\/index.php?rest_route=\/wp\/v2\/posts\/111734","targetHints":{"allow":["GET"]}}],"collection":[{"href":"https:\/\/kibrisdakik.com\/index.php?rest_route=\/wp\/v2\/posts"}],"about":[{"href":"https:\/\/kibrisdakik.com\/index.php?rest_route=\/wp\/v2\/types\/post"}],"author":[{"embeddable":true,"href":"https:\/\/kibrisdakik.com\/index.php?rest_route=\/wp\/v2\/users\/1"}],"replies":[{"embeddable":true,"href":"https:\/\/kibrisdakik.com\/index.php?rest_route=%2Fwp%2Fv2%2Fcomments&post=111734"}],"version-history":[{"count":0,"href":"https:\/\/kibrisdakik.com\/index.php?rest_route=\/wp\/v2\/posts\/111734\/revisions"}],"wp:featuredmedia":[{"embeddable":true,"href":"https:\/\/kibrisdakik.com\/index.php?rest_route=\/wp\/v2\/media\/111735"}],"wp:attachment":[{"href":"https:\/\/kibrisdakik.com\/index.php?rest_route=%2Fwp%2Fv2%2Fmedia&parent=111734"}],"wp:term":[{"taxonomy":"category","embeddable":true,"href":"https:\/\/kibrisdakik.com\/index.php?rest_route=%2Fwp%2Fv2%2Fcategories&post=111734"},{"taxonomy":"post_tag","embeddable":true,"href":"https:\/\/kibrisdakik.com\/index.php?rest_route=%2Fwp%2Fv2%2Ftags&post=111734"}],"curies":[{"name":"wp","href":"https:\/\/api.w.org\/{rel}","templated":true}]}}