{"id":11230,"date":"2023-07-28T04:43:41","date_gmt":"2023-07-28T04:43:41","guid":{"rendered":"https:\/\/kibrisdakik.com\/index.php\/2023\/07\/28\/denizde-mahsur-kalan-iki-kisiden-biri-kurtarildi-biri-ise-araniyor\/"},"modified":"2023-07-28T04:43:41","modified_gmt":"2023-07-28T04:43:41","slug":"denizde-mahsur-kalan-iki-kisiden-biri-kurtarildi-biri-ise-araniyor","status":"publish","type":"post","link":"https:\/\/kibrisdakik.com\/?p=11230","title":{"rendered":"Denizde mahsur kalan iki ki\u015fiden biri kurtar\u0131ld\u0131, biri ise aran\u0131yor"},"content":{"rendered":"<p><\/p>\n<div>\n<div class=\"mariselle-image-container center\">\n                <img width=\"720\" height=\"456\" class=\"lazy-image\" alt=\"\" decoding=\"async\" loading=\"lazy\" sizes=\"auto, (max-width: 720px) 100vw, 720px\" src=\"https:\/\/brtk.net\/wp-content\/uploads\/2023\/07\/28\/bb75d23a-59f9-4e89-b985-3f8a03faab35.jpg?ver=e9b5aff23d1a7fd84e0653f5e76d1cc5\" srcset=\"https:\/\/brtk.net\/wp-content\/uploads\/2023\/07\/28\/bb75d23a-59f9-4e89-b985-3f8a03faab35.jpg?ver=e9b5aff23d1a7fd84e0653f5e76d1cc5 720w, https:\/\/brtk.net\/wp-content\/uploads\/2023\/07\/28\/bb75d23a-59f9-4e89-b985-3f8a03faab35-300x190.jpg?ver=e9b5aff23d1a7fd84e0653f5e76d1cc5 300w\"\/>                            <\/div>\n<p>23 Temmuz\u2019da Mersin\u2019den tekne ile denize a\u00e7\u0131lan ve teknelerinin su al\u0131p batmas\u0131 sonucu 5 g\u00fcnd\u00fcr kay\u0131p olan \u015eaban Ekici Sahil G\u00fcvenlik Komutanl\u0131\u011f\u0131 taraf\u0131ndan kurtar\u0131\u015fd\u0131.<br \/>Ayn\u0131 teknede bulanan U\u011furcan \u00c7elik i\u00e7in ise arama kurtarma \u00e7al\u0131\u015fmalar\u0131 devam ediyor. <\/p>\n<p>G\u00fcvenlik Kuvvetleri Komutanl\u0131\u011f\u0131\u2019ndan verilen bilgiye g\u00f6re, kay\u0131p \u015fah\u0131slar T\u00fcrkiye Cumhuriyeti Sahil G\u00fcvenlik unsurlar\u0131 taraf\u0131ndan 4 g\u00fcnd\u00fcr aranmaktayd\u0131.<\/p>\n<div class=\"mariselle-image-container center\">\n                <img width=\"1024\" height=\"768\" class=\"lazy-image\" alt=\"\" decoding=\"async\" loading=\"lazy\" sizes=\"auto, (max-width: 1024px) 100vw, 1024px\" src=\"https:\/\/brtk.net\/wp-content\/uploads\/2023\/07\/28\/bef9f856-657e-427c-a466-222a8c5a47fd.jpg?ver=af4640cafa92bdff49d3d69d958d9bec\" srcset=\"https:\/\/brtk.net\/wp-content\/uploads\/2023\/07\/28\/bef9f856-657e-427c-a466-222a8c5a47fd.jpg?ver=af4640cafa92bdff49d3d69d958d9bec 1024w, https:\/\/brtk.net\/wp-content\/uploads\/2023\/07\/28\/bef9f856-657e-427c-a466-222a8c5a47fd-300x225.jpg?ver=af4640cafa92bdff49d3d69d958d9bec 300w, https:\/\/brtk.net\/wp-content\/uploads\/2023\/07\/28\/bef9f856-657e-427c-a466-222a8c5a47fd-768x576.jpg?ver=af4640cafa92bdff49d3d69d958d9bec 768w\"\/>                            <\/div>\n<p>Al\u0131nan ihbar \u00fczerine Sahil G\u00fcvenlik Komutanl\u0131\u011f\u0131 taraf\u0131ndan s\u00f6z konusu mevkiiye g\u00f6revlendirilen <a href=\"https:\/\/brtk.net\/\"\/><a href=\"https:\/\/brtk.net\/\"\/><a href=\"https:\/\/brtk.net\/\">KKTC<\/a>SG-110 bot taraf\u0131ndan kazazedelerden \u015eaban Ekici\u2019yi canl\u0131 olarak tespit edip kurtard\u0131.<br \/>\u015eaban Ekici, Lefko\u015fa Burhan Nalbanto\u011flu Devlet Hastanesi\u2019nde m\u00fc\u015fahede alt\u0131na al\u0131nd\u0131.<\/p>\n<p>Ekici\u2019nin verdi\u011fi bilgiler do\u011frultusunda, teknede bulunan ve denizde kaybolan U\u011furcan \u00c7elik i\u00e7in ise arama kurtarma \u00e7al\u0131\u015fmalar\u0131 s\u00fcr\u00fcyor.<\/p>\n<p>Arama kurtarma \u00e7al\u0131\u015fmalar\u0131, <a href=\"https:\/\/brtk.net\/\"\/><a href=\"https:\/\/brtk.net\/\"\/><a href=\"https:\/\/brtk.net\/\">KKTC<\/a>SG-03 bot, <a href=\"https:\/\/brtk.net\/\"\/><a href=\"https:\/\/brtk.net\/\"\/><a href=\"https:\/\/brtk.net\/\">KKTC<\/a>SG-110 bot, <a href=\"https:\/\/brtk.net\/\"\/><a href=\"https:\/\/brtk.net\/\"\/><a href=\"https:\/\/brtk.net\/\">KKTC<\/a>SG-105 bot ve Deniz Kuvvetleri Komutanl\u0131\u011f\u0131\u2019na ait 1 adet \u0130HA taraf\u0131ndan devam ediyor.<\/p>\n<\/p><\/div>\n<p><script async\n                    defer\n                    crossorigin=\"anonymous\"\n                    src=\"https:\/\/connect.facebook.net\/tr_TR\/sdk.js#xfbml=1&#038;version=v3.3\"\n            ><\/script><\/p>\n","protected":false},"excerpt":{"rendered":"<p>23 Temmuz\u2019da Mersin\u2019den tekne ile denize a\u00e7\u0131lan ve teknelerinin su al\u0131p batmas\u0131 sonucu 5 g\u00fcnd\u00fcr kay\u0131p olan \u015eaban Ekici Sahil G\u00fcvenlik Komutanl\u0131\u011f\u0131 taraf\u0131ndan kurtar\u0131\u015fd\u0131.Ayn\u0131 teknede bulanan U\u011furcan \u00c7elik i\u00e7in ise arama kurtarma \u00e7al\u0131\u015fmalar\u0131 devam ediyor. G\u00fcvenlik Kuvvetleri Komutanl\u0131\u011f\u0131\u2019ndan verilen bilgiye g\u00f6re, kay\u0131p \u015fah\u0131slar T\u00fcrkiye Cumhuriyeti Sahil G\u00fcvenlik unsurlar\u0131 taraf\u0131ndan 4 g\u00fcnd\u00fcr aranmaktayd\u0131. Al\u0131nan ihbar \u00fczerine<\/p>\n","protected":false},"author":1,"featured_media":11231,"comment_status":"open","ping_status":"open","sticky":false,"template":"","format":"standard","meta":{"footnotes":""},"categories":[1],"tags":[],"class_list":["post-11230","post","type-post","status-publish","format-standard","has-post-thumbnail","hentry","category-gundem"],"yoast_head":"<!-- This site is optimized with the Yoast SEO plugin v27.5 - https:\/\/yoast.com\/product\/yoast-seo-wordpress\/ -->\n<title>Denizde mahsur kalan iki ki\u015fiden biri kurtar\u0131ld\u0131, biri ise aran\u0131yor -<\/title>\n<meta name=\"robots\" content=\"index, follow, max-snippet:-1, max-image-preview:large, max-video-preview:-1\" \/>\n<link rel=\"canonical\" href=\"https:\/\/kibrisdakik.com\/?p=11230\" \/>\n<meta property=\"og:locale\" content=\"tr_TR\" \/>\n<meta property=\"og:type\" content=\"article\" \/>\n<meta property=\"og:title\" content=\"Denizde mahsur kalan iki ki\u015fiden biri kurtar\u0131ld\u0131, biri ise aran\u0131yor -\" \/>\n<meta property=\"og:description\" content=\"23 Temmuz\u2019da Mersin\u2019den tekne ile denize a\u00e7\u0131lan ve teknelerinin su al\u0131p batmas\u0131 sonucu 5 g\u00fcnd\u00fcr kay\u0131p olan \u015eaban Ekici Sahil G\u00fcvenlik Komutanl\u0131\u011f\u0131 taraf\u0131ndan kurtar\u0131\u015fd\u0131.Ayn\u0131 teknede bulanan U\u011furcan \u00c7elik i\u00e7in ise arama kurtarma \u00e7al\u0131\u015fmalar\u0131 devam ediyor. G\u00fcvenlik Kuvvetleri Komutanl\u0131\u011f\u0131\u2019ndan verilen bilgiye g\u00f6re, kay\u0131p \u015fah\u0131slar T\u00fcrkiye Cumhuriyeti Sahil G\u00fcvenlik unsurlar\u0131 taraf\u0131ndan 4 g\u00fcnd\u00fcr aranmaktayd\u0131. Al\u0131nan ihbar \u00fczerine\" \/>\n<meta property=\"og:url\" content=\"https:\/\/kibrisdakik.com\/?p=11230\" \/>\n<meta property=\"article:published_time\" content=\"2023-07-28T04:43:41+00:00\" \/>\n<meta property=\"og:image\" content=\"https:\/\/kibrisdakik.com\/wp-content\/uploads\/2023\/07\/bef9f856-657e-427c-a466-222a8c5a47fd-740x420.jpg\" \/>\n\t<meta property=\"og:image:width\" content=\"1024\" \/>\n\t<meta property=\"og:image:height\" content=\"768\" \/>\n\t<meta property=\"og:image:type\" content=\"image\/jpeg\" \/>\n<meta name=\"author\" content=\"admin\" \/>\n<meta name=\"twitter:card\" content=\"summary_large_image\" \/>\n<meta name=\"twitter:label1\" content=\"Yazan:\" \/>\n\t<meta name=\"twitter:data1\" content=\"admin\" \/>\n\t<meta name=\"twitter:label2\" content=\"Tahmini okuma s\u00fcresi\" \/>\n\t<meta name=\"twitter:data2\" content=\"1 dakika\" \/>\n<script type=\"application\/ld+json\" class=\"yoast-schema-graph\">{\"@context\":\"https:\\\/\\\/schema.org\",\"@graph\":[{\"@type\":\"Article\",\"@id\":\"https:\\\/\\\/kibrisdakik.com\\\/?p=11230#article\",\"isPartOf\":{\"@id\":\"https:\\\/\\\/kibrisdakik.com\\\/?p=11230\"},\"author\":{\"name\":\"admin\",\"@id\":\"https:\\\/\\\/kibrisdakik.com\\\/#\\\/schema\\\/person\\\/9cd9d437bbb44f72b73ba127e06d8e79\"},\"headline\":\"Denizde mahsur kalan iki ki\u015fiden biri kurtar\u0131ld\u0131, biri ise aran\u0131yor\",\"datePublished\":\"2023-07-28T04:43:41+00:00\",\"mainEntityOfPage\":{\"@id\":\"https:\\\/\\\/kibrisdakik.com\\\/?p=11230\"},\"wordCount\":178,\"commentCount\":0,\"image\":{\"@id\":\"https:\\\/\\\/kibrisdakik.com\\\/?p=11230#primaryimage\"},\"thumbnailUrl\":\"https:\\\/\\\/kibrisdakik.com\\\/wp-content\\\/uploads\\\/2023\\\/07\\\/bef9f856-657e-427c-a466-222a8c5a47fd-740x420.jpg\",\"articleSection\":[\"G\u00fcndem\"],\"inLanguage\":\"tr\",\"potentialAction\":[{\"@type\":\"CommentAction\",\"name\":\"Comment\",\"target\":[\"https:\\\/\\\/kibrisdakik.com\\\/?p=11230#respond\"]}]},{\"@type\":\"WebPage\",\"@id\":\"https:\\\/\\\/kibrisdakik.com\\\/?p=11230\",\"url\":\"https:\\\/\\\/kibrisdakik.com\\\/?p=11230\",\"name\":\"Denizde mahsur kalan iki ki\u015fiden biri kurtar\u0131ld\u0131, biri ise aran\u0131yor -\",\"isPartOf\":{\"@id\":\"https:\\\/\\\/kibrisdakik.com\\\/#website\"},\"primaryImageOfPage\":{\"@id\":\"https:\\\/\\\/kibrisdakik.com\\\/?p=11230#primaryimage\"},\"image\":{\"@id\":\"https:\\\/\\\/kibrisdakik.com\\\/?p=11230#primaryimage\"},\"thumbnailUrl\":\"https:\\\/\\\/kibrisdakik.com\\\/wp-content\\\/uploads\\\/2023\\\/07\\\/bef9f856-657e-427c-a466-222a8c5a47fd-740x420.jpg\",\"datePublished\":\"2023-07-28T04:43:41+00:00\",\"author\":{\"@id\":\"https:\\\/\\\/kibrisdakik.com\\\/#\\\/schema\\\/person\\\/9cd9d437bbb44f72b73ba127e06d8e79\"},\"breadcrumb\":{\"@id\":\"https:\\\/\\\/kibrisdakik.com\\\/?p=11230#breadcrumb\"},\"inLanguage\":\"tr\",\"potentialAction\":[{\"@type\":\"ReadAction\",\"target\":[\"https:\\\/\\\/kibrisdakik.com\\\/?p=11230\"]}]},{\"@type\":\"ImageObject\",\"inLanguage\":\"tr\",\"@id\":\"https:\\\/\\\/kibrisdakik.com\\\/?p=11230#primaryimage\",\"url\":\"https:\\\/\\\/kibrisdakik.com\\\/wp-content\\\/uploads\\\/2023\\\/07\\\/bef9f856-657e-427c-a466-222a8c5a47fd-740x420.jpg\",\"contentUrl\":\"https:\\\/\\\/kibrisdakik.com\\\/wp-content\\\/uploads\\\/2023\\\/07\\\/bef9f856-657e-427c-a466-222a8c5a47fd-740x420.jpg\",\"width\":1024,\"height\":768},{\"@type\":\"BreadcrumbList\",\"@id\":\"https:\\\/\\\/kibrisdakik.com\\\/?p=11230#breadcrumb\",\"itemListElement\":[{\"@type\":\"ListItem\",\"position\":1,\"name\":\"Home\",\"item\":\"https:\\\/\\\/kibrisdakik.com\\\/\"},{\"@type\":\"ListItem\",\"position\":2,\"name\":\"Denizde mahsur kalan iki ki\u015fiden biri kurtar\u0131ld\u0131, biri ise aran\u0131yor\"}]},{\"@type\":\"WebSite\",\"@id\":\"https:\\\/\\\/kibrisdakik.com\\\/#website\",\"url\":\"https:\\\/\\\/kibrisdakik.com\\\/\",\"name\":\"\",\"description\":\"Tam vaktinde haber\",\"potentialAction\":[{\"@type\":\"SearchAction\",\"target\":{\"@type\":\"EntryPoint\",\"urlTemplate\":\"https:\\\/\\\/kibrisdakik.com\\\/?s={search_term_string}\"},\"query-input\":{\"@type\":\"PropertyValueSpecification\",\"valueRequired\":true,\"valueName\":\"search_term_string\"}}],\"inLanguage\":\"tr\"},{\"@type\":\"Person\",\"@id\":\"https:\\\/\\\/kibrisdakik.com\\\/#\\\/schema\\\/person\\\/9cd9d437bbb44f72b73ba127e06d8e79\",\"name\":\"admin\",\"image\":{\"@type\":\"ImageObject\",\"inLanguage\":\"tr\",\"@id\":\"https:\\\/\\\/secure.gravatar.com\\\/avatar\\\/ccc17943b9d660506c869530f897617f7cb1c21a4bf30023f252596d83e1f007?s=96&d=mm&r=g\",\"url\":\"https:\\\/\\\/secure.gravatar.com\\\/avatar\\\/ccc17943b9d660506c869530f897617f7cb1c21a4bf30023f252596d83e1f007?s=96&d=mm&r=g\",\"contentUrl\":\"https:\\\/\\\/secure.gravatar.com\\\/avatar\\\/ccc17943b9d660506c869530f897617f7cb1c21a4bf30023f252596d83e1f007?s=96&d=mm&r=g\",\"caption\":\"admin\"},\"sameAs\":[\"https:\\\/\\\/kibrisdakik.com\"],\"url\":\"https:\\\/\\\/kibrisdakik.com\\\/?author=1\"}]}<\/script>\n<!-- \/ Yoast SEO plugin. -->","yoast_head_json":{"title":"Denizde mahsur kalan iki ki\u015fiden biri kurtar\u0131ld\u0131, biri ise aran\u0131yor -","robots":{"index":"index","follow":"follow","max-snippet":"max-snippet:-1","max-image-preview":"max-image-preview:large","max-video-preview":"max-video-preview:-1"},"canonical":"https:\/\/kibrisdakik.com\/?p=11230","og_locale":"tr_TR","og_type":"article","og_title":"Denizde mahsur kalan iki ki\u015fiden biri kurtar\u0131ld\u0131, biri ise aran\u0131yor -","og_description":"23 Temmuz\u2019da Mersin\u2019den tekne ile denize a\u00e7\u0131lan ve teknelerinin su al\u0131p batmas\u0131 sonucu 5 g\u00fcnd\u00fcr kay\u0131p olan \u015eaban Ekici Sahil G\u00fcvenlik Komutanl\u0131\u011f\u0131 taraf\u0131ndan kurtar\u0131\u015fd\u0131.Ayn\u0131 teknede bulanan U\u011furcan \u00c7elik i\u00e7in ise arama kurtarma \u00e7al\u0131\u015fmalar\u0131 devam ediyor. G\u00fcvenlik Kuvvetleri Komutanl\u0131\u011f\u0131\u2019ndan verilen bilgiye g\u00f6re, kay\u0131p \u015fah\u0131slar T\u00fcrkiye Cumhuriyeti Sahil G\u00fcvenlik unsurlar\u0131 taraf\u0131ndan 4 g\u00fcnd\u00fcr aranmaktayd\u0131. Al\u0131nan ihbar \u00fczerine","og_url":"https:\/\/kibrisdakik.com\/?p=11230","article_published_time":"2023-07-28T04:43:41+00:00","og_image":[{"width":1024,"height":768,"url":"https:\/\/kibrisdakik.com\/wp-content\/uploads\/2023\/07\/bef9f856-657e-427c-a466-222a8c5a47fd-740x420.jpg","type":"image\/jpeg"}],"author":"admin","twitter_card":"summary_large_image","twitter_misc":{"Yazan:":"admin","Tahmini okuma s\u00fcresi":"1 dakika"},"schema":{"@context":"https:\/\/schema.org","@graph":[{"@type":"Article","@id":"https:\/\/kibrisdakik.com\/?p=11230#article","isPartOf":{"@id":"https:\/\/kibrisdakik.com\/?p=11230"},"author":{"name":"admin","@id":"https:\/\/kibrisdakik.com\/#\/schema\/person\/9cd9d437bbb44f72b73ba127e06d8e79"},"headline":"Denizde mahsur kalan iki ki\u015fiden biri kurtar\u0131ld\u0131, biri ise aran\u0131yor","datePublished":"2023-07-28T04:43:41+00:00","mainEntityOfPage":{"@id":"https:\/\/kibrisdakik.com\/?p=11230"},"wordCount":178,"commentCount":0,"image":{"@id":"https:\/\/kibrisdakik.com\/?p=11230#primaryimage"},"thumbnailUrl":"https:\/\/kibrisdakik.com\/wp-content\/uploads\/2023\/07\/bef9f856-657e-427c-a466-222a8c5a47fd-740x420.jpg","articleSection":["G\u00fcndem"],"inLanguage":"tr","potentialAction":[{"@type":"CommentAction","name":"Comment","target":["https:\/\/kibrisdakik.com\/?p=11230#respond"]}]},{"@type":"WebPage","@id":"https:\/\/kibrisdakik.com\/?p=11230","url":"https:\/\/kibrisdakik.com\/?p=11230","name":"Denizde mahsur kalan iki ki\u015fiden biri kurtar\u0131ld\u0131, biri ise aran\u0131yor -","isPartOf":{"@id":"https:\/\/kibrisdakik.com\/#website"},"primaryImageOfPage":{"@id":"https:\/\/kibrisdakik.com\/?p=11230#primaryimage"},"image":{"@id":"https:\/\/kibrisdakik.com\/?p=11230#primaryimage"},"thumbnailUrl":"https:\/\/kibrisdakik.com\/wp-content\/uploads\/2023\/07\/bef9f856-657e-427c-a466-222a8c5a47fd-740x420.jpg","datePublished":"2023-07-28T04:43:41+00:00","author":{"@id":"https:\/\/kibrisdakik.com\/#\/schema\/person\/9cd9d437bbb44f72b73ba127e06d8e79"},"breadcrumb":{"@id":"https:\/\/kibrisdakik.com\/?p=11230#breadcrumb"},"inLanguage":"tr","potentialAction":[{"@type":"ReadAction","target":["https:\/\/kibrisdakik.com\/?p=11230"]}]},{"@type":"ImageObject","inLanguage":"tr","@id":"https:\/\/kibrisdakik.com\/?p=11230#primaryimage","url":"https:\/\/kibrisdakik.com\/wp-content\/uploads\/2023\/07\/bef9f856-657e-427c-a466-222a8c5a47fd-740x420.jpg","contentUrl":"https:\/\/kibrisdakik.com\/wp-content\/uploads\/2023\/07\/bef9f856-657e-427c-a466-222a8c5a47fd-740x420.jpg","width":1024,"height":768},{"@type":"BreadcrumbList","@id":"https:\/\/kibrisdakik.com\/?p=11230#breadcrumb","itemListElement":[{"@type":"ListItem","position":1,"name":"Home","item":"https:\/\/kibrisdakik.com\/"},{"@type":"ListItem","position":2,"name":"Denizde mahsur kalan iki ki\u015fiden biri kurtar\u0131ld\u0131, biri ise aran\u0131yor"}]},{"@type":"WebSite","@id":"https:\/\/kibrisdakik.com\/#website","url":"https:\/\/kibrisdakik.com\/","name":"","description":"Tam vaktinde haber","potentialAction":[{"@type":"SearchAction","target":{"@type":"EntryPoint","urlTemplate":"https:\/\/kibrisdakik.com\/?s={search_term_string}"},"query-input":{"@type":"PropertyValueSpecification","valueRequired":true,"valueName":"search_term_string"}}],"inLanguage":"tr"},{"@type":"Person","@id":"https:\/\/kibrisdakik.com\/#\/schema\/person\/9cd9d437bbb44f72b73ba127e06d8e79","name":"admin","image":{"@type":"ImageObject","inLanguage":"tr","@id":"https:\/\/secure.gravatar.com\/avatar\/ccc17943b9d660506c869530f897617f7cb1c21a4bf30023f252596d83e1f007?s=96&d=mm&r=g","url":"https:\/\/secure.gravatar.com\/avatar\/ccc17943b9d660506c869530f897617f7cb1c21a4bf30023f252596d83e1f007?s=96&d=mm&r=g","contentUrl":"https:\/\/secure.gravatar.com\/avatar\/ccc17943b9d660506c869530f897617f7cb1c21a4bf30023f252596d83e1f007?s=96&d=mm&r=g","caption":"admin"},"sameAs":["https:\/\/kibrisdakik.com"],"url":"https:\/\/kibrisdakik.com\/?author=1"}]}},"_links":{"self":[{"href":"https:\/\/kibrisdakik.com\/index.php?rest_route=\/wp\/v2\/posts\/11230","targetHints":{"allow":["GET"]}}],"collection":[{"href":"https:\/\/kibrisdakik.com\/index.php?rest_route=\/wp\/v2\/posts"}],"about":[{"href":"https:\/\/kibrisdakik.com\/index.php?rest_route=\/wp\/v2\/types\/post"}],"author":[{"embeddable":true,"href":"https:\/\/kibrisdakik.com\/index.php?rest_route=\/wp\/v2\/users\/1"}],"replies":[{"embeddable":true,"href":"https:\/\/kibrisdakik.com\/index.php?rest_route=%2Fwp%2Fv2%2Fcomments&post=11230"}],"version-history":[{"count":0,"href":"https:\/\/kibrisdakik.com\/index.php?rest_route=\/wp\/v2\/posts\/11230\/revisions"}],"wp:featuredmedia":[{"embeddable":true,"href":"https:\/\/kibrisdakik.com\/index.php?rest_route=\/wp\/v2\/media\/11231"}],"wp:attachment":[{"href":"https:\/\/kibrisdakik.com\/index.php?rest_route=%2Fwp%2Fv2%2Fmedia&parent=11230"}],"wp:term":[{"taxonomy":"category","embeddable":true,"href":"https:\/\/kibrisdakik.com\/index.php?rest_route=%2Fwp%2Fv2%2Fcategories&post=11230"},{"taxonomy":"post_tag","embeddable":true,"href":"https:\/\/kibrisdakik.com\/index.php?rest_route=%2Fwp%2Fv2%2Ftags&post=11230"}],"curies":[{"name":"wp","href":"https:\/\/api.w.org\/{rel}","templated":true}]}}