{"id":11235,"date":"2023-07-28T07:20:39","date_gmt":"2023-07-28T07:20:39","guid":{"rendered":"https:\/\/kibrisdakik.com\/index.php\/2023\/07\/28\/lefkedeki-trafik-kazasinda-feride-bozkurt-yaralandi\/"},"modified":"2023-07-28T07:20:39","modified_gmt":"2023-07-28T07:20:39","slug":"lefkedeki-trafik-kazasinda-feride-bozkurt-yaralandi","status":"publish","type":"post","link":"https:\/\/kibrisdakik.com\/?p=11235","title":{"rendered":"Lefke\u2019deki trafik kazas\u0131nda Feride Bozkurt yaraland\u0131"},"content":{"rendered":"<p><\/p>\n<div>\n<div class=\"mariselle-image-container center\">\n                <img width=\"680\" height=\"428\" class=\"lazy-image\" alt=\"\" decoding=\"async\" loading=\"lazy\" sizes=\"auto, (max-width: 680px) 100vw, 680px\" src=\"https:\/\/brtk.net\/wp-content\/uploads\/2023\/07\/16\/trafik-kaza-levhali-foyo4.jpg?ver=de95838eeed87681a63204e0d660e566\" srcset=\"https:\/\/brtk.net\/wp-content\/uploads\/2023\/07\/16\/trafik-kaza-levhali-foyo4.jpg?ver=de95838eeed87681a63204e0d660e566 680w, https:\/\/brtk.net\/wp-content\/uploads\/2023\/07\/16\/trafik-kaza-levhali-foyo4-300x189.jpg?ver=16eb27c43825fb0760a1e9ebe605d885 300w\"\/>                            <\/div>\n<p>Lefke\u2019de meydana gelen trafik kazas\u0131nda ara\u00e7 s\u00fcr\u00fcc\u00fcs\u00fc Feride Bozkurt yaraland\u0131.<\/p>\n<p>Polisten verilen bilgiye g\u00f6re, d\u00fcn 12.30 s\u0131ralar\u0131nda, Lefke\u2019de Atat\u00fcrk Caddesi\u2019nde, ER 706 plakal\u0131 salon ara\u00e7la g\u00fcneye do\u011fru seyreden Feride Bozkurt (K-47), yolun sonundaki \u201cT\u201d kav\u015fa\u011f\u0131na geldi\u011finde, dikkatsizli\u011fi sonucu yolun kar\u015f\u0131s\u0131ndan yoldan \u00e7\u0131kt\u0131 ve yolun alt taraf\u0131nda bulunan beton su kanal\u0131na d\u00fc\u015ft\u00fc.<\/p>\n<p>Kazada yaralanan Feride Bozkurt, kald\u0131r\u0131ld\u0131\u011f\u0131 Lefko\u015fa Dr. Burhan Nalbanto\u011flu Devlet Hastanesi\u2019ndekitedavisinin ard\u0131ndan bel kemi\u011finde k\u0131r\u0131k te\u015fhisiyle m\u00fc\u015fahade alt\u0131na al\u0131nd\u0131.<\/p>\n<p>PGM\/<a href=\"https:\/\/brtk.net\/\">BRT<\/a><\/p>\n<\/p><\/div>\n<p><script async\n                    defer\n                    crossorigin=\"anonymous\"\n                    src=\"https:\/\/connect.facebook.net\/tr_TR\/sdk.js#xfbml=1&#038;version=v3.3\"\n            ><\/script><\/p>\n","protected":false},"excerpt":{"rendered":"<p>Lefke\u2019de meydana gelen trafik kazas\u0131nda ara\u00e7 s\u00fcr\u00fcc\u00fcs\u00fc Feride Bozkurt yaraland\u0131. Polisten verilen bilgiye g\u00f6re, d\u00fcn 12.30 s\u0131ralar\u0131nda, Lefke\u2019de Atat\u00fcrk Caddesi\u2019nde, ER 706 plakal\u0131 salon ara\u00e7la g\u00fcneye do\u011fru seyreden Feride Bozkurt (K-47), yolun sonundaki \u201cT\u201d kav\u015fa\u011f\u0131na geldi\u011finde, dikkatsizli\u011fi sonucu yolun kar\u015f\u0131s\u0131ndan yoldan \u00e7\u0131kt\u0131 ve yolun alt taraf\u0131nda bulunan beton su kanal\u0131na d\u00fc\u015ft\u00fc. Kazada yaralanan Feride Bozkurt,<\/p>\n","protected":false},"author":1,"featured_media":1779,"comment_status":"open","ping_status":"open","sticky":false,"template":"","format":"standard","meta":{"footnotes":""},"categories":[1],"tags":[],"class_list":["post-11235","post","type-post","status-publish","format-standard","has-post-thumbnail","hentry","category-gundem"],"yoast_head":"<!-- This site is optimized with the Yoast SEO plugin v27.5 - https:\/\/yoast.com\/product\/yoast-seo-wordpress\/ -->\n<title>Lefke\u2019deki trafik kazas\u0131nda Feride Bozkurt yaraland\u0131 -<\/title>\n<meta name=\"robots\" content=\"index, follow, max-snippet:-1, max-image-preview:large, max-video-preview:-1\" \/>\n<link rel=\"canonical\" href=\"https:\/\/kibrisdakik.com\/?p=11235\" \/>\n<meta property=\"og:locale\" content=\"tr_TR\" \/>\n<meta property=\"og:type\" content=\"article\" \/>\n<meta property=\"og:title\" content=\"Lefke\u2019deki trafik kazas\u0131nda Feride Bozkurt yaraland\u0131 -\" \/>\n<meta property=\"og:description\" content=\"Lefke\u2019de meydana gelen trafik kazas\u0131nda ara\u00e7 s\u00fcr\u00fcc\u00fcs\u00fc Feride Bozkurt yaraland\u0131. Polisten verilen bilgiye g\u00f6re, d\u00fcn 12.30 s\u0131ralar\u0131nda, Lefke\u2019de Atat\u00fcrk Caddesi\u2019nde, ER 706 plakal\u0131 salon ara\u00e7la g\u00fcneye do\u011fru seyreden Feride Bozkurt (K-47), yolun sonundaki \u201cT\u201d kav\u015fa\u011f\u0131na geldi\u011finde, dikkatsizli\u011fi sonucu yolun kar\u015f\u0131s\u0131ndan yoldan \u00e7\u0131kt\u0131 ve yolun alt taraf\u0131nda bulunan beton su kanal\u0131na d\u00fc\u015ft\u00fc. Kazada yaralanan Feride Bozkurt,\" \/>\n<meta property=\"og:url\" content=\"https:\/\/kibrisdakik.com\/?p=11235\" \/>\n<meta property=\"article:published_time\" content=\"2023-07-28T07:20:39+00:00\" \/>\n<meta property=\"og:image\" content=\"https:\/\/kibrisdakik.com\/wp-content\/uploads\/2023\/02\/Trafik-Kazasi_polis-logolu.png\" \/>\n\t<meta property=\"og:image:width\" content=\"736\" \/>\n\t<meta property=\"og:image:height\" content=\"384\" \/>\n\t<meta property=\"og:image:type\" content=\"image\/png\" \/>\n<meta name=\"author\" content=\"admin\" \/>\n<meta name=\"twitter:card\" content=\"summary_large_image\" \/>\n<meta name=\"twitter:label1\" content=\"Yazan:\" \/>\n\t<meta name=\"twitter:data1\" content=\"admin\" \/>\n\t<meta name=\"twitter:label2\" content=\"Tahmini okuma s\u00fcresi\" \/>\n\t<meta name=\"twitter:data2\" content=\"1 dakika\" \/>\n<script type=\"application\/ld+json\" class=\"yoast-schema-graph\">{\"@context\":\"https:\\\/\\\/schema.org\",\"@graph\":[{\"@type\":\"Article\",\"@id\":\"https:\\\/\\\/kibrisdakik.com\\\/?p=11235#article\",\"isPartOf\":{\"@id\":\"https:\\\/\\\/kibrisdakik.com\\\/?p=11235\"},\"author\":{\"name\":\"admin\",\"@id\":\"https:\\\/\\\/kibrisdakik.com\\\/#\\\/schema\\\/person\\\/9cd9d437bbb44f72b73ba127e06d8e79\"},\"headline\":\"Lefke\u2019deki trafik kazas\u0131nda Feride Bozkurt yaraland\u0131\",\"datePublished\":\"2023-07-28T07:20:39+00:00\",\"mainEntityOfPage\":{\"@id\":\"https:\\\/\\\/kibrisdakik.com\\\/?p=11235\"},\"wordCount\":115,\"commentCount\":0,\"image\":{\"@id\":\"https:\\\/\\\/kibrisdakik.com\\\/?p=11235#primaryimage\"},\"thumbnailUrl\":\"https:\\\/\\\/kibrisdakik.com\\\/wp-content\\\/uploads\\\/2023\\\/02\\\/Trafik-Kazasi_polis-logolu.png\",\"articleSection\":[\"G\u00fcndem\"],\"inLanguage\":\"tr\",\"potentialAction\":[{\"@type\":\"CommentAction\",\"name\":\"Comment\",\"target\":[\"https:\\\/\\\/kibrisdakik.com\\\/?p=11235#respond\"]}]},{\"@type\":\"WebPage\",\"@id\":\"https:\\\/\\\/kibrisdakik.com\\\/?p=11235\",\"url\":\"https:\\\/\\\/kibrisdakik.com\\\/?p=11235\",\"name\":\"Lefke\u2019deki trafik kazas\u0131nda Feride Bozkurt yaraland\u0131 -\",\"isPartOf\":{\"@id\":\"https:\\\/\\\/kibrisdakik.com\\\/#website\"},\"primaryImageOfPage\":{\"@id\":\"https:\\\/\\\/kibrisdakik.com\\\/?p=11235#primaryimage\"},\"image\":{\"@id\":\"https:\\\/\\\/kibrisdakik.com\\\/?p=11235#primaryimage\"},\"thumbnailUrl\":\"https:\\\/\\\/kibrisdakik.com\\\/wp-content\\\/uploads\\\/2023\\\/02\\\/Trafik-Kazasi_polis-logolu.png\",\"datePublished\":\"2023-07-28T07:20:39+00:00\",\"author\":{\"@id\":\"https:\\\/\\\/kibrisdakik.com\\\/#\\\/schema\\\/person\\\/9cd9d437bbb44f72b73ba127e06d8e79\"},\"breadcrumb\":{\"@id\":\"https:\\\/\\\/kibrisdakik.com\\\/?p=11235#breadcrumb\"},\"inLanguage\":\"tr\",\"potentialAction\":[{\"@type\":\"ReadAction\",\"target\":[\"https:\\\/\\\/kibrisdakik.com\\\/?p=11235\"]}]},{\"@type\":\"ImageObject\",\"inLanguage\":\"tr\",\"@id\":\"https:\\\/\\\/kibrisdakik.com\\\/?p=11235#primaryimage\",\"url\":\"https:\\\/\\\/kibrisdakik.com\\\/wp-content\\\/uploads\\\/2023\\\/02\\\/Trafik-Kazasi_polis-logolu.png\",\"contentUrl\":\"https:\\\/\\\/kibrisdakik.com\\\/wp-content\\\/uploads\\\/2023\\\/02\\\/Trafik-Kazasi_polis-logolu.png\",\"width\":736,\"height\":384},{\"@type\":\"BreadcrumbList\",\"@id\":\"https:\\\/\\\/kibrisdakik.com\\\/?p=11235#breadcrumb\",\"itemListElement\":[{\"@type\":\"ListItem\",\"position\":1,\"name\":\"Home\",\"item\":\"https:\\\/\\\/kibrisdakik.com\\\/\"},{\"@type\":\"ListItem\",\"position\":2,\"name\":\"Lefke\u2019deki trafik kazas\u0131nda Feride Bozkurt yaraland\u0131\"}]},{\"@type\":\"WebSite\",\"@id\":\"https:\\\/\\\/kibrisdakik.com\\\/#website\",\"url\":\"https:\\\/\\\/kibrisdakik.com\\\/\",\"name\":\"\",\"description\":\"Tam vaktinde haber\",\"potentialAction\":[{\"@type\":\"SearchAction\",\"target\":{\"@type\":\"EntryPoint\",\"urlTemplate\":\"https:\\\/\\\/kibrisdakik.com\\\/?s={search_term_string}\"},\"query-input\":{\"@type\":\"PropertyValueSpecification\",\"valueRequired\":true,\"valueName\":\"search_term_string\"}}],\"inLanguage\":\"tr\"},{\"@type\":\"Person\",\"@id\":\"https:\\\/\\\/kibrisdakik.com\\\/#\\\/schema\\\/person\\\/9cd9d437bbb44f72b73ba127e06d8e79\",\"name\":\"admin\",\"image\":{\"@type\":\"ImageObject\",\"inLanguage\":\"tr\",\"@id\":\"https:\\\/\\\/secure.gravatar.com\\\/avatar\\\/ccc17943b9d660506c869530f897617f7cb1c21a4bf30023f252596d83e1f007?s=96&d=mm&r=g\",\"url\":\"https:\\\/\\\/secure.gravatar.com\\\/avatar\\\/ccc17943b9d660506c869530f897617f7cb1c21a4bf30023f252596d83e1f007?s=96&d=mm&r=g\",\"contentUrl\":\"https:\\\/\\\/secure.gravatar.com\\\/avatar\\\/ccc17943b9d660506c869530f897617f7cb1c21a4bf30023f252596d83e1f007?s=96&d=mm&r=g\",\"caption\":\"admin\"},\"sameAs\":[\"https:\\\/\\\/kibrisdakik.com\"],\"url\":\"https:\\\/\\\/kibrisdakik.com\\\/?author=1\"}]}<\/script>\n<!-- \/ Yoast SEO plugin. -->","yoast_head_json":{"title":"Lefke\u2019deki trafik kazas\u0131nda Feride Bozkurt yaraland\u0131 -","robots":{"index":"index","follow":"follow","max-snippet":"max-snippet:-1","max-image-preview":"max-image-preview:large","max-video-preview":"max-video-preview:-1"},"canonical":"https:\/\/kibrisdakik.com\/?p=11235","og_locale":"tr_TR","og_type":"article","og_title":"Lefke\u2019deki trafik kazas\u0131nda Feride Bozkurt yaraland\u0131 -","og_description":"Lefke\u2019de meydana gelen trafik kazas\u0131nda ara\u00e7 s\u00fcr\u00fcc\u00fcs\u00fc Feride Bozkurt yaraland\u0131. Polisten verilen bilgiye g\u00f6re, d\u00fcn 12.30 s\u0131ralar\u0131nda, Lefke\u2019de Atat\u00fcrk Caddesi\u2019nde, ER 706 plakal\u0131 salon ara\u00e7la g\u00fcneye do\u011fru seyreden Feride Bozkurt (K-47), yolun sonundaki \u201cT\u201d kav\u015fa\u011f\u0131na geldi\u011finde, dikkatsizli\u011fi sonucu yolun kar\u015f\u0131s\u0131ndan yoldan \u00e7\u0131kt\u0131 ve yolun alt taraf\u0131nda bulunan beton su kanal\u0131na d\u00fc\u015ft\u00fc. Kazada yaralanan Feride Bozkurt,","og_url":"https:\/\/kibrisdakik.com\/?p=11235","article_published_time":"2023-07-28T07:20:39+00:00","og_image":[{"width":736,"height":384,"url":"https:\/\/kibrisdakik.com\/wp-content\/uploads\/2023\/02\/Trafik-Kazasi_polis-logolu.png","type":"image\/png"}],"author":"admin","twitter_card":"summary_large_image","twitter_misc":{"Yazan:":"admin","Tahmini okuma s\u00fcresi":"1 dakika"},"schema":{"@context":"https:\/\/schema.org","@graph":[{"@type":"Article","@id":"https:\/\/kibrisdakik.com\/?p=11235#article","isPartOf":{"@id":"https:\/\/kibrisdakik.com\/?p=11235"},"author":{"name":"admin","@id":"https:\/\/kibrisdakik.com\/#\/schema\/person\/9cd9d437bbb44f72b73ba127e06d8e79"},"headline":"Lefke\u2019deki trafik kazas\u0131nda Feride Bozkurt yaraland\u0131","datePublished":"2023-07-28T07:20:39+00:00","mainEntityOfPage":{"@id":"https:\/\/kibrisdakik.com\/?p=11235"},"wordCount":115,"commentCount":0,"image":{"@id":"https:\/\/kibrisdakik.com\/?p=11235#primaryimage"},"thumbnailUrl":"https:\/\/kibrisdakik.com\/wp-content\/uploads\/2023\/02\/Trafik-Kazasi_polis-logolu.png","articleSection":["G\u00fcndem"],"inLanguage":"tr","potentialAction":[{"@type":"CommentAction","name":"Comment","target":["https:\/\/kibrisdakik.com\/?p=11235#respond"]}]},{"@type":"WebPage","@id":"https:\/\/kibrisdakik.com\/?p=11235","url":"https:\/\/kibrisdakik.com\/?p=11235","name":"Lefke\u2019deki trafik kazas\u0131nda Feride Bozkurt yaraland\u0131 -","isPartOf":{"@id":"https:\/\/kibrisdakik.com\/#website"},"primaryImageOfPage":{"@id":"https:\/\/kibrisdakik.com\/?p=11235#primaryimage"},"image":{"@id":"https:\/\/kibrisdakik.com\/?p=11235#primaryimage"},"thumbnailUrl":"https:\/\/kibrisdakik.com\/wp-content\/uploads\/2023\/02\/Trafik-Kazasi_polis-logolu.png","datePublished":"2023-07-28T07:20:39+00:00","author":{"@id":"https:\/\/kibrisdakik.com\/#\/schema\/person\/9cd9d437bbb44f72b73ba127e06d8e79"},"breadcrumb":{"@id":"https:\/\/kibrisdakik.com\/?p=11235#breadcrumb"},"inLanguage":"tr","potentialAction":[{"@type":"ReadAction","target":["https:\/\/kibrisdakik.com\/?p=11235"]}]},{"@type":"ImageObject","inLanguage":"tr","@id":"https:\/\/kibrisdakik.com\/?p=11235#primaryimage","url":"https:\/\/kibrisdakik.com\/wp-content\/uploads\/2023\/02\/Trafik-Kazasi_polis-logolu.png","contentUrl":"https:\/\/kibrisdakik.com\/wp-content\/uploads\/2023\/02\/Trafik-Kazasi_polis-logolu.png","width":736,"height":384},{"@type":"BreadcrumbList","@id":"https:\/\/kibrisdakik.com\/?p=11235#breadcrumb","itemListElement":[{"@type":"ListItem","position":1,"name":"Home","item":"https:\/\/kibrisdakik.com\/"},{"@type":"ListItem","position":2,"name":"Lefke\u2019deki trafik kazas\u0131nda Feride Bozkurt yaraland\u0131"}]},{"@type":"WebSite","@id":"https:\/\/kibrisdakik.com\/#website","url":"https:\/\/kibrisdakik.com\/","name":"","description":"Tam vaktinde haber","potentialAction":[{"@type":"SearchAction","target":{"@type":"EntryPoint","urlTemplate":"https:\/\/kibrisdakik.com\/?s={search_term_string}"},"query-input":{"@type":"PropertyValueSpecification","valueRequired":true,"valueName":"search_term_string"}}],"inLanguage":"tr"},{"@type":"Person","@id":"https:\/\/kibrisdakik.com\/#\/schema\/person\/9cd9d437bbb44f72b73ba127e06d8e79","name":"admin","image":{"@type":"ImageObject","inLanguage":"tr","@id":"https:\/\/secure.gravatar.com\/avatar\/ccc17943b9d660506c869530f897617f7cb1c21a4bf30023f252596d83e1f007?s=96&d=mm&r=g","url":"https:\/\/secure.gravatar.com\/avatar\/ccc17943b9d660506c869530f897617f7cb1c21a4bf30023f252596d83e1f007?s=96&d=mm&r=g","contentUrl":"https:\/\/secure.gravatar.com\/avatar\/ccc17943b9d660506c869530f897617f7cb1c21a4bf30023f252596d83e1f007?s=96&d=mm&r=g","caption":"admin"},"sameAs":["https:\/\/kibrisdakik.com"],"url":"https:\/\/kibrisdakik.com\/?author=1"}]}},"_links":{"self":[{"href":"https:\/\/kibrisdakik.com\/index.php?rest_route=\/wp\/v2\/posts\/11235","targetHints":{"allow":["GET"]}}],"collection":[{"href":"https:\/\/kibrisdakik.com\/index.php?rest_route=\/wp\/v2\/posts"}],"about":[{"href":"https:\/\/kibrisdakik.com\/index.php?rest_route=\/wp\/v2\/types\/post"}],"author":[{"embeddable":true,"href":"https:\/\/kibrisdakik.com\/index.php?rest_route=\/wp\/v2\/users\/1"}],"replies":[{"embeddable":true,"href":"https:\/\/kibrisdakik.com\/index.php?rest_route=%2Fwp%2Fv2%2Fcomments&post=11235"}],"version-history":[{"count":0,"href":"https:\/\/kibrisdakik.com\/index.php?rest_route=\/wp\/v2\/posts\/11235\/revisions"}],"wp:featuredmedia":[{"embeddable":true,"href":"https:\/\/kibrisdakik.com\/index.php?rest_route=\/wp\/v2\/media\/1779"}],"wp:attachment":[{"href":"https:\/\/kibrisdakik.com\/index.php?rest_route=%2Fwp%2Fv2%2Fmedia&parent=11235"}],"wp:term":[{"taxonomy":"category","embeddable":true,"href":"https:\/\/kibrisdakik.com\/index.php?rest_route=%2Fwp%2Fv2%2Fcategories&post=11235"},{"taxonomy":"post_tag","embeddable":true,"href":"https:\/\/kibrisdakik.com\/index.php?rest_route=%2Fwp%2Fv2%2Ftags&post=11235"}],"curies":[{"name":"wp","href":"https:\/\/api.w.org\/{rel}","templated":true}]}}